{"id":99064,"date":"2016-08-15T19:49:45","date_gmt":"2016-08-15T18:49:45","guid":{"rendered":"http:\/\/www.visit-ulcinj.com\/blog\/?p=99064"},"modified":"2016-08-16T17:46:36","modified_gmt":"2016-08-16T16:46:36","slug":"aida-llunji-lika-libra-falas-per-filloristet","status":"publish","type":"post","link":"https:\/\/www.visit-ulcinj.com\/blog\/2016\/08\/15\/aida-llunji-lika-libra-falas-per-filloristet\/","title":{"rendered":"Aida Llunji Lika: Libra falas p\u00ebr fillorist\u00ebt"},"content":{"rendered":"<p><a href=\"http:\/\/www.visit-ulcinj.com\/blog\/wp-content\/uploads\/2016\/04\/Aida-Llunji-Lika-URA-Ulqin-Ulcinj.jpg\"><img loading=\"lazy\" class=\"alignleft wp-image-96316\" src=\"http:\/\/www.visit-ulcinj.com\/blog\/wp-content\/uploads\/2016\/04\/Aida-Llunji-Lika-URA-Ulqin-Ulcinj.jpg\" alt=\"Aida-Llunji-Lika-URA-Ulqin-Ulcinj\" width=\"508\" height=\"339\" srcset=\"https:\/\/www.visit-ulcinj.com\/blog\/wp-content\/uploads\/2016\/04\/Aida-Llunji-Lika-URA-Ulqin-Ulcinj.jpg 960w, https:\/\/www.visit-ulcinj.com\/blog\/wp-content\/uploads\/2016\/04\/Aida-Llunji-Lika-URA-Ulqin-Ulcinj-300x200.jpg 300w\" sizes=\"(max-width: 508px) 100vw, 508px\" \/><\/a>Kryetarja e Forumit t\u00eb gruas t\u00eb LQ URA n\u00eb Ulqin, profesoresha Aida Llunji-Lika, ka deklaruar se, duke marr\u00eb shembull disa komuna tjera n\u00eb shtetin ton\u00eb, edhe vet\u00ebqeverisja lokale n\u00eb Ulqin duhet t\u00eb siguroj\u00eb librat p\u00ebr nx\u00ebn\u00ebsit e klas\u00ebs s\u00eb par\u00eb t\u00eb t\u00eb gjith\u00eb shkollave fillore n\u00eb territorin e komun\u00ebs son\u00eb,raporton portali Ul.info.<\/p>\n<p>Ajo tha se b\u00ebhet fjal\u00eb p\u00ebr iniciativ\u00eb fisnike dhe t\u00eb dobishme. \u201cP\u00ebr disa prind\u00ebr dhe nx\u00ebn\u00ebs kjo \u00ebsht\u00eb surpriz\u00eb e k\u00ebndshme, e p\u00ebr t\u00eb tjer\u00ebt, p\u00ebr fat t\u00eb keq, nevoj\u00eb e madhe\u201d, vler\u00ebsoi prof. Llunji-Lika.<\/p>\n<p>\u201cBesojm\u00eb se p\u00ebr komun\u00ebn ton\u00eb mjetet financiare nuk do t\u00eb jen\u00eb problem, sidomos n\u00eb k\u00ebt\u00eb moment. Sepse, n\u00ebse ka mjete p\u00ebr shpenzime m\u00eb t\u00eb m\u00ebdha, shpresojm\u00eb se do t\u00eb gjenden mjetet q\u00eb nx\u00ebn\u00ebsve tan\u00eb, n\u00eb m\u00ebnyr\u00ebn m\u00eb t\u00eb bukur, tu urohet fillimi i mbar\u00eb i periudh\u00ebs shkollore. Fundja, me investim n\u00eb arsim investojm\u00eb n\u00eb t\u00eb ardhmen e shoq\u00ebris\u00eb son\u00eb n\u00eb t\u00ebr\u00ebsi\u201d, shtoi kryetarja e Forumit t\u00eb gruas t\u00eb LQ URA n\u00eb Ulqin.<\/p>\n","protected":false},"excerpt":{"rendered":"<p>Kryetarja e Forumit t\u00eb gruas t\u00eb LQ URA n\u00eb Ulqin, profesoresha Aida Llunji-Lika, ka deklaruar se, duke marr\u00eb shembull disa komuna tjera n\u00eb shtetin ton\u00eb, edhe vet\u00ebqeverisja lokale n\u00eb Ulqin duhet t\u00eb siguroj\u00eb librat p\u00ebr nx\u00ebn\u00ebsit e klas\u00ebs s\u00eb par\u00eb t\u00eb t\u00eb gjith\u00eb shkollave fillore n\u00eb territorin e komun\u00ebs son\u00eb,raporton portali Ul.info. Ajo tha se [&hellip;]<\/p>\n","protected":false},"author":1,"featured_media":0,"comment_status":"closed","ping_status":"closed","sticky":false,"template":"","format":"standard","meta":{"spay_email":"","jetpack_publicize_message":"","jetpack_is_tweetstorm":false,"jetpack_publicize_feature_enabled":true},"categories":[4,1],"tags":[],"jetpack_publicize_connections":[],"yoast_head":"<!-- This site is optimized with the Yoast SEO plugin v19.1 - https:\/\/yoast.com\/wordpress\/plugins\/seo\/ -->\n<title>Aida Llunji Lika: Libra falas p\u00ebr fillorist\u00ebt - Lajme nga Ulqini<\/title>\n<meta name=\"description\" content=\"Kryetarja e Forumit t\u00eb gruas t\u00eb LQ URA n\u00eb Ulqin, profesoresha Aida Llunji-Lika, ka deklaruar se, duke marr\u00eb shembull disa komuna tjera n\u00eb shtetin ton\u00eb,\" \/>\n<meta name=\"robots\" content=\"index, follow, max-snippet:-1, max-image-preview:large, max-video-preview:-1\" \/>\n<link rel=\"canonical\" href=\"https:\/\/www.visit-ulcinj.com\/blog\/2016\/08\/15\/aida-llunji-lika-libra-falas-per-filloristet\/\" \/>\n<meta property=\"og:locale\" content=\"en_US\" \/>\n<meta property=\"og:type\" content=\"article\" \/>\n<meta property=\"og:title\" content=\"Aida Llunji Lika: Libra falas p\u00ebr fillorist\u00ebt - Lajme nga Ulqini\" \/>\n<meta property=\"og:description\" content=\"Kryetarja e Forumit t\u00eb gruas t\u00eb LQ URA n\u00eb Ulqin, profesoresha Aida Llunji-Lika, ka deklaruar se, duke marr\u00eb shembull disa komuna tjera n\u00eb shtetin ton\u00eb,\" \/>\n<meta property=\"og:url\" content=\"https:\/\/www.visit-ulcinj.com\/blog\/2016\/08\/15\/aida-llunji-lika-libra-falas-per-filloristet\/\" \/>\n<meta property=\"og:site_name\" content=\"Lajme nga Ulqini\" \/>\n<meta property=\"article:published_time\" content=\"2016-08-15T18:49:45+00:00\" \/>\n<meta property=\"article:modified_time\" content=\"2016-08-16T16:46:36+00:00\" \/>\n<meta property=\"og:image\" content=\"http:\/\/www.visit-ulcinj.com\/blog\/wp-content\/uploads\/2016\/04\/Aida-Llunji-Lika-URA-Ulqin-Ulcinj.jpg\" \/>\n<meta name=\"twitter:label1\" content=\"Written by\" \/>\n\t<meta name=\"twitter:data1\" content=\"ulqini\" \/>\n\t<meta name=\"twitter:label2\" content=\"Est. reading time\" \/>\n\t<meta name=\"twitter:data2\" content=\"1 minute\" \/>\n<script type=\"application\/ld+json\" class=\"yoast-schema-graph\">{\"@context\":\"https:\/\/schema.org\",\"@graph\":[{\"@type\":\"WebSite\",\"@id\":\"https:\/\/www.visit-ulcinj.com\/blog\/#website\",\"url\":\"https:\/\/www.visit-ulcinj.com\/blog\/\",\"name\":\"Lajme nga Ulqini\",\"description\":\"Lajme,Vijesti,Ulqini,Ulqin,Crna Gora,Mali i Zi\",\"potentialAction\":[{\"@type\":\"SearchAction\",\"target\":{\"@type\":\"EntryPoint\",\"urlTemplate\":\"https:\/\/www.visit-ulcinj.com\/blog\/?s={search_term_string}\"},\"query-input\":\"required name=search_term_string\"}],\"inLanguage\":\"en-US\"},{\"@type\":\"ImageObject\",\"inLanguage\":\"en-US\",\"@id\":\"https:\/\/www.visit-ulcinj.com\/blog\/2016\/08\/15\/aida-llunji-lika-libra-falas-per-filloristet\/#primaryimage\",\"url\":\"https:\/\/www.visit-ulcinj.com\/blog\/wp-content\/uploads\/2016\/04\/Aida-Llunji-Lika-URA-Ulqin-Ulcinj.jpg\",\"contentUrl\":\"https:\/\/www.visit-ulcinj.com\/blog\/wp-content\/uploads\/2016\/04\/Aida-Llunji-Lika-URA-Ulqin-Ulcinj.jpg\",\"width\":960,\"height\":640},{\"@type\":\"WebPage\",\"@id\":\"https:\/\/www.visit-ulcinj.com\/blog\/2016\/08\/15\/aida-llunji-lika-libra-falas-per-filloristet\/#webpage\",\"url\":\"https:\/\/www.visit-ulcinj.com\/blog\/2016\/08\/15\/aida-llunji-lika-libra-falas-per-filloristet\/\",\"name\":\"Aida Llunji Lika: Libra falas p\u00ebr fillorist\u00ebt - Lajme nga Ulqini\",\"isPartOf\":{\"@id\":\"https:\/\/www.visit-ulcinj.com\/blog\/#website\"},\"primaryImageOfPage\":{\"@id\":\"https:\/\/www.visit-ulcinj.com\/blog\/2016\/08\/15\/aida-llunji-lika-libra-falas-per-filloristet\/#primaryimage\"},\"datePublished\":\"2016-08-15T18:49:45+00:00\",\"dateModified\":\"2016-08-16T16:46:36+00:00\",\"author\":{\"@id\":\"https:\/\/www.visit-ulcinj.com\/blog\/#\/schema\/person\/dcab619c614d3038751c63bc2aadc06d\"},\"description\":\"Kryetarja e Forumit t\u00eb gruas t\u00eb LQ URA n\u00eb Ulqin, profesoresha Aida Llunji-Lika, ka deklaruar se, duke marr\u00eb shembull disa komuna tjera n\u00eb shtetin ton\u00eb,\",\"breadcrumb\":{\"@id\":\"https:\/\/www.visit-ulcinj.com\/blog\/2016\/08\/15\/aida-llunji-lika-libra-falas-per-filloristet\/#breadcrumb\"},\"inLanguage\":\"en-US\",\"potentialAction\":[{\"@type\":\"ReadAction\",\"target\":[\"https:\/\/www.visit-ulcinj.com\/blog\/2016\/08\/15\/aida-llunji-lika-libra-falas-per-filloristet\/\"]}]},{\"@type\":\"BreadcrumbList\",\"@id\":\"https:\/\/www.visit-ulcinj.com\/blog\/2016\/08\/15\/aida-llunji-lika-libra-falas-per-filloristet\/#breadcrumb\",\"itemListElement\":[{\"@type\":\"ListItem\",\"position\":1,\"name\":\"Aida Llunji Lika: Libra falas p\u00ebr fillorist\u00ebt\"}]},{\"@type\":\"Person\",\"@id\":\"https:\/\/www.visit-ulcinj.com\/blog\/#\/schema\/person\/dcab619c614d3038751c63bc2aadc06d\",\"name\":\"ulqini\",\"sameAs\":[\"http:\/\/www.visit-ulcinj.com\"],\"url\":\"https:\/\/www.visit-ulcinj.com\/blog\/author\/admin\/\"}]}<\/script>\n<!-- \/ Yoast SEO plugin. -->","yoast_head_json":{"title":"Aida Llunji Lika: Libra falas p\u00ebr fillorist\u00ebt - Lajme nga Ulqini","description":"Kryetarja e Forumit t\u00eb gruas t\u00eb LQ URA n\u00eb Ulqin, profesoresha Aida Llunji-Lika, ka deklaruar se, duke marr\u00eb shembull disa komuna tjera n\u00eb shtetin ton\u00eb,","robots":{"index":"index","follow":"follow","max-snippet":"max-snippet:-1","max-image-preview":"max-image-preview:large","max-video-preview":"max-video-preview:-1"},"canonical":"https:\/\/www.visit-ulcinj.com\/blog\/2016\/08\/15\/aida-llunji-lika-libra-falas-per-filloristet\/","og_locale":"en_US","og_type":"article","og_title":"Aida Llunji Lika: Libra falas p\u00ebr fillorist\u00ebt - Lajme nga Ulqini","og_description":"Kryetarja e Forumit t\u00eb gruas t\u00eb LQ URA n\u00eb Ulqin, profesoresha Aida Llunji-Lika, ka deklaruar se, duke marr\u00eb shembull disa komuna tjera n\u00eb shtetin ton\u00eb,","og_url":"https:\/\/www.visit-ulcinj.com\/blog\/2016\/08\/15\/aida-llunji-lika-libra-falas-per-filloristet\/","og_site_name":"Lajme nga Ulqini","article_published_time":"2016-08-15T18:49:45+00:00","article_modified_time":"2016-08-16T16:46:36+00:00","og_image":[{"url":"http:\/\/www.visit-ulcinj.com\/blog\/wp-content\/uploads\/2016\/04\/Aida-Llunji-Lika-URA-Ulqin-Ulcinj.jpg"}],"twitter_misc":{"Written by":"ulqini","Est. reading time":"1 minute"},"schema":{"@context":"https:\/\/schema.org","@graph":[{"@type":"WebSite","@id":"https:\/\/www.visit-ulcinj.com\/blog\/#website","url":"https:\/\/www.visit-ulcinj.com\/blog\/","name":"Lajme nga Ulqini","description":"Lajme,Vijesti,Ulqini,Ulqin,Crna Gora,Mali i Zi","potentialAction":[{"@type":"SearchAction","target":{"@type":"EntryPoint","urlTemplate":"https:\/\/www.visit-ulcinj.com\/blog\/?s={search_term_string}"},"query-input":"required name=search_term_string"}],"inLanguage":"en-US"},{"@type":"ImageObject","inLanguage":"en-US","@id":"https:\/\/www.visit-ulcinj.com\/blog\/2016\/08\/15\/aida-llunji-lika-libra-falas-per-filloristet\/#primaryimage","url":"https:\/\/www.visit-ulcinj.com\/blog\/wp-content\/uploads\/2016\/04\/Aida-Llunji-Lika-URA-Ulqin-Ulcinj.jpg","contentUrl":"https:\/\/www.visit-ulcinj.com\/blog\/wp-content\/uploads\/2016\/04\/Aida-Llunji-Lika-URA-Ulqin-Ulcinj.jpg","width":960,"height":640},{"@type":"WebPage","@id":"https:\/\/www.visit-ulcinj.com\/blog\/2016\/08\/15\/aida-llunji-lika-libra-falas-per-filloristet\/#webpage","url":"https:\/\/www.visit-ulcinj.com\/blog\/2016\/08\/15\/aida-llunji-lika-libra-falas-per-filloristet\/","name":"Aida Llunji Lika: Libra falas p\u00ebr fillorist\u00ebt - Lajme nga Ulqini","isPartOf":{"@id":"https:\/\/www.visit-ulcinj.com\/blog\/#website"},"primaryImageOfPage":{"@id":"https:\/\/www.visit-ulcinj.com\/blog\/2016\/08\/15\/aida-llunji-lika-libra-falas-per-filloristet\/#primaryimage"},"datePublished":"2016-08-15T18:49:45+00:00","dateModified":"2016-08-16T16:46:36+00:00","author":{"@id":"https:\/\/www.visit-ulcinj.com\/blog\/#\/schema\/person\/dcab619c614d3038751c63bc2aadc06d"},"description":"Kryetarja e Forumit t\u00eb gruas t\u00eb LQ URA n\u00eb Ulqin, profesoresha Aida Llunji-Lika, ka deklaruar se, duke marr\u00eb shembull disa komuna tjera n\u00eb shtetin ton\u00eb,","breadcrumb":{"@id":"https:\/\/www.visit-ulcinj.com\/blog\/2016\/08\/15\/aida-llunji-lika-libra-falas-per-filloristet\/#breadcrumb"},"inLanguage":"en-US","potentialAction":[{"@type":"ReadAction","target":["https:\/\/www.visit-ulcinj.com\/blog\/2016\/08\/15\/aida-llunji-lika-libra-falas-per-filloristet\/"]}]},{"@type":"BreadcrumbList","@id":"https:\/\/www.visit-ulcinj.com\/blog\/2016\/08\/15\/aida-llunji-lika-libra-falas-per-filloristet\/#breadcrumb","itemListElement":[{"@type":"ListItem","position":1,"name":"Aida Llunji Lika: Libra falas p\u00ebr fillorist\u00ebt"}]},{"@type":"Person","@id":"https:\/\/www.visit-ulcinj.com\/blog\/#\/schema\/person\/dcab619c614d3038751c63bc2aadc06d","name":"ulqini","sameAs":["http:\/\/www.visit-ulcinj.com"],"url":"https:\/\/www.visit-ulcinj.com\/blog\/author\/admin\/"}]}},"jetpack_featured_media_url":"","jetpack_sharing_enabled":true,"jetpack_shortlink":"https:\/\/wp.me\/pe6lTn-pLO","_links":{"self":[{"href":"https:\/\/www.visit-ulcinj.com\/blog\/wp-json\/wp\/v2\/posts\/99064"}],"collection":[{"href":"https:\/\/www.visit-ulcinj.com\/blog\/wp-json\/wp\/v2\/posts"}],"about":[{"href":"https:\/\/www.visit-ulcinj.com\/blog\/wp-json\/wp\/v2\/types\/post"}],"author":[{"embeddable":true,"href":"https:\/\/www.visit-ulcinj.com\/blog\/wp-json\/wp\/v2\/users\/1"}],"replies":[{"embeddable":true,"href":"https:\/\/www.visit-ulcinj.com\/blog\/wp-json\/wp\/v2\/comments?post=99064"}],"version-history":[{"count":1,"href":"https:\/\/www.visit-ulcinj.com\/blog\/wp-json\/wp\/v2\/posts\/99064\/revisions"}],"predecessor-version":[{"id":99065,"href":"https:\/\/www.visit-ulcinj.com\/blog\/wp-json\/wp\/v2\/posts\/99064\/revisions\/99065"}],"wp:attachment":[{"href":"https:\/\/www.visit-ulcinj.com\/blog\/wp-json\/wp\/v2\/media?parent=99064"}],"wp:term":[{"taxonomy":"category","embeddable":true,"href":"https:\/\/www.visit-ulcinj.com\/blog\/wp-json\/wp\/v2\/categories?post=99064"},{"taxonomy":"post_tag","embeddable":true,"href":"https:\/\/www.visit-ulcinj.com\/blog\/wp-json\/wp\/v2\/tags?post=99064"}],"curies":[{"name":"wp","href":"https:\/\/api.w.org\/{rel}","templated":true}]}}