{"id":99069,"date":"2016-08-15T20:07:14","date_gmt":"2016-08-15T19:07:14","guid":{"rendered":"http:\/\/www.visit-ulcinj.com\/blog\/?p=99069"},"modified":"2016-08-15T20:07:14","modified_gmt":"2016-08-15T19:07:14","slug":"bashkim-shqiptareve-ne-mal-te-zi-hajdinaga-ne-krye-te-listes-zgjedhore","status":"publish","type":"post","link":"https:\/\/www.visit-ulcinj.com\/blog\/2016\/08\/15\/bashkim-shqiptareve-ne-mal-te-zi-hajdinaga-ne-krye-te-listes-zgjedhore\/","title":{"rendered":"Bashkim i shqiptar\u00ebve n\u00eb Mal t\u00eb Zi \u2013 Hajdinaga n\u00eb krye t\u00eb list\u00ebs zgjedhore"},"content":{"rendered":"<h4><a href=\"http:\/\/www.visit-ulcinj.com\/blog\/wp-content\/uploads\/2016\/08\/Gjeka-Hajdinaga.jpg\"><img loading=\"lazy\" class=\"alignleft wp-image-99070\" src=\"http:\/\/www.visit-ulcinj.com\/blog\/wp-content\/uploads\/2016\/08\/Gjeka-Hajdinaga.jpg\" alt=\"Gjeka-Hajdinaga\" width=\"508\" height=\"337\" srcset=\"https:\/\/www.visit-ulcinj.com\/blog\/wp-content\/uploads\/2016\/08\/Gjeka-Hajdinaga.jpg 810w, https:\/\/www.visit-ulcinj.com\/blog\/wp-content\/uploads\/2016\/08\/Gjeka-Hajdinaga-300x199.jpg 300w, https:\/\/www.visit-ulcinj.com\/blog\/wp-content\/uploads\/2016\/08\/Gjeka-Hajdinaga-768x510.jpg 768w\" sizes=\"(max-width: 508px) 100vw, 508px\" \/><\/a>Ish-kryetari i Ulqinit dhe ish-ministri p\u00ebr t\u00eb Drejtat e Pakicave n\u00eb Qeverin\u00eb e Malit t\u00eb Zi, G\u00ebzim Hajdinaga, \u00ebsht\u00eb pajtuar q\u00eb t\u00eb jet\u00eb n\u00eb krye t\u00eb list\u00ebs zgjedhore, e cila synon q\u00eb pas shum\u00eb koh\u00ebsh t\u2019i b\u00ebj\u00eb bashk\u00eb sa m\u00eb shum\u00eb parti dhe organizata t\u00eb shqiptar\u00ebve.<\/h4>\n<p>\u201cJemi t\u00eb sigurt se kjo list\u00eb t\u00eb cil\u00ebn do ta udh\u00ebheq\u00eb Hajdinaga, si njeri i cili p\u00ebr m\u00eb s\u00eb nj\u00eb dekad\u00eb ka qen\u00eb iniciues dhe realizues i shum\u00eb projekteve m\u00eb vler\u00eb p\u00ebr shqiptar\u00ebt, do t\u00eb fitoj\u00eb vot\u00ebn e tyre dhe do t\u2019i p\u00ebrfaq\u00ebsoj\u00eb me dinjitet n\u00eb Parlamentin e Malit t\u00eb Zi\u201d, \u00ebsht\u00eb th\u00ebn\u00eb n\u00eb nj\u00eb kumtes\u00eb shtypi t\u00eb Partis\u00eb Demokratike, si inicuese e bashkimit t\u00eb spektrit politik shqiptar, n\u00eb prag t\u00eb zgjedhjeve parlamentare n\u00eb Mal t\u00eb Zi, t\u00eb parapara t\u00eb mbahen m\u00eb 16 tetor.<\/p>\n<p>N\u00eb kumtes\u00eb shtohet se Partia Demokratike, jav\u00ebve q\u00eb kaluan ka b\u00ebr\u00eb negociata t\u00eb frytshme me nj\u00eb num\u00ebr t\u00eb konsideruesh\u00ebm t\u00eb subjekteve politike rreth realizimit t\u00eb q\u00ebllimeve t\u00eb p\u00ebrbashk\u00ebta n\u00eb interes t\u00eb shqiptar\u00ebve dhe daljen e p\u00ebrbashk\u00ebt n\u00eb zgjedhjet q\u00eb po afrohen.<\/p>\n<p>\u201cJemi t\u00eb bindur se do t\u00eb jemi n\u00eb koalicion me partner\u00ebt e deritanish\u00ebm n\u00eb nivel lokal, si dhe me grupet tjera politike relevante nga Mal\u00ebsia, Plava, Gucia dhe Rozhaja\u201d, shtohet n\u00eb kumtes\u00eb, raporton Koha.net.<\/p>\n<p>N\u00eb an\u00ebn tjet\u00ebr, Hajdinaga \u00ebsht\u00eb shprehur i vullnetsh\u00ebm q\u00eb t\u00eb rikthehet fuqish\u00ebm n\u00eb sken\u00ebn politike t\u00eb Malit t\u00eb Zi, n\u00eb m\u00ebnyr\u00eb q\u00eb shqiptar\u00ebt t\u00eb faktorizohen sa m\u00eb shum\u00eb.<\/p>\n<p>\u201cNeve na kan\u00eb kushtuar shum\u00eb mosmarr\u00ebveshjet e brendshme dhe k\u00ebto kan\u00eb b\u00ebr\u00eb q\u00eb t\u00eb relativizohet duksh\u00ebm ndikimi i shqiptar\u00ebve n\u00eb politikb\u00ebrjen n\u00eb Mal t\u00eb Zi. Besoj se ka ardhur koha q\u00eb k\u00ebt\u00eb periudh\u00eb jo t\u00eb mir\u00eb ta l\u00ebm\u00eb prapa vetes, t\u00eb gjejm\u00eb gjuh\u00eb t\u00eb p\u00ebrbashk\u00ebt me nj\u00ebri-tjetrin n\u00eb m\u00ebnyr\u00eb q\u00eb t\u00eb gjith\u00eb t\u00eb jemi sa m\u00eb t\u00eb fort\u00eb dhe t\u00eb b\u00ebhemi faktor\u00eb vendimmarr\u00ebs, ashtu edhe si\u00e7 na takon\u201d, \u00ebsht\u00eb shprehur ish-kryetari dhe ish-ministri Hajdinaga.<\/p>\n<p>Ai tha se \u00ebsht\u00eb i gatsh\u00ebm t\u00eb bisedoj\u00eb me secilin shqiptar n\u00eb Mal t\u00eb Zi i cili \u00ebsht\u00eb i gatsh\u00ebm q\u00eb t\u00eb bashk\u00ebpunojn\u00eb p\u00ebr t\u00eb mir\u00ebn e p\u00ebrbashk\u00ebt dhe se marr\u00ebveshja e iniciuar nga Partia Demokratike me grupet e tjera politike \u00ebsht\u00eb hap i mbar\u00eb n\u00eb k\u00ebt\u00eb drejtim.<\/p>\n<p>T\u00eb nj\u00ebjtin entuziaz\u00ebm e ka shprehur edhe Fatmir Gjeka, kryetar i Partis\u00eb Demokratike.<\/p>\n<p>\u201c\u00cbsht\u00eb koha e fundit t\u00eb bashkohemi. Vet\u00ebm me bashkim t\u00eb mir\u00ebfillt\u00eb mund t\u00eb p\u00ebrmir\u00ebsohet pozita e tyre e p\u00ebrgjithshme dhe t\u00eb realizohen t\u00eb drejtat e tyre t\u00eb siguruara me Kushtetut\u00eb; duke vler\u00ebsuar se k\u00ebt\u00eb mund ta arrijn\u00eb ata t\u00eb cil\u00ebt me rezultatet e deritanishme kan\u00eb v\u00ebrtetuar se punojn\u00eb n\u00eb interesin e bashk\u00ebsis\u00eb son\u00eb, e jo p\u00ebr interesa personale e partiake\u201d, \u00ebsht\u00eb pajtuar Fatmir Gjeka, kryetar i Partis\u00eb Demokratike.<\/p>\n<p>G\u00ebzim Hajdinaga, i lindur n\u00eb vitin 1964 n\u00eb Ulqin, me profesion \u00ebsht\u00eb inxhinier elektrik dhe ka studiuar n\u00eb Kosov\u00eb dhe n\u00eb Shqip\u00ebri. Ka qen\u00eb an\u00ebtar i Unionit Demokratik t\u00eb Shqiptar\u00ebve q\u00eb nga themelimi i k\u00ebsaj partie. N\u00eb dy mandate ka sh\u00ebrbyer si minist\u00ebr n\u00eb qeverin\u00eb e Malit t\u00eb Zi, kurse dy her\u00eb i ka fituar zgjedhjet edhe p\u00ebr kryetar t\u00eb Ulqinit, pozit\u00eb t\u00eb cil\u00ebn e ka mbajtur nga viti 2006 deri n\u00eb vitin 2011.<\/p>\n<p>Gjat\u00eb mandatit t\u00eb tij si minist\u00ebr, Hajdinaga njihet si personi q\u00eb ka thelluar urat e bashk\u00ebpunimit t\u00eb Qeveris\u00eb s\u00eb Malit t\u00eb Zi me at\u00eb t\u00eb Kosov\u00ebs dhe t\u00eb Shqip\u00ebris\u00eb &#8211; nd\u00ebr t\u00eb tjera duke hapur edhe pikat kufitare me Shqip\u00ebrin\u00eb, at\u00eb Sukobin-Muriqan dhe pik\u00ebn e V\u00ebrmoshit n\u00eb Plav\u00eb, pranimi i diplomave, hapja e deg\u00ebs s\u00eb gjuh\u00ebs shqipe n\u00eb Podgoric\u00eb, organizimi i panaireve t\u00eb librit shqip etj.<\/p>\n<p>Nd\u00ebrsa si kryetar i Ulqinit mbahet mend p\u00ebr realizimin e projekteve t\u00eb r\u00ebnd\u00ebsishme p\u00ebr k\u00ebt\u00eb qytet bregdetar, si\u00e7 jan\u00eb nd\u00ebrtimi i ur\u00ebs mbi Porto Milen\u00eb n\u00eb Plazhin e Madh, hapja e maternitetit, kthimi i \u00c7arshis\u00eb s\u00eb Vjet\u00ebr t\u00eb qytetit, ruajtja e objekteve t\u00eb trash\u00ebgimis\u00eb shqiptare, nd\u00ebrtimi i Xhamis\u00eb historike n\u00eb qend\u00ebr t\u00eb Ulqinit dhe shum\u00eb t\u00eb tjera.<\/p>\n<p><strong>Koha Net<\/strong><\/p>\n","protected":false},"excerpt":{"rendered":"<p>Ish-kryetari i Ulqinit dhe ish-ministri p\u00ebr t\u00eb Drejtat e Pakicave n\u00eb Qeverin\u00eb e Malit t\u00eb Zi, G\u00ebzim Hajdinaga, \u00ebsht\u00eb pajtuar q\u00eb t\u00eb jet\u00eb n\u00eb krye t\u00eb list\u00ebs zgjedhore, e cila synon q\u00eb pas shum\u00eb koh\u00ebsh t\u2019i b\u00ebj\u00eb bashk\u00eb sa m\u00eb shum\u00eb parti dhe organizata t\u00eb shqiptar\u00ebve. \u201cJemi t\u00eb sigurt se kjo list\u00eb t\u00eb cil\u00ebn do [&hellip;]<\/p>\n","protected":false},"author":1,"featured_media":0,"comment_status":"closed","ping_status":"closed","sticky":false,"template":"","format":"standard","meta":{"spay_email":"","jetpack_publicize_message":"","jetpack_is_tweetstorm":false,"jetpack_publicize_feature_enabled":true},"categories":[14],"tags":[],"jetpack_publicize_connections":[],"yoast_head":"<!-- This site is optimized with the Yoast SEO plugin v19.1 - https:\/\/yoast.com\/wordpress\/plugins\/seo\/ -->\n<title>Bashkim i shqiptar\u00ebve n\u00eb Mal t\u00eb Zi \u2013 Hajdinaga n\u00eb krye t\u00eb list\u00ebs zgjedhore - Lajme nga Ulqini<\/title>\n<meta name=\"description\" content=\"Ish-kryetari i Ulqinit dhe ish-ministri p\u00ebr t\u00eb Drejtat e Pakicave n\u00eb Qeverin\u00eb e Malit t\u00eb Zi, G\u00ebzim Hajdinaga, \u00ebsht\u00eb pajtuar q\u00eb t\u00eb jet\u00eb n\u00eb krye t\u00eb list\u00ebs\" \/>\n<meta name=\"robots\" content=\"index, follow, max-snippet:-1, max-image-preview:large, max-video-preview:-1\" \/>\n<link rel=\"canonical\" href=\"https:\/\/www.visit-ulcinj.com\/blog\/2016\/08\/15\/bashkim-shqiptareve-ne-mal-te-zi-hajdinaga-ne-krye-te-listes-zgjedhore\/\" \/>\n<meta property=\"og:locale\" content=\"en_US\" \/>\n<meta property=\"og:type\" content=\"article\" \/>\n<meta property=\"og:title\" content=\"Bashkim i shqiptar\u00ebve n\u00eb Mal t\u00eb Zi \u2013 Hajdinaga n\u00eb krye t\u00eb list\u00ebs zgjedhore - Lajme nga Ulqini\" \/>\n<meta property=\"og:description\" content=\"Ish-kryetari i Ulqinit dhe ish-ministri p\u00ebr t\u00eb Drejtat e Pakicave n\u00eb Qeverin\u00eb e Malit t\u00eb Zi, G\u00ebzim Hajdinaga, \u00ebsht\u00eb pajtuar q\u00eb t\u00eb jet\u00eb n\u00eb krye t\u00eb list\u00ebs\" \/>\n<meta property=\"og:url\" content=\"https:\/\/www.visit-ulcinj.com\/blog\/2016\/08\/15\/bashkim-shqiptareve-ne-mal-te-zi-hajdinaga-ne-krye-te-listes-zgjedhore\/\" \/>\n<meta property=\"og:site_name\" content=\"Lajme nga Ulqini\" \/>\n<meta property=\"article:published_time\" content=\"2016-08-15T19:07:14+00:00\" \/>\n<meta property=\"og:image\" content=\"http:\/\/www.visit-ulcinj.com\/blog\/wp-content\/uploads\/2016\/08\/Gjeka-Hajdinaga.jpg\" \/>\n<meta name=\"twitter:label1\" content=\"Written by\" \/>\n\t<meta name=\"twitter:data1\" content=\"ulqini\" \/>\n\t<meta name=\"twitter:label2\" content=\"Est. reading time\" \/>\n\t<meta name=\"twitter:data2\" content=\"4 minutes\" \/>\n<script type=\"application\/ld+json\" class=\"yoast-schema-graph\">{\"@context\":\"https:\/\/schema.org\",\"@graph\":[{\"@type\":\"WebSite\",\"@id\":\"https:\/\/www.visit-ulcinj.com\/blog\/#website\",\"url\":\"https:\/\/www.visit-ulcinj.com\/blog\/\",\"name\":\"Lajme nga Ulqini\",\"description\":\"Lajme,Vijesti,Ulqini,Ulqin,Crna Gora,Mali i Zi\",\"potentialAction\":[{\"@type\":\"SearchAction\",\"target\":{\"@type\":\"EntryPoint\",\"urlTemplate\":\"https:\/\/www.visit-ulcinj.com\/blog\/?s={search_term_string}\"},\"query-input\":\"required name=search_term_string\"}],\"inLanguage\":\"en-US\"},{\"@type\":\"ImageObject\",\"inLanguage\":\"en-US\",\"@id\":\"https:\/\/www.visit-ulcinj.com\/blog\/2016\/08\/15\/bashkim-shqiptareve-ne-mal-te-zi-hajdinaga-ne-krye-te-listes-zgjedhore\/#primaryimage\",\"url\":\"https:\/\/www.visit-ulcinj.com\/blog\/wp-content\/uploads\/2016\/08\/Gjeka-Hajdinaga.jpg\",\"contentUrl\":\"https:\/\/www.visit-ulcinj.com\/blog\/wp-content\/uploads\/2016\/08\/Gjeka-Hajdinaga.jpg\",\"width\":810,\"height\":538},{\"@type\":\"WebPage\",\"@id\":\"https:\/\/www.visit-ulcinj.com\/blog\/2016\/08\/15\/bashkim-shqiptareve-ne-mal-te-zi-hajdinaga-ne-krye-te-listes-zgjedhore\/#webpage\",\"url\":\"https:\/\/www.visit-ulcinj.com\/blog\/2016\/08\/15\/bashkim-shqiptareve-ne-mal-te-zi-hajdinaga-ne-krye-te-listes-zgjedhore\/\",\"name\":\"Bashkim i shqiptar\u00ebve n\u00eb Mal t\u00eb Zi \u2013 Hajdinaga n\u00eb krye t\u00eb list\u00ebs zgjedhore - Lajme nga Ulqini\",\"isPartOf\":{\"@id\":\"https:\/\/www.visit-ulcinj.com\/blog\/#website\"},\"primaryImageOfPage\":{\"@id\":\"https:\/\/www.visit-ulcinj.com\/blog\/2016\/08\/15\/bashkim-shqiptareve-ne-mal-te-zi-hajdinaga-ne-krye-te-listes-zgjedhore\/#primaryimage\"},\"datePublished\":\"2016-08-15T19:07:14+00:00\",\"dateModified\":\"2016-08-15T19:07:14+00:00\",\"author\":{\"@id\":\"https:\/\/www.visit-ulcinj.com\/blog\/#\/schema\/person\/dcab619c614d3038751c63bc2aadc06d\"},\"description\":\"Ish-kryetari i Ulqinit dhe ish-ministri p\u00ebr t\u00eb Drejtat e Pakicave n\u00eb Qeverin\u00eb e Malit t\u00eb Zi, G\u00ebzim Hajdinaga, \u00ebsht\u00eb pajtuar q\u00eb t\u00eb jet\u00eb n\u00eb krye t\u00eb list\u00ebs\",\"breadcrumb\":{\"@id\":\"https:\/\/www.visit-ulcinj.com\/blog\/2016\/08\/15\/bashkim-shqiptareve-ne-mal-te-zi-hajdinaga-ne-krye-te-listes-zgjedhore\/#breadcrumb\"},\"inLanguage\":\"en-US\",\"potentialAction\":[{\"@type\":\"ReadAction\",\"target\":[\"https:\/\/www.visit-ulcinj.com\/blog\/2016\/08\/15\/bashkim-shqiptareve-ne-mal-te-zi-hajdinaga-ne-krye-te-listes-zgjedhore\/\"]}]},{\"@type\":\"BreadcrumbList\",\"@id\":\"https:\/\/www.visit-ulcinj.com\/blog\/2016\/08\/15\/bashkim-shqiptareve-ne-mal-te-zi-hajdinaga-ne-krye-te-listes-zgjedhore\/#breadcrumb\",\"itemListElement\":[{\"@type\":\"ListItem\",\"position\":1,\"name\":\"Bashkim i shqiptar\u00ebve n\u00eb Mal t\u00eb Zi \u2013 Hajdinaga n\u00eb krye t\u00eb list\u00ebs zgjedhore\"}]},{\"@type\":\"Person\",\"@id\":\"https:\/\/www.visit-ulcinj.com\/blog\/#\/schema\/person\/dcab619c614d3038751c63bc2aadc06d\",\"name\":\"ulqini\",\"sameAs\":[\"http:\/\/www.visit-ulcinj.com\"],\"url\":\"https:\/\/www.visit-ulcinj.com\/blog\/author\/admin\/\"}]}<\/script>\n<!-- \/ Yoast SEO plugin. -->","yoast_head_json":{"title":"Bashkim i shqiptar\u00ebve n\u00eb Mal t\u00eb Zi \u2013 Hajdinaga n\u00eb krye t\u00eb list\u00ebs zgjedhore - Lajme nga Ulqini","description":"Ish-kryetari i Ulqinit dhe ish-ministri p\u00ebr t\u00eb Drejtat e Pakicave n\u00eb Qeverin\u00eb e Malit t\u00eb Zi, G\u00ebzim Hajdinaga, \u00ebsht\u00eb pajtuar q\u00eb t\u00eb jet\u00eb n\u00eb krye t\u00eb list\u00ebs","robots":{"index":"index","follow":"follow","max-snippet":"max-snippet:-1","max-image-preview":"max-image-preview:large","max-video-preview":"max-video-preview:-1"},"canonical":"https:\/\/www.visit-ulcinj.com\/blog\/2016\/08\/15\/bashkim-shqiptareve-ne-mal-te-zi-hajdinaga-ne-krye-te-listes-zgjedhore\/","og_locale":"en_US","og_type":"article","og_title":"Bashkim i shqiptar\u00ebve n\u00eb Mal t\u00eb Zi \u2013 Hajdinaga n\u00eb krye t\u00eb list\u00ebs zgjedhore - Lajme nga Ulqini","og_description":"Ish-kryetari i Ulqinit dhe ish-ministri p\u00ebr t\u00eb Drejtat e Pakicave n\u00eb Qeverin\u00eb e Malit t\u00eb Zi, G\u00ebzim Hajdinaga, \u00ebsht\u00eb pajtuar q\u00eb t\u00eb jet\u00eb n\u00eb krye t\u00eb list\u00ebs","og_url":"https:\/\/www.visit-ulcinj.com\/blog\/2016\/08\/15\/bashkim-shqiptareve-ne-mal-te-zi-hajdinaga-ne-krye-te-listes-zgjedhore\/","og_site_name":"Lajme nga Ulqini","article_published_time":"2016-08-15T19:07:14+00:00","og_image":[{"url":"http:\/\/www.visit-ulcinj.com\/blog\/wp-content\/uploads\/2016\/08\/Gjeka-Hajdinaga.jpg"}],"twitter_misc":{"Written by":"ulqini","Est. reading time":"4 minutes"},"schema":{"@context":"https:\/\/schema.org","@graph":[{"@type":"WebSite","@id":"https:\/\/www.visit-ulcinj.com\/blog\/#website","url":"https:\/\/www.visit-ulcinj.com\/blog\/","name":"Lajme nga Ulqini","description":"Lajme,Vijesti,Ulqini,Ulqin,Crna Gora,Mali i Zi","potentialAction":[{"@type":"SearchAction","target":{"@type":"EntryPoint","urlTemplate":"https:\/\/www.visit-ulcinj.com\/blog\/?s={search_term_string}"},"query-input":"required name=search_term_string"}],"inLanguage":"en-US"},{"@type":"ImageObject","inLanguage":"en-US","@id":"https:\/\/www.visit-ulcinj.com\/blog\/2016\/08\/15\/bashkim-shqiptareve-ne-mal-te-zi-hajdinaga-ne-krye-te-listes-zgjedhore\/#primaryimage","url":"https:\/\/www.visit-ulcinj.com\/blog\/wp-content\/uploads\/2016\/08\/Gjeka-Hajdinaga.jpg","contentUrl":"https:\/\/www.visit-ulcinj.com\/blog\/wp-content\/uploads\/2016\/08\/Gjeka-Hajdinaga.jpg","width":810,"height":538},{"@type":"WebPage","@id":"https:\/\/www.visit-ulcinj.com\/blog\/2016\/08\/15\/bashkim-shqiptareve-ne-mal-te-zi-hajdinaga-ne-krye-te-listes-zgjedhore\/#webpage","url":"https:\/\/www.visit-ulcinj.com\/blog\/2016\/08\/15\/bashkim-shqiptareve-ne-mal-te-zi-hajdinaga-ne-krye-te-listes-zgjedhore\/","name":"Bashkim i shqiptar\u00ebve n\u00eb Mal t\u00eb Zi \u2013 Hajdinaga n\u00eb krye t\u00eb list\u00ebs zgjedhore - Lajme nga Ulqini","isPartOf":{"@id":"https:\/\/www.visit-ulcinj.com\/blog\/#website"},"primaryImageOfPage":{"@id":"https:\/\/www.visit-ulcinj.com\/blog\/2016\/08\/15\/bashkim-shqiptareve-ne-mal-te-zi-hajdinaga-ne-krye-te-listes-zgjedhore\/#primaryimage"},"datePublished":"2016-08-15T19:07:14+00:00","dateModified":"2016-08-15T19:07:14+00:00","author":{"@id":"https:\/\/www.visit-ulcinj.com\/blog\/#\/schema\/person\/dcab619c614d3038751c63bc2aadc06d"},"description":"Ish-kryetari i Ulqinit dhe ish-ministri p\u00ebr t\u00eb Drejtat e Pakicave n\u00eb Qeverin\u00eb e Malit t\u00eb Zi, G\u00ebzim Hajdinaga, \u00ebsht\u00eb pajtuar q\u00eb t\u00eb jet\u00eb n\u00eb krye t\u00eb list\u00ebs","breadcrumb":{"@id":"https:\/\/www.visit-ulcinj.com\/blog\/2016\/08\/15\/bashkim-shqiptareve-ne-mal-te-zi-hajdinaga-ne-krye-te-listes-zgjedhore\/#breadcrumb"},"inLanguage":"en-US","potentialAction":[{"@type":"ReadAction","target":["https:\/\/www.visit-ulcinj.com\/blog\/2016\/08\/15\/bashkim-shqiptareve-ne-mal-te-zi-hajdinaga-ne-krye-te-listes-zgjedhore\/"]}]},{"@type":"BreadcrumbList","@id":"https:\/\/www.visit-ulcinj.com\/blog\/2016\/08\/15\/bashkim-shqiptareve-ne-mal-te-zi-hajdinaga-ne-krye-te-listes-zgjedhore\/#breadcrumb","itemListElement":[{"@type":"ListItem","position":1,"name":"Bashkim i shqiptar\u00ebve n\u00eb Mal t\u00eb Zi \u2013 Hajdinaga n\u00eb krye t\u00eb list\u00ebs zgjedhore"}]},{"@type":"Person","@id":"https:\/\/www.visit-ulcinj.com\/blog\/#\/schema\/person\/dcab619c614d3038751c63bc2aadc06d","name":"ulqini","sameAs":["http:\/\/www.visit-ulcinj.com"],"url":"https:\/\/www.visit-ulcinj.com\/blog\/author\/admin\/"}]}},"jetpack_featured_media_url":"","jetpack_sharing_enabled":true,"jetpack_shortlink":"https:\/\/wp.me\/pe6lTn-pLT","_links":{"self":[{"href":"https:\/\/www.visit-ulcinj.com\/blog\/wp-json\/wp\/v2\/posts\/99069"}],"collection":[{"href":"https:\/\/www.visit-ulcinj.com\/blog\/wp-json\/wp\/v2\/posts"}],"about":[{"href":"https:\/\/www.visit-ulcinj.com\/blog\/wp-json\/wp\/v2\/types\/post"}],"author":[{"embeddable":true,"href":"https:\/\/www.visit-ulcinj.com\/blog\/wp-json\/wp\/v2\/users\/1"}],"replies":[{"embeddable":true,"href":"https:\/\/www.visit-ulcinj.com\/blog\/wp-json\/wp\/v2\/comments?post=99069"}],"version-history":[{"count":1,"href":"https:\/\/www.visit-ulcinj.com\/blog\/wp-json\/wp\/v2\/posts\/99069\/revisions"}],"predecessor-version":[{"id":99071,"href":"https:\/\/www.visit-ulcinj.com\/blog\/wp-json\/wp\/v2\/posts\/99069\/revisions\/99071"}],"wp:attachment":[{"href":"https:\/\/www.visit-ulcinj.com\/blog\/wp-json\/wp\/v2\/media?parent=99069"}],"wp:term":[{"taxonomy":"category","embeddable":true,"href":"https:\/\/www.visit-ulcinj.com\/blog\/wp-json\/wp\/v2\/categories?post=99069"},{"taxonomy":"post_tag","embeddable":true,"href":"https:\/\/www.visit-ulcinj.com\/blog\/wp-json\/wp\/v2\/tags?post=99069"}],"curies":[{"name":"wp","href":"https:\/\/api.w.org\/{rel}","templated":true}]}}