{"id":99072,"date":"2016-08-15T23:31:47","date_gmt":"2016-08-15T22:31:47","guid":{"rendered":"http:\/\/www.visit-ulcinj.com\/blog\/?p=99072"},"modified":"2016-08-15T23:32:47","modified_gmt":"2016-08-15T22:32:47","slug":"gzim-hajdinaga-nosilac-liste-demokratske-partije","status":"publish","type":"post","link":"https:\/\/www.visit-ulcinj.com\/blog\/2016\/08\/15\/gzim-hajdinaga-nosilac-liste-demokratske-partije\/","title":{"rendered":"Gzim Hajdinaga nosilac liste Demokratske partije"},"content":{"rendered":"<p><span class=\"tekstcijeli\"><span class=\"kapital\"><a href=\"http:\/\/www.visit-ulcinj.com\/blog\/wp-content\/uploads\/2016\/08\/Gezim-Hajdinaga-Fatmir-Gjeka-Ulqin.jpg\"><img loading=\"lazy\" class=\"alignleft wp-image-99050\" src=\"http:\/\/www.visit-ulcinj.com\/blog\/wp-content\/uploads\/2016\/08\/Gezim-Hajdinaga-Fatmir-Gjeka-Ulqin.jpg\" alt=\"Gezim-Hajdinaga-Fatmir-Gjeka-Ulqin\" width=\"508\" height=\"338\" srcset=\"https:\/\/www.visit-ulcinj.com\/blog\/wp-content\/uploads\/2016\/08\/Gezim-Hajdinaga-Fatmir-Gjeka-Ulqin.jpg 960w, https:\/\/www.visit-ulcinj.com\/blog\/wp-content\/uploads\/2016\/08\/Gezim-Hajdinaga-Fatmir-Gjeka-Ulqin-300x199.jpg 300w, https:\/\/www.visit-ulcinj.com\/blog\/wp-content\/uploads\/2016\/08\/Gezim-Hajdinaga-Fatmir-Gjeka-Ulqin-768x510.jpg 768w\" sizes=\"(max-width: 508px) 100vw, 508px\" \/><\/a>G<\/span>rupacija istaknutih aktivista, intelektualaca i slobodnih gra\u0111ana iz Ulcinja i drugih krajeva gdje \u017eive Albanci predvo\u0111ena biv\u0161im ministrom u Vladi i gradona\u010delnikom Ulcinja Gzimom Hajdinagom, pridru\u017eila se Demokratskoj partiji (DP), saop\u0161teno je iz te stranke.<br \/>\nKako su naveli u saop\u0161tenju, na to su se odlu\u010dili polaze\u0107i od \u010dinjenice da su Albanci, najvi\u0161e svojom krivicom, politi\u010dki defaktorizovani u Crnoj Gori, a da je ekonomsko-socijalno stanje u podru\u010djima gdje oni \u017eive sve gore.<br \/>\n&#8211; Uvjereni su da se samo \u0161irokim okupljanjem mo\u017ee pobolj\u0161ati njihov ukupni polo\u017eaj i ostvariti Ustavom zajam\u010dena prava, te posti\u0107i dobar rezultat na predstoje\u0107im izborima i cijene\u0107i da to mogu posti\u0107i oni koji su dosada\u0161njim rezultatima potvrdili da rade u nacionalnom interesu na\u0161e zajednice, a ne samo za li\u010dnu ili partijsku korist \u2013 konstatovano je u saop\u0161tenju.<br \/>\nIstakli su da je Demokratska partija proteklih sedmica vodila plodne pregovare sa zna\u010dajnim brojem politi\u010dkih subjekata o realizaciji tih ciljeva i zajedni\u010dkom nastupu na predstoje\u0107im izborima.<br \/>\n&#8211; Ubije\u0111eni smo da \u0107emo biti u koaliciji sa na\u0161im dosada\u0161njim partnerima na lokalnom nivou, kao i drugim relevantnim politi\u010dkim grupacijama iz Malesije, Plava, Gusinja i Ro\u017eaja. Sa zadovoljstvom informi\u0161emo javnost da se jedna grupacija istaknutih aktivista, intelektualaca i slobodnih gra\u0111ana iz Ulcinja i drugih krajeva gdje \u017eive Albanci predvo\u0111ena biv\u0161im ministrom u Vladi Crne Gore i gradona\u010delnikom Ulcinja Gzimom Hajdinagom, pridru\u017eila Demokratskoj partiji (DP). Na sjednici glavnog odbora, koja je odr\u017eana u petak, a kojom je predsjedavao lider Fatmir \u0110eka, odlu\u010deno je da Hajdinaga bude na \u010delu na\u0161e liste na parlamentarnim izborima u oktobru \u2013 navedeno je u saop\u0161tenju.<br \/>\nOcjenjuju da su sigurni da \u0107e ova lista koju \u0107e predvoditi Hajdinaga, kao \u010dovjek koji je vi\u0161e od deceniju bio inicijator i realizator niza zna\u010dajnih projekata za Albance, dobiti najve\u0107i broj njihovih glasova i dostojno ih predstavljati u Skup\u0161tini Crne Gore.<strong>M.V. <\/strong><\/span><\/p>\n<p><strong>Izvor: DAN<\/strong><\/p>\n","protected":false},"excerpt":{"rendered":"<p>Grupacija istaknutih aktivista, intelektualaca i slobodnih gra\u0111ana iz Ulcinja i drugih krajeva gdje \u017eive Albanci predvo\u0111ena biv\u0161im ministrom u Vladi i gradona\u010delnikom Ulcinja Gzimom Hajdinagom, pridru\u017eila se Demokratskoj partiji (DP), saop\u0161teno je iz te stranke. Kako su naveli u saop\u0161tenju, na to su se odlu\u010dili polaze\u0107i od \u010dinjenice da su Albanci, najvi\u0161e svojom krivicom, politi\u010dki [&hellip;]<\/p>\n","protected":false},"author":1,"featured_media":0,"comment_status":"closed","ping_status":"closed","sticky":false,"template":"","format":"standard","meta":{"spay_email":"","jetpack_publicize_message":"","jetpack_is_tweetstorm":false,"jetpack_publicize_feature_enabled":true},"categories":[8337],"tags":[],"jetpack_publicize_connections":[],"yoast_head":"<!-- This site is optimized with the Yoast SEO plugin v19.1 - https:\/\/yoast.com\/wordpress\/plugins\/seo\/ -->\n<title>Gzim Hajdinaga nosilac liste Demokratske partije - Lajme nga Ulqini<\/title>\n<meta name=\"description\" content=\"Grupacija istaknutih aktivista, intelektualaca i slobodnih gra\u0111ana iz Ulcinja i drugih krajeva gdje \u017eive Albanci predvo\u0111ena biv\u0161im ministrom u Vladi i\" \/>\n<meta name=\"robots\" content=\"index, follow, max-snippet:-1, max-image-preview:large, max-video-preview:-1\" \/>\n<link rel=\"canonical\" href=\"https:\/\/www.visit-ulcinj.com\/blog\/2016\/08\/15\/gzim-hajdinaga-nosilac-liste-demokratske-partije\/\" \/>\n<meta property=\"og:locale\" content=\"en_US\" \/>\n<meta property=\"og:type\" content=\"article\" \/>\n<meta property=\"og:title\" content=\"Gzim Hajdinaga nosilac liste Demokratske partije - Lajme nga Ulqini\" \/>\n<meta property=\"og:description\" content=\"Grupacija istaknutih aktivista, intelektualaca i slobodnih gra\u0111ana iz Ulcinja i drugih krajeva gdje \u017eive Albanci predvo\u0111ena biv\u0161im ministrom u Vladi i\" \/>\n<meta property=\"og:url\" content=\"https:\/\/www.visit-ulcinj.com\/blog\/2016\/08\/15\/gzim-hajdinaga-nosilac-liste-demokratske-partije\/\" \/>\n<meta property=\"og:site_name\" content=\"Lajme nga Ulqini\" \/>\n<meta property=\"article:published_time\" content=\"2016-08-15T22:31:47+00:00\" \/>\n<meta property=\"article:modified_time\" content=\"2016-08-15T22:32:47+00:00\" \/>\n<meta property=\"og:image\" content=\"http:\/\/www.visit-ulcinj.com\/blog\/wp-content\/uploads\/2016\/08\/Gezim-Hajdinaga-Fatmir-Gjeka-Ulqin.jpg\" \/>\n<meta name=\"twitter:label1\" content=\"Written by\" \/>\n\t<meta name=\"twitter:data1\" content=\"ulqini\" \/>\n\t<meta name=\"twitter:label2\" content=\"Est. reading time\" \/>\n\t<meta name=\"twitter:data2\" content=\"2 minutes\" \/>\n<script type=\"application\/ld+json\" class=\"yoast-schema-graph\">{\"@context\":\"https:\/\/schema.org\",\"@graph\":[{\"@type\":\"WebSite\",\"@id\":\"https:\/\/www.visit-ulcinj.com\/blog\/#website\",\"url\":\"https:\/\/www.visit-ulcinj.com\/blog\/\",\"name\":\"Lajme nga Ulqini\",\"description\":\"Lajme,Vijesti,Ulqini,Ulqin,Crna Gora,Mali i Zi\",\"potentialAction\":[{\"@type\":\"SearchAction\",\"target\":{\"@type\":\"EntryPoint\",\"urlTemplate\":\"https:\/\/www.visit-ulcinj.com\/blog\/?s={search_term_string}\"},\"query-input\":\"required name=search_term_string\"}],\"inLanguage\":\"en-US\"},{\"@type\":\"ImageObject\",\"inLanguage\":\"en-US\",\"@id\":\"https:\/\/www.visit-ulcinj.com\/blog\/2016\/08\/15\/gzim-hajdinaga-nosilac-liste-demokratske-partije\/#primaryimage\",\"url\":\"https:\/\/www.visit-ulcinj.com\/blog\/wp-content\/uploads\/2016\/08\/Gezim-Hajdinaga-Fatmir-Gjeka-Ulqin.jpg\",\"contentUrl\":\"https:\/\/www.visit-ulcinj.com\/blog\/wp-content\/uploads\/2016\/08\/Gezim-Hajdinaga-Fatmir-Gjeka-Ulqin.jpg\",\"width\":960,\"height\":638},{\"@type\":\"WebPage\",\"@id\":\"https:\/\/www.visit-ulcinj.com\/blog\/2016\/08\/15\/gzim-hajdinaga-nosilac-liste-demokratske-partije\/#webpage\",\"url\":\"https:\/\/www.visit-ulcinj.com\/blog\/2016\/08\/15\/gzim-hajdinaga-nosilac-liste-demokratske-partije\/\",\"name\":\"Gzim Hajdinaga nosilac liste Demokratske partije - Lajme nga Ulqini\",\"isPartOf\":{\"@id\":\"https:\/\/www.visit-ulcinj.com\/blog\/#website\"},\"primaryImageOfPage\":{\"@id\":\"https:\/\/www.visit-ulcinj.com\/blog\/2016\/08\/15\/gzim-hajdinaga-nosilac-liste-demokratske-partije\/#primaryimage\"},\"datePublished\":\"2016-08-15T22:31:47+00:00\",\"dateModified\":\"2016-08-15T22:32:47+00:00\",\"author\":{\"@id\":\"https:\/\/www.visit-ulcinj.com\/blog\/#\/schema\/person\/dcab619c614d3038751c63bc2aadc06d\"},\"description\":\"Grupacija istaknutih aktivista, intelektualaca i slobodnih gra\u0111ana iz Ulcinja i drugih krajeva gdje \u017eive Albanci predvo\u0111ena biv\u0161im ministrom u Vladi i\",\"breadcrumb\":{\"@id\":\"https:\/\/www.visit-ulcinj.com\/blog\/2016\/08\/15\/gzim-hajdinaga-nosilac-liste-demokratske-partije\/#breadcrumb\"},\"inLanguage\":\"en-US\",\"potentialAction\":[{\"@type\":\"ReadAction\",\"target\":[\"https:\/\/www.visit-ulcinj.com\/blog\/2016\/08\/15\/gzim-hajdinaga-nosilac-liste-demokratske-partije\/\"]}]},{\"@type\":\"BreadcrumbList\",\"@id\":\"https:\/\/www.visit-ulcinj.com\/blog\/2016\/08\/15\/gzim-hajdinaga-nosilac-liste-demokratske-partije\/#breadcrumb\",\"itemListElement\":[{\"@type\":\"ListItem\",\"position\":1,\"name\":\"Gzim Hajdinaga nosilac liste Demokratske partije\"}]},{\"@type\":\"Person\",\"@id\":\"https:\/\/www.visit-ulcinj.com\/blog\/#\/schema\/person\/dcab619c614d3038751c63bc2aadc06d\",\"name\":\"ulqini\",\"sameAs\":[\"http:\/\/www.visit-ulcinj.com\"],\"url\":\"https:\/\/www.visit-ulcinj.com\/blog\/author\/admin\/\"}]}<\/script>\n<!-- \/ Yoast SEO plugin. -->","yoast_head_json":{"title":"Gzim Hajdinaga nosilac liste Demokratske partije - Lajme nga Ulqini","description":"Grupacija istaknutih aktivista, intelektualaca i slobodnih gra\u0111ana iz Ulcinja i drugih krajeva gdje \u017eive Albanci predvo\u0111ena biv\u0161im ministrom u Vladi i","robots":{"index":"index","follow":"follow","max-snippet":"max-snippet:-1","max-image-preview":"max-image-preview:large","max-video-preview":"max-video-preview:-1"},"canonical":"https:\/\/www.visit-ulcinj.com\/blog\/2016\/08\/15\/gzim-hajdinaga-nosilac-liste-demokratske-partije\/","og_locale":"en_US","og_type":"article","og_title":"Gzim Hajdinaga nosilac liste Demokratske partije - Lajme nga Ulqini","og_description":"Grupacija istaknutih aktivista, intelektualaca i slobodnih gra\u0111ana iz Ulcinja i drugih krajeva gdje \u017eive Albanci predvo\u0111ena biv\u0161im ministrom u Vladi i","og_url":"https:\/\/www.visit-ulcinj.com\/blog\/2016\/08\/15\/gzim-hajdinaga-nosilac-liste-demokratske-partije\/","og_site_name":"Lajme nga Ulqini","article_published_time":"2016-08-15T22:31:47+00:00","article_modified_time":"2016-08-15T22:32:47+00:00","og_image":[{"url":"http:\/\/www.visit-ulcinj.com\/blog\/wp-content\/uploads\/2016\/08\/Gezim-Hajdinaga-Fatmir-Gjeka-Ulqin.jpg"}],"twitter_misc":{"Written by":"ulqini","Est. reading time":"2 minutes"},"schema":{"@context":"https:\/\/schema.org","@graph":[{"@type":"WebSite","@id":"https:\/\/www.visit-ulcinj.com\/blog\/#website","url":"https:\/\/www.visit-ulcinj.com\/blog\/","name":"Lajme nga Ulqini","description":"Lajme,Vijesti,Ulqini,Ulqin,Crna Gora,Mali i Zi","potentialAction":[{"@type":"SearchAction","target":{"@type":"EntryPoint","urlTemplate":"https:\/\/www.visit-ulcinj.com\/blog\/?s={search_term_string}"},"query-input":"required name=search_term_string"}],"inLanguage":"en-US"},{"@type":"ImageObject","inLanguage":"en-US","@id":"https:\/\/www.visit-ulcinj.com\/blog\/2016\/08\/15\/gzim-hajdinaga-nosilac-liste-demokratske-partije\/#primaryimage","url":"https:\/\/www.visit-ulcinj.com\/blog\/wp-content\/uploads\/2016\/08\/Gezim-Hajdinaga-Fatmir-Gjeka-Ulqin.jpg","contentUrl":"https:\/\/www.visit-ulcinj.com\/blog\/wp-content\/uploads\/2016\/08\/Gezim-Hajdinaga-Fatmir-Gjeka-Ulqin.jpg","width":960,"height":638},{"@type":"WebPage","@id":"https:\/\/www.visit-ulcinj.com\/blog\/2016\/08\/15\/gzim-hajdinaga-nosilac-liste-demokratske-partije\/#webpage","url":"https:\/\/www.visit-ulcinj.com\/blog\/2016\/08\/15\/gzim-hajdinaga-nosilac-liste-demokratske-partije\/","name":"Gzim Hajdinaga nosilac liste Demokratske partije - Lajme nga Ulqini","isPartOf":{"@id":"https:\/\/www.visit-ulcinj.com\/blog\/#website"},"primaryImageOfPage":{"@id":"https:\/\/www.visit-ulcinj.com\/blog\/2016\/08\/15\/gzim-hajdinaga-nosilac-liste-demokratske-partije\/#primaryimage"},"datePublished":"2016-08-15T22:31:47+00:00","dateModified":"2016-08-15T22:32:47+00:00","author":{"@id":"https:\/\/www.visit-ulcinj.com\/blog\/#\/schema\/person\/dcab619c614d3038751c63bc2aadc06d"},"description":"Grupacija istaknutih aktivista, intelektualaca i slobodnih gra\u0111ana iz Ulcinja i drugih krajeva gdje \u017eive Albanci predvo\u0111ena biv\u0161im ministrom u Vladi i","breadcrumb":{"@id":"https:\/\/www.visit-ulcinj.com\/blog\/2016\/08\/15\/gzim-hajdinaga-nosilac-liste-demokratske-partije\/#breadcrumb"},"inLanguage":"en-US","potentialAction":[{"@type":"ReadAction","target":["https:\/\/www.visit-ulcinj.com\/blog\/2016\/08\/15\/gzim-hajdinaga-nosilac-liste-demokratske-partije\/"]}]},{"@type":"BreadcrumbList","@id":"https:\/\/www.visit-ulcinj.com\/blog\/2016\/08\/15\/gzim-hajdinaga-nosilac-liste-demokratske-partije\/#breadcrumb","itemListElement":[{"@type":"ListItem","position":1,"name":"Gzim Hajdinaga nosilac liste Demokratske partije"}]},{"@type":"Person","@id":"https:\/\/www.visit-ulcinj.com\/blog\/#\/schema\/person\/dcab619c614d3038751c63bc2aadc06d","name":"ulqini","sameAs":["http:\/\/www.visit-ulcinj.com"],"url":"https:\/\/www.visit-ulcinj.com\/blog\/author\/admin\/"}]}},"jetpack_featured_media_url":"","jetpack_sharing_enabled":true,"jetpack_shortlink":"https:\/\/wp.me\/pe6lTn-pLW","_links":{"self":[{"href":"https:\/\/www.visit-ulcinj.com\/blog\/wp-json\/wp\/v2\/posts\/99072"}],"collection":[{"href":"https:\/\/www.visit-ulcinj.com\/blog\/wp-json\/wp\/v2\/posts"}],"about":[{"href":"https:\/\/www.visit-ulcinj.com\/blog\/wp-json\/wp\/v2\/types\/post"}],"author":[{"embeddable":true,"href":"https:\/\/www.visit-ulcinj.com\/blog\/wp-json\/wp\/v2\/users\/1"}],"replies":[{"embeddable":true,"href":"https:\/\/www.visit-ulcinj.com\/blog\/wp-json\/wp\/v2\/comments?post=99072"}],"version-history":[{"count":1,"href":"https:\/\/www.visit-ulcinj.com\/blog\/wp-json\/wp\/v2\/posts\/99072\/revisions"}],"predecessor-version":[{"id":99073,"href":"https:\/\/www.visit-ulcinj.com\/blog\/wp-json\/wp\/v2\/posts\/99072\/revisions\/99073"}],"wp:attachment":[{"href":"https:\/\/www.visit-ulcinj.com\/blog\/wp-json\/wp\/v2\/media?parent=99072"}],"wp:term":[{"taxonomy":"category","embeddable":true,"href":"https:\/\/www.visit-ulcinj.com\/blog\/wp-json\/wp\/v2\/categories?post=99072"},{"taxonomy":"post_tag","embeddable":true,"href":"https:\/\/www.visit-ulcinj.com\/blog\/wp-json\/wp\/v2\/tags?post=99072"}],"curies":[{"name":"wp","href":"https:\/\/api.w.org\/{rel}","templated":true}]}}