{"id":99074,"date":"2016-08-16T17:44:17","date_gmt":"2016-08-16T16:44:17","guid":{"rendered":"http:\/\/www.visit-ulcinj.com\/blog\/?p=99074"},"modified":"2016-08-16T23:23:00","modified_gmt":"2016-08-16T22:23:00","slug":"komuna-e-ulqinit-strehimore-te-re-per-qente-endacake","status":"publish","type":"post","link":"https:\/\/www.visit-ulcinj.com\/blog\/2016\/08\/16\/komuna-e-ulqinit-strehimore-te-re-per-qente-endacake\/","title":{"rendered":"Komuna e Ulqinit me strehimore t\u00eb re p\u00ebr qent\u00eb endacak\u00eb"},"content":{"rendered":"<p><strong><em><a href=\"http:\/\/www.visit-ulcinj.com\/blog\/wp-content\/uploads\/2016\/08\/strehimore-t\u00eb-re-p\u00ebr-qent\u00eb-endacak\u00eb-ne-Ulqin.jpg\"><img loading=\"lazy\" class=\"alignleft wp-image-99075\" src=\"http:\/\/www.visit-ulcinj.com\/blog\/wp-content\/uploads\/2016\/08\/strehimore-t\u00eb-re-p\u00ebr-qent\u00eb-endacak\u00eb-ne-Ulqin.jpg\" alt=\"strehimore t\u00eb re p\u00ebr qent\u00eb endacak\u00eb ne Ulqin\" width=\"508\" height=\"381\" srcset=\"https:\/\/www.visit-ulcinj.com\/blog\/wp-content\/uploads\/2016\/08\/strehimore-t\u00eb-re-p\u00ebr-qent\u00eb-endacak\u00eb-ne-Ulqin.jpg 824w, https:\/\/www.visit-ulcinj.com\/blog\/wp-content\/uploads\/2016\/08\/strehimore-t\u00eb-re-p\u00ebr-qent\u00eb-endacak\u00eb-ne-Ulqin-300x225.jpg 300w, https:\/\/www.visit-ulcinj.com\/blog\/wp-content\/uploads\/2016\/08\/strehimore-t\u00eb-re-p\u00ebr-qent\u00eb-endacak\u00eb-ne-Ulqin-768x576.jpg 768w\" sizes=\"(max-width: 508px) 100vw, 508px\" \/><\/a>Komuna e Ulqinit siguron vendin per strehimin e kafsheve endacake<\/em><\/strong><\/p>\n<p>&nbsp;<\/p>\n<p>Ka perfunduar dhe \u00ebsht\u00eb v\u00ebn\u00eb n\u00eb funksion objekti I azilit t\u00eb qenjve I finansuar nga Komuna e Ulqinit.<\/p>\n<p>Fjala \u00ebsht\u00eb p\u00ebr nj\u00eb objekt ku do t\u00eb grumbullohen qenjt e l\u00ebn\u00eb n\u00eb m\u00ebshir\u00eb t\u00eb fatit dhe q\u00eb jo rrall\u00eb here kan\u00eb sjell\u00eb n\u00eb pik\u00ebpzetje sigurin\u00eb e qytetar\u00ebve.<\/p>\n<p>Ne baz\u00eb t\u00eb vendimit Komunal, sherbimet kompetente do t\u00eb marrim masat e nevojshme q\u00eb t\u00eb rregullohet kjo \u00e7eshtje qe koh\u00ebn e fundit ishte tejet problematike.<\/p>\n<p>V\u00ebnia n\u00eb funksion e azilit t\u00eb qenjve, nj\u00ebherin b\u00ebn dhe uljen e rrezikut t\u00eb p\u00ebrhapjes s\u00eb s\u00ebmundjeve dhe infeksioneve t\u00eb ndryshme.<\/p>\n<p>Procesi I trajtimit nis me grumbullimin e qenjve, vaksinimin dhe sterilizimin e tyre.<\/p>\n<p>\u00c7do gj\u00eb b\u00ebhet konform standarteve dhe n\u00eb mbikqzrjen e mjekut veterinar.<\/p>\n","protected":false},"excerpt":{"rendered":"<p>Komuna e Ulqinit siguron vendin per strehimin e kafsheve endacake &nbsp; Ka perfunduar dhe \u00ebsht\u00eb v\u00ebn\u00eb n\u00eb funksion objekti I azilit t\u00eb qenjve I finansuar nga Komuna e Ulqinit. Fjala \u00ebsht\u00eb p\u00ebr nj\u00eb objekt ku do t\u00eb grumbullohen qenjt e l\u00ebn\u00eb n\u00eb m\u00ebshir\u00eb t\u00eb fatit dhe q\u00eb jo rrall\u00eb here kan\u00eb sjell\u00eb n\u00eb pik\u00ebpzetje sigurin\u00eb [&hellip;]<\/p>\n","protected":false},"author":1,"featured_media":0,"comment_status":"closed","ping_status":"closed","sticky":false,"template":"","format":"standard","meta":{"spay_email":"","jetpack_publicize_message":"","jetpack_is_tweetstorm":false,"jetpack_publicize_feature_enabled":true},"categories":[1,11],"tags":[],"jetpack_publicize_connections":[],"yoast_head":"<!-- This site is optimized with the Yoast SEO plugin v19.1 - https:\/\/yoast.com\/wordpress\/plugins\/seo\/ -->\n<title>Komuna e Ulqinit me strehimore t\u00eb re p\u00ebr qent\u00eb endacak\u00eb - Lajme nga Ulqini<\/title>\n<meta name=\"description\" content=\"Komuna e Ulqinit siguron vendin per strehimin e kafsheve endacake &nbsp; Ka perfunduar dhe \u00ebsht\u00eb v\u00ebn\u00eb n\u00eb funksion objekti I azilit t\u00eb qenjve I finansuar\" \/>\n<meta name=\"robots\" content=\"index, follow, max-snippet:-1, max-image-preview:large, max-video-preview:-1\" \/>\n<link rel=\"canonical\" href=\"https:\/\/www.visit-ulcinj.com\/blog\/2016\/08\/16\/komuna-e-ulqinit-strehimore-te-re-per-qente-endacake\/\" \/>\n<meta property=\"og:locale\" content=\"en_US\" \/>\n<meta property=\"og:type\" content=\"article\" \/>\n<meta property=\"og:title\" content=\"Komuna e Ulqinit me strehimore t\u00eb re p\u00ebr qent\u00eb endacak\u00eb - Lajme nga Ulqini\" \/>\n<meta property=\"og:description\" content=\"Komuna e Ulqinit siguron vendin per strehimin e kafsheve endacake &nbsp; Ka perfunduar dhe \u00ebsht\u00eb v\u00ebn\u00eb n\u00eb funksion objekti I azilit t\u00eb qenjve I finansuar\" \/>\n<meta property=\"og:url\" content=\"https:\/\/www.visit-ulcinj.com\/blog\/2016\/08\/16\/komuna-e-ulqinit-strehimore-te-re-per-qente-endacake\/\" \/>\n<meta property=\"og:site_name\" content=\"Lajme nga Ulqini\" \/>\n<meta property=\"article:published_time\" content=\"2016-08-16T16:44:17+00:00\" \/>\n<meta property=\"article:modified_time\" content=\"2016-08-16T22:23:00+00:00\" \/>\n<meta name=\"twitter:label1\" content=\"Written by\" \/>\n\t<meta name=\"twitter:data1\" content=\"ulqini\" \/>\n\t<meta name=\"twitter:label2\" content=\"Est. reading time\" \/>\n\t<meta name=\"twitter:data2\" content=\"1 minute\" \/>\n<script type=\"application\/ld+json\" class=\"yoast-schema-graph\">{\"@context\":\"https:\/\/schema.org\",\"@graph\":[{\"@type\":\"WebSite\",\"@id\":\"https:\/\/www.visit-ulcinj.com\/blog\/#website\",\"url\":\"https:\/\/www.visit-ulcinj.com\/blog\/\",\"name\":\"Lajme nga Ulqini\",\"description\":\"Lajme,Vijesti,Ulqini,Ulqin,Crna Gora,Mali i Zi\",\"potentialAction\":[{\"@type\":\"SearchAction\",\"target\":{\"@type\":\"EntryPoint\",\"urlTemplate\":\"https:\/\/www.visit-ulcinj.com\/blog\/?s={search_term_string}\"},\"query-input\":\"required name=search_term_string\"}],\"inLanguage\":\"en-US\"},{\"@type\":\"WebPage\",\"@id\":\"https:\/\/www.visit-ulcinj.com\/blog\/2016\/08\/16\/komuna-e-ulqinit-strehimore-te-re-per-qente-endacake\/#webpage\",\"url\":\"https:\/\/www.visit-ulcinj.com\/blog\/2016\/08\/16\/komuna-e-ulqinit-strehimore-te-re-per-qente-endacake\/\",\"name\":\"Komuna e Ulqinit me strehimore t\u00eb re p\u00ebr qent\u00eb endacak\u00eb - Lajme nga Ulqini\",\"isPartOf\":{\"@id\":\"https:\/\/www.visit-ulcinj.com\/blog\/#website\"},\"datePublished\":\"2016-08-16T16:44:17+00:00\",\"dateModified\":\"2016-08-16T22:23:00+00:00\",\"author\":{\"@id\":\"https:\/\/www.visit-ulcinj.com\/blog\/#\/schema\/person\/dcab619c614d3038751c63bc2aadc06d\"},\"description\":\"Komuna e Ulqinit siguron vendin per strehimin e kafsheve endacake &nbsp; Ka perfunduar dhe \u00ebsht\u00eb v\u00ebn\u00eb n\u00eb funksion objekti I azilit t\u00eb qenjve I finansuar\",\"breadcrumb\":{\"@id\":\"https:\/\/www.visit-ulcinj.com\/blog\/2016\/08\/16\/komuna-e-ulqinit-strehimore-te-re-per-qente-endacake\/#breadcrumb\"},\"inLanguage\":\"en-US\",\"potentialAction\":[{\"@type\":\"ReadAction\",\"target\":[\"https:\/\/www.visit-ulcinj.com\/blog\/2016\/08\/16\/komuna-e-ulqinit-strehimore-te-re-per-qente-endacake\/\"]}]},{\"@type\":\"BreadcrumbList\",\"@id\":\"https:\/\/www.visit-ulcinj.com\/blog\/2016\/08\/16\/komuna-e-ulqinit-strehimore-te-re-per-qente-endacake\/#breadcrumb\",\"itemListElement\":[{\"@type\":\"ListItem\",\"position\":1,\"name\":\"Komuna e Ulqinit me strehimore t\u00eb re p\u00ebr qent\u00eb endacak\u00eb\"}]},{\"@type\":\"Person\",\"@id\":\"https:\/\/www.visit-ulcinj.com\/blog\/#\/schema\/person\/dcab619c614d3038751c63bc2aadc06d\",\"name\":\"ulqini\",\"sameAs\":[\"http:\/\/www.visit-ulcinj.com\"],\"url\":\"https:\/\/www.visit-ulcinj.com\/blog\/author\/admin\/\"}]}<\/script>\n<!-- \/ Yoast SEO plugin. -->","yoast_head_json":{"title":"Komuna e Ulqinit me strehimore t\u00eb re p\u00ebr qent\u00eb endacak\u00eb - Lajme nga Ulqini","description":"Komuna e Ulqinit siguron vendin per strehimin e kafsheve endacake &nbsp; Ka perfunduar dhe \u00ebsht\u00eb v\u00ebn\u00eb n\u00eb funksion objekti I azilit t\u00eb qenjve I finansuar","robots":{"index":"index","follow":"follow","max-snippet":"max-snippet:-1","max-image-preview":"max-image-preview:large","max-video-preview":"max-video-preview:-1"},"canonical":"https:\/\/www.visit-ulcinj.com\/blog\/2016\/08\/16\/komuna-e-ulqinit-strehimore-te-re-per-qente-endacake\/","og_locale":"en_US","og_type":"article","og_title":"Komuna e Ulqinit me strehimore t\u00eb re p\u00ebr qent\u00eb endacak\u00eb - Lajme nga Ulqini","og_description":"Komuna e Ulqinit siguron vendin per strehimin e kafsheve endacake &nbsp; Ka perfunduar dhe \u00ebsht\u00eb v\u00ebn\u00eb n\u00eb funksion objekti I azilit t\u00eb qenjve I finansuar","og_url":"https:\/\/www.visit-ulcinj.com\/blog\/2016\/08\/16\/komuna-e-ulqinit-strehimore-te-re-per-qente-endacake\/","og_site_name":"Lajme nga Ulqini","article_published_time":"2016-08-16T16:44:17+00:00","article_modified_time":"2016-08-16T22:23:00+00:00","twitter_misc":{"Written by":"ulqini","Est. reading time":"1 minute"},"schema":{"@context":"https:\/\/schema.org","@graph":[{"@type":"WebSite","@id":"https:\/\/www.visit-ulcinj.com\/blog\/#website","url":"https:\/\/www.visit-ulcinj.com\/blog\/","name":"Lajme nga Ulqini","description":"Lajme,Vijesti,Ulqini,Ulqin,Crna Gora,Mali i Zi","potentialAction":[{"@type":"SearchAction","target":{"@type":"EntryPoint","urlTemplate":"https:\/\/www.visit-ulcinj.com\/blog\/?s={search_term_string}"},"query-input":"required name=search_term_string"}],"inLanguage":"en-US"},{"@type":"WebPage","@id":"https:\/\/www.visit-ulcinj.com\/blog\/2016\/08\/16\/komuna-e-ulqinit-strehimore-te-re-per-qente-endacake\/#webpage","url":"https:\/\/www.visit-ulcinj.com\/blog\/2016\/08\/16\/komuna-e-ulqinit-strehimore-te-re-per-qente-endacake\/","name":"Komuna e Ulqinit me strehimore t\u00eb re p\u00ebr qent\u00eb endacak\u00eb - Lajme nga Ulqini","isPartOf":{"@id":"https:\/\/www.visit-ulcinj.com\/blog\/#website"},"datePublished":"2016-08-16T16:44:17+00:00","dateModified":"2016-08-16T22:23:00+00:00","author":{"@id":"https:\/\/www.visit-ulcinj.com\/blog\/#\/schema\/person\/dcab619c614d3038751c63bc2aadc06d"},"description":"Komuna e Ulqinit siguron vendin per strehimin e kafsheve endacake &nbsp; Ka perfunduar dhe \u00ebsht\u00eb v\u00ebn\u00eb n\u00eb funksion objekti I azilit t\u00eb qenjve I finansuar","breadcrumb":{"@id":"https:\/\/www.visit-ulcinj.com\/blog\/2016\/08\/16\/komuna-e-ulqinit-strehimore-te-re-per-qente-endacake\/#breadcrumb"},"inLanguage":"en-US","potentialAction":[{"@type":"ReadAction","target":["https:\/\/www.visit-ulcinj.com\/blog\/2016\/08\/16\/komuna-e-ulqinit-strehimore-te-re-per-qente-endacake\/"]}]},{"@type":"BreadcrumbList","@id":"https:\/\/www.visit-ulcinj.com\/blog\/2016\/08\/16\/komuna-e-ulqinit-strehimore-te-re-per-qente-endacake\/#breadcrumb","itemListElement":[{"@type":"ListItem","position":1,"name":"Komuna e Ulqinit me strehimore t\u00eb re p\u00ebr qent\u00eb endacak\u00eb"}]},{"@type":"Person","@id":"https:\/\/www.visit-ulcinj.com\/blog\/#\/schema\/person\/dcab619c614d3038751c63bc2aadc06d","name":"ulqini","sameAs":["http:\/\/www.visit-ulcinj.com"],"url":"https:\/\/www.visit-ulcinj.com\/blog\/author\/admin\/"}]}},"jetpack_featured_media_url":"","jetpack_sharing_enabled":true,"jetpack_shortlink":"https:\/\/wp.me\/pe6lTn-pLY","_links":{"self":[{"href":"https:\/\/www.visit-ulcinj.com\/blog\/wp-json\/wp\/v2\/posts\/99074"}],"collection":[{"href":"https:\/\/www.visit-ulcinj.com\/blog\/wp-json\/wp\/v2\/posts"}],"about":[{"href":"https:\/\/www.visit-ulcinj.com\/blog\/wp-json\/wp\/v2\/types\/post"}],"author":[{"embeddable":true,"href":"https:\/\/www.visit-ulcinj.com\/blog\/wp-json\/wp\/v2\/users\/1"}],"replies":[{"embeddable":true,"href":"https:\/\/www.visit-ulcinj.com\/blog\/wp-json\/wp\/v2\/comments?post=99074"}],"version-history":[{"count":1,"href":"https:\/\/www.visit-ulcinj.com\/blog\/wp-json\/wp\/v2\/posts\/99074\/revisions"}],"predecessor-version":[{"id":99076,"href":"https:\/\/www.visit-ulcinj.com\/blog\/wp-json\/wp\/v2\/posts\/99074\/revisions\/99076"}],"wp:attachment":[{"href":"https:\/\/www.visit-ulcinj.com\/blog\/wp-json\/wp\/v2\/media?parent=99074"}],"wp:term":[{"taxonomy":"category","embeddable":true,"href":"https:\/\/www.visit-ulcinj.com\/blog\/wp-json\/wp\/v2\/categories?post=99074"},{"taxonomy":"post_tag","embeddable":true,"href":"https:\/\/www.visit-ulcinj.com\/blog\/wp-json\/wp\/v2\/tags?post=99074"}],"curies":[{"name":"wp","href":"https:\/\/api.w.org\/{rel}","templated":true}]}}