{"id":99095,"date":"2016-08-17T23:18:27","date_gmt":"2016-08-17T22:18:27","guid":{"rendered":"http:\/\/www.visit-ulcinj.com\/blog\/?p=99095"},"modified":"2016-08-17T23:19:20","modified_gmt":"2016-08-17T22:19:20","slug":"nika-ese-eshte-ana-e-malit-nje","status":"publish","type":"post","link":"https:\/\/www.visit-ulcinj.com\/blog\/2016\/08\/17\/nika-ese-eshte-ana-e-malit-nje\/","title":{"rendered":"Nika: ESE; A \u00ebsht\u00eb Ana e malit nj\u00eb &#8211; an, an&#8230;?!"},"content":{"rendered":"<p><strong><em><a href=\"http:\/\/www.visit-ulcinj.com\/blog\/wp-content\/uploads\/2014\/11\/Muhamet-Nika.jpg\"><img loading=\"lazy\" class=\"alignleft size-full wp-image-86143\" src=\"http:\/\/www.visit-ulcinj.com\/blog\/wp-content\/uploads\/2014\/11\/Muhamet-Nika.jpg\" alt=\"Muhamet Nika\" width=\"256\" height=\"319\" srcset=\"https:\/\/www.visit-ulcinj.com\/blog\/wp-content\/uploads\/2014\/11\/Muhamet-Nika.jpg 256w, https:\/\/www.visit-ulcinj.com\/blog\/wp-content\/uploads\/2014\/11\/Muhamet-Nika-240x300.jpg 240w\" sizes=\"(max-width: 256px) 100vw, 256px\" \/><\/a>Shkruan Muhamet\u00a0 Nika<\/em><\/strong><\/p>\n<p><strong><em>\u00a0( p\u00ebrpjekje p\u00ebr nj\u00eb ese)<\/em><\/strong><\/p>\n<p>N\u00eb shkrimin paraprak vum\u00eb re se si edhe vet\u00eb \u00a0kryetari i parlamentit Pajoviq, kur promovoi \u00a0mbrojtje t\u00eb kripores nga nd\u00ebrkomb\u00ebtar\u00ebt- si potez politik t\u00eb\u00a0 fillimit t\u00eb fushat\u00ebs n\u00eb Ulqin, vizit\u00ebn\u00a0 e\u00a0 nisi \u00a0fillimisht nga Ana e Malit. Dhe a mos do t\u00eb thot\u00eb kjo &#8211;\u00a0 q\u00eb disi fati politik i qytetit t\u00eb Ulqinit , bashk\u00eb me trazirat dhe turbullirat e koh\u00ebs ka filluar e\u00a0 lidhet detyrimisht me An\u00ebn e Malit, si epiqend\u00ebr\u00a0 \u00a0politike e qytetit- Na duket se \u00a0po&#8230;?!<\/p>\n<p>Pra si duket edhe \u00a0vet\u00eb diaspora shqiptare \u00a0e\u00a0 Ulqinit- \u00a0mbr\u00ebm\u00eb \u00a0n\u00eb An\u00eb t\u00eb Malit , organizoi me k\u00ebt\u00eb motiv- \u00a0Dit\u00ebt e Diaspor\u00ebs- me lojra dhe dyzen , \u00a0e duke filluar k\u00ebshtu\u00a0 hapjen e fushat\u00ebs .<\/p>\n<p>Edhe pse ftesa ishte publike- \u00a0pam\u00eb q\u00eb interesimi p\u00ebr t\u00eb dal\u00eb n\u00eb sken\u00eb nuk duket t\u00eb kish qen\u00eb \u00a0ashtu pa protokoll&#8230;?!<\/p>\n<p>II.<\/p>\n<p>Pasi mbr\u00ebm\u00eb n\u00eb Kala t\u00eb Ulqinit, u mbajt edhe nj\u00eb manifestim tjet\u00ebr\u00a0 publik-\u00a0 promovimi i \u00a0librit t\u00eb\u00a0 doktor Gani Karamanag\u00ebs, \u00a0edhe vet\u00eb rash\u00eb n\u00eb siklet \u00a0se ku t\u00eb shkoj- \u00a0Njeriu dysh\u00eb nuk mund t\u00eb b\u00ebhet, dhe thash:\u00a0 A t\u00eb shkoj n\u00eb An\u00eb ( t\u00eb Malit) , \u00a0&#8211; p\u00ebr politik\u00eb E MUZIK\u00cb&#8230;,dhe po: \u00a0tezpixhe , pite e rrulla\u00e7 sa t\u00eb duash&#8230;, \u00a0apo t\u00eb rri n\u00eb \u201cQend\u00ebr \u201c- qytet, \u00a0p\u00ebr kultur\u00eb &#8230;, por pa k\u00ebta t\u00eb fundit?! Dhe p\u00ebr \u00e7udi n\u00eb mua dominoi\u00a0 p\u00ebrcaktimi i\u00a0 dyt\u00eb &#8211; \u00a0mbeta n\u00eb\u00a0 QEND\u00cbR- Kala t\u00eb Ulqinit.\u00a0 Dhe p\u00ebr \u00e7udi , nuk pash\u00eb t\u00eb kisha gabuar, \u00a0n\u00eb mbr\u00ebmje ishin mbase \u00a0edhe nja 20 veta\u00a0 e m\u00eb shum\u00eb , por jo t\u00eb \u00a0pites\u00a0 e rrulla\u00e7it ..?!<\/p>\n<p>Mir\u00ebpo \u00a0me keq ardhje \u00a0hetova, q\u00eb edhe \u00a0k\u00ebtu \u00a0nuk mund\u00ebm t\u2019i shqiteshim politik\u00ebs e cila \u00a0p\u00ebr momentin shihet se\u00a0 kish marr\u00eb\u00a0 malin- An\u00ebn&#8230;. P\u00ebr k\u00ebt\u00eb , \u00a0u hetua\u00a0 q\u00eb duke u marr\u00eb me an\u00eb&#8230;, politika- kish harruar \u00a0fare qendr\u00ebn. ..?!<\/p>\n<p>K\u00ebt\u00eb na e zbuloi \u00a0gjat\u00eb diskutimit t\u00eb vet\u00eb \u00a0n\u00eb mbr\u00ebmje doktori Karamanaga , po edhe shok\u00ebt e tij mjek\u00eb , sidomos kur u ndal\u00ebn\u00a0 te projekti gjysmak\u00a0 i realizimit t\u00eb \u00a0maternitetit n\u00eb Ulqin- pa sall\u00eb operacioni si k\u00ebrkes\u00eb e pranuar para t\u00eb huajve nga politika nacionale e qytetit dhe d\u00ebshmoi d\u00ebshtimin e saj &#8230;?!!<\/p>\n<p><strong><em>Por t\u2019i kthehemi \u00e7\u00ebshtjes: \u00c7far\u00eb do t\u00eb \u00a0thot\u00eb AN- AN (an\u00eb &#8230;) p\u00ebr ata q\u00eb nuk e din\u00eb?!<\/em><\/strong><\/p>\n<p>Edhe kjo shprehje(AN ; AN),\u00a0 lidhet me pushtetin, n\u00eb\u00a0 fakt\u00a0 me pushtetin hyjnor q\u00eb vinte nga qielli t\u00eb faz\u00ebs s\u00eb par\u00eb t\u00eb njer\u00ebzimit duke u\u00a0 lidh me mitologji..?!!<\/p>\n<p>M\u00ebsohet , se sipas mitologjis\u00eb, emri <strong>Ana <\/strong>hebraisht do t\u00eb thot\u00eb \u00a0n\u00eb shqip q\u00eb \u201c Zoti m\u00eb do vet\u00ebm mua&#8230; Kurse p\u00ebr k\u00ebt\u00eb konstatim- \u00a0\u00a0islami si fe universale, \u00a0emrin\u00a0 nuk e llogarit\u00eb t\u00eb tijin. Ngase Zoti \u00a0\u00ebsht\u00eb i t\u00eb gjith\u00ebve- \u00a0dhe i \u00a0do t\u00eb gjith\u00eb..?!<\/p>\n<p>Nd\u00ebrsa fjala <strong><em>Amin\u00eb&#8230;, e t\u00eb nj\u00ebjtit burim, \u00a0<\/em><\/strong>ka dimension universal n\u00eb monoteiz\u00ebm, me kuptimin shqip: Zot pranoje lutjen&#8230;?! Zakonisht\u00a0 t\u00eb lasht\u00ebt, k\u00ebt\u00eb pun\u00eb (pranimin e lutjes) ia besonin nj\u00eb AN- Ani. AN &#8211; quhej qielli dhe An \u2013Ani, quhej ai q\u00eb kish lindur nga per\u00ebndit\u00eb e qiellit q\u00eb ishin martuar me femra t\u00eb bukura t\u00eb tok\u00ebs , pas nj\u00eb\u00a0 p\u00eblqimi t\u00eb nd\u00ebrsjell\u00eb , nd\u00ebrsa bijt\u00eb e k\u00ebtyre martesave &#8211; quheshin AN-AN, n\u00eb kuptimin heroj.<\/p>\n<p>K\u00ebta,\u00a0 An \u2013An\u00ebt , \u00a0si natyr\u00eb nuk e preferonin grumbullin dhe disi rrinin anash\u00a0 apo lart(g) tij, sepse nuk ishin t\u00eb zgjedhur prej tyre \u2013 turm\u00ebs , por ishin nga qielli.<\/p>\n<p>Nga kjo koh\u00eb na ka mbetur , po duket\u00a0 edhe \u00a0shprehja-\u00a0 <strong><em>personi N.N..?!<\/em><\/strong> Q\u00eb sipas mitologjis\u00eb do t\u00eb thot\u00eb njeriu t\u00eb cilin \u2013 vet\u00ebm Zoti e di se kush \u00ebsht\u00eb\u00a0\u00a0 dhe \u00a0q\u00eb ka pushtet\u00a0 edhe kur rri\u00a0 apo\u00a0 e lam\u00eb \u00a0me q\u00ebllim anash. AN, Ani na rri aty e ne q\u00eb dim\u00eb fort- ia z\u00ebm\u00eb edhe vendin \u2013sepse k\u00ebshtu jemi&#8230;?!<\/p>\n<p>III<\/p>\n<p><strong><em>\u00c7far\u00eb m\u00eb ndodh(te)i mu si i An\u00ebs\u00a0 s\u00eb Malit- an\u00ebs, kur drejtoja \u00a0qendr\u00ebn e kultur\u00ebs( t\u00eb kulturuar) , si n\u00eb manifestimin e mbr\u00ebmsh\u00ebm..?!!<\/em><\/strong><\/p>\n<p>Pasi \u00a0edhe mua m\u00eb takoj t\u00eb b\u00ebj\u00eb politik\u00eb n\u00eb qend\u00ebr dhe t\u00eb drejtoj \u00a0n\u00eb qend\u00ebr- por \u00a0i vet\u00ebdijsh\u00ebm \u00a0, q\u00eb njer\u00ebzit shtyhen p\u00ebr t\u00eb z\u00ebn\u00eb vend (ulur)\u201c n\u00eb qend\u00ebr\u201d \u00a0dhe mund t\u00eb ndodhte t\u00eb \u201c fyhesha\u201d p\u00ebr k\u00ebt\u00eb- duke mos qen\u00eb\u00a0 taman An-an,\u00a0 e duke u provokuar- n\u00ebse mbet\u00ebsha n\u00eb k\u00ebmb\u00eb, kisha p\u00ebrgatitur nj\u00eb mas\u00eb sigurie n\u00eb k\u00ebto situata.<\/p>\n<p>I urdh\u00ebroja nj\u00eb pun\u00ebtori t\u00eb qendr\u00ebs , q\u00eb kur t\u00eb vij vet\u00eb \u00a0i fundit \u2013si drejtor dhe i An\u00ebs.., \u00a0t\u00eb \u00a0m\u00eb priste\u00a0 hazer \u00a0me nj\u00eb karrig\u00eb rezerv- t\u00eb \u00a0cil\u00ebn n\u00eb moment e qite. Q\u00eb t\u00eb mos fyhem e koritem , sepse k\u00ebt\u00eb , mund t\u00eb ma b\u00ebnin \u00a0e kurdisnin \u00a0(an)miqt\u00eb e mbr\u00ebmjes&#8230;?!<\/p>\n<p>Pasi nuk isha n\u00eb An\u00eb t\u00eb Malit, sa p\u00ebr mbr\u00ebmjen n\u00eb Kala, mu duk q\u00eb ajo ishte n\u00eb rregull ?! Por si zakonisht edhe k\u00ebtu &#8211; \u00a0dikush q\u00eb nuk duhej \u00a0nga ana- mbeti sipas zakonit ton\u00eb- n\u00eb k\u00ebmb\u00eb (an-\u00ebs). Dhe p\u00ebr \u00e7udi , i ra t\u00eb ishte edhe nj\u00eb N.N- \u00a0sipas\u00a0 konferencierit, ku pas disa minutash ia gjet\u00ebm emrin. ..?!! Me gjith\u00eb at\u00eb- sipas meje &#8211; \u00a0at\u00eb si i An\u00ebs \u2013 An, An, q\u00eb ish, nuk u duk se u shqet\u00ebsua \u00a0apo u fye edhe pse kish mbetur pa karrige&#8230;Fjalimit t\u00eb tij modest e t\u00eb kulturuar , nuk kishe \u00e7far\u00eb t\u2019i hiqje dhe as \u00e7far\u00eb t\u2019i shtoje&#8230;?!!<\/p>\n<p>Po si ishte rendi publik i paraqitjes s\u00eb politikan\u00ebve n\u00eb An\u00eb t\u00eb Malit(thirrjet u tha se ishin publike)-\u00a0 q\u00eb (as) pak\u00a0 besohet \u2013 le t\u00eb shikojm\u00eb k\u00ebto fotografi,<\/p>\n<p><a href=\"http:\/\/www.visit-ulcinj.com\/blog\/wp-content\/uploads\/2016\/08\/Dit\u00ebt-e-Diaspor\u00ebs-Kryth\u00eb-\u2013-Kompleksi-Lamiga-Group.jpg\"><img loading=\"lazy\" class=\"alignleft wp-image-99096\" src=\"http:\/\/www.visit-ulcinj.com\/blog\/wp-content\/uploads\/2016\/08\/Dit\u00ebt-e-Diaspor\u00ebs-Kryth\u00eb-\u2013-Kompleksi-Lamiga-Group.jpg\" alt=\"Dit\u00ebt e Diaspor\u00ebs- Kryth\u00eb \u2013 Kompleksi Lamiga Group\" width=\"508\" height=\"391\" srcset=\"https:\/\/www.visit-ulcinj.com\/blog\/wp-content\/uploads\/2016\/08\/Dit\u00ebt-e-Diaspor\u00ebs-Kryth\u00eb-\u2013-Kompleksi-Lamiga-Group.jpg 623w, https:\/\/www.visit-ulcinj.com\/blog\/wp-content\/uploads\/2016\/08\/Dit\u00ebt-e-Diaspor\u00ebs-Kryth\u00eb-\u2013-Kompleksi-Lamiga-Group-300x231.jpg 300w\" sizes=\"(max-width: 508px) 100vw, 508px\" \/><\/a><\/p>\n<p>Un\u00eb e dua simbolik\u00ebn dhe b\u00ebj p\u00ebrpjekje ta kuptoj \u2013 si shkall\u00ebn m\u00eb t\u00eb lart\u00eb\u00a0 t\u00eb\u00a0 vet\u00ebdijes, jo p\u00ebr t\u00eb gjith\u00eb&#8230;, \u00a0e nga kjo q\u00eb tham\u00eb , mbase \u00a0mbeti e pa th\u00ebn\u00eb vet\u00ebm fakti , se fjala politik\u00eb- vjen nga fjala greke \u2013 polis- qytet (politik\u00eb) marr\u00ebveshje e qytetit p\u00ebr t\u00eb qeveris\u00eb vendin?!\u00a0 Andaj \u00a0n\u00eb se \u00ebsht\u00eb k\u00ebshtu, k\u00ebta t\u00eb fushat\u00ebs\u00a0 nuk kishin pse t\u00eb lodheshin duke ikur nga qendra-qyteti , p\u00ebr tu marr\u00eb vesh\u00a0 si qeveriset \u00a0n\u00eb \u00a0<strong><em>An\u00eb t\u00eb \u00a0\u00a0\u00a0Malit.<\/em><\/strong><\/p>\n<p><a href=\"http:\/\/www.visit-ulcinj.com\/blog\/wp-content\/uploads\/2016\/08\/Dit\u00ebt-e-Diaspor\u00ebs-Kryth\u00eb-\u2013-Kompleksi-Lamiga-Group-1.jpg\"><img loading=\"lazy\" class=\"alignleft wp-image-99097\" src=\"http:\/\/www.visit-ulcinj.com\/blog\/wp-content\/uploads\/2016\/08\/Dit\u00ebt-e-Diaspor\u00ebs-Kryth\u00eb-\u2013-Kompleksi-Lamiga-Group-1.jpg\" alt=\"Dit\u00ebt e Diaspor\u00ebs- Kryth\u00eb \u2013 Kompleksi Lamiga Group-1\" width=\"508\" height=\"314\" srcset=\"https:\/\/www.visit-ulcinj.com\/blog\/wp-content\/uploads\/2016\/08\/Dit\u00ebt-e-Diaspor\u00ebs-Kryth\u00eb-\u2013-Kompleksi-Lamiga-Group-1.jpg 623w, https:\/\/www.visit-ulcinj.com\/blog\/wp-content\/uploads\/2016\/08\/Dit\u00ebt-e-Diaspor\u00ebs-Kryth\u00eb-\u2013-Kompleksi-Lamiga-Group-1-300x185.jpg 300w\" sizes=\"(max-width: 508px) 100vw, 508px\" \/><\/a><\/p>\n<p><strong><em>\u00c7far\u00eb t\u00eb thuhet p\u00ebr fund&#8230;?!!<\/em><\/strong><\/p>\n<p>Thuhet se diskutimin p\u00ebrsh\u00ebndet\u00ebs atje n\u00eb \u00a0<strong><em>An\u00eb t\u00eb Malit <\/em><\/strong>\u00a0e b\u00ebri\u00a0 kryetari i BKA-s\u00eb, \u00a0nga <strong><em>ana&#8230;<\/em><\/strong> dhe i cili, \u00a0nuk di p\u00ebrse \u2013 m\u00eb falni?! E di p\u00ebrse- \u00a0po m\u00eb kujton p\u00ebrmbytjen e (<strong>poli-<em>sit<\/em>, tik\u00ebs<\/strong>), \u00a0marr\u00ebveshjes\u00a0 s\u00eb qytetit, q\u00eb k\u00ebsaj radhe p\u00ebr t\u00eb shp\u00ebtuar nga zgjedhjet, \u00a0mbase \u00a0me koh\u00eb, \u00a0jan\u00eb nisur\u00a0 An\u00ebs s\u00eb Malit, p\u00ebr \u00a0t\u00eb arritur\u00a0 n\u00eb maje t\u00eb malit..?!<\/p>\n<p>Mbase ndoshta- \u00ebsht\u00eb \u00a0\u00a0kjo deklarat\u00eb e Kabilit- \u00a0ajo q\u00eb \u00a0m\u00eb kujtoi p\u00ebrmbytjen politike&#8230;.?!<\/p>\n<p>Shih tekstin e para dokoh\u00ebve:\u201d <strong>Kabil Kurti: Ja pse ndodhin p\u00ebrmbytjet n\u00eb Ulqin..\u201d<\/strong><\/p>\n<p>MARCH 26, 2015\u00a0\u00a0\u00a0|\u00a0<a href=\"http:\/\/www.visit-ulcinj.com\/blog\/category\/reportazh-reportaza\/\">REPORTAZH \/ REPORTA\u017dA<\/a><\/p>\n<p><a href=\"http:\/\/www.visit-ulcinj.com\/blog\/wp-content\/uploads\/2013\/11\/Kabil-Kurti-NewYork-plani.jpg\"><img loading=\"lazy\" class=\"alignleft size-full wp-image-76545\" src=\"http:\/\/www.visit-ulcinj.com\/blog\/wp-content\/uploads\/2013\/11\/Kabil-Kurti-NewYork-plani.jpg\" alt=\"Kabil-Kurti-NewYork-plani\" width=\"640\" height=\"426\" srcset=\"https:\/\/www.visit-ulcinj.com\/blog\/wp-content\/uploads\/2013\/11\/Kabil-Kurti-NewYork-plani.jpg 640w, https:\/\/www.visit-ulcinj.com\/blog\/wp-content\/uploads\/2013\/11\/Kabil-Kurti-NewYork-plani-300x199.jpg 300w\" sizes=\"(max-width: 640px) 100vw, 640px\" \/><\/a><\/p>\n<p><strong><em>\u201c..Duhet cekur q\u00eb p\u00ebrmbytjet kan\u00eb shkaktuar d\u00ebme t\u00eb m\u00ebdha n\u00eb Ulqin \u201c<\/em><\/strong><strong>\u2026.(<em>dhe pritet t\u00eb shkaktojn\u00eb sipas neve)- ha-ha-ha\u2026?!<\/em><\/strong><\/p>\n<p><strong><em>Ndoshta k\u00ebta t\u00eb pushtetit t\u00eb qendr\u00ebs e parandjen\u00eb k\u00ebt\u00eb \u2013prandaj edhe e angazhuan k\u00ebt\u00eb \u00a0si specialist p\u00ebrmbytjesh n\u00eb AN AN- q\u00eb vjen nga qielli\u2026?!!!<\/em><\/strong><\/p>\n<p>&nbsp;<\/p>\n<p><strong>Pik\u00ebpamjet e shprehura n\u00eb faqen \u201cOPINIONE\u201d nuk p\u00ebrfaq\u00ebsojn\u00eb domosdoshm\u00ebrisht politik\u00ebn redaksionale t\u00eb \u201eLajmeve nga Ulqini\u201e<\/strong><\/p>\n","protected":false},"excerpt":{"rendered":"<p>Shkruan Muhamet\u00a0 Nika \u00a0( p\u00ebrpjekje p\u00ebr nj\u00eb ese) N\u00eb shkrimin paraprak vum\u00eb re se si edhe vet\u00eb \u00a0kryetari i parlamentit Pajoviq, kur promovoi \u00a0mbrojtje t\u00eb kripores nga nd\u00ebrkomb\u00ebtar\u00ebt- si potez politik t\u00eb\u00a0 fillimit t\u00eb fushat\u00ebs n\u00eb Ulqin, vizit\u00ebn\u00a0 e\u00a0 nisi \u00a0fillimisht nga Ana e Malit. Dhe a mos do t\u00eb thot\u00eb kjo &#8211;\u00a0 q\u00eb disi [&hellip;]<\/p>\n","protected":false},"author":1,"featured_media":0,"comment_status":"closed","ping_status":"closed","sticky":false,"template":"","format":"standard","meta":{"spay_email":"","jetpack_publicize_message":"","jetpack_is_tweetstorm":false,"jetpack_publicize_feature_enabled":true},"categories":[14249],"tags":[],"jetpack_publicize_connections":[],"yoast_head":"<!-- This site is optimized with the Yoast SEO plugin v19.1 - https:\/\/yoast.com\/wordpress\/plugins\/seo\/ -->\n<title>Nika: ESE; A \u00ebsht\u00eb Ana e malit nj\u00eb - an, an...?! - Lajme nga Ulqini<\/title>\n<meta name=\"description\" content=\"Shkruan Muhamet\u00a0 Nika \u00a0( p\u00ebrpjekje p\u00ebr nj\u00eb ese) N\u00eb shkrimin paraprak vum\u00eb re se si edhe vet\u00eb \u00a0kryetari i parlamentit Pajoviq, kur promovoi \u00a0mbrojtje t\u00eb\" \/>\n<meta name=\"robots\" content=\"index, follow, max-snippet:-1, max-image-preview:large, max-video-preview:-1\" \/>\n<link rel=\"canonical\" href=\"https:\/\/www.visit-ulcinj.com\/blog\/2016\/08\/17\/nika-ese-eshte-ana-e-malit-nje\/\" \/>\n<meta property=\"og:locale\" content=\"en_US\" \/>\n<meta property=\"og:type\" content=\"article\" \/>\n<meta property=\"og:title\" content=\"Nika: ESE; A \u00ebsht\u00eb Ana e malit nj\u00eb - an, an...?! - Lajme nga Ulqini\" \/>\n<meta property=\"og:description\" content=\"Shkruan Muhamet\u00a0 Nika \u00a0( p\u00ebrpjekje p\u00ebr nj\u00eb ese) N\u00eb shkrimin paraprak vum\u00eb re se si edhe vet\u00eb \u00a0kryetari i parlamentit Pajoviq, kur promovoi \u00a0mbrojtje t\u00eb\" \/>\n<meta property=\"og:url\" content=\"https:\/\/www.visit-ulcinj.com\/blog\/2016\/08\/17\/nika-ese-eshte-ana-e-malit-nje\/\" \/>\n<meta property=\"og:site_name\" content=\"Lajme nga Ulqini\" \/>\n<meta property=\"article:published_time\" content=\"2016-08-17T22:18:27+00:00\" \/>\n<meta property=\"article:modified_time\" content=\"2016-08-17T22:19:20+00:00\" \/>\n<meta property=\"og:image\" content=\"http:\/\/www.visit-ulcinj.com\/blog\/wp-content\/uploads\/2014\/11\/Muhamet-Nika.jpg\" \/>\n<meta name=\"twitter:label1\" content=\"Written by\" \/>\n\t<meta name=\"twitter:data1\" content=\"ulqini\" \/>\n\t<meta name=\"twitter:label2\" content=\"Est. reading time\" \/>\n\t<meta name=\"twitter:data2\" content=\"6 minutes\" \/>\n<script type=\"application\/ld+json\" class=\"yoast-schema-graph\">{\"@context\":\"https:\/\/schema.org\",\"@graph\":[{\"@type\":\"WebSite\",\"@id\":\"https:\/\/www.visit-ulcinj.com\/blog\/#website\",\"url\":\"https:\/\/www.visit-ulcinj.com\/blog\/\",\"name\":\"Lajme nga Ulqini\",\"description\":\"Lajme,Vijesti,Ulqini,Ulqin,Crna Gora,Mali i Zi\",\"potentialAction\":[{\"@type\":\"SearchAction\",\"target\":{\"@type\":\"EntryPoint\",\"urlTemplate\":\"https:\/\/www.visit-ulcinj.com\/blog\/?s={search_term_string}\"},\"query-input\":\"required name=search_term_string\"}],\"inLanguage\":\"en-US\"},{\"@type\":\"ImageObject\",\"inLanguage\":\"en-US\",\"@id\":\"https:\/\/www.visit-ulcinj.com\/blog\/2016\/08\/17\/nika-ese-eshte-ana-e-malit-nje\/#primaryimage\",\"url\":\"https:\/\/www.visit-ulcinj.com\/blog\/wp-content\/uploads\/2014\/11\/Muhamet-Nika.jpg\",\"contentUrl\":\"https:\/\/www.visit-ulcinj.com\/blog\/wp-content\/uploads\/2014\/11\/Muhamet-Nika.jpg\",\"width\":256,\"height\":319},{\"@type\":\"WebPage\",\"@id\":\"https:\/\/www.visit-ulcinj.com\/blog\/2016\/08\/17\/nika-ese-eshte-ana-e-malit-nje\/#webpage\",\"url\":\"https:\/\/www.visit-ulcinj.com\/blog\/2016\/08\/17\/nika-ese-eshte-ana-e-malit-nje\/\",\"name\":\"Nika: ESE; A \u00ebsht\u00eb Ana e malit nj\u00eb - an, an...?! - Lajme nga Ulqini\",\"isPartOf\":{\"@id\":\"https:\/\/www.visit-ulcinj.com\/blog\/#website\"},\"primaryImageOfPage\":{\"@id\":\"https:\/\/www.visit-ulcinj.com\/blog\/2016\/08\/17\/nika-ese-eshte-ana-e-malit-nje\/#primaryimage\"},\"datePublished\":\"2016-08-17T22:18:27+00:00\",\"dateModified\":\"2016-08-17T22:19:20+00:00\",\"author\":{\"@id\":\"https:\/\/www.visit-ulcinj.com\/blog\/#\/schema\/person\/dcab619c614d3038751c63bc2aadc06d\"},\"description\":\"Shkruan Muhamet\u00a0 Nika \u00a0( p\u00ebrpjekje p\u00ebr nj\u00eb ese) N\u00eb shkrimin paraprak vum\u00eb re se si edhe vet\u00eb \u00a0kryetari i parlamentit Pajoviq, kur promovoi \u00a0mbrojtje t\u00eb\",\"breadcrumb\":{\"@id\":\"https:\/\/www.visit-ulcinj.com\/blog\/2016\/08\/17\/nika-ese-eshte-ana-e-malit-nje\/#breadcrumb\"},\"inLanguage\":\"en-US\",\"potentialAction\":[{\"@type\":\"ReadAction\",\"target\":[\"https:\/\/www.visit-ulcinj.com\/blog\/2016\/08\/17\/nika-ese-eshte-ana-e-malit-nje\/\"]}]},{\"@type\":\"BreadcrumbList\",\"@id\":\"https:\/\/www.visit-ulcinj.com\/blog\/2016\/08\/17\/nika-ese-eshte-ana-e-malit-nje\/#breadcrumb\",\"itemListElement\":[{\"@type\":\"ListItem\",\"position\":1,\"name\":\"Nika: ESE; A \u00ebsht\u00eb Ana e malit nj\u00eb &#8211; an, an&#8230;?!\"}]},{\"@type\":\"Person\",\"@id\":\"https:\/\/www.visit-ulcinj.com\/blog\/#\/schema\/person\/dcab619c614d3038751c63bc2aadc06d\",\"name\":\"ulqini\",\"sameAs\":[\"http:\/\/www.visit-ulcinj.com\"],\"url\":\"https:\/\/www.visit-ulcinj.com\/blog\/author\/admin\/\"}]}<\/script>\n<!-- \/ Yoast SEO plugin. -->","yoast_head_json":{"title":"Nika: ESE; A \u00ebsht\u00eb Ana e malit nj\u00eb - an, an...?! - Lajme nga Ulqini","description":"Shkruan Muhamet\u00a0 Nika \u00a0( p\u00ebrpjekje p\u00ebr nj\u00eb ese) N\u00eb shkrimin paraprak vum\u00eb re se si edhe vet\u00eb \u00a0kryetari i parlamentit Pajoviq, kur promovoi \u00a0mbrojtje t\u00eb","robots":{"index":"index","follow":"follow","max-snippet":"max-snippet:-1","max-image-preview":"max-image-preview:large","max-video-preview":"max-video-preview:-1"},"canonical":"https:\/\/www.visit-ulcinj.com\/blog\/2016\/08\/17\/nika-ese-eshte-ana-e-malit-nje\/","og_locale":"en_US","og_type":"article","og_title":"Nika: ESE; A \u00ebsht\u00eb Ana e malit nj\u00eb - an, an...?! - Lajme nga Ulqini","og_description":"Shkruan Muhamet\u00a0 Nika \u00a0( p\u00ebrpjekje p\u00ebr nj\u00eb ese) N\u00eb shkrimin paraprak vum\u00eb re se si edhe vet\u00eb \u00a0kryetari i parlamentit Pajoviq, kur promovoi \u00a0mbrojtje t\u00eb","og_url":"https:\/\/www.visit-ulcinj.com\/blog\/2016\/08\/17\/nika-ese-eshte-ana-e-malit-nje\/","og_site_name":"Lajme nga Ulqini","article_published_time":"2016-08-17T22:18:27+00:00","article_modified_time":"2016-08-17T22:19:20+00:00","og_image":[{"url":"http:\/\/www.visit-ulcinj.com\/blog\/wp-content\/uploads\/2014\/11\/Muhamet-Nika.jpg"}],"twitter_misc":{"Written by":"ulqini","Est. reading time":"6 minutes"},"schema":{"@context":"https:\/\/schema.org","@graph":[{"@type":"WebSite","@id":"https:\/\/www.visit-ulcinj.com\/blog\/#website","url":"https:\/\/www.visit-ulcinj.com\/blog\/","name":"Lajme nga Ulqini","description":"Lajme,Vijesti,Ulqini,Ulqin,Crna Gora,Mali i Zi","potentialAction":[{"@type":"SearchAction","target":{"@type":"EntryPoint","urlTemplate":"https:\/\/www.visit-ulcinj.com\/blog\/?s={search_term_string}"},"query-input":"required name=search_term_string"}],"inLanguage":"en-US"},{"@type":"ImageObject","inLanguage":"en-US","@id":"https:\/\/www.visit-ulcinj.com\/blog\/2016\/08\/17\/nika-ese-eshte-ana-e-malit-nje\/#primaryimage","url":"https:\/\/www.visit-ulcinj.com\/blog\/wp-content\/uploads\/2014\/11\/Muhamet-Nika.jpg","contentUrl":"https:\/\/www.visit-ulcinj.com\/blog\/wp-content\/uploads\/2014\/11\/Muhamet-Nika.jpg","width":256,"height":319},{"@type":"WebPage","@id":"https:\/\/www.visit-ulcinj.com\/blog\/2016\/08\/17\/nika-ese-eshte-ana-e-malit-nje\/#webpage","url":"https:\/\/www.visit-ulcinj.com\/blog\/2016\/08\/17\/nika-ese-eshte-ana-e-malit-nje\/","name":"Nika: ESE; A \u00ebsht\u00eb Ana e malit nj\u00eb - an, an...?! - Lajme nga Ulqini","isPartOf":{"@id":"https:\/\/www.visit-ulcinj.com\/blog\/#website"},"primaryImageOfPage":{"@id":"https:\/\/www.visit-ulcinj.com\/blog\/2016\/08\/17\/nika-ese-eshte-ana-e-malit-nje\/#primaryimage"},"datePublished":"2016-08-17T22:18:27+00:00","dateModified":"2016-08-17T22:19:20+00:00","author":{"@id":"https:\/\/www.visit-ulcinj.com\/blog\/#\/schema\/person\/dcab619c614d3038751c63bc2aadc06d"},"description":"Shkruan Muhamet\u00a0 Nika \u00a0( p\u00ebrpjekje p\u00ebr nj\u00eb ese) N\u00eb shkrimin paraprak vum\u00eb re se si edhe vet\u00eb \u00a0kryetari i parlamentit Pajoviq, kur promovoi \u00a0mbrojtje t\u00eb","breadcrumb":{"@id":"https:\/\/www.visit-ulcinj.com\/blog\/2016\/08\/17\/nika-ese-eshte-ana-e-malit-nje\/#breadcrumb"},"inLanguage":"en-US","potentialAction":[{"@type":"ReadAction","target":["https:\/\/www.visit-ulcinj.com\/blog\/2016\/08\/17\/nika-ese-eshte-ana-e-malit-nje\/"]}]},{"@type":"BreadcrumbList","@id":"https:\/\/www.visit-ulcinj.com\/blog\/2016\/08\/17\/nika-ese-eshte-ana-e-malit-nje\/#breadcrumb","itemListElement":[{"@type":"ListItem","position":1,"name":"Nika: ESE; A \u00ebsht\u00eb Ana e malit nj\u00eb &#8211; an, an&#8230;?!"}]},{"@type":"Person","@id":"https:\/\/www.visit-ulcinj.com\/blog\/#\/schema\/person\/dcab619c614d3038751c63bc2aadc06d","name":"ulqini","sameAs":["http:\/\/www.visit-ulcinj.com"],"url":"https:\/\/www.visit-ulcinj.com\/blog\/author\/admin\/"}]}},"jetpack_featured_media_url":"","jetpack_sharing_enabled":true,"jetpack_shortlink":"https:\/\/wp.me\/pe6lTn-pMj","_links":{"self":[{"href":"https:\/\/www.visit-ulcinj.com\/blog\/wp-json\/wp\/v2\/posts\/99095"}],"collection":[{"href":"https:\/\/www.visit-ulcinj.com\/blog\/wp-json\/wp\/v2\/posts"}],"about":[{"href":"https:\/\/www.visit-ulcinj.com\/blog\/wp-json\/wp\/v2\/types\/post"}],"author":[{"embeddable":true,"href":"https:\/\/www.visit-ulcinj.com\/blog\/wp-json\/wp\/v2\/users\/1"}],"replies":[{"embeddable":true,"href":"https:\/\/www.visit-ulcinj.com\/blog\/wp-json\/wp\/v2\/comments?post=99095"}],"version-history":[{"count":2,"href":"https:\/\/www.visit-ulcinj.com\/blog\/wp-json\/wp\/v2\/posts\/99095\/revisions"}],"predecessor-version":[{"id":99099,"href":"https:\/\/www.visit-ulcinj.com\/blog\/wp-json\/wp\/v2\/posts\/99095\/revisions\/99099"}],"wp:attachment":[{"href":"https:\/\/www.visit-ulcinj.com\/blog\/wp-json\/wp\/v2\/media?parent=99095"}],"wp:term":[{"taxonomy":"category","embeddable":true,"href":"https:\/\/www.visit-ulcinj.com\/blog\/wp-json\/wp\/v2\/categories?post=99095"},{"taxonomy":"post_tag","embeddable":true,"href":"https:\/\/www.visit-ulcinj.com\/blog\/wp-json\/wp\/v2\/tags?post=99095"}],"curies":[{"name":"wp","href":"https:\/\/api.w.org\/{rel}","templated":true}]}}