{"id":99103,"date":"2016-08-18T10:31:50","date_gmt":"2016-08-18T09:31:50","guid":{"rendered":"http:\/\/www.visit-ulcinj.com\/blog\/?p=99103"},"modified":"2016-08-20T07:50:26","modified_gmt":"2016-08-20T06:50:26","slug":"udsh-dhe-forca-se-bashku-ne-zgjedhjet-e-tetorit","status":"publish","type":"post","link":"https:\/\/www.visit-ulcinj.com\/blog\/2016\/08\/18\/udsh-dhe-forca-se-bashku-ne-zgjedhjet-e-tetorit\/","title":{"rendered":"UDSH dhe Forca s\u00eb bashku n\u00eb zgjedhjet e tetorit 2016"},"content":{"rendered":"<p><strong><a href=\"http:\/\/www.visit-ulcinj.com\/blog\/wp-content\/uploads\/2016\/08\/UDSH-dhe-Forca-s\u00eb-bashku-n\u00eb-zgjedhjet-parlamentare.jpg\"><img loading=\"lazy\" class=\"alignleft wp-image-99104\" src=\"http:\/\/www.visit-ulcinj.com\/blog\/wp-content\/uploads\/2016\/08\/UDSH-dhe-Forca-s\u00eb-bashku-n\u00eb-zgjedhjet-parlamentare.jpg\" alt=\"UDSH dhe Forca s\u00eb bashku n\u00eb zgjedhjet parlamentare\" width=\"508\" height=\"326\" srcset=\"https:\/\/www.visit-ulcinj.com\/blog\/wp-content\/uploads\/2016\/08\/UDSH-dhe-Forca-s\u00eb-bashku-n\u00eb-zgjedhjet-parlamentare.jpg 1001w, https:\/\/www.visit-ulcinj.com\/blog\/wp-content\/uploads\/2016\/08\/UDSH-dhe-Forca-s\u00eb-bashku-n\u00eb-zgjedhjet-parlamentare-300x192.jpg 300w, https:\/\/www.visit-ulcinj.com\/blog\/wp-content\/uploads\/2016\/08\/UDSH-dhe-Forca-s\u00eb-bashku-n\u00eb-zgjedhjet-parlamentare-768x493.jpg 768w\" sizes=\"(max-width: 508px) 100vw, 508px\" \/><\/a>Unioni Demokratik i Shqiptar\u00ebve\u00a0dhe\u00a0Forca e Re Demokratike kan\u00eb arritur marr\u00ebveshje p\u00ebr pjes\u00ebmarrje t\u00eb p\u00ebrbashk\u00ebt n\u00eb zgjedhjet parlamentare t\u00eb tetorit 2016.<\/strong><\/p>\n<p>Forca e Re Demokratike dhe Unioni Demokratik i Shqiptar\u00ebve\u00a0t\u00eb <span class=\"st\">m\u00ebrkur\u00ebn<\/span> jan\u00eb marr\u00eb vesh q\u00eb t\u00eb paraqiten s\u00eb bashku n\u00eb zgjedhje, n\u00eb nj\u00eb list\u00eb zgjedhore.<\/p>\n<p>T\u00eb dyja partit\u00eb do ta organizojn\u00eb bashk\u00ebrisht fushat\u00ebn zgjedhore duke ruajtur identitetin partiak.<\/p>\n<p><strong>N\u00eb kumtes\u00ebn e k\u00ebtyre dy subjekteve thuhet:<\/strong><\/p>\n<p>Forca e Re Demokratike dhe Unioni Demokratik i Shqiptar\u00ebve kan\u00eb arritur marr\u00ebveshjen q\u00eb n\u00eb zgjedhjet e ardhshme parlamentare t\u00eb dalin n\u00eb koalicion, i cili do t\u00eb jet\u00eb i hapur edhe p\u00ebr subjektet e tjera shqiptare.<br \/>\nN\u00eb kumtes\u00ebn p\u00ebr media t\u00eb k\u00ebtyre partive thuhet se ky koalicion \u00ebsht\u00eb i domosdosh\u00ebm p\u00ebr arritjen e q\u00ebllimeve t\u00eb shqiptar\u00ebve n\u00eb Mal t\u00eb Zi, dhe se bisedimet me partit\u00eb tjera do t\u00eb vazhdojn\u00eb n\u00eb t\u00eb ardhmen.<\/p>\n<p>Marr\u00ebveshja \u00ebsht\u00eb n\u00ebnshkruar nga kryetari Forc\u00ebs, Nazif Cungu dhe ai i UDSH-s\u00eb, Mehmet Zenka.<\/p>\n<p><a href=\"http:\/\/www.visit-ulcinj.com\/blog\/wp-content\/uploads\/2016\/08\/UDSH-dhe-Forca-s\u00eb-bashku-n\u00eb-zgjedhjet-1.jpg\"><img loading=\"lazy\" class=\"alignleft wp-image-99105\" src=\"http:\/\/www.visit-ulcinj.com\/blog\/wp-content\/uploads\/2016\/08\/UDSH-dhe-Forca-s\u00eb-bashku-n\u00eb-zgjedhjet-1.jpg\" alt=\"UDSH dhe Forca s\u00eb bashku n\u00eb zgjedhjet -1\" width=\"508\" height=\"567\" srcset=\"https:\/\/www.visit-ulcinj.com\/blog\/wp-content\/uploads\/2016\/08\/UDSH-dhe-Forca-s\u00eb-bashku-n\u00eb-zgjedhjet-1.jpg 750w, https:\/\/www.visit-ulcinj.com\/blog\/wp-content\/uploads\/2016\/08\/UDSH-dhe-Forca-s\u00eb-bashku-n\u00eb-zgjedhjet-1-269x300.jpg 269w\" sizes=\"(max-width: 508px) 100vw, 508px\" \/><\/a><\/p>\n","protected":false},"excerpt":{"rendered":"<p>Unioni Demokratik i Shqiptar\u00ebve\u00a0dhe\u00a0Forca e Re Demokratike kan\u00eb arritur marr\u00ebveshje p\u00ebr pjes\u00ebmarrje t\u00eb p\u00ebrbashk\u00ebt n\u00eb zgjedhjet parlamentare t\u00eb tetorit 2016. Forca e Re Demokratike dhe Unioni Demokratik i Shqiptar\u00ebve\u00a0t\u00eb m\u00ebrkur\u00ebn jan\u00eb marr\u00eb vesh q\u00eb t\u00eb paraqiten s\u00eb bashku n\u00eb zgjedhje, n\u00eb nj\u00eb list\u00eb zgjedhore. T\u00eb dyja partit\u00eb do ta organizojn\u00eb bashk\u00ebrisht fushat\u00ebn zgjedhore duke ruajtur [&hellip;]<\/p>\n","protected":false},"author":1,"featured_media":0,"comment_status":"closed","ping_status":"closed","sticky":false,"template":"","format":"standard","meta":{"spay_email":"","jetpack_publicize_message":"","jetpack_is_tweetstorm":false,"jetpack_publicize_feature_enabled":true},"categories":[1,6],"tags":[],"jetpack_publicize_connections":[],"yoast_head":"<!-- This site is optimized with the Yoast SEO plugin v19.1 - https:\/\/yoast.com\/wordpress\/plugins\/seo\/ -->\n<title>UDSH dhe Forca s\u00eb bashku n\u00eb zgjedhjet e tetorit 2016 - Lajme nga Ulqini<\/title>\n<meta name=\"description\" content=\"Unioni Demokratik i Shqiptar\u00ebve\u00a0dhe\u00a0Forca e Re Demokratike kan\u00eb arritur marr\u00ebveshje p\u00ebr pjes\u00ebmarrje t\u00eb p\u00ebrbashk\u00ebt n\u00eb zgjedhjet parlamentare t\u00eb tetorit\" \/>\n<meta name=\"robots\" content=\"index, follow, max-snippet:-1, max-image-preview:large, max-video-preview:-1\" \/>\n<link rel=\"canonical\" href=\"https:\/\/www.visit-ulcinj.com\/blog\/2016\/08\/18\/udsh-dhe-forca-se-bashku-ne-zgjedhjet-e-tetorit\/\" \/>\n<meta property=\"og:locale\" content=\"en_US\" \/>\n<meta property=\"og:type\" content=\"article\" \/>\n<meta property=\"og:title\" content=\"UDSH dhe Forca s\u00eb bashku n\u00eb zgjedhjet e tetorit 2016 - Lajme nga Ulqini\" \/>\n<meta property=\"og:description\" content=\"Unioni Demokratik i Shqiptar\u00ebve\u00a0dhe\u00a0Forca e Re Demokratike kan\u00eb arritur marr\u00ebveshje p\u00ebr pjes\u00ebmarrje t\u00eb p\u00ebrbashk\u00ebt n\u00eb zgjedhjet parlamentare t\u00eb tetorit\" \/>\n<meta property=\"og:url\" content=\"https:\/\/www.visit-ulcinj.com\/blog\/2016\/08\/18\/udsh-dhe-forca-se-bashku-ne-zgjedhjet-e-tetorit\/\" \/>\n<meta property=\"og:site_name\" content=\"Lajme nga Ulqini\" \/>\n<meta property=\"article:published_time\" content=\"2016-08-18T09:31:50+00:00\" \/>\n<meta property=\"article:modified_time\" content=\"2016-08-20T06:50:26+00:00\" \/>\n<meta name=\"twitter:label1\" content=\"Written by\" \/>\n\t<meta name=\"twitter:data1\" content=\"ulqini\" \/>\n\t<meta name=\"twitter:label2\" content=\"Est. reading time\" \/>\n\t<meta name=\"twitter:data2\" content=\"1 minute\" \/>\n<script type=\"application\/ld+json\" class=\"yoast-schema-graph\">{\"@context\":\"https:\/\/schema.org\",\"@graph\":[{\"@type\":\"WebSite\",\"@id\":\"https:\/\/www.visit-ulcinj.com\/blog\/#website\",\"url\":\"https:\/\/www.visit-ulcinj.com\/blog\/\",\"name\":\"Lajme nga Ulqini\",\"description\":\"Lajme,Vijesti,Ulqini,Ulqin,Crna Gora,Mali i Zi\",\"potentialAction\":[{\"@type\":\"SearchAction\",\"target\":{\"@type\":\"EntryPoint\",\"urlTemplate\":\"https:\/\/www.visit-ulcinj.com\/blog\/?s={search_term_string}\"},\"query-input\":\"required name=search_term_string\"}],\"inLanguage\":\"en-US\"},{\"@type\":\"WebPage\",\"@id\":\"https:\/\/www.visit-ulcinj.com\/blog\/2016\/08\/18\/udsh-dhe-forca-se-bashku-ne-zgjedhjet-e-tetorit\/#webpage\",\"url\":\"https:\/\/www.visit-ulcinj.com\/blog\/2016\/08\/18\/udsh-dhe-forca-se-bashku-ne-zgjedhjet-e-tetorit\/\",\"name\":\"UDSH dhe Forca s\u00eb bashku n\u00eb zgjedhjet e tetorit 2016 - Lajme nga Ulqini\",\"isPartOf\":{\"@id\":\"https:\/\/www.visit-ulcinj.com\/blog\/#website\"},\"datePublished\":\"2016-08-18T09:31:50+00:00\",\"dateModified\":\"2016-08-20T06:50:26+00:00\",\"author\":{\"@id\":\"https:\/\/www.visit-ulcinj.com\/blog\/#\/schema\/person\/dcab619c614d3038751c63bc2aadc06d\"},\"description\":\"Unioni Demokratik i Shqiptar\u00ebve\u00a0dhe\u00a0Forca e Re Demokratike kan\u00eb arritur marr\u00ebveshje p\u00ebr pjes\u00ebmarrje t\u00eb p\u00ebrbashk\u00ebt n\u00eb zgjedhjet parlamentare t\u00eb tetorit\",\"breadcrumb\":{\"@id\":\"https:\/\/www.visit-ulcinj.com\/blog\/2016\/08\/18\/udsh-dhe-forca-se-bashku-ne-zgjedhjet-e-tetorit\/#breadcrumb\"},\"inLanguage\":\"en-US\",\"potentialAction\":[{\"@type\":\"ReadAction\",\"target\":[\"https:\/\/www.visit-ulcinj.com\/blog\/2016\/08\/18\/udsh-dhe-forca-se-bashku-ne-zgjedhjet-e-tetorit\/\"]}]},{\"@type\":\"BreadcrumbList\",\"@id\":\"https:\/\/www.visit-ulcinj.com\/blog\/2016\/08\/18\/udsh-dhe-forca-se-bashku-ne-zgjedhjet-e-tetorit\/#breadcrumb\",\"itemListElement\":[{\"@type\":\"ListItem\",\"position\":1,\"name\":\"UDSH dhe Forca s\u00eb bashku n\u00eb zgjedhjet e tetorit 2016\"}]},{\"@type\":\"Person\",\"@id\":\"https:\/\/www.visit-ulcinj.com\/blog\/#\/schema\/person\/dcab619c614d3038751c63bc2aadc06d\",\"name\":\"ulqini\",\"sameAs\":[\"http:\/\/www.visit-ulcinj.com\"],\"url\":\"https:\/\/www.visit-ulcinj.com\/blog\/author\/admin\/\"}]}<\/script>\n<!-- \/ Yoast SEO plugin. -->","yoast_head_json":{"title":"UDSH dhe Forca s\u00eb bashku n\u00eb zgjedhjet e tetorit 2016 - Lajme nga Ulqini","description":"Unioni Demokratik i Shqiptar\u00ebve\u00a0dhe\u00a0Forca e Re Demokratike kan\u00eb arritur marr\u00ebveshje p\u00ebr pjes\u00ebmarrje t\u00eb p\u00ebrbashk\u00ebt n\u00eb zgjedhjet parlamentare t\u00eb tetorit","robots":{"index":"index","follow":"follow","max-snippet":"max-snippet:-1","max-image-preview":"max-image-preview:large","max-video-preview":"max-video-preview:-1"},"canonical":"https:\/\/www.visit-ulcinj.com\/blog\/2016\/08\/18\/udsh-dhe-forca-se-bashku-ne-zgjedhjet-e-tetorit\/","og_locale":"en_US","og_type":"article","og_title":"UDSH dhe Forca s\u00eb bashku n\u00eb zgjedhjet e tetorit 2016 - Lajme nga Ulqini","og_description":"Unioni Demokratik i Shqiptar\u00ebve\u00a0dhe\u00a0Forca e Re Demokratike kan\u00eb arritur marr\u00ebveshje p\u00ebr pjes\u00ebmarrje t\u00eb p\u00ebrbashk\u00ebt n\u00eb zgjedhjet parlamentare t\u00eb tetorit","og_url":"https:\/\/www.visit-ulcinj.com\/blog\/2016\/08\/18\/udsh-dhe-forca-se-bashku-ne-zgjedhjet-e-tetorit\/","og_site_name":"Lajme nga Ulqini","article_published_time":"2016-08-18T09:31:50+00:00","article_modified_time":"2016-08-20T06:50:26+00:00","twitter_misc":{"Written by":"ulqini","Est. reading time":"1 minute"},"schema":{"@context":"https:\/\/schema.org","@graph":[{"@type":"WebSite","@id":"https:\/\/www.visit-ulcinj.com\/blog\/#website","url":"https:\/\/www.visit-ulcinj.com\/blog\/","name":"Lajme nga Ulqini","description":"Lajme,Vijesti,Ulqini,Ulqin,Crna Gora,Mali i Zi","potentialAction":[{"@type":"SearchAction","target":{"@type":"EntryPoint","urlTemplate":"https:\/\/www.visit-ulcinj.com\/blog\/?s={search_term_string}"},"query-input":"required name=search_term_string"}],"inLanguage":"en-US"},{"@type":"WebPage","@id":"https:\/\/www.visit-ulcinj.com\/blog\/2016\/08\/18\/udsh-dhe-forca-se-bashku-ne-zgjedhjet-e-tetorit\/#webpage","url":"https:\/\/www.visit-ulcinj.com\/blog\/2016\/08\/18\/udsh-dhe-forca-se-bashku-ne-zgjedhjet-e-tetorit\/","name":"UDSH dhe Forca s\u00eb bashku n\u00eb zgjedhjet e tetorit 2016 - Lajme nga Ulqini","isPartOf":{"@id":"https:\/\/www.visit-ulcinj.com\/blog\/#website"},"datePublished":"2016-08-18T09:31:50+00:00","dateModified":"2016-08-20T06:50:26+00:00","author":{"@id":"https:\/\/www.visit-ulcinj.com\/blog\/#\/schema\/person\/dcab619c614d3038751c63bc2aadc06d"},"description":"Unioni Demokratik i Shqiptar\u00ebve\u00a0dhe\u00a0Forca e Re Demokratike kan\u00eb arritur marr\u00ebveshje p\u00ebr pjes\u00ebmarrje t\u00eb p\u00ebrbashk\u00ebt n\u00eb zgjedhjet parlamentare t\u00eb tetorit","breadcrumb":{"@id":"https:\/\/www.visit-ulcinj.com\/blog\/2016\/08\/18\/udsh-dhe-forca-se-bashku-ne-zgjedhjet-e-tetorit\/#breadcrumb"},"inLanguage":"en-US","potentialAction":[{"@type":"ReadAction","target":["https:\/\/www.visit-ulcinj.com\/blog\/2016\/08\/18\/udsh-dhe-forca-se-bashku-ne-zgjedhjet-e-tetorit\/"]}]},{"@type":"BreadcrumbList","@id":"https:\/\/www.visit-ulcinj.com\/blog\/2016\/08\/18\/udsh-dhe-forca-se-bashku-ne-zgjedhjet-e-tetorit\/#breadcrumb","itemListElement":[{"@type":"ListItem","position":1,"name":"UDSH dhe Forca s\u00eb bashku n\u00eb zgjedhjet e tetorit 2016"}]},{"@type":"Person","@id":"https:\/\/www.visit-ulcinj.com\/blog\/#\/schema\/person\/dcab619c614d3038751c63bc2aadc06d","name":"ulqini","sameAs":["http:\/\/www.visit-ulcinj.com"],"url":"https:\/\/www.visit-ulcinj.com\/blog\/author\/admin\/"}]}},"jetpack_featured_media_url":"","jetpack_sharing_enabled":true,"jetpack_shortlink":"https:\/\/wp.me\/pe6lTn-pMr","_links":{"self":[{"href":"https:\/\/www.visit-ulcinj.com\/blog\/wp-json\/wp\/v2\/posts\/99103"}],"collection":[{"href":"https:\/\/www.visit-ulcinj.com\/blog\/wp-json\/wp\/v2\/posts"}],"about":[{"href":"https:\/\/www.visit-ulcinj.com\/blog\/wp-json\/wp\/v2\/types\/post"}],"author":[{"embeddable":true,"href":"https:\/\/www.visit-ulcinj.com\/blog\/wp-json\/wp\/v2\/users\/1"}],"replies":[{"embeddable":true,"href":"https:\/\/www.visit-ulcinj.com\/blog\/wp-json\/wp\/v2\/comments?post=99103"}],"version-history":[{"count":2,"href":"https:\/\/www.visit-ulcinj.com\/blog\/wp-json\/wp\/v2\/posts\/99103\/revisions"}],"predecessor-version":[{"id":99107,"href":"https:\/\/www.visit-ulcinj.com\/blog\/wp-json\/wp\/v2\/posts\/99103\/revisions\/99107"}],"wp:attachment":[{"href":"https:\/\/www.visit-ulcinj.com\/blog\/wp-json\/wp\/v2\/media?parent=99103"}],"wp:term":[{"taxonomy":"category","embeddable":true,"href":"https:\/\/www.visit-ulcinj.com\/blog\/wp-json\/wp\/v2\/categories?post=99103"},{"taxonomy":"post_tag","embeddable":true,"href":"https:\/\/www.visit-ulcinj.com\/blog\/wp-json\/wp\/v2\/tags?post=99103"}],"curies":[{"name":"wp","href":"https:\/\/api.w.org\/{rel}","templated":true}]}}