{"id":99108,"date":"2016-08-18T19:19:16","date_gmt":"2016-08-18T18:19:16","guid":{"rendered":"http:\/\/www.visit-ulcinj.com\/blog\/?p=99108"},"modified":"2016-08-18T19:19:41","modified_gmt":"2016-08-18T18:19:41","slug":"nenkryetari-i-qeverise-se-malit-te-zi-vizitoi-ulqinin","status":"publish","type":"post","link":"https:\/\/www.visit-ulcinj.com\/blog\/2016\/08\/18\/nenkryetari-i-qeverise-se-malit-te-zi-vizitoi-ulqinin\/","title":{"rendered":"N\u00ebnkryetari i qeveris\u00eb s\u00eb Malit t\u00eb Zi vizitoi Ulqinin"},"content":{"rendered":"<p><a href=\"http:\/\/www.visit-ulcinj.com\/blog\/wp-content\/uploads\/2016\/08\/Cungu-Vujovic-Ulcinj.jpg\"><img loading=\"lazy\" class=\"alignleft wp-image-99109\" src=\"http:\/\/www.visit-ulcinj.com\/blog\/wp-content\/uploads\/2016\/08\/Cungu-Vujovic-Ulcinj.jpg\" alt=\"Cungu-Vujovic-Ulcinj\" width=\"508\" height=\"336\" srcset=\"https:\/\/www.visit-ulcinj.com\/blog\/wp-content\/uploads\/2016\/08\/Cungu-Vujovic-Ulcinj.jpg 933w, https:\/\/www.visit-ulcinj.com\/blog\/wp-content\/uploads\/2016\/08\/Cungu-Vujovic-Ulcinj-300x199.jpg 300w, https:\/\/www.visit-ulcinj.com\/blog\/wp-content\/uploads\/2016\/08\/Cungu-Vujovic-Ulcinj-768x509.jpg 768w\" sizes=\"(max-width: 508px) 100vw, 508px\" \/><\/a>N\u00eb Ulqin q\u00ebndroi p\u00ebr vizit\u00eb zyrtare n\u00ebnkryetari i Qeveris\u00eb s\u00eb Malit t\u00eb Zi z.Millorad Vujoviq. Ai u prit nga kryetari I komun\u00ebs z.Nazif Cungu dhe bashk\u00ebpun\u00ebtor\u00ebt e tij . Edhe pse kjo vizit\u00eb u realizua me ftes\u00eb t\u00eb K\u00ebshillit p\u00ebr kthimin e drejt\u00eb t\u00eb pronave, me q\u00ebllim t\u00eb informimit t\u00eb holl\u00ebsish\u00ebm rreth problemeve per kthimin e pasuris\u00eb ish pronar\u00ebve n\u00eb Valdanos, n\u00eb takim u prek\u00ebn dhe \u00e7\u00ebshtje t\u00eb tjera me interes t\u00eb ve\u00e7ant\u00eb p\u00ebr Komun\u00ebn e Ulqinit.<br \/>\nN\u00ebnkryetari Vujoviq, vler\u00ebsoi se koalicionin e gjer\u00eb n\u00eb Ulqinin mund t\u00eb sh\u00ebrbej\u00eb si model edhe n\u00eb qytete e tjer\u00eb n\u00eb Mal t\u00eb Zi . Ai u shpreh se t\u00eb gjith\u00eb subjektet politike dhe sektori civil duhet t\u00eb japin ndihmes\u00ebn e tyre me qellim q\u00eb Ligji p\u00ebr restitucion t\u00eb gjendet pers\u00ebri n\u00eb Kuvendin e Malit t\u00eb Zi , dhe t\u00eb ofroj\u00eb nj\u00eb zgjidhje e cila do t\u00eb ishte n\u00eb interes t\u00eb t\u00eb gjitha pal\u00ebve.<\/p>\n<p><a href=\"http:\/\/www.visit-ulcinj.com\/blog\/wp-content\/uploads\/2016\/08\/Cungu-Vujovic-Ulcinj-1.jpg\"><img loading=\"lazy\" class=\"alignleft wp-image-99110\" src=\"http:\/\/www.visit-ulcinj.com\/blog\/wp-content\/uploads\/2016\/08\/Cungu-Vujovic-Ulcinj-1.jpg\" alt=\"Cungu-Vujovic-Ulcinj-1\" width=\"508\" height=\"336\" srcset=\"https:\/\/www.visit-ulcinj.com\/blog\/wp-content\/uploads\/2016\/08\/Cungu-Vujovic-Ulcinj-1.jpg 933w, https:\/\/www.visit-ulcinj.com\/blog\/wp-content\/uploads\/2016\/08\/Cungu-Vujovic-Ulcinj-1-300x199.jpg 300w, https:\/\/www.visit-ulcinj.com\/blog\/wp-content\/uploads\/2016\/08\/Cungu-Vujovic-Ulcinj-1-768x509.jpg 768w\" sizes=\"(max-width: 508px) 100vw, 508px\" \/><\/a><\/p>\n<p>N\u00eb takim u fol edhe p\u00ebr Planin hapsinor q\u00eb po p\u00ebrgatitet nga ana e Ministris\u00eb s\u00eb zhvillimit t\u00eb q\u00ebndruesh\u00ebm dhe ketu kryetari Cungu u tregua mjaft i prer\u00eb, duke nenvizuar se ai duhet t\u00eb jet\u00eb i gatsh\u00ebm sa m\u00eb pare, n\u00eb t\u00eb kund\u00ebrt\u00ebn mund t\u00eb vij deri tek nd\u00ebrprerja e kontrat\u00ebs p\u00ebr mosp\u00ebrmbushje t\u00eb detyrimeve. M\u00eb pas n\u00ebnkryetari I qeveris\u00eb I shoq\u00ebruar nga zyrtar\u00ebt e Komun\u00ebs vizituan ullishten e Valdanosit.<br \/>\nSa i p\u00ebrket k\u00ebtij problemi, kryetari Cungu edhe nj\u00ebher\u00eb rip\u00ebrseriti qendrimin e tij, respektivisht p\u00ebrfindimet e qarta t\u00eb Kuvendit t\u00eb Ulqinit, se ullishta duhet ti rikthehet ish pronar\u00ebve, t\u00eb sh\u00ebndrrohet n\u00eb nj\u00eb park natyror dhe \u00e7do gj\u00eb duhet t\u00eb jet\u00eb e valorizuar dhe e kontrolluar sa i p\u00ebrket investimeve.<\/p>\n","protected":false},"excerpt":{"rendered":"<p>N\u00eb Ulqin q\u00ebndroi p\u00ebr vizit\u00eb zyrtare n\u00ebnkryetari i Qeveris\u00eb s\u00eb Malit t\u00eb Zi z.Millorad Vujoviq. Ai u prit nga kryetari I komun\u00ebs z.Nazif Cungu dhe bashk\u00ebpun\u00ebtor\u00ebt e tij . Edhe pse kjo vizit\u00eb u realizua me ftes\u00eb t\u00eb K\u00ebshillit p\u00ebr kthimin e drejt\u00eb t\u00eb pronave, me q\u00ebllim t\u00eb informimit t\u00eb holl\u00ebsish\u00ebm rreth problemeve per kthimin [&hellip;]<\/p>\n","protected":false},"author":1,"featured_media":0,"comment_status":"closed","ping_status":"closed","sticky":false,"template":"","format":"standard","meta":{"spay_email":"","jetpack_publicize_message":"","jetpack_is_tweetstorm":false,"jetpack_publicize_feature_enabled":true},"categories":[12],"tags":[],"jetpack_publicize_connections":[],"yoast_head":"<!-- This site is optimized with the Yoast SEO plugin v19.1 - https:\/\/yoast.com\/wordpress\/plugins\/seo\/ -->\n<title>N\u00ebnkryetari i qeveris\u00eb s\u00eb Malit t\u00eb Zi vizitoi Ulqinin - Lajme nga Ulqini<\/title>\n<meta name=\"description\" content=\"N\u00eb Ulqin q\u00ebndroi p\u00ebr vizit\u00eb zyrtare n\u00ebnkryetari i Qeveris\u00eb s\u00eb Malit t\u00eb Zi z.Millorad Vujoviq. Ai u prit nga kryetari I komun\u00ebs z.Nazif Cungu dhe\" \/>\n<meta name=\"robots\" content=\"index, follow, max-snippet:-1, max-image-preview:large, max-video-preview:-1\" \/>\n<link rel=\"canonical\" href=\"https:\/\/www.visit-ulcinj.com\/blog\/2016\/08\/18\/nenkryetari-i-qeverise-se-malit-te-zi-vizitoi-ulqinin\/\" \/>\n<meta property=\"og:locale\" content=\"en_US\" \/>\n<meta property=\"og:type\" content=\"article\" \/>\n<meta property=\"og:title\" content=\"N\u00ebnkryetari i qeveris\u00eb s\u00eb Malit t\u00eb Zi vizitoi Ulqinin - Lajme nga Ulqini\" \/>\n<meta property=\"og:description\" content=\"N\u00eb Ulqin q\u00ebndroi p\u00ebr vizit\u00eb zyrtare n\u00ebnkryetari i Qeveris\u00eb s\u00eb Malit t\u00eb Zi z.Millorad Vujoviq. Ai u prit nga kryetari I komun\u00ebs z.Nazif Cungu dhe\" \/>\n<meta property=\"og:url\" content=\"https:\/\/www.visit-ulcinj.com\/blog\/2016\/08\/18\/nenkryetari-i-qeverise-se-malit-te-zi-vizitoi-ulqinin\/\" \/>\n<meta property=\"og:site_name\" content=\"Lajme nga Ulqini\" \/>\n<meta property=\"article:published_time\" content=\"2016-08-18T18:19:16+00:00\" \/>\n<meta property=\"article:modified_time\" content=\"2016-08-18T18:19:41+00:00\" \/>\n<meta property=\"og:image\" content=\"http:\/\/www.visit-ulcinj.com\/blog\/wp-content\/uploads\/2016\/08\/Cungu-Vujovic-Ulcinj.jpg\" \/>\n<meta name=\"twitter:label1\" content=\"Written by\" \/>\n\t<meta name=\"twitter:data1\" content=\"ulqini\" \/>\n\t<meta name=\"twitter:label2\" content=\"Est. reading time\" \/>\n\t<meta name=\"twitter:data2\" content=\"2 minutes\" \/>\n<script type=\"application\/ld+json\" class=\"yoast-schema-graph\">{\"@context\":\"https:\/\/schema.org\",\"@graph\":[{\"@type\":\"WebSite\",\"@id\":\"https:\/\/www.visit-ulcinj.com\/blog\/#website\",\"url\":\"https:\/\/www.visit-ulcinj.com\/blog\/\",\"name\":\"Lajme nga Ulqini\",\"description\":\"Lajme,Vijesti,Ulqini,Ulqin,Crna Gora,Mali i Zi\",\"potentialAction\":[{\"@type\":\"SearchAction\",\"target\":{\"@type\":\"EntryPoint\",\"urlTemplate\":\"https:\/\/www.visit-ulcinj.com\/blog\/?s={search_term_string}\"},\"query-input\":\"required name=search_term_string\"}],\"inLanguage\":\"en-US\"},{\"@type\":\"ImageObject\",\"inLanguage\":\"en-US\",\"@id\":\"https:\/\/www.visit-ulcinj.com\/blog\/2016\/08\/18\/nenkryetari-i-qeverise-se-malit-te-zi-vizitoi-ulqinin\/#primaryimage\",\"url\":\"https:\/\/www.visit-ulcinj.com\/blog\/wp-content\/uploads\/2016\/08\/Cungu-Vujovic-Ulcinj.jpg\",\"contentUrl\":\"https:\/\/www.visit-ulcinj.com\/blog\/wp-content\/uploads\/2016\/08\/Cungu-Vujovic-Ulcinj.jpg\",\"width\":933,\"height\":618},{\"@type\":\"WebPage\",\"@id\":\"https:\/\/www.visit-ulcinj.com\/blog\/2016\/08\/18\/nenkryetari-i-qeverise-se-malit-te-zi-vizitoi-ulqinin\/#webpage\",\"url\":\"https:\/\/www.visit-ulcinj.com\/blog\/2016\/08\/18\/nenkryetari-i-qeverise-se-malit-te-zi-vizitoi-ulqinin\/\",\"name\":\"N\u00ebnkryetari i qeveris\u00eb s\u00eb Malit t\u00eb Zi vizitoi Ulqinin - Lajme nga Ulqini\",\"isPartOf\":{\"@id\":\"https:\/\/www.visit-ulcinj.com\/blog\/#website\"},\"primaryImageOfPage\":{\"@id\":\"https:\/\/www.visit-ulcinj.com\/blog\/2016\/08\/18\/nenkryetari-i-qeverise-se-malit-te-zi-vizitoi-ulqinin\/#primaryimage\"},\"datePublished\":\"2016-08-18T18:19:16+00:00\",\"dateModified\":\"2016-08-18T18:19:41+00:00\",\"author\":{\"@id\":\"https:\/\/www.visit-ulcinj.com\/blog\/#\/schema\/person\/dcab619c614d3038751c63bc2aadc06d\"},\"description\":\"N\u00eb Ulqin q\u00ebndroi p\u00ebr vizit\u00eb zyrtare n\u00ebnkryetari i Qeveris\u00eb s\u00eb Malit t\u00eb Zi z.Millorad Vujoviq. Ai u prit nga kryetari I komun\u00ebs z.Nazif Cungu dhe\",\"breadcrumb\":{\"@id\":\"https:\/\/www.visit-ulcinj.com\/blog\/2016\/08\/18\/nenkryetari-i-qeverise-se-malit-te-zi-vizitoi-ulqinin\/#breadcrumb\"},\"inLanguage\":\"en-US\",\"potentialAction\":[{\"@type\":\"ReadAction\",\"target\":[\"https:\/\/www.visit-ulcinj.com\/blog\/2016\/08\/18\/nenkryetari-i-qeverise-se-malit-te-zi-vizitoi-ulqinin\/\"]}]},{\"@type\":\"BreadcrumbList\",\"@id\":\"https:\/\/www.visit-ulcinj.com\/blog\/2016\/08\/18\/nenkryetari-i-qeverise-se-malit-te-zi-vizitoi-ulqinin\/#breadcrumb\",\"itemListElement\":[{\"@type\":\"ListItem\",\"position\":1,\"name\":\"N\u00ebnkryetari i qeveris\u00eb s\u00eb Malit t\u00eb Zi vizitoi Ulqinin\"}]},{\"@type\":\"Person\",\"@id\":\"https:\/\/www.visit-ulcinj.com\/blog\/#\/schema\/person\/dcab619c614d3038751c63bc2aadc06d\",\"name\":\"ulqini\",\"sameAs\":[\"http:\/\/www.visit-ulcinj.com\"],\"url\":\"https:\/\/www.visit-ulcinj.com\/blog\/author\/admin\/\"}]}<\/script>\n<!-- \/ Yoast SEO plugin. -->","yoast_head_json":{"title":"N\u00ebnkryetari i qeveris\u00eb s\u00eb Malit t\u00eb Zi vizitoi Ulqinin - Lajme nga Ulqini","description":"N\u00eb Ulqin q\u00ebndroi p\u00ebr vizit\u00eb zyrtare n\u00ebnkryetari i Qeveris\u00eb s\u00eb Malit t\u00eb Zi z.Millorad Vujoviq. Ai u prit nga kryetari I komun\u00ebs z.Nazif Cungu dhe","robots":{"index":"index","follow":"follow","max-snippet":"max-snippet:-1","max-image-preview":"max-image-preview:large","max-video-preview":"max-video-preview:-1"},"canonical":"https:\/\/www.visit-ulcinj.com\/blog\/2016\/08\/18\/nenkryetari-i-qeverise-se-malit-te-zi-vizitoi-ulqinin\/","og_locale":"en_US","og_type":"article","og_title":"N\u00ebnkryetari i qeveris\u00eb s\u00eb Malit t\u00eb Zi vizitoi Ulqinin - Lajme nga Ulqini","og_description":"N\u00eb Ulqin q\u00ebndroi p\u00ebr vizit\u00eb zyrtare n\u00ebnkryetari i Qeveris\u00eb s\u00eb Malit t\u00eb Zi z.Millorad Vujoviq. Ai u prit nga kryetari I komun\u00ebs z.Nazif Cungu dhe","og_url":"https:\/\/www.visit-ulcinj.com\/blog\/2016\/08\/18\/nenkryetari-i-qeverise-se-malit-te-zi-vizitoi-ulqinin\/","og_site_name":"Lajme nga Ulqini","article_published_time":"2016-08-18T18:19:16+00:00","article_modified_time":"2016-08-18T18:19:41+00:00","og_image":[{"url":"http:\/\/www.visit-ulcinj.com\/blog\/wp-content\/uploads\/2016\/08\/Cungu-Vujovic-Ulcinj.jpg"}],"twitter_misc":{"Written by":"ulqini","Est. reading time":"2 minutes"},"schema":{"@context":"https:\/\/schema.org","@graph":[{"@type":"WebSite","@id":"https:\/\/www.visit-ulcinj.com\/blog\/#website","url":"https:\/\/www.visit-ulcinj.com\/blog\/","name":"Lajme nga Ulqini","description":"Lajme,Vijesti,Ulqini,Ulqin,Crna Gora,Mali i Zi","potentialAction":[{"@type":"SearchAction","target":{"@type":"EntryPoint","urlTemplate":"https:\/\/www.visit-ulcinj.com\/blog\/?s={search_term_string}"},"query-input":"required name=search_term_string"}],"inLanguage":"en-US"},{"@type":"ImageObject","inLanguage":"en-US","@id":"https:\/\/www.visit-ulcinj.com\/blog\/2016\/08\/18\/nenkryetari-i-qeverise-se-malit-te-zi-vizitoi-ulqinin\/#primaryimage","url":"https:\/\/www.visit-ulcinj.com\/blog\/wp-content\/uploads\/2016\/08\/Cungu-Vujovic-Ulcinj.jpg","contentUrl":"https:\/\/www.visit-ulcinj.com\/blog\/wp-content\/uploads\/2016\/08\/Cungu-Vujovic-Ulcinj.jpg","width":933,"height":618},{"@type":"WebPage","@id":"https:\/\/www.visit-ulcinj.com\/blog\/2016\/08\/18\/nenkryetari-i-qeverise-se-malit-te-zi-vizitoi-ulqinin\/#webpage","url":"https:\/\/www.visit-ulcinj.com\/blog\/2016\/08\/18\/nenkryetari-i-qeverise-se-malit-te-zi-vizitoi-ulqinin\/","name":"N\u00ebnkryetari i qeveris\u00eb s\u00eb Malit t\u00eb Zi vizitoi Ulqinin - Lajme nga Ulqini","isPartOf":{"@id":"https:\/\/www.visit-ulcinj.com\/blog\/#website"},"primaryImageOfPage":{"@id":"https:\/\/www.visit-ulcinj.com\/blog\/2016\/08\/18\/nenkryetari-i-qeverise-se-malit-te-zi-vizitoi-ulqinin\/#primaryimage"},"datePublished":"2016-08-18T18:19:16+00:00","dateModified":"2016-08-18T18:19:41+00:00","author":{"@id":"https:\/\/www.visit-ulcinj.com\/blog\/#\/schema\/person\/dcab619c614d3038751c63bc2aadc06d"},"description":"N\u00eb Ulqin q\u00ebndroi p\u00ebr vizit\u00eb zyrtare n\u00ebnkryetari i Qeveris\u00eb s\u00eb Malit t\u00eb Zi z.Millorad Vujoviq. Ai u prit nga kryetari I komun\u00ebs z.Nazif Cungu dhe","breadcrumb":{"@id":"https:\/\/www.visit-ulcinj.com\/blog\/2016\/08\/18\/nenkryetari-i-qeverise-se-malit-te-zi-vizitoi-ulqinin\/#breadcrumb"},"inLanguage":"en-US","potentialAction":[{"@type":"ReadAction","target":["https:\/\/www.visit-ulcinj.com\/blog\/2016\/08\/18\/nenkryetari-i-qeverise-se-malit-te-zi-vizitoi-ulqinin\/"]}]},{"@type":"BreadcrumbList","@id":"https:\/\/www.visit-ulcinj.com\/blog\/2016\/08\/18\/nenkryetari-i-qeverise-se-malit-te-zi-vizitoi-ulqinin\/#breadcrumb","itemListElement":[{"@type":"ListItem","position":1,"name":"N\u00ebnkryetari i qeveris\u00eb s\u00eb Malit t\u00eb Zi vizitoi Ulqinin"}]},{"@type":"Person","@id":"https:\/\/www.visit-ulcinj.com\/blog\/#\/schema\/person\/dcab619c614d3038751c63bc2aadc06d","name":"ulqini","sameAs":["http:\/\/www.visit-ulcinj.com"],"url":"https:\/\/www.visit-ulcinj.com\/blog\/author\/admin\/"}]}},"jetpack_featured_media_url":"","jetpack_sharing_enabled":true,"jetpack_shortlink":"https:\/\/wp.me\/pe6lTn-pMw","_links":{"self":[{"href":"https:\/\/www.visit-ulcinj.com\/blog\/wp-json\/wp\/v2\/posts\/99108"}],"collection":[{"href":"https:\/\/www.visit-ulcinj.com\/blog\/wp-json\/wp\/v2\/posts"}],"about":[{"href":"https:\/\/www.visit-ulcinj.com\/blog\/wp-json\/wp\/v2\/types\/post"}],"author":[{"embeddable":true,"href":"https:\/\/www.visit-ulcinj.com\/blog\/wp-json\/wp\/v2\/users\/1"}],"replies":[{"embeddable":true,"href":"https:\/\/www.visit-ulcinj.com\/blog\/wp-json\/wp\/v2\/comments?post=99108"}],"version-history":[{"count":2,"href":"https:\/\/www.visit-ulcinj.com\/blog\/wp-json\/wp\/v2\/posts\/99108\/revisions"}],"predecessor-version":[{"id":99112,"href":"https:\/\/www.visit-ulcinj.com\/blog\/wp-json\/wp\/v2\/posts\/99108\/revisions\/99112"}],"wp:attachment":[{"href":"https:\/\/www.visit-ulcinj.com\/blog\/wp-json\/wp\/v2\/media?parent=99108"}],"wp:term":[{"taxonomy":"category","embeddable":true,"href":"https:\/\/www.visit-ulcinj.com\/blog\/wp-json\/wp\/v2\/categories?post=99108"},{"taxonomy":"post_tag","embeddable":true,"href":"https:\/\/www.visit-ulcinj.com\/blog\/wp-json\/wp\/v2\/tags?post=99108"}],"curies":[{"name":"wp","href":"https:\/\/api.w.org\/{rel}","templated":true}]}}