{"id":99113,"date":"2016-08-18T19:23:44","date_gmt":"2016-08-18T18:23:44","guid":{"rendered":"http:\/\/www.visit-ulcinj.com\/blog\/?p=99113"},"modified":"2016-08-18T19:23:44","modified_gmt":"2016-08-18T18:23:44","slug":"potpredsjednik-vlade-crne-gore-u-posjeti-opstini-ulcinj","status":"publish","type":"post","link":"https:\/\/www.visit-ulcinj.com\/blog\/2016\/08\/18\/potpredsjednik-vlade-crne-gore-u-posjeti-opstini-ulcinj\/","title":{"rendered":"Potpredsjednik Vlade Crne Gore u posjeti Op\u0161tini Ulcinj"},"content":{"rendered":"<p><strong><em><a href=\"http:\/\/www.visit-ulcinj.com\/blog\/wp-content\/uploads\/2016\/08\/Cungu-Vujovic-Ulcinj-1.jpg\"><img loading=\"lazy\" class=\"alignleft wp-image-99110\" src=\"http:\/\/www.visit-ulcinj.com\/blog\/wp-content\/uploads\/2016\/08\/Cungu-Vujovic-Ulcinj-1.jpg\" alt=\"Cungu-Vujovic-Ulcinj-1\" width=\"508\" height=\"336\" srcset=\"https:\/\/www.visit-ulcinj.com\/blog\/wp-content\/uploads\/2016\/08\/Cungu-Vujovic-Ulcinj-1.jpg 933w, https:\/\/www.visit-ulcinj.com\/blog\/wp-content\/uploads\/2016\/08\/Cungu-Vujovic-Ulcinj-1-300x199.jpg 300w, https:\/\/www.visit-ulcinj.com\/blog\/wp-content\/uploads\/2016\/08\/Cungu-Vujovic-Ulcinj-1-768x509.jpg 768w\" sizes=\"(max-width: 508px) 100vw, 508px\" \/><\/a>Osnovna tema razgovora \u2013 povra\u0107aj maslinade Valdanos<\/em><\/strong><\/p>\n<p>Potpredsjednik Vlade Milorad Vujovic je boravio na slu\u017ebenoj posjeti Op\u0161tini Ulcinj. Njega je do\u010dekao predsjednik op\u0161tine Nazif Cungu sa njegovim saradnicima. Ovu posjetu je inicirao Odbor za povra\u0107aj i restituciju sa ciljem detaljnog informisanja o problemima koje ima proces povra\u0107aja zemlji\u0161ta biv\u0161im vlasnicima maslinade Valdanos me\u0111utim na sastanku je vi\u0161e rije\u010di bilo i o posebnim slu\u010dajevima od krucijalnog zna\u010daja za op\u0161tinu Ulcinj.<\/p>\n<p>Potpredsjednik Vlade Milorad Vujovi\u0107 je vosoko ocjenio sastanak, ta\u010dnije koaliciju koji predvodi predsjednik Cungu kao moderan model upravljanja u Crnoj Gori.<\/p>\n<p><a href=\"http:\/\/www.visit-ulcinj.com\/blog\/wp-content\/uploads\/2016\/08\/Cungu-Vujovic-Ulcinj.jpg\"><img loading=\"lazy\" class=\"alignleft wp-image-99109\" src=\"http:\/\/www.visit-ulcinj.com\/blog\/wp-content\/uploads\/2016\/08\/Cungu-Vujovic-Ulcinj.jpg\" alt=\"Cungu-Vujovic-Ulcinj\" width=\"508\" height=\"336\" srcset=\"https:\/\/www.visit-ulcinj.com\/blog\/wp-content\/uploads\/2016\/08\/Cungu-Vujovic-Ulcinj.jpg 933w, https:\/\/www.visit-ulcinj.com\/blog\/wp-content\/uploads\/2016\/08\/Cungu-Vujovic-Ulcinj-300x199.jpg 300w, https:\/\/www.visit-ulcinj.com\/blog\/wp-content\/uploads\/2016\/08\/Cungu-Vujovic-Ulcinj-768x509.jpg 768w\" sizes=\"(max-width: 508px) 100vw, 508px\" \/><\/a><\/p>\n<p>Vujovi\u0107 je kazao da je neophodno da se slu\u010daju Valdanos svi zajedno posvetimo kako javni tako i privatni sektor kako bi svi ulo\u017eili neophodne napore kako bi se restitucija opet na\u0111e u dnevnom redu Skup\u0161tine Crne Gore i ponudi svim zaiteresovanim stranama ono \u0161to im je u interesu. Sa druge strane predsjednik Cungu na sastanku je govorio i o Prostornom Planu koji je u fazi pripreme od strane Ministarstva turizma i odr\u017eivog razvoja u \u0161to kra\u0107em vremenskom roku u suprotnom \u0107e Op\u0161tina Ulcinj biti prinu\u0111ena da raskine Ugovor zbog neispunjavanja obaveza iz Ugovora. \u0160to se ti\u010de Valdanosa, Predsjednik Cungu je opet naglasio i potvrdio stav Op\u0161tine Ulcinj da se pridr\u017eava zaklju\u010dka Skup\u0161tine Op\u0161tine Ulcinj kako bi se taj dio pretvorio u park prirode i bude striktno kontrolisan \u0161to se ti\u010de gradnje i valorizacije.<\/p>\n<p>Predsjednik Cungu i vicepremijer Vujovic zajedno sa saradnicima su posjetili Valdanos.<\/p>\n","protected":false},"excerpt":{"rendered":"<p>Osnovna tema razgovora \u2013 povra\u0107aj maslinade Valdanos Potpredsjednik Vlade Milorad Vujovic je boravio na slu\u017ebenoj posjeti Op\u0161tini Ulcinj. Njega je do\u010dekao predsjednik op\u0161tine Nazif Cungu sa njegovim saradnicima. Ovu posjetu je inicirao Odbor za povra\u0107aj i restituciju sa ciljem detaljnog informisanja o problemima koje ima proces povra\u0107aja zemlji\u0161ta biv\u0161im vlasnicima maslinade Valdanos me\u0111utim na sastanku [&hellip;]<\/p>\n","protected":false},"author":1,"featured_media":0,"comment_status":"closed","ping_status":"closed","sticky":false,"template":"","format":"standard","meta":{"spay_email":"","jetpack_publicize_message":"","jetpack_is_tweetstorm":false,"jetpack_publicize_feature_enabled":true},"categories":[8337],"tags":[],"jetpack_publicize_connections":[],"yoast_head":"<!-- This site is optimized with the Yoast SEO plugin v19.1 - https:\/\/yoast.com\/wordpress\/plugins\/seo\/ -->\n<title>Potpredsjednik Vlade Crne Gore u posjeti Op\u0161tini Ulcinj - Lajme nga Ulqini<\/title>\n<meta name=\"description\" content=\"Osnovna tema razgovora \u2013 povra\u0107aj maslinade Valdanos Potpredsjednik Vlade Milorad Vujovic je boravio na slu\u017ebenoj posjeti Op\u0161tini Ulcinj. Njega je do\u010dekao\" \/>\n<meta name=\"robots\" content=\"index, follow, max-snippet:-1, max-image-preview:large, max-video-preview:-1\" \/>\n<link rel=\"canonical\" href=\"https:\/\/www.visit-ulcinj.com\/blog\/2016\/08\/18\/potpredsjednik-vlade-crne-gore-u-posjeti-opstini-ulcinj\/\" \/>\n<meta property=\"og:locale\" content=\"en_US\" \/>\n<meta property=\"og:type\" content=\"article\" \/>\n<meta property=\"og:title\" content=\"Potpredsjednik Vlade Crne Gore u posjeti Op\u0161tini Ulcinj - Lajme nga Ulqini\" \/>\n<meta property=\"og:description\" content=\"Osnovna tema razgovora \u2013 povra\u0107aj maslinade Valdanos Potpredsjednik Vlade Milorad Vujovic je boravio na slu\u017ebenoj posjeti Op\u0161tini Ulcinj. Njega je do\u010dekao\" \/>\n<meta property=\"og:url\" content=\"https:\/\/www.visit-ulcinj.com\/blog\/2016\/08\/18\/potpredsjednik-vlade-crne-gore-u-posjeti-opstini-ulcinj\/\" \/>\n<meta property=\"og:site_name\" content=\"Lajme nga Ulqini\" \/>\n<meta property=\"article:published_time\" content=\"2016-08-18T18:23:44+00:00\" \/>\n<meta property=\"og:image\" content=\"http:\/\/www.visit-ulcinj.com\/blog\/wp-content\/uploads\/2016\/08\/Cungu-Vujovic-Ulcinj-1.jpg\" \/>\n<meta name=\"twitter:label1\" content=\"Written by\" \/>\n\t<meta name=\"twitter:data1\" content=\"ulqini\" \/>\n\t<meta name=\"twitter:label2\" content=\"Est. reading time\" \/>\n\t<meta name=\"twitter:data2\" content=\"1 minute\" \/>\n<script type=\"application\/ld+json\" class=\"yoast-schema-graph\">{\"@context\":\"https:\/\/schema.org\",\"@graph\":[{\"@type\":\"WebSite\",\"@id\":\"https:\/\/www.visit-ulcinj.com\/blog\/#website\",\"url\":\"https:\/\/www.visit-ulcinj.com\/blog\/\",\"name\":\"Lajme nga Ulqini\",\"description\":\"Lajme,Vijesti,Ulqini,Ulqin,Crna Gora,Mali i Zi\",\"potentialAction\":[{\"@type\":\"SearchAction\",\"target\":{\"@type\":\"EntryPoint\",\"urlTemplate\":\"https:\/\/www.visit-ulcinj.com\/blog\/?s={search_term_string}\"},\"query-input\":\"required name=search_term_string\"}],\"inLanguage\":\"en-US\"},{\"@type\":\"ImageObject\",\"inLanguage\":\"en-US\",\"@id\":\"https:\/\/www.visit-ulcinj.com\/blog\/2016\/08\/18\/potpredsjednik-vlade-crne-gore-u-posjeti-opstini-ulcinj\/#primaryimage\",\"url\":\"https:\/\/www.visit-ulcinj.com\/blog\/wp-content\/uploads\/2016\/08\/Cungu-Vujovic-Ulcinj-1.jpg\",\"contentUrl\":\"https:\/\/www.visit-ulcinj.com\/blog\/wp-content\/uploads\/2016\/08\/Cungu-Vujovic-Ulcinj-1.jpg\",\"width\":933,\"height\":618},{\"@type\":\"WebPage\",\"@id\":\"https:\/\/www.visit-ulcinj.com\/blog\/2016\/08\/18\/potpredsjednik-vlade-crne-gore-u-posjeti-opstini-ulcinj\/#webpage\",\"url\":\"https:\/\/www.visit-ulcinj.com\/blog\/2016\/08\/18\/potpredsjednik-vlade-crne-gore-u-posjeti-opstini-ulcinj\/\",\"name\":\"Potpredsjednik Vlade Crne Gore u posjeti Op\u0161tini Ulcinj - Lajme nga Ulqini\",\"isPartOf\":{\"@id\":\"https:\/\/www.visit-ulcinj.com\/blog\/#website\"},\"primaryImageOfPage\":{\"@id\":\"https:\/\/www.visit-ulcinj.com\/blog\/2016\/08\/18\/potpredsjednik-vlade-crne-gore-u-posjeti-opstini-ulcinj\/#primaryimage\"},\"datePublished\":\"2016-08-18T18:23:44+00:00\",\"dateModified\":\"2016-08-18T18:23:44+00:00\",\"author\":{\"@id\":\"https:\/\/www.visit-ulcinj.com\/blog\/#\/schema\/person\/dcab619c614d3038751c63bc2aadc06d\"},\"description\":\"Osnovna tema razgovora \u2013 povra\u0107aj maslinade Valdanos Potpredsjednik Vlade Milorad Vujovic je boravio na slu\u017ebenoj posjeti Op\u0161tini Ulcinj. Njega je do\u010dekao\",\"breadcrumb\":{\"@id\":\"https:\/\/www.visit-ulcinj.com\/blog\/2016\/08\/18\/potpredsjednik-vlade-crne-gore-u-posjeti-opstini-ulcinj\/#breadcrumb\"},\"inLanguage\":\"en-US\",\"potentialAction\":[{\"@type\":\"ReadAction\",\"target\":[\"https:\/\/www.visit-ulcinj.com\/blog\/2016\/08\/18\/potpredsjednik-vlade-crne-gore-u-posjeti-opstini-ulcinj\/\"]}]},{\"@type\":\"BreadcrumbList\",\"@id\":\"https:\/\/www.visit-ulcinj.com\/blog\/2016\/08\/18\/potpredsjednik-vlade-crne-gore-u-posjeti-opstini-ulcinj\/#breadcrumb\",\"itemListElement\":[{\"@type\":\"ListItem\",\"position\":1,\"name\":\"Potpredsjednik Vlade Crne Gore u posjeti Op\u0161tini Ulcinj\"}]},{\"@type\":\"Person\",\"@id\":\"https:\/\/www.visit-ulcinj.com\/blog\/#\/schema\/person\/dcab619c614d3038751c63bc2aadc06d\",\"name\":\"ulqini\",\"sameAs\":[\"http:\/\/www.visit-ulcinj.com\"],\"url\":\"https:\/\/www.visit-ulcinj.com\/blog\/author\/admin\/\"}]}<\/script>\n<!-- \/ Yoast SEO plugin. -->","yoast_head_json":{"title":"Potpredsjednik Vlade Crne Gore u posjeti Op\u0161tini Ulcinj - Lajme nga Ulqini","description":"Osnovna tema razgovora \u2013 povra\u0107aj maslinade Valdanos Potpredsjednik Vlade Milorad Vujovic je boravio na slu\u017ebenoj posjeti Op\u0161tini Ulcinj. Njega je do\u010dekao","robots":{"index":"index","follow":"follow","max-snippet":"max-snippet:-1","max-image-preview":"max-image-preview:large","max-video-preview":"max-video-preview:-1"},"canonical":"https:\/\/www.visit-ulcinj.com\/blog\/2016\/08\/18\/potpredsjednik-vlade-crne-gore-u-posjeti-opstini-ulcinj\/","og_locale":"en_US","og_type":"article","og_title":"Potpredsjednik Vlade Crne Gore u posjeti Op\u0161tini Ulcinj - Lajme nga Ulqini","og_description":"Osnovna tema razgovora \u2013 povra\u0107aj maslinade Valdanos Potpredsjednik Vlade Milorad Vujovic je boravio na slu\u017ebenoj posjeti Op\u0161tini Ulcinj. Njega je do\u010dekao","og_url":"https:\/\/www.visit-ulcinj.com\/blog\/2016\/08\/18\/potpredsjednik-vlade-crne-gore-u-posjeti-opstini-ulcinj\/","og_site_name":"Lajme nga Ulqini","article_published_time":"2016-08-18T18:23:44+00:00","og_image":[{"url":"http:\/\/www.visit-ulcinj.com\/blog\/wp-content\/uploads\/2016\/08\/Cungu-Vujovic-Ulcinj-1.jpg"}],"twitter_misc":{"Written by":"ulqini","Est. reading time":"1 minute"},"schema":{"@context":"https:\/\/schema.org","@graph":[{"@type":"WebSite","@id":"https:\/\/www.visit-ulcinj.com\/blog\/#website","url":"https:\/\/www.visit-ulcinj.com\/blog\/","name":"Lajme nga Ulqini","description":"Lajme,Vijesti,Ulqini,Ulqin,Crna Gora,Mali i Zi","potentialAction":[{"@type":"SearchAction","target":{"@type":"EntryPoint","urlTemplate":"https:\/\/www.visit-ulcinj.com\/blog\/?s={search_term_string}"},"query-input":"required name=search_term_string"}],"inLanguage":"en-US"},{"@type":"ImageObject","inLanguage":"en-US","@id":"https:\/\/www.visit-ulcinj.com\/blog\/2016\/08\/18\/potpredsjednik-vlade-crne-gore-u-posjeti-opstini-ulcinj\/#primaryimage","url":"https:\/\/www.visit-ulcinj.com\/blog\/wp-content\/uploads\/2016\/08\/Cungu-Vujovic-Ulcinj-1.jpg","contentUrl":"https:\/\/www.visit-ulcinj.com\/blog\/wp-content\/uploads\/2016\/08\/Cungu-Vujovic-Ulcinj-1.jpg","width":933,"height":618},{"@type":"WebPage","@id":"https:\/\/www.visit-ulcinj.com\/blog\/2016\/08\/18\/potpredsjednik-vlade-crne-gore-u-posjeti-opstini-ulcinj\/#webpage","url":"https:\/\/www.visit-ulcinj.com\/blog\/2016\/08\/18\/potpredsjednik-vlade-crne-gore-u-posjeti-opstini-ulcinj\/","name":"Potpredsjednik Vlade Crne Gore u posjeti Op\u0161tini Ulcinj - Lajme nga Ulqini","isPartOf":{"@id":"https:\/\/www.visit-ulcinj.com\/blog\/#website"},"primaryImageOfPage":{"@id":"https:\/\/www.visit-ulcinj.com\/blog\/2016\/08\/18\/potpredsjednik-vlade-crne-gore-u-posjeti-opstini-ulcinj\/#primaryimage"},"datePublished":"2016-08-18T18:23:44+00:00","dateModified":"2016-08-18T18:23:44+00:00","author":{"@id":"https:\/\/www.visit-ulcinj.com\/blog\/#\/schema\/person\/dcab619c614d3038751c63bc2aadc06d"},"description":"Osnovna tema razgovora \u2013 povra\u0107aj maslinade Valdanos Potpredsjednik Vlade Milorad Vujovic je boravio na slu\u017ebenoj posjeti Op\u0161tini Ulcinj. Njega je do\u010dekao","breadcrumb":{"@id":"https:\/\/www.visit-ulcinj.com\/blog\/2016\/08\/18\/potpredsjednik-vlade-crne-gore-u-posjeti-opstini-ulcinj\/#breadcrumb"},"inLanguage":"en-US","potentialAction":[{"@type":"ReadAction","target":["https:\/\/www.visit-ulcinj.com\/blog\/2016\/08\/18\/potpredsjednik-vlade-crne-gore-u-posjeti-opstini-ulcinj\/"]}]},{"@type":"BreadcrumbList","@id":"https:\/\/www.visit-ulcinj.com\/blog\/2016\/08\/18\/potpredsjednik-vlade-crne-gore-u-posjeti-opstini-ulcinj\/#breadcrumb","itemListElement":[{"@type":"ListItem","position":1,"name":"Potpredsjednik Vlade Crne Gore u posjeti Op\u0161tini Ulcinj"}]},{"@type":"Person","@id":"https:\/\/www.visit-ulcinj.com\/blog\/#\/schema\/person\/dcab619c614d3038751c63bc2aadc06d","name":"ulqini","sameAs":["http:\/\/www.visit-ulcinj.com"],"url":"https:\/\/www.visit-ulcinj.com\/blog\/author\/admin\/"}]}},"jetpack_featured_media_url":"","jetpack_sharing_enabled":true,"jetpack_shortlink":"https:\/\/wp.me\/pe6lTn-pMB","_links":{"self":[{"href":"https:\/\/www.visit-ulcinj.com\/blog\/wp-json\/wp\/v2\/posts\/99113"}],"collection":[{"href":"https:\/\/www.visit-ulcinj.com\/blog\/wp-json\/wp\/v2\/posts"}],"about":[{"href":"https:\/\/www.visit-ulcinj.com\/blog\/wp-json\/wp\/v2\/types\/post"}],"author":[{"embeddable":true,"href":"https:\/\/www.visit-ulcinj.com\/blog\/wp-json\/wp\/v2\/users\/1"}],"replies":[{"embeddable":true,"href":"https:\/\/www.visit-ulcinj.com\/blog\/wp-json\/wp\/v2\/comments?post=99113"}],"version-history":[{"count":1,"href":"https:\/\/www.visit-ulcinj.com\/blog\/wp-json\/wp\/v2\/posts\/99113\/revisions"}],"predecessor-version":[{"id":99114,"href":"https:\/\/www.visit-ulcinj.com\/blog\/wp-json\/wp\/v2\/posts\/99113\/revisions\/99114"}],"wp:attachment":[{"href":"https:\/\/www.visit-ulcinj.com\/blog\/wp-json\/wp\/v2\/media?parent=99113"}],"wp:term":[{"taxonomy":"category","embeddable":true,"href":"https:\/\/www.visit-ulcinj.com\/blog\/wp-json\/wp\/v2\/categories?post=99113"},{"taxonomy":"post_tag","embeddable":true,"href":"https:\/\/www.visit-ulcinj.com\/blog\/wp-json\/wp\/v2\/tags?post=99113"}],"curies":[{"name":"wp","href":"https:\/\/api.w.org\/{rel}","templated":true}]}}