{"id":99115,"date":"2016-08-19T10:02:40","date_gmt":"2016-08-19T09:02:40","guid":{"rendered":"http:\/\/www.visit-ulcinj.com\/blog\/?p=99115"},"modified":"2016-08-19T10:06:46","modified_gmt":"2016-08-19T09:06:46","slug":"top-modeli-adnan-gjinaj-i-jep-fund-beqarise-foto","status":"publish","type":"post","link":"https:\/\/www.visit-ulcinj.com\/blog\/2016\/08\/19\/top-modeli-adnan-gjinaj-i-jep-fund-beqarise-foto\/","title":{"rendered":"Top modeli Adnan Gjinaj i jep fund beqaris\u00eb? &#8211; Foto"},"content":{"rendered":"<p><a href=\"http:\/\/www.visit-ulcinj.com\/blog\/wp-content\/uploads\/2016\/08\/Adnan-Gjinaj-Arbenita-Nikeziq-Ulqin.jpg\"><img loading=\"lazy\" class=\"alignleft wp-image-99116\" src=\"http:\/\/www.visit-ulcinj.com\/blog\/wp-content\/uploads\/2016\/08\/Adnan-Gjinaj-Arbenita-Nikeziq-Ulqin.jpg\" alt=\"Adnan-Gjinaj-Arbenita-Nikeziq-Ulqin\" width=\"508\" height=\"381\" srcset=\"https:\/\/www.visit-ulcinj.com\/blog\/wp-content\/uploads\/2016\/08\/Adnan-Gjinaj-Arbenita-Nikeziq-Ulqin.jpg 960w, https:\/\/www.visit-ulcinj.com\/blog\/wp-content\/uploads\/2016\/08\/Adnan-Gjinaj-Arbenita-Nikeziq-Ulqin-300x225.jpg 300w, https:\/\/www.visit-ulcinj.com\/blog\/wp-content\/uploads\/2016\/08\/Adnan-Gjinaj-Arbenita-Nikeziq-Ulqin-768x576.jpg 768w\" sizes=\"(max-width: 508px) 100vw, 508px\" \/><\/a>N\u00eb Ulqin si duket kjo ver\u00eb ka qen\u00eb me fat p\u00ebr shum\u00eb shqiptar t\u00eb famsh\u00ebm , t\u00eb cil\u00ebt kan\u00eb kuror\u00ebzuar lidhjet e tyre. Pas lidhjes\u00a0 2 -vje\u00e7are me Arbenita Nikeziqin , modeli fran\u00e7ez nga Ulqini i njohur\u00a0Adnan Gjinaj i ka dh\u00ebn\u00eb fund beqaris\u00eb me 4 gusht 2016. Ne nje ceremoni madheshtore n\u00eb lokalin e &#8220;Primavera, ku eshte kurorezuar dashuria disa vje\u00e7are e Andanit dhe Arbenit\u00ebs.<\/p>\n<p><a href=\"http:\/\/www.visit-ulcinj.com\/blog\/wp-content\/uploads\/2016\/08\/Adnan-Gjinaj-Arbenita-Nikeziq-Ulqin-2.jpg\"><img loading=\"lazy\" class=\"alignleft wp-image-99117\" src=\"http:\/\/www.visit-ulcinj.com\/blog\/wp-content\/uploads\/2016\/08\/Adnan-Gjinaj-Arbenita-Nikeziq-Ulqin-2.jpg\" alt=\"Adnan-Gjinaj-Arbenita-Nikeziq-Ulqin-2\" width=\"508\" height=\"338\" srcset=\"https:\/\/www.visit-ulcinj.com\/blog\/wp-content\/uploads\/2016\/08\/Adnan-Gjinaj-Arbenita-Nikeziq-Ulqin-2.jpg 960w, https:\/\/www.visit-ulcinj.com\/blog\/wp-content\/uploads\/2016\/08\/Adnan-Gjinaj-Arbenita-Nikeziq-Ulqin-2-300x200.jpg 300w, https:\/\/www.visit-ulcinj.com\/blog\/wp-content\/uploads\/2016\/08\/Adnan-Gjinaj-Arbenita-Nikeziq-Ulqin-2-768x511.jpg 768w\" sizes=\"(max-width: 508px) 100vw, 508px\" \/><\/a><\/p>\n<p>Adnan Gjinaj po shp\u00ebrngulet prej Parisit p\u00ebr n\u00eb Shtetet e Bashkuara t\u00eb Amerik\u00ebs n\u00eb qytetin e\u00a0Chikagos, ku ai punon prej nj\u00eb kohe t\u00eb gjat\u00eb si model i agjensioneve t\u00eb ndryshme t\u00eb mod\u00ebs me renome nderkomb\u00ebtare.<\/p>\n<p>Martesa u krye vet\u00ebm n\u00eb ceremoni familjare afro 500 veta, sepse jan munduar ta mbajn\u00eb sa m\u00eb private q\u00eb t\u2019i lejojm\u00eb familjet tona t\u00eb k\u00ebnaqen dhe t\u00eb shijojn\u00eb g\u00ebzimin deri n\u00eb maksimum thekson nj\u00eb shok\u00eb i Adnanit q\u00eb deshiron t\u00eb jet\u00eb anonim!<\/p>\n<p><strong>Foto nga <span class=\"fwn fcg\"><span class=\"fcg\"><span class=\"fwb\"><a id=\"js_1g\" class=\"profileLink\" href=\"https:\/\/www.facebook.com\/rozafaphotovideo\/\" data-ft=\"{&quot;tn&quot;:&quot;k&quot;}\" data-hovercard=\"\/ajax\/hovercard\/page.php?id=460266950841976\">Rozafa PhotoVideo Facebook<\/a><\/span><\/span><\/span><\/strong><\/p>\n\n\t\t<style type=\"text\/css\">\n\t\t\t#gallery-1 {\n\t\t\t\tmargin: auto;\n\t\t\t}\n\t\t\t#gallery-1 .gallery-item {\n\t\t\t\tfloat: left;\n\t\t\t\tmargin-top: 10px;\n\t\t\t\ttext-align: center;\n\t\t\t\twidth: 33%;\n\t\t\t}\n\t\t\t#gallery-1 img {\n\t\t\t\tborder: 2px solid #cfcfcf;\n\t\t\t}\n\t\t\t#gallery-1 .gallery-caption {\n\t\t\t\tmargin-left: 0;\n\t\t\t}\n\t\t\t\/* see gallery_shortcode() in wp-includes\/media.php *\/\n\t\t<\/style>\n\t\t<div id='gallery-1' class='gallery galleryid-99115 gallery-columns-3 gallery-size-thumbnail'><dl class='gallery-item'>\n\t\t\t<dt class='gallery-icon portrait'>\n\t\t\t\t<a href='https:\/\/www.visit-ulcinj.com\/blog\/2016\/08\/19\/top-modeli-adnan-gjinaj-i-jep-fund-beqarise-foto\/adnan-gjinaj-arbenita-nikeziq-ulqin-1\/'><img width=\"150\" height=\"150\" src=\"https:\/\/www.visit-ulcinj.com\/blog\/wp-content\/uploads\/2016\/08\/Adnan-Gjinaj-Arbenita-Nikeziq-Ulqin-1-150x150.jpg\" class=\"attachment-thumbnail size-thumbnail\" alt=\"\" loading=\"lazy\" \/><\/a>\n\t\t\t<\/dt><\/dl><dl class='gallery-item'>\n\t\t\t<dt class='gallery-icon landscape'>\n\t\t\t\t<a href='https:\/\/www.visit-ulcinj.com\/blog\/2016\/08\/19\/top-modeli-adnan-gjinaj-i-jep-fund-beqarise-foto\/adnan-gjinaj-arbenita-nikeziq-ulqin-3\/'><img width=\"150\" height=\"150\" src=\"https:\/\/www.visit-ulcinj.com\/blog\/wp-content\/uploads\/2016\/08\/Adnan-Gjinaj-Arbenita-Nikeziq-Ulqin-3-150x150.jpg\" class=\"attachment-thumbnail size-thumbnail\" alt=\"\" loading=\"lazy\" \/><\/a>\n\t\t\t<\/dt><\/dl><dl class='gallery-item'>\n\t\t\t<dt class='gallery-icon landscape'>\n\t\t\t\t<a href='https:\/\/www.visit-ulcinj.com\/blog\/2016\/08\/19\/top-modeli-adnan-gjinaj-i-jep-fund-beqarise-foto\/adnan-gjinaj-arbenita-nikeziq-ulqin-4\/'><img width=\"150\" height=\"150\" src=\"https:\/\/www.visit-ulcinj.com\/blog\/wp-content\/uploads\/2016\/08\/Adnan-Gjinaj-Arbenita-Nikeziq-Ulqin-4-150x150.jpg\" class=\"attachment-thumbnail size-thumbnail\" alt=\"\" loading=\"lazy\" \/><\/a>\n\t\t\t<\/dt><\/dl><br style=\"clear: both\" \/><dl class='gallery-item'>\n\t\t\t<dt class='gallery-icon landscape'>\n\t\t\t\t<a href='https:\/\/www.visit-ulcinj.com\/blog\/2016\/08\/19\/top-modeli-adnan-gjinaj-i-jep-fund-beqarise-foto\/adnan-gjinaj-arbenita-nikeziq-ulqin-5\/'><img width=\"150\" height=\"150\" src=\"https:\/\/www.visit-ulcinj.com\/blog\/wp-content\/uploads\/2016\/08\/Adnan-Gjinaj-Arbenita-Nikeziq-Ulqin-5-150x150.jpg\" class=\"attachment-thumbnail size-thumbnail\" alt=\"\" loading=\"lazy\" \/><\/a>\n\t\t\t<\/dt><\/dl><dl class='gallery-item'>\n\t\t\t<dt class='gallery-icon landscape'>\n\t\t\t\t<a href='https:\/\/www.visit-ulcinj.com\/blog\/2016\/08\/19\/top-modeli-adnan-gjinaj-i-jep-fund-beqarise-foto\/adnan-gjinaj-arbenita-nikeziq-ulqin-6\/'><img width=\"150\" height=\"150\" src=\"https:\/\/www.visit-ulcinj.com\/blog\/wp-content\/uploads\/2016\/08\/Adnan-Gjinaj-Arbenita-Nikeziq-Ulqin-6-150x150.jpg\" class=\"attachment-thumbnail size-thumbnail\" alt=\"\" loading=\"lazy\" \/><\/a>\n\t\t\t<\/dt><\/dl><dl class='gallery-item'>\n\t\t\t<dt class='gallery-icon landscape'>\n\t\t\t\t<a href='https:\/\/www.visit-ulcinj.com\/blog\/2016\/08\/19\/top-modeli-adnan-gjinaj-i-jep-fund-beqarise-foto\/adnan-gjinaj-arbenita-nikeziq-ulqin-7\/'><img width=\"150\" height=\"150\" src=\"https:\/\/www.visit-ulcinj.com\/blog\/wp-content\/uploads\/2016\/08\/Adnan-Gjinaj-Arbenita-Nikeziq-Ulqin-7-150x150.jpg\" class=\"attachment-thumbnail size-thumbnail\" alt=\"\" loading=\"lazy\" \/><\/a>\n\t\t\t<\/dt><\/dl><br style=\"clear: both\" \/><dl class='gallery-item'>\n\t\t\t<dt class='gallery-icon landscape'>\n\t\t\t\t<a href='https:\/\/www.visit-ulcinj.com\/blog\/2016\/08\/19\/top-modeli-adnan-gjinaj-i-jep-fund-beqarise-foto\/adnan-gjinaj-arbenita-nikeziq-ulqin-8\/'><img width=\"150\" height=\"150\" src=\"https:\/\/www.visit-ulcinj.com\/blog\/wp-content\/uploads\/2016\/08\/Adnan-Gjinaj-Arbenita-Nikeziq-Ulqin-8-150x150.jpg\" class=\"attachment-thumbnail size-thumbnail\" alt=\"\" loading=\"lazy\" \/><\/a>\n\t\t\t<\/dt><\/dl><dl class='gallery-item'>\n\t\t\t<dt class='gallery-icon landscape'>\n\t\t\t\t<a href='https:\/\/www.visit-ulcinj.com\/blog\/2016\/08\/19\/top-modeli-adnan-gjinaj-i-jep-fund-beqarise-foto\/adnan-gjinaj-arbenita-nikeziq-ulqin-9\/'><img width=\"150\" height=\"150\" src=\"https:\/\/www.visit-ulcinj.com\/blog\/wp-content\/uploads\/2016\/08\/Adnan-Gjinaj-Arbenita-Nikeziq-Ulqin-9-150x150.jpg\" class=\"attachment-thumbnail size-thumbnail\" alt=\"\" loading=\"lazy\" \/><\/a>\n\t\t\t<\/dt><\/dl><dl class='gallery-item'>\n\t\t\t<dt class='gallery-icon landscape'>\n\t\t\t\t<a href='https:\/\/www.visit-ulcinj.com\/blog\/2016\/08\/19\/top-modeli-adnan-gjinaj-i-jep-fund-beqarise-foto\/adnan-gjinaj-arbenita-nikeziq-ulqin-10\/'><img width=\"150\" height=\"150\" src=\"https:\/\/www.visit-ulcinj.com\/blog\/wp-content\/uploads\/2016\/08\/Adnan-Gjinaj-Arbenita-Nikeziq-Ulqin-10-150x150.jpg\" class=\"attachment-thumbnail size-thumbnail\" alt=\"\" loading=\"lazy\" \/><\/a>\n\t\t\t<\/dt><\/dl><br style=\"clear: both\" \/>\n\t\t<\/div>\n\n<p>&nbsp;<\/p>\n","protected":false},"excerpt":{"rendered":"<p>N\u00eb Ulqin si duket kjo ver\u00eb ka qen\u00eb me fat p\u00ebr shum\u00eb shqiptar t\u00eb famsh\u00ebm , t\u00eb cil\u00ebt kan\u00eb kuror\u00ebzuar lidhjet e tyre. Pas lidhjes\u00a0 2 -vje\u00e7are me Arbenita Nikeziqin , modeli fran\u00e7ez nga Ulqini i njohur\u00a0Adnan Gjinaj i ka dh\u00ebn\u00eb fund beqaris\u00eb me 4 gusht 2016. Ne nje ceremoni madheshtore n\u00eb lokalin e &#8220;Primavera, [&hellip;]<\/p>\n","protected":false},"author":1,"featured_media":0,"comment_status":"closed","ping_status":"closed","sticky":false,"template":"","format":"standard","meta":{"spay_email":"","jetpack_publicize_message":"","jetpack_is_tweetstorm":false,"jetpack_publicize_feature_enabled":true},"categories":[1],"tags":[],"jetpack_publicize_connections":[],"yoast_head":"<!-- This site is optimized with the Yoast SEO plugin v19.1 - https:\/\/yoast.com\/wordpress\/plugins\/seo\/ -->\n<title>Top modeli Adnan Gjinaj i jep fund beqaris\u00eb? - Foto - Lajme nga Ulqini<\/title>\n<meta name=\"description\" content=\"N\u00eb Ulqin si duket kjo ver\u00eb ka qen\u00eb me fat p\u00ebr shum\u00eb shqiptar t\u00eb famsh\u00ebm , t\u00eb cil\u00ebt kan\u00eb kuror\u00ebzuar lidhjet e tyre. Pas lidhjes\u00a0 2 -vje\u00e7are me Arbenita\" \/>\n<meta name=\"robots\" content=\"index, follow, max-snippet:-1, max-image-preview:large, max-video-preview:-1\" \/>\n<link rel=\"canonical\" href=\"https:\/\/www.visit-ulcinj.com\/blog\/2016\/08\/19\/top-modeli-adnan-gjinaj-i-jep-fund-beqarise-foto\/\" \/>\n<meta property=\"og:locale\" content=\"en_US\" \/>\n<meta property=\"og:type\" content=\"article\" \/>\n<meta property=\"og:title\" content=\"Top modeli Adnan Gjinaj i jep fund beqaris\u00eb? - Foto - Lajme nga Ulqini\" \/>\n<meta property=\"og:description\" content=\"N\u00eb Ulqin si duket kjo ver\u00eb ka qen\u00eb me fat p\u00ebr shum\u00eb shqiptar t\u00eb famsh\u00ebm , t\u00eb cil\u00ebt kan\u00eb kuror\u00ebzuar lidhjet e tyre. Pas lidhjes\u00a0 2 -vje\u00e7are me Arbenita\" \/>\n<meta property=\"og:url\" content=\"https:\/\/www.visit-ulcinj.com\/blog\/2016\/08\/19\/top-modeli-adnan-gjinaj-i-jep-fund-beqarise-foto\/\" \/>\n<meta property=\"og:site_name\" content=\"Lajme nga Ulqini\" \/>\n<meta property=\"article:published_time\" content=\"2016-08-19T09:02:40+00:00\" \/>\n<meta property=\"article:modified_time\" content=\"2016-08-19T09:06:46+00:00\" \/>\n<meta property=\"og:image\" content=\"https:\/\/www.visit-ulcinj.com\/blog\/wp-content\/uploads\/2016\/08\/Adnan-Gjinaj-Arbenita-Nikeziq-Ulqin-1-150x150.jpg\" \/>\n<meta name=\"twitter:label1\" content=\"Written by\" \/>\n\t<meta name=\"twitter:data1\" content=\"ulqini\" \/>\n\t<meta name=\"twitter:label2\" content=\"Est. reading time\" \/>\n\t<meta name=\"twitter:data2\" content=\"1 minute\" \/>\n<script type=\"application\/ld+json\" class=\"yoast-schema-graph\">{\"@context\":\"https:\/\/schema.org\",\"@graph\":[{\"@type\":\"WebSite\",\"@id\":\"https:\/\/www.visit-ulcinj.com\/blog\/#website\",\"url\":\"https:\/\/www.visit-ulcinj.com\/blog\/\",\"name\":\"Lajme nga Ulqini\",\"description\":\"Lajme,Vijesti,Ulqini,Ulqin,Crna Gora,Mali i Zi\",\"potentialAction\":[{\"@type\":\"SearchAction\",\"target\":{\"@type\":\"EntryPoint\",\"urlTemplate\":\"https:\/\/www.visit-ulcinj.com\/blog\/?s={search_term_string}\"},\"query-input\":\"required name=search_term_string\"}],\"inLanguage\":\"en-US\"},{\"@type\":\"ImageObject\",\"inLanguage\":\"en-US\",\"@id\":\"https:\/\/www.visit-ulcinj.com\/blog\/2016\/08\/19\/top-modeli-adnan-gjinaj-i-jep-fund-beqarise-foto\/#primaryimage\",\"url\":\"https:\/\/www.visit-ulcinj.com\/blog\/wp-content\/uploads\/2016\/08\/Adnan-Gjinaj-Arbenita-Nikeziq-Ulqin.jpg\",\"contentUrl\":\"https:\/\/www.visit-ulcinj.com\/blog\/wp-content\/uploads\/2016\/08\/Adnan-Gjinaj-Arbenita-Nikeziq-Ulqin.jpg\",\"width\":960,\"height\":720},{\"@type\":\"WebPage\",\"@id\":\"https:\/\/www.visit-ulcinj.com\/blog\/2016\/08\/19\/top-modeli-adnan-gjinaj-i-jep-fund-beqarise-foto\/#webpage\",\"url\":\"https:\/\/www.visit-ulcinj.com\/blog\/2016\/08\/19\/top-modeli-adnan-gjinaj-i-jep-fund-beqarise-foto\/\",\"name\":\"Top modeli Adnan Gjinaj i jep fund beqaris\u00eb? - Foto - Lajme nga Ulqini\",\"isPartOf\":{\"@id\":\"https:\/\/www.visit-ulcinj.com\/blog\/#website\"},\"primaryImageOfPage\":{\"@id\":\"https:\/\/www.visit-ulcinj.com\/blog\/2016\/08\/19\/top-modeli-adnan-gjinaj-i-jep-fund-beqarise-foto\/#primaryimage\"},\"datePublished\":\"2016-08-19T09:02:40+00:00\",\"dateModified\":\"2016-08-19T09:06:46+00:00\",\"author\":{\"@id\":\"https:\/\/www.visit-ulcinj.com\/blog\/#\/schema\/person\/dcab619c614d3038751c63bc2aadc06d\"},\"description\":\"N\u00eb Ulqin si duket kjo ver\u00eb ka qen\u00eb me fat p\u00ebr shum\u00eb shqiptar t\u00eb famsh\u00ebm , t\u00eb cil\u00ebt kan\u00eb kuror\u00ebzuar lidhjet e tyre. Pas lidhjes\u00a0 2 -vje\u00e7are me Arbenita\",\"breadcrumb\":{\"@id\":\"https:\/\/www.visit-ulcinj.com\/blog\/2016\/08\/19\/top-modeli-adnan-gjinaj-i-jep-fund-beqarise-foto\/#breadcrumb\"},\"inLanguage\":\"en-US\",\"potentialAction\":[{\"@type\":\"ReadAction\",\"target\":[\"https:\/\/www.visit-ulcinj.com\/blog\/2016\/08\/19\/top-modeli-adnan-gjinaj-i-jep-fund-beqarise-foto\/\"]}]},{\"@type\":\"BreadcrumbList\",\"@id\":\"https:\/\/www.visit-ulcinj.com\/blog\/2016\/08\/19\/top-modeli-adnan-gjinaj-i-jep-fund-beqarise-foto\/#breadcrumb\",\"itemListElement\":[{\"@type\":\"ListItem\",\"position\":1,\"name\":\"Top modeli Adnan Gjinaj i jep fund beqaris\u00eb? &#8211; Foto\"}]},{\"@type\":\"Person\",\"@id\":\"https:\/\/www.visit-ulcinj.com\/blog\/#\/schema\/person\/dcab619c614d3038751c63bc2aadc06d\",\"name\":\"ulqini\",\"sameAs\":[\"http:\/\/www.visit-ulcinj.com\"],\"url\":\"https:\/\/www.visit-ulcinj.com\/blog\/author\/admin\/\"}]}<\/script>\n<!-- \/ Yoast SEO plugin. -->","yoast_head_json":{"title":"Top modeli Adnan Gjinaj i jep fund beqaris\u00eb? - Foto - Lajme nga Ulqini","description":"N\u00eb Ulqin si duket kjo ver\u00eb ka qen\u00eb me fat p\u00ebr shum\u00eb shqiptar t\u00eb famsh\u00ebm , t\u00eb cil\u00ebt kan\u00eb kuror\u00ebzuar lidhjet e tyre. Pas lidhjes\u00a0 2 -vje\u00e7are me Arbenita","robots":{"index":"index","follow":"follow","max-snippet":"max-snippet:-1","max-image-preview":"max-image-preview:large","max-video-preview":"max-video-preview:-1"},"canonical":"https:\/\/www.visit-ulcinj.com\/blog\/2016\/08\/19\/top-modeli-adnan-gjinaj-i-jep-fund-beqarise-foto\/","og_locale":"en_US","og_type":"article","og_title":"Top modeli Adnan Gjinaj i jep fund beqaris\u00eb? - Foto - Lajme nga Ulqini","og_description":"N\u00eb Ulqin si duket kjo ver\u00eb ka qen\u00eb me fat p\u00ebr shum\u00eb shqiptar t\u00eb famsh\u00ebm , t\u00eb cil\u00ebt kan\u00eb kuror\u00ebzuar lidhjet e tyre. Pas lidhjes\u00a0 2 -vje\u00e7are me Arbenita","og_url":"https:\/\/www.visit-ulcinj.com\/blog\/2016\/08\/19\/top-modeli-adnan-gjinaj-i-jep-fund-beqarise-foto\/","og_site_name":"Lajme nga Ulqini","article_published_time":"2016-08-19T09:02:40+00:00","article_modified_time":"2016-08-19T09:06:46+00:00","og_image":[{"url":"https:\/\/www.visit-ulcinj.com\/blog\/wp-content\/uploads\/2016\/08\/Adnan-Gjinaj-Arbenita-Nikeziq-Ulqin-1-150x150.jpg"}],"twitter_misc":{"Written by":"ulqini","Est. reading time":"1 minute"},"schema":{"@context":"https:\/\/schema.org","@graph":[{"@type":"WebSite","@id":"https:\/\/www.visit-ulcinj.com\/blog\/#website","url":"https:\/\/www.visit-ulcinj.com\/blog\/","name":"Lajme nga Ulqini","description":"Lajme,Vijesti,Ulqini,Ulqin,Crna Gora,Mali i Zi","potentialAction":[{"@type":"SearchAction","target":{"@type":"EntryPoint","urlTemplate":"https:\/\/www.visit-ulcinj.com\/blog\/?s={search_term_string}"},"query-input":"required name=search_term_string"}],"inLanguage":"en-US"},{"@type":"ImageObject","inLanguage":"en-US","@id":"https:\/\/www.visit-ulcinj.com\/blog\/2016\/08\/19\/top-modeli-adnan-gjinaj-i-jep-fund-beqarise-foto\/#primaryimage","url":"https:\/\/www.visit-ulcinj.com\/blog\/wp-content\/uploads\/2016\/08\/Adnan-Gjinaj-Arbenita-Nikeziq-Ulqin.jpg","contentUrl":"https:\/\/www.visit-ulcinj.com\/blog\/wp-content\/uploads\/2016\/08\/Adnan-Gjinaj-Arbenita-Nikeziq-Ulqin.jpg","width":960,"height":720},{"@type":"WebPage","@id":"https:\/\/www.visit-ulcinj.com\/blog\/2016\/08\/19\/top-modeli-adnan-gjinaj-i-jep-fund-beqarise-foto\/#webpage","url":"https:\/\/www.visit-ulcinj.com\/blog\/2016\/08\/19\/top-modeli-adnan-gjinaj-i-jep-fund-beqarise-foto\/","name":"Top modeli Adnan Gjinaj i jep fund beqaris\u00eb? - Foto - Lajme nga Ulqini","isPartOf":{"@id":"https:\/\/www.visit-ulcinj.com\/blog\/#website"},"primaryImageOfPage":{"@id":"https:\/\/www.visit-ulcinj.com\/blog\/2016\/08\/19\/top-modeli-adnan-gjinaj-i-jep-fund-beqarise-foto\/#primaryimage"},"datePublished":"2016-08-19T09:02:40+00:00","dateModified":"2016-08-19T09:06:46+00:00","author":{"@id":"https:\/\/www.visit-ulcinj.com\/blog\/#\/schema\/person\/dcab619c614d3038751c63bc2aadc06d"},"description":"N\u00eb Ulqin si duket kjo ver\u00eb ka qen\u00eb me fat p\u00ebr shum\u00eb shqiptar t\u00eb famsh\u00ebm , t\u00eb cil\u00ebt kan\u00eb kuror\u00ebzuar lidhjet e tyre. Pas lidhjes\u00a0 2 -vje\u00e7are me Arbenita","breadcrumb":{"@id":"https:\/\/www.visit-ulcinj.com\/blog\/2016\/08\/19\/top-modeli-adnan-gjinaj-i-jep-fund-beqarise-foto\/#breadcrumb"},"inLanguage":"en-US","potentialAction":[{"@type":"ReadAction","target":["https:\/\/www.visit-ulcinj.com\/blog\/2016\/08\/19\/top-modeli-adnan-gjinaj-i-jep-fund-beqarise-foto\/"]}]},{"@type":"BreadcrumbList","@id":"https:\/\/www.visit-ulcinj.com\/blog\/2016\/08\/19\/top-modeli-adnan-gjinaj-i-jep-fund-beqarise-foto\/#breadcrumb","itemListElement":[{"@type":"ListItem","position":1,"name":"Top modeli Adnan Gjinaj i jep fund beqaris\u00eb? &#8211; Foto"}]},{"@type":"Person","@id":"https:\/\/www.visit-ulcinj.com\/blog\/#\/schema\/person\/dcab619c614d3038751c63bc2aadc06d","name":"ulqini","sameAs":["http:\/\/www.visit-ulcinj.com"],"url":"https:\/\/www.visit-ulcinj.com\/blog\/author\/admin\/"}]}},"jetpack_featured_media_url":"","jetpack_sharing_enabled":true,"jetpack_shortlink":"https:\/\/wp.me\/pe6lTn-pMD","_links":{"self":[{"href":"https:\/\/www.visit-ulcinj.com\/blog\/wp-json\/wp\/v2\/posts\/99115"}],"collection":[{"href":"https:\/\/www.visit-ulcinj.com\/blog\/wp-json\/wp\/v2\/posts"}],"about":[{"href":"https:\/\/www.visit-ulcinj.com\/blog\/wp-json\/wp\/v2\/types\/post"}],"author":[{"embeddable":true,"href":"https:\/\/www.visit-ulcinj.com\/blog\/wp-json\/wp\/v2\/users\/1"}],"replies":[{"embeddable":true,"href":"https:\/\/www.visit-ulcinj.com\/blog\/wp-json\/wp\/v2\/comments?post=99115"}],"version-history":[{"count":4,"href":"https:\/\/www.visit-ulcinj.com\/blog\/wp-json\/wp\/v2\/posts\/99115\/revisions"}],"predecessor-version":[{"id":99130,"href":"https:\/\/www.visit-ulcinj.com\/blog\/wp-json\/wp\/v2\/posts\/99115\/revisions\/99130"}],"wp:attachment":[{"href":"https:\/\/www.visit-ulcinj.com\/blog\/wp-json\/wp\/v2\/media?parent=99115"}],"wp:term":[{"taxonomy":"category","embeddable":true,"href":"https:\/\/www.visit-ulcinj.com\/blog\/wp-json\/wp\/v2\/categories?post=99115"},{"taxonomy":"post_tag","embeddable":true,"href":"https:\/\/www.visit-ulcinj.com\/blog\/wp-json\/wp\/v2\/tags?post=99115"}],"curies":[{"name":"wp","href":"https:\/\/api.w.org\/{rel}","templated":true}]}}