{"id":99132,"date":"2016-08-20T07:40:10","date_gmt":"2016-08-20T06:40:10","guid":{"rendered":"http:\/\/www.visit-ulcinj.com\/blog\/?p=99132"},"modified":"2016-08-20T18:48:30","modified_gmt":"2016-08-20T17:48:30","slug":"nika-zgjedhjet-partlamentare-2016-ka-lujt-puna","status":"publish","type":"post","link":"https:\/\/www.visit-ulcinj.com\/blog\/2016\/08\/20\/nika-zgjedhjet-partlamentare-2016-ka-lujt-puna\/","title":{"rendered":"Nika: Zgjedhjet partlamentare &#8211; 2016: \u201c Ka lujt puna&#8230;?!"},"content":{"rendered":"<p><strong><em>Muhamet Nika<\/em><\/strong><\/p>\n<p>\u201c\u2026.<strong><em>Komisioni komunal zgjedhor (KKZ) ka apeluar tek t\u00eb gjith\u00eb qytetar\u00ebt q\u00eb t\u00eb drejtohen pran\u00eb Filialit t\u00eb Ministris\u00eb s\u00eb Pun\u00ebve t\u00eb Brendshme (MPB) n\u00eb Ulqin p\u00ebr verifikim t\u00eb regjistrit t\u00eb votimit dhe vendvotimit.<\/em><\/strong><\/p>\n<p><strong><em>Kjo, si\u00e7 theksohet, \u00ebsht\u00eb e nevojshme n\u00eb m\u00ebnyr\u00eb q\u00eb t\u00eb din\u00eb sakt\u00eb ku do t\u00eb votojn\u00eb n\u00eb zgjedhjet parlamentare t\u00eb cil\u00ebt do t\u00eb mbahen me 16 tetor\u2026.\u201d<\/em><\/strong><\/p>\n<p><strong><em>\u00a0<a href=\"http:\/\/www.visit-ulcinj.com\/blog\/wp-content\/uploads\/2016\/08\/Ispravka-obavjestenja-Glasanja.jpg\"><img loading=\"lazy\" class=\"alignleft wp-image-99133\" src=\"http:\/\/www.visit-ulcinj.com\/blog\/wp-content\/uploads\/2016\/08\/Ispravka-obavjestenja-Glasanja.jpg\" alt=\"Ispravka obavjestenja Glasanja\" width=\"508\" height=\"520\" srcset=\"https:\/\/www.visit-ulcinj.com\/blog\/wp-content\/uploads\/2016\/08\/Ispravka-obavjestenja-Glasanja.jpg 999w, https:\/\/www.visit-ulcinj.com\/blog\/wp-content\/uploads\/2016\/08\/Ispravka-obavjestenja-Glasanja-293x300.jpg 293w, https:\/\/www.visit-ulcinj.com\/blog\/wp-content\/uploads\/2016\/08\/Ispravka-obavjestenja-Glasanja-768x786.jpg 768w\" sizes=\"(max-width: 508px) 100vw, 508px\" \/><\/a><\/em><\/strong><\/p>\n<p>Dhe ne &#8211; Kur \u00a0e themi k\u00ebt\u00eb- se \u201c ka luajt \u00a0puna\u201d, \u00a0mos kujtoni se mendojm\u00eb n\u00eb bashkimin\u00a0 dhe pajtimin e Hajdinag\u00ebs me Gjek\u00ebn dhe as t\u00eb Zenk\u00ebs me Cungun , sepse\u00a0 si duket\u00a0 hidh\u00ebrimi i tyre ishte pun\u00eb msyshit &#8211; ose\u00a0 pun\u00eb magjie&#8230; , q\u00eb shyqyr u \u00e7liruan \u00a0dhe u shporren prej saj, pas nj\u00eb kohe t\u00eb gjat\u00eb&#8230;,e mbasi \u00a0mund t\u00eb ken\u00eb shkruar\u00a0 te ndonj\u00eb hoxh\u00eb i mir\u00eb \u2013 N\u00eb Kosov\u00eb p\u00ebr k\u00ebt\u00eb.\u00a0 Por \u00a0b\u00ebn\u00eb mir\u00eb \u00a0\u00a0q\u00eb u p\u00ebrcaktuan k\u00ebshtu-\u00a0 duke mos\u00a0 shkuar m\u00eb \u00a0te Vetvendosja- Albin Kurti , si her\u00ebn e kaluar&#8230;?!\u00a0 Sepse nuk \u00ebsht\u00eb k\u00ebtu pun\u00eb vet\u00ebvendosjeje \u2013\u00a0 sa p\u00ebr t\u00eb vet\u00ebvendos , kjo\u00a0 dihet &#8211; q\u00eb k\u00ebt\u00eb e b\u00ebjn\u00eb vet?! Ve\u00e7 se u ka luajt puna- po duket, \u00a0k\u00ebsaj here, p\u00ebr sa i p\u00ebrket\u00a0 kontrollit\u00a0 t\u00eb listave zgjedhore n\u00eb\u00a0\u00a0 vendvotime &#8211; kush ku\u00a0 voton..?!<\/p>\n<p><a href=\"http:\/\/www.visit-ulcinj.com\/blog\/wp-content\/uploads\/2016\/08\/UDSH-dhe-Forca-s\u00eb-bashku-n\u00eb-zgjedhjet-parlamentare.jpg\"><img loading=\"lazy\" class=\"alignleft wp-image-99104\" src=\"http:\/\/www.visit-ulcinj.com\/blog\/wp-content\/uploads\/2016\/08\/UDSH-dhe-Forca-s\u00eb-bashku-n\u00eb-zgjedhjet-parlamentare.jpg\" alt=\"UDSH dhe Forca s\u00eb bashku n\u00eb zgjedhjet parlamentare\" width=\"508\" height=\"326\" srcset=\"https:\/\/www.visit-ulcinj.com\/blog\/wp-content\/uploads\/2016\/08\/UDSH-dhe-Forca-s\u00eb-bashku-n\u00eb-zgjedhjet-parlamentare.jpg 1001w, https:\/\/www.visit-ulcinj.com\/blog\/wp-content\/uploads\/2016\/08\/UDSH-dhe-Forca-s\u00eb-bashku-n\u00eb-zgjedhjet-parlamentare-300x192.jpg 300w, https:\/\/www.visit-ulcinj.com\/blog\/wp-content\/uploads\/2016\/08\/UDSH-dhe-Forca-s\u00eb-bashku-n\u00eb-zgjedhjet-parlamentare-768x493.jpg 768w\" sizes=\"(max-width: 508px) 100vw, 508px\" \/><\/a><\/p>\n<p>Pra \u00a0e kemi\u00a0 fjal\u00ebn te deklarata \u00a0e komisionit zgjedhor komunal, nga e cila \u00a0n\u00eb \u00a0m\u00ebnyr\u00eb t\u00eb t\u00ebrthort\u00eb , shihet \u00a0me ligjin e ri , <strong><em><u>\u201c ka luajt puna\u201d-<\/u><\/em><\/strong> nuk vendosin m\u00eb p\u00ebr \u00e7\u00ebshtjen- partit\u00eb shqiptare &#8211; komuna&#8230; , se kush- \u00a0ku voton, \u00a0por vet\u00ebvendos\u00a0 policia ..?!<\/p>\n<p><a href=\"http:\/\/www.visit-ulcinj.com\/blog\/wp-content\/uploads\/2016\/08\/Gjeka-Hajdinaga.jpg\"><img loading=\"lazy\" class=\"alignleft wp-image-99070\" src=\"http:\/\/www.visit-ulcinj.com\/blog\/wp-content\/uploads\/2016\/08\/Gjeka-Hajdinaga.jpg\" alt=\"Gjeka-Hajdinaga\" width=\"508\" height=\"337\" srcset=\"https:\/\/www.visit-ulcinj.com\/blog\/wp-content\/uploads\/2016\/08\/Gjeka-Hajdinaga.jpg 810w, https:\/\/www.visit-ulcinj.com\/blog\/wp-content\/uploads\/2016\/08\/Gjeka-Hajdinaga-300x199.jpg 300w, https:\/\/www.visit-ulcinj.com\/blog\/wp-content\/uploads\/2016\/08\/Gjeka-Hajdinaga-768x510.jpg 768w\" sizes=\"(max-width: 508px) 100vw, 508px\" \/><\/a><\/p>\n<p>Andaj \u00a0pasi partit\u00eb shqiptare\u00a0 nuk po e zbulojn\u00eb k\u00ebt\u00eb &#8211; shihet se\u00a0 ia lan\u00eb komisionit ta thon\u00eb dhe \u00a0p\u00ebr t\u00eb mos e marr\u00eb vesh ju , ashtu kot \u2013dit\u00ebn e votimit , se nuk votoni \u00a0m\u00eb aty ku jetoni e keni votuar deri m\u00eb tash, por diku tjet\u00ebr dhe t\u00eb \u00e7oni dor\u00eb fare nga votimi&#8230;.?! Po na takon\u00a0 ta\u00a0 themi neve \u00a0k\u00ebt\u00eb \u00e7\u00ebshtje , andaj mos thoni se nuk e keni ditur..?!<\/p>\n<p>P\u00ebrflitet\u00a0 se policia prej (pa)\u00a0 dijes s\u00eb madhe , q\u00eb ka n\u00eb k\u00ebt\u00eb pun\u00eb me listat zgjedhore, \u00a0dy \u2013tri mij\u00eb votuesve n\u00eb komun\u00eb iu ka nd\u00ebrruar vendvotimin&#8230;?!<\/p>\n<p>Thjesht\u00eb &#8211; K\u00ebsaj radhe\u00a0 , trikave \u00a0t\u00eb KQZ-s\u00eb, do tu shtohen edhe trikat politiko policore, e q\u00eb kan\u00eb p\u00ebr q\u00ebllim t\u00eb fusin huti te zgjedh\u00ebsit \u201c e pabesuesh\u00ebm\u201d duke iu nd\u00ebrruar vendvotimin e p\u00ebr t\u2019i b\u00ebr\u00eb t\u00eb \u00e7ojn\u00eb dor\u00eb nga procesi i votimit<strong><em>.<\/em><\/strong><\/p>\n<p><strong><em>Thjesht p.sh. vendvotimi Kryth\u00eb i An\u00ebs s\u00eb Malit- si krahin\u00eb me mentalitet konservativ \u2013 q\u00eb nuk nd\u00ebrron shpesh parti. K\u00ebto t\u00eb Kryth\u00ebs\u00a0 q\u00eb preferojn\u00eb t\u00eb ren\u00eb, mund t\u2019i ken\u00eb ngat\u00ebrruar- p\u00ebrzier\u00a0 n\u00eb votim, me votues t\u00eb \u00a0Kryth\u00ebs s\u00eb Ulqinit&#8230;?!<\/em><\/strong><\/p>\n<p><strong><em>\u00a0Ose psh. familja ime q\u00eb tradicionalisht , voton kund\u00ebr DPS-s\u00eb dhe p\u00ebrkrah opsionet e reja politike shqiptare, mund t\u00eb ngjaj\u00eb , q\u00eb \u00a0p.sh, bashk\u00ebshortja \u2013 t\u00eb\u00a0 votoj diku n\u00eb Ulqin, f\u00ebmija n\u00eb Kat\u00ebrkoll\u00eb , kur se un\u00eb \u2013 diku n\u00eb Shtoj..?!!<\/em><\/strong><\/p>\n<p><strong><em><u>Prandaj \u2013 po e p\u00ebrs\u00ebris, u pa\u00e7a n\u00eb qaf\u00eb \u00a0un\u00eb kur them, q\u00eb \u00a0n\u00eb k\u00ebto zgjedhje: dilni masovikisht n\u00eb votime dhe anuloni vot\u00ebn, \u00a0duke shp\u00ebtuar veten dhe t\u00eb ardhmen\u00a0 e f\u00ebmij\u00ebve tuaj&#8230;.?!!<\/u><\/em><\/strong><\/p>\n<p><strong><em><u>P\u00ebr fund- Sikur\u00a0 policia t\u00eb mos kish dashur t\u00eb ket\u00eb l\u00ebshime dhe amulli zgjedhore, kur e mori pun\u00ebn e listave zgjedhore- ka mundur q\u00eb bashk\u00eb me pun\u00ebn e listave zgjedhore- t\u00eb marr\u00eb edhe pun\u00ebtor\u00ebt e komun\u00ebs\u00a0 t\u00eb cil\u00ebt e \u00a0punuan dhe e njohin \u00a0k\u00ebt\u00eb pun\u00eb- \u00a0POR JO , \u00a0\u00a0k\u00ebta ia lan\u00eb komun\u00ebs dhe shum\u00eb leht\u00eb kan\u00eb mundur t\u00eb shpall\u00ebn \u00a0edhe TEPRIC\u00cb TEKNOLOGJIKE&#8230;, po t\u00eb ish n\u00eb pyetje policia?!!!<\/u><\/em><\/strong><\/p>\n","protected":false},"excerpt":{"rendered":"<p>Muhamet Nika \u201c\u2026.Komisioni komunal zgjedhor (KKZ) ka apeluar tek t\u00eb gjith\u00eb qytetar\u00ebt q\u00eb t\u00eb drejtohen pran\u00eb Filialit t\u00eb Ministris\u00eb s\u00eb Pun\u00ebve t\u00eb Brendshme (MPB) n\u00eb Ulqin p\u00ebr verifikim t\u00eb regjistrit t\u00eb votimit dhe vendvotimit. Kjo, si\u00e7 theksohet, \u00ebsht\u00eb e nevojshme n\u00eb m\u00ebnyr\u00eb q\u00eb t\u00eb din\u00eb sakt\u00eb ku do t\u00eb votojn\u00eb n\u00eb zgjedhjet parlamentare t\u00eb cil\u00ebt [&hellip;]<\/p>\n","protected":false},"author":1,"featured_media":0,"comment_status":"closed","ping_status":"closed","sticky":false,"template":"","format":"standard","meta":{"spay_email":"","jetpack_publicize_message":"","jetpack_is_tweetstorm":false,"jetpack_publicize_feature_enabled":true},"categories":[14249],"tags":[],"jetpack_publicize_connections":[],"yoast_head":"<!-- This site is optimized with the Yoast SEO plugin v19.1 - https:\/\/yoast.com\/wordpress\/plugins\/seo\/ -->\n<title>Nika: Zgjedhjet partlamentare - 2016: \u201c Ka lujt puna...?! - Lajme nga Ulqini<\/title>\n<meta name=\"description\" content=\"Muhamet Nika \u201c\u2026.Komisioni komunal zgjedhor (KKZ) ka apeluar tek t\u00eb gjith\u00eb qytetar\u00ebt q\u00eb t\u00eb drejtohen pran\u00eb Filialit t\u00eb Ministris\u00eb s\u00eb Pun\u00ebve t\u00eb Brendshme\" \/>\n<meta name=\"robots\" content=\"index, follow, max-snippet:-1, max-image-preview:large, max-video-preview:-1\" \/>\n<link rel=\"canonical\" href=\"https:\/\/www.visit-ulcinj.com\/blog\/2016\/08\/20\/nika-zgjedhjet-partlamentare-2016-ka-lujt-puna\/\" \/>\n<meta property=\"og:locale\" content=\"en_US\" \/>\n<meta property=\"og:type\" content=\"article\" \/>\n<meta property=\"og:title\" content=\"Nika: Zgjedhjet partlamentare - 2016: \u201c Ka lujt puna...?! - Lajme nga Ulqini\" \/>\n<meta property=\"og:description\" content=\"Muhamet Nika \u201c\u2026.Komisioni komunal zgjedhor (KKZ) ka apeluar tek t\u00eb gjith\u00eb qytetar\u00ebt q\u00eb t\u00eb drejtohen pran\u00eb Filialit t\u00eb Ministris\u00eb s\u00eb Pun\u00ebve t\u00eb Brendshme\" \/>\n<meta property=\"og:url\" content=\"https:\/\/www.visit-ulcinj.com\/blog\/2016\/08\/20\/nika-zgjedhjet-partlamentare-2016-ka-lujt-puna\/\" \/>\n<meta property=\"og:site_name\" content=\"Lajme nga Ulqini\" \/>\n<meta property=\"article:published_time\" content=\"2016-08-20T06:40:10+00:00\" \/>\n<meta property=\"article:modified_time\" content=\"2016-08-20T17:48:30+00:00\" \/>\n<meta property=\"og:image\" content=\"http:\/\/www.visit-ulcinj.com\/blog\/wp-content\/uploads\/2016\/08\/Ispravka-obavjestenja-Glasanja.jpg\" \/>\n<meta name=\"twitter:label1\" content=\"Written by\" \/>\n\t<meta name=\"twitter:data1\" content=\"ulqini\" \/>\n\t<meta name=\"twitter:label2\" content=\"Est. reading time\" \/>\n\t<meta name=\"twitter:data2\" content=\"3 minutes\" \/>\n<script type=\"application\/ld+json\" class=\"yoast-schema-graph\">{\"@context\":\"https:\/\/schema.org\",\"@graph\":[{\"@type\":\"WebSite\",\"@id\":\"https:\/\/www.visit-ulcinj.com\/blog\/#website\",\"url\":\"https:\/\/www.visit-ulcinj.com\/blog\/\",\"name\":\"Lajme nga Ulqini\",\"description\":\"Lajme,Vijesti,Ulqini,Ulqin,Crna Gora,Mali i Zi\",\"potentialAction\":[{\"@type\":\"SearchAction\",\"target\":{\"@type\":\"EntryPoint\",\"urlTemplate\":\"https:\/\/www.visit-ulcinj.com\/blog\/?s={search_term_string}\"},\"query-input\":\"required name=search_term_string\"}],\"inLanguage\":\"en-US\"},{\"@type\":\"ImageObject\",\"inLanguage\":\"en-US\",\"@id\":\"https:\/\/www.visit-ulcinj.com\/blog\/2016\/08\/20\/nika-zgjedhjet-partlamentare-2016-ka-lujt-puna\/#primaryimage\",\"url\":\"https:\/\/www.visit-ulcinj.com\/blog\/wp-content\/uploads\/2016\/08\/Ispravka-obavjestenja-Glasanja.jpg\",\"contentUrl\":\"https:\/\/www.visit-ulcinj.com\/blog\/wp-content\/uploads\/2016\/08\/Ispravka-obavjestenja-Glasanja.jpg\",\"width\":999,\"height\":1022},{\"@type\":\"WebPage\",\"@id\":\"https:\/\/www.visit-ulcinj.com\/blog\/2016\/08\/20\/nika-zgjedhjet-partlamentare-2016-ka-lujt-puna\/#webpage\",\"url\":\"https:\/\/www.visit-ulcinj.com\/blog\/2016\/08\/20\/nika-zgjedhjet-partlamentare-2016-ka-lujt-puna\/\",\"name\":\"Nika: Zgjedhjet partlamentare - 2016: \u201c Ka lujt puna...?! - Lajme nga Ulqini\",\"isPartOf\":{\"@id\":\"https:\/\/www.visit-ulcinj.com\/blog\/#website\"},\"primaryImageOfPage\":{\"@id\":\"https:\/\/www.visit-ulcinj.com\/blog\/2016\/08\/20\/nika-zgjedhjet-partlamentare-2016-ka-lujt-puna\/#primaryimage\"},\"datePublished\":\"2016-08-20T06:40:10+00:00\",\"dateModified\":\"2016-08-20T17:48:30+00:00\",\"author\":{\"@id\":\"https:\/\/www.visit-ulcinj.com\/blog\/#\/schema\/person\/dcab619c614d3038751c63bc2aadc06d\"},\"description\":\"Muhamet Nika \u201c\u2026.Komisioni komunal zgjedhor (KKZ) ka apeluar tek t\u00eb gjith\u00eb qytetar\u00ebt q\u00eb t\u00eb drejtohen pran\u00eb Filialit t\u00eb Ministris\u00eb s\u00eb Pun\u00ebve t\u00eb Brendshme\",\"breadcrumb\":{\"@id\":\"https:\/\/www.visit-ulcinj.com\/blog\/2016\/08\/20\/nika-zgjedhjet-partlamentare-2016-ka-lujt-puna\/#breadcrumb\"},\"inLanguage\":\"en-US\",\"potentialAction\":[{\"@type\":\"ReadAction\",\"target\":[\"https:\/\/www.visit-ulcinj.com\/blog\/2016\/08\/20\/nika-zgjedhjet-partlamentare-2016-ka-lujt-puna\/\"]}]},{\"@type\":\"BreadcrumbList\",\"@id\":\"https:\/\/www.visit-ulcinj.com\/blog\/2016\/08\/20\/nika-zgjedhjet-partlamentare-2016-ka-lujt-puna\/#breadcrumb\",\"itemListElement\":[{\"@type\":\"ListItem\",\"position\":1,\"name\":\"Nika: Zgjedhjet partlamentare &#8211; 2016: \u201c Ka lujt puna&#8230;?!\"}]},{\"@type\":\"Person\",\"@id\":\"https:\/\/www.visit-ulcinj.com\/blog\/#\/schema\/person\/dcab619c614d3038751c63bc2aadc06d\",\"name\":\"ulqini\",\"sameAs\":[\"http:\/\/www.visit-ulcinj.com\"],\"url\":\"https:\/\/www.visit-ulcinj.com\/blog\/author\/admin\/\"}]}<\/script>\n<!-- \/ Yoast SEO plugin. -->","yoast_head_json":{"title":"Nika: Zgjedhjet partlamentare - 2016: \u201c Ka lujt puna...?! - Lajme nga Ulqini","description":"Muhamet Nika \u201c\u2026.Komisioni komunal zgjedhor (KKZ) ka apeluar tek t\u00eb gjith\u00eb qytetar\u00ebt q\u00eb t\u00eb drejtohen pran\u00eb Filialit t\u00eb Ministris\u00eb s\u00eb Pun\u00ebve t\u00eb Brendshme","robots":{"index":"index","follow":"follow","max-snippet":"max-snippet:-1","max-image-preview":"max-image-preview:large","max-video-preview":"max-video-preview:-1"},"canonical":"https:\/\/www.visit-ulcinj.com\/blog\/2016\/08\/20\/nika-zgjedhjet-partlamentare-2016-ka-lujt-puna\/","og_locale":"en_US","og_type":"article","og_title":"Nika: Zgjedhjet partlamentare - 2016: \u201c Ka lujt puna...?! - Lajme nga Ulqini","og_description":"Muhamet Nika \u201c\u2026.Komisioni komunal zgjedhor (KKZ) ka apeluar tek t\u00eb gjith\u00eb qytetar\u00ebt q\u00eb t\u00eb drejtohen pran\u00eb Filialit t\u00eb Ministris\u00eb s\u00eb Pun\u00ebve t\u00eb Brendshme","og_url":"https:\/\/www.visit-ulcinj.com\/blog\/2016\/08\/20\/nika-zgjedhjet-partlamentare-2016-ka-lujt-puna\/","og_site_name":"Lajme nga Ulqini","article_published_time":"2016-08-20T06:40:10+00:00","article_modified_time":"2016-08-20T17:48:30+00:00","og_image":[{"url":"http:\/\/www.visit-ulcinj.com\/blog\/wp-content\/uploads\/2016\/08\/Ispravka-obavjestenja-Glasanja.jpg"}],"twitter_misc":{"Written by":"ulqini","Est. reading time":"3 minutes"},"schema":{"@context":"https:\/\/schema.org","@graph":[{"@type":"WebSite","@id":"https:\/\/www.visit-ulcinj.com\/blog\/#website","url":"https:\/\/www.visit-ulcinj.com\/blog\/","name":"Lajme nga Ulqini","description":"Lajme,Vijesti,Ulqini,Ulqin,Crna Gora,Mali i Zi","potentialAction":[{"@type":"SearchAction","target":{"@type":"EntryPoint","urlTemplate":"https:\/\/www.visit-ulcinj.com\/blog\/?s={search_term_string}"},"query-input":"required name=search_term_string"}],"inLanguage":"en-US"},{"@type":"ImageObject","inLanguage":"en-US","@id":"https:\/\/www.visit-ulcinj.com\/blog\/2016\/08\/20\/nika-zgjedhjet-partlamentare-2016-ka-lujt-puna\/#primaryimage","url":"https:\/\/www.visit-ulcinj.com\/blog\/wp-content\/uploads\/2016\/08\/Ispravka-obavjestenja-Glasanja.jpg","contentUrl":"https:\/\/www.visit-ulcinj.com\/blog\/wp-content\/uploads\/2016\/08\/Ispravka-obavjestenja-Glasanja.jpg","width":999,"height":1022},{"@type":"WebPage","@id":"https:\/\/www.visit-ulcinj.com\/blog\/2016\/08\/20\/nika-zgjedhjet-partlamentare-2016-ka-lujt-puna\/#webpage","url":"https:\/\/www.visit-ulcinj.com\/blog\/2016\/08\/20\/nika-zgjedhjet-partlamentare-2016-ka-lujt-puna\/","name":"Nika: Zgjedhjet partlamentare - 2016: \u201c Ka lujt puna...?! - Lajme nga Ulqini","isPartOf":{"@id":"https:\/\/www.visit-ulcinj.com\/blog\/#website"},"primaryImageOfPage":{"@id":"https:\/\/www.visit-ulcinj.com\/blog\/2016\/08\/20\/nika-zgjedhjet-partlamentare-2016-ka-lujt-puna\/#primaryimage"},"datePublished":"2016-08-20T06:40:10+00:00","dateModified":"2016-08-20T17:48:30+00:00","author":{"@id":"https:\/\/www.visit-ulcinj.com\/blog\/#\/schema\/person\/dcab619c614d3038751c63bc2aadc06d"},"description":"Muhamet Nika \u201c\u2026.Komisioni komunal zgjedhor (KKZ) ka apeluar tek t\u00eb gjith\u00eb qytetar\u00ebt q\u00eb t\u00eb drejtohen pran\u00eb Filialit t\u00eb Ministris\u00eb s\u00eb Pun\u00ebve t\u00eb Brendshme","breadcrumb":{"@id":"https:\/\/www.visit-ulcinj.com\/blog\/2016\/08\/20\/nika-zgjedhjet-partlamentare-2016-ka-lujt-puna\/#breadcrumb"},"inLanguage":"en-US","potentialAction":[{"@type":"ReadAction","target":["https:\/\/www.visit-ulcinj.com\/blog\/2016\/08\/20\/nika-zgjedhjet-partlamentare-2016-ka-lujt-puna\/"]}]},{"@type":"BreadcrumbList","@id":"https:\/\/www.visit-ulcinj.com\/blog\/2016\/08\/20\/nika-zgjedhjet-partlamentare-2016-ka-lujt-puna\/#breadcrumb","itemListElement":[{"@type":"ListItem","position":1,"name":"Nika: Zgjedhjet partlamentare &#8211; 2016: \u201c Ka lujt puna&#8230;?!"}]},{"@type":"Person","@id":"https:\/\/www.visit-ulcinj.com\/blog\/#\/schema\/person\/dcab619c614d3038751c63bc2aadc06d","name":"ulqini","sameAs":["http:\/\/www.visit-ulcinj.com"],"url":"https:\/\/www.visit-ulcinj.com\/blog\/author\/admin\/"}]}},"jetpack_featured_media_url":"","jetpack_sharing_enabled":true,"jetpack_shortlink":"https:\/\/wp.me\/pe6lTn-pMU","_links":{"self":[{"href":"https:\/\/www.visit-ulcinj.com\/blog\/wp-json\/wp\/v2\/posts\/99132"}],"collection":[{"href":"https:\/\/www.visit-ulcinj.com\/blog\/wp-json\/wp\/v2\/posts"}],"about":[{"href":"https:\/\/www.visit-ulcinj.com\/blog\/wp-json\/wp\/v2\/types\/post"}],"author":[{"embeddable":true,"href":"https:\/\/www.visit-ulcinj.com\/blog\/wp-json\/wp\/v2\/users\/1"}],"replies":[{"embeddable":true,"href":"https:\/\/www.visit-ulcinj.com\/blog\/wp-json\/wp\/v2\/comments?post=99132"}],"version-history":[{"count":1,"href":"https:\/\/www.visit-ulcinj.com\/blog\/wp-json\/wp\/v2\/posts\/99132\/revisions"}],"predecessor-version":[{"id":99134,"href":"https:\/\/www.visit-ulcinj.com\/blog\/wp-json\/wp\/v2\/posts\/99132\/revisions\/99134"}],"wp:attachment":[{"href":"https:\/\/www.visit-ulcinj.com\/blog\/wp-json\/wp\/v2\/media?parent=99132"}],"wp:term":[{"taxonomy":"category","embeddable":true,"href":"https:\/\/www.visit-ulcinj.com\/blog\/wp-json\/wp\/v2\/categories?post=99132"},{"taxonomy":"post_tag","embeddable":true,"href":"https:\/\/www.visit-ulcinj.com\/blog\/wp-json\/wp\/v2\/tags?post=99132"}],"curies":[{"name":"wp","href":"https:\/\/api.w.org\/{rel}","templated":true}]}}