{"id":99135,"date":"2016-08-20T07:48:47","date_gmt":"2016-08-20T06:48:47","guid":{"rendered":"http:\/\/www.visit-ulcinj.com\/blog\/?p=99135"},"modified":"2016-08-20T17:49:04","modified_gmt":"2016-08-20T16:49:04","slug":"jep-doreheqje-beci-kontrollori-komunes-levizjes-ura","status":"publish","type":"post","link":"https:\/\/www.visit-ulcinj.com\/blog\/2016\/08\/20\/jep-doreheqje-beci-kontrollori-komunes-levizjes-ura\/","title":{"rendered":"Jep dor\u00ebheqje Beci, Kontrollori i Komun\u00ebs i L\u00ebvizjes &#8220;URA&#8221;"},"content":{"rendered":"<p><a href=\"http:\/\/www.visit-ulcinj.com\/blog\/wp-content\/uploads\/2016\/01\/Safet-Beci-zyra-ne-komun-ulqin.jpg\"><img loading=\"lazy\" class=\"alignleft wp-image-94148\" src=\"http:\/\/www.visit-ulcinj.com\/blog\/wp-content\/uploads\/2016\/01\/Safet-Beci-zyra-ne-komun-ulqin.jpg\" alt=\"Safet-Beci-zyra-ne-komun-ulqin\" width=\"508\" height=\"346\" srcset=\"https:\/\/www.visit-ulcinj.com\/blog\/wp-content\/uploads\/2016\/01\/Safet-Beci-zyra-ne-komun-ulqin.jpg 852w, https:\/\/www.visit-ulcinj.com\/blog\/wp-content\/uploads\/2016\/01\/Safet-Beci-zyra-ne-komun-ulqin-300x205.jpg 300w\" sizes=\"(max-width: 508px) 100vw, 508px\" \/><\/a><strong>Safet Beci ka dor\u00ebzuar dor\u00ebheqjen e tij nga funksioni i Kontrollorit n\u00eb Komun\u00eb t\u00eb Ulqinit.<\/strong><\/p>\n<p>Kontrollori n\u00eb Komun\u00eb t\u00eb Ulqinit nga radh\u00ebt e opozit\u00ebs Safet Beci ka dh\u00ebn\u00eb sot dor\u00ebheqje n\u00eb k\u00ebt\u00eb funksion, raporton\u00a0 Portali Ul-info.<\/p>\n<p>Nga L\u00ebvizja qytetare URA m\u00eb her\u00ebt \u00ebsht\u00eb paralajm\u00ebruar se kontrollor\u00ebt nga radh\u00ebt e tyre deri n\u00eb fund t\u00eb k\u00ebsaj jave do t\u00eb japin dor\u00ebheqje nga funksionet e veta n\u00eb t\u00eb cil\u00ebt u zgjodh\u00ebn n\u00eb baz\u00eb t\u00eb marr\u00ebveshjes p\u00ebr formimin e Qeveris\u00eb s\u00eb besimit zgjedhor.<\/p>\n<p>P\u00ebrndryshe, Beci \u00ebsht\u00eb an\u00ebtar\u00eb i K\u00ebshillit qendror dhe atij komunal t\u00eb LQ URA.<\/p>\n","protected":false},"excerpt":{"rendered":"<p>Safet Beci ka dor\u00ebzuar dor\u00ebheqjen e tij nga funksioni i Kontrollorit n\u00eb Komun\u00eb t\u00eb Ulqinit. Kontrollori n\u00eb Komun\u00eb t\u00eb Ulqinit nga radh\u00ebt e opozit\u00ebs Safet Beci ka dh\u00ebn\u00eb sot dor\u00ebheqje n\u00eb k\u00ebt\u00eb funksion, raporton\u00a0 Portali Ul-info. Nga L\u00ebvizja qytetare URA m\u00eb her\u00ebt \u00ebsht\u00eb paralajm\u00ebruar se kontrollor\u00ebt nga radh\u00ebt e tyre deri n\u00eb fund t\u00eb k\u00ebsaj [&hellip;]<\/p>\n","protected":false},"author":1,"featured_media":0,"comment_status":"closed","ping_status":"closed","sticky":false,"template":"","format":"standard","meta":{"spay_email":"","jetpack_publicize_message":"","jetpack_is_tweetstorm":false,"jetpack_publicize_feature_enabled":true},"categories":[1,11],"tags":[],"jetpack_publicize_connections":[],"yoast_head":"<!-- This site is optimized with the Yoast SEO plugin v19.1 - https:\/\/yoast.com\/wordpress\/plugins\/seo\/ -->\n<title>Jep dor\u00ebheqje Beci, Kontrollori i Komun\u00ebs i L\u00ebvizjes &quot;URA&quot; - Lajme nga Ulqini<\/title>\n<meta name=\"description\" content=\"Safet Beci ka dor\u00ebzuar dor\u00ebheqjen e tij nga funksioni i Kontrollorit n\u00eb Komun\u00eb t\u00eb Ulqinit. Kontrollori n\u00eb Komun\u00eb t\u00eb Ulqinit nga radh\u00ebt e opozit\u00ebs Safet\" \/>\n<meta name=\"robots\" content=\"index, follow, max-snippet:-1, max-image-preview:large, max-video-preview:-1\" \/>\n<link rel=\"canonical\" href=\"https:\/\/www.visit-ulcinj.com\/blog\/2016\/08\/20\/jep-doreheqje-beci-kontrollori-komunes-levizjes-ura\/\" \/>\n<meta property=\"og:locale\" content=\"en_US\" \/>\n<meta property=\"og:type\" content=\"article\" \/>\n<meta property=\"og:title\" content=\"Jep dor\u00ebheqje Beci, Kontrollori i Komun\u00ebs i L\u00ebvizjes &quot;URA&quot; - Lajme nga Ulqini\" \/>\n<meta property=\"og:description\" content=\"Safet Beci ka dor\u00ebzuar dor\u00ebheqjen e tij nga funksioni i Kontrollorit n\u00eb Komun\u00eb t\u00eb Ulqinit. Kontrollori n\u00eb Komun\u00eb t\u00eb Ulqinit nga radh\u00ebt e opozit\u00ebs Safet\" \/>\n<meta property=\"og:url\" content=\"https:\/\/www.visit-ulcinj.com\/blog\/2016\/08\/20\/jep-doreheqje-beci-kontrollori-komunes-levizjes-ura\/\" \/>\n<meta property=\"og:site_name\" content=\"Lajme nga Ulqini\" \/>\n<meta property=\"article:published_time\" content=\"2016-08-20T06:48:47+00:00\" \/>\n<meta property=\"article:modified_time\" content=\"2016-08-20T16:49:04+00:00\" \/>\n<meta property=\"og:image\" content=\"http:\/\/www.visit-ulcinj.com\/blog\/wp-content\/uploads\/2016\/01\/Safet-Beci-zyra-ne-komun-ulqin.jpg\" \/>\n<meta name=\"twitter:label1\" content=\"Written by\" \/>\n\t<meta name=\"twitter:data1\" content=\"ulqini\" \/>\n\t<meta name=\"twitter:label2\" content=\"Est. reading time\" \/>\n\t<meta name=\"twitter:data2\" content=\"1 minute\" \/>\n<script type=\"application\/ld+json\" class=\"yoast-schema-graph\">{\"@context\":\"https:\/\/schema.org\",\"@graph\":[{\"@type\":\"WebSite\",\"@id\":\"https:\/\/www.visit-ulcinj.com\/blog\/#website\",\"url\":\"https:\/\/www.visit-ulcinj.com\/blog\/\",\"name\":\"Lajme nga Ulqini\",\"description\":\"Lajme,Vijesti,Ulqini,Ulqin,Crna Gora,Mali i Zi\",\"potentialAction\":[{\"@type\":\"SearchAction\",\"target\":{\"@type\":\"EntryPoint\",\"urlTemplate\":\"https:\/\/www.visit-ulcinj.com\/blog\/?s={search_term_string}\"},\"query-input\":\"required name=search_term_string\"}],\"inLanguage\":\"en-US\"},{\"@type\":\"ImageObject\",\"inLanguage\":\"en-US\",\"@id\":\"https:\/\/www.visit-ulcinj.com\/blog\/2016\/08\/20\/jep-doreheqje-beci-kontrollori-komunes-levizjes-ura\/#primaryimage\",\"url\":\"https:\/\/www.visit-ulcinj.com\/blog\/wp-content\/uploads\/2016\/01\/Safet-Beci-zyra-ne-komun-ulqin.jpg\",\"contentUrl\":\"https:\/\/www.visit-ulcinj.com\/blog\/wp-content\/uploads\/2016\/01\/Safet-Beci-zyra-ne-komun-ulqin.jpg\",\"width\":852,\"height\":581},{\"@type\":\"WebPage\",\"@id\":\"https:\/\/www.visit-ulcinj.com\/blog\/2016\/08\/20\/jep-doreheqje-beci-kontrollori-komunes-levizjes-ura\/#webpage\",\"url\":\"https:\/\/www.visit-ulcinj.com\/blog\/2016\/08\/20\/jep-doreheqje-beci-kontrollori-komunes-levizjes-ura\/\",\"name\":\"Jep dor\u00ebheqje Beci, Kontrollori i Komun\u00ebs i L\u00ebvizjes \\\"URA\\\" - Lajme nga Ulqini\",\"isPartOf\":{\"@id\":\"https:\/\/www.visit-ulcinj.com\/blog\/#website\"},\"primaryImageOfPage\":{\"@id\":\"https:\/\/www.visit-ulcinj.com\/blog\/2016\/08\/20\/jep-doreheqje-beci-kontrollori-komunes-levizjes-ura\/#primaryimage\"},\"datePublished\":\"2016-08-20T06:48:47+00:00\",\"dateModified\":\"2016-08-20T16:49:04+00:00\",\"author\":{\"@id\":\"https:\/\/www.visit-ulcinj.com\/blog\/#\/schema\/person\/dcab619c614d3038751c63bc2aadc06d\"},\"description\":\"Safet Beci ka dor\u00ebzuar dor\u00ebheqjen e tij nga funksioni i Kontrollorit n\u00eb Komun\u00eb t\u00eb Ulqinit. Kontrollori n\u00eb Komun\u00eb t\u00eb Ulqinit nga radh\u00ebt e opozit\u00ebs Safet\",\"breadcrumb\":{\"@id\":\"https:\/\/www.visit-ulcinj.com\/blog\/2016\/08\/20\/jep-doreheqje-beci-kontrollori-komunes-levizjes-ura\/#breadcrumb\"},\"inLanguage\":\"en-US\",\"potentialAction\":[{\"@type\":\"ReadAction\",\"target\":[\"https:\/\/www.visit-ulcinj.com\/blog\/2016\/08\/20\/jep-doreheqje-beci-kontrollori-komunes-levizjes-ura\/\"]}]},{\"@type\":\"BreadcrumbList\",\"@id\":\"https:\/\/www.visit-ulcinj.com\/blog\/2016\/08\/20\/jep-doreheqje-beci-kontrollori-komunes-levizjes-ura\/#breadcrumb\",\"itemListElement\":[{\"@type\":\"ListItem\",\"position\":1,\"name\":\"Jep dor\u00ebheqje Beci, Kontrollori i Komun\u00ebs i L\u00ebvizjes &#8220;URA&#8221;\"}]},{\"@type\":\"Person\",\"@id\":\"https:\/\/www.visit-ulcinj.com\/blog\/#\/schema\/person\/dcab619c614d3038751c63bc2aadc06d\",\"name\":\"ulqini\",\"sameAs\":[\"http:\/\/www.visit-ulcinj.com\"],\"url\":\"https:\/\/www.visit-ulcinj.com\/blog\/author\/admin\/\"}]}<\/script>\n<!-- \/ Yoast SEO plugin. -->","yoast_head_json":{"title":"Jep dor\u00ebheqje Beci, Kontrollori i Komun\u00ebs i L\u00ebvizjes \"URA\" - Lajme nga Ulqini","description":"Safet Beci ka dor\u00ebzuar dor\u00ebheqjen e tij nga funksioni i Kontrollorit n\u00eb Komun\u00eb t\u00eb Ulqinit. Kontrollori n\u00eb Komun\u00eb t\u00eb Ulqinit nga radh\u00ebt e opozit\u00ebs Safet","robots":{"index":"index","follow":"follow","max-snippet":"max-snippet:-1","max-image-preview":"max-image-preview:large","max-video-preview":"max-video-preview:-1"},"canonical":"https:\/\/www.visit-ulcinj.com\/blog\/2016\/08\/20\/jep-doreheqje-beci-kontrollori-komunes-levizjes-ura\/","og_locale":"en_US","og_type":"article","og_title":"Jep dor\u00ebheqje Beci, Kontrollori i Komun\u00ebs i L\u00ebvizjes \"URA\" - Lajme nga Ulqini","og_description":"Safet Beci ka dor\u00ebzuar dor\u00ebheqjen e tij nga funksioni i Kontrollorit n\u00eb Komun\u00eb t\u00eb Ulqinit. Kontrollori n\u00eb Komun\u00eb t\u00eb Ulqinit nga radh\u00ebt e opozit\u00ebs Safet","og_url":"https:\/\/www.visit-ulcinj.com\/blog\/2016\/08\/20\/jep-doreheqje-beci-kontrollori-komunes-levizjes-ura\/","og_site_name":"Lajme nga Ulqini","article_published_time":"2016-08-20T06:48:47+00:00","article_modified_time":"2016-08-20T16:49:04+00:00","og_image":[{"url":"http:\/\/www.visit-ulcinj.com\/blog\/wp-content\/uploads\/2016\/01\/Safet-Beci-zyra-ne-komun-ulqin.jpg"}],"twitter_misc":{"Written by":"ulqini","Est. reading time":"1 minute"},"schema":{"@context":"https:\/\/schema.org","@graph":[{"@type":"WebSite","@id":"https:\/\/www.visit-ulcinj.com\/blog\/#website","url":"https:\/\/www.visit-ulcinj.com\/blog\/","name":"Lajme nga Ulqini","description":"Lajme,Vijesti,Ulqini,Ulqin,Crna Gora,Mali i Zi","potentialAction":[{"@type":"SearchAction","target":{"@type":"EntryPoint","urlTemplate":"https:\/\/www.visit-ulcinj.com\/blog\/?s={search_term_string}"},"query-input":"required name=search_term_string"}],"inLanguage":"en-US"},{"@type":"ImageObject","inLanguage":"en-US","@id":"https:\/\/www.visit-ulcinj.com\/blog\/2016\/08\/20\/jep-doreheqje-beci-kontrollori-komunes-levizjes-ura\/#primaryimage","url":"https:\/\/www.visit-ulcinj.com\/blog\/wp-content\/uploads\/2016\/01\/Safet-Beci-zyra-ne-komun-ulqin.jpg","contentUrl":"https:\/\/www.visit-ulcinj.com\/blog\/wp-content\/uploads\/2016\/01\/Safet-Beci-zyra-ne-komun-ulqin.jpg","width":852,"height":581},{"@type":"WebPage","@id":"https:\/\/www.visit-ulcinj.com\/blog\/2016\/08\/20\/jep-doreheqje-beci-kontrollori-komunes-levizjes-ura\/#webpage","url":"https:\/\/www.visit-ulcinj.com\/blog\/2016\/08\/20\/jep-doreheqje-beci-kontrollori-komunes-levizjes-ura\/","name":"Jep dor\u00ebheqje Beci, Kontrollori i Komun\u00ebs i L\u00ebvizjes \"URA\" - Lajme nga Ulqini","isPartOf":{"@id":"https:\/\/www.visit-ulcinj.com\/blog\/#website"},"primaryImageOfPage":{"@id":"https:\/\/www.visit-ulcinj.com\/blog\/2016\/08\/20\/jep-doreheqje-beci-kontrollori-komunes-levizjes-ura\/#primaryimage"},"datePublished":"2016-08-20T06:48:47+00:00","dateModified":"2016-08-20T16:49:04+00:00","author":{"@id":"https:\/\/www.visit-ulcinj.com\/blog\/#\/schema\/person\/dcab619c614d3038751c63bc2aadc06d"},"description":"Safet Beci ka dor\u00ebzuar dor\u00ebheqjen e tij nga funksioni i Kontrollorit n\u00eb Komun\u00eb t\u00eb Ulqinit. Kontrollori n\u00eb Komun\u00eb t\u00eb Ulqinit nga radh\u00ebt e opozit\u00ebs Safet","breadcrumb":{"@id":"https:\/\/www.visit-ulcinj.com\/blog\/2016\/08\/20\/jep-doreheqje-beci-kontrollori-komunes-levizjes-ura\/#breadcrumb"},"inLanguage":"en-US","potentialAction":[{"@type":"ReadAction","target":["https:\/\/www.visit-ulcinj.com\/blog\/2016\/08\/20\/jep-doreheqje-beci-kontrollori-komunes-levizjes-ura\/"]}]},{"@type":"BreadcrumbList","@id":"https:\/\/www.visit-ulcinj.com\/blog\/2016\/08\/20\/jep-doreheqje-beci-kontrollori-komunes-levizjes-ura\/#breadcrumb","itemListElement":[{"@type":"ListItem","position":1,"name":"Jep dor\u00ebheqje Beci, Kontrollori i Komun\u00ebs i L\u00ebvizjes &#8220;URA&#8221;"}]},{"@type":"Person","@id":"https:\/\/www.visit-ulcinj.com\/blog\/#\/schema\/person\/dcab619c614d3038751c63bc2aadc06d","name":"ulqini","sameAs":["http:\/\/www.visit-ulcinj.com"],"url":"https:\/\/www.visit-ulcinj.com\/blog\/author\/admin\/"}]}},"jetpack_featured_media_url":"","jetpack_sharing_enabled":true,"jetpack_shortlink":"https:\/\/wp.me\/pe6lTn-pMX","_links":{"self":[{"href":"https:\/\/www.visit-ulcinj.com\/blog\/wp-json\/wp\/v2\/posts\/99135"}],"collection":[{"href":"https:\/\/www.visit-ulcinj.com\/blog\/wp-json\/wp\/v2\/posts"}],"about":[{"href":"https:\/\/www.visit-ulcinj.com\/blog\/wp-json\/wp\/v2\/types\/post"}],"author":[{"embeddable":true,"href":"https:\/\/www.visit-ulcinj.com\/blog\/wp-json\/wp\/v2\/users\/1"}],"replies":[{"embeddable":true,"href":"https:\/\/www.visit-ulcinj.com\/blog\/wp-json\/wp\/v2\/comments?post=99135"}],"version-history":[{"count":1,"href":"https:\/\/www.visit-ulcinj.com\/blog\/wp-json\/wp\/v2\/posts\/99135\/revisions"}],"predecessor-version":[{"id":99136,"href":"https:\/\/www.visit-ulcinj.com\/blog\/wp-json\/wp\/v2\/posts\/99135\/revisions\/99136"}],"wp:attachment":[{"href":"https:\/\/www.visit-ulcinj.com\/blog\/wp-json\/wp\/v2\/media?parent=99135"}],"wp:term":[{"taxonomy":"category","embeddable":true,"href":"https:\/\/www.visit-ulcinj.com\/blog\/wp-json\/wp\/v2\/categories?post=99135"},{"taxonomy":"post_tag","embeddable":true,"href":"https:\/\/www.visit-ulcinj.com\/blog\/wp-json\/wp\/v2\/tags?post=99135"}],"curies":[{"name":"wp","href":"https:\/\/api.w.org\/{rel}","templated":true}]}}