{"id":99137,"date":"2016-08-20T17:43:37","date_gmt":"2016-08-20T16:43:37","guid":{"rendered":"http:\/\/www.visit-ulcinj.com\/blog\/?p=99137"},"modified":"2016-08-20T18:37:50","modified_gmt":"2016-08-20T17:37:50","slug":"majlinda-kelmendi-ftohet-nga-cungu-per-pushime-ne-ulqin","status":"publish","type":"post","link":"https:\/\/www.visit-ulcinj.com\/blog\/2016\/08\/20\/majlinda-kelmendi-ftohet-nga-cungu-per-pushime-ne-ulqin\/","title":{"rendered":"Majlinda Kelmendi ftohet nga Cungu p\u00ebr pushime n\u00eb Ulqin"},"content":{"rendered":"<p><a href=\"http:\/\/www.visit-ulcinj.com\/blog\/wp-content\/uploads\/2016\/08\/Delegacioni-nga-Ulqini-mori-pjes\u00eb-n\u00eb-ceremoni-1.jpg\"><img loading=\"lazy\" class=\"alignleft wp-image-99139\" src=\"http:\/\/www.visit-ulcinj.com\/blog\/wp-content\/uploads\/2016\/08\/Delegacioni-nga-Ulqini-mori-pjes\u00eb-n\u00eb-ceremoni-1.jpg\" alt=\"Delegacioni nga Ulqini mori pjes\u00eb n\u00eb ceremoni-1\" width=\"508\" height=\"380\" srcset=\"https:\/\/www.visit-ulcinj.com\/blog\/wp-content\/uploads\/2016\/08\/Delegacioni-nga-Ulqini-mori-pjes\u00eb-n\u00eb-ceremoni-1.jpg 822w, https:\/\/www.visit-ulcinj.com\/blog\/wp-content\/uploads\/2016\/08\/Delegacioni-nga-Ulqini-mori-pjes\u00eb-n\u00eb-ceremoni-1-300x224.jpg 300w, https:\/\/www.visit-ulcinj.com\/blog\/wp-content\/uploads\/2016\/08\/Delegacioni-nga-Ulqini-mori-pjes\u00eb-n\u00eb-ceremoni-1-768x575.jpg 768w\" sizes=\"(max-width: 508px) 100vw, 508px\" \/><\/a>Delegacioni nga Ulqini mori pjes\u00eb n\u00eb ceremonin\u00a0t\u00eb organizuar nga Ministria e Kultur\u00ebs, Rinis\u00eb dhe Sportit t\u00eb\u00a0Kosov\u00ebs, me \u00e7 rast jan\u00eb\u00a0ndar\u00eb shp\u00ebrblimet shtet\u00ebrore kampiones olimpike n\u00eb xhudo Majlinda Kelmendit\u00a0dhe trajnerit t\u00eb saj, Driton Kuka, p\u00ebr medaljen e par\u00eb t\u00eb art\u00eb historike q\u00eb i soll\u00ebn Republik\u00ebs s\u00eb Kosov\u00ebs.<\/p>\n<p>Delegacionin e Komun\u00ebs e p\u00ebrfaqesuan nenkryetari i Komunes Met Gjoni,dhe Drejtori i organizates turistike Fuad Haxhibeti, t\u00eb cilet i dakurduan \u00e7mimin nga Komuna e Ulqinit, e q\u00eb p\u00ebrfshin\u00eb:\u00a0pushimin dyjavor\u00eb ne Kalan e Ulqinit\u00a0dhe nj\u00eb piktur\u00eb me motive nga bregdeti i Ulqinit.<\/p>\n<p><a href=\"http:\/\/www.visit-ulcinj.com\/blog\/wp-content\/uploads\/2016\/08\/Delegacioni-nga-Ulqini-mori-pjes\u00eb-n\u00eb-ceremoni.jpg\"><img loading=\"lazy\" class=\"alignleft wp-image-99140\" src=\"http:\/\/www.visit-ulcinj.com\/blog\/wp-content\/uploads\/2016\/08\/Delegacioni-nga-Ulqini-mori-pjes\u00eb-n\u00eb-ceremoni.jpg\" alt=\"Delegacioni nga Ulqini mori pjes\u00eb n\u00eb ceremoni\" width=\"508\" height=\"338\" srcset=\"https:\/\/www.visit-ulcinj.com\/blog\/wp-content\/uploads\/2016\/08\/Delegacioni-nga-Ulqini-mori-pjes\u00eb-n\u00eb-ceremoni.jpg 928w, https:\/\/www.visit-ulcinj.com\/blog\/wp-content\/uploads\/2016\/08\/Delegacioni-nga-Ulqini-mori-pjes\u00eb-n\u00eb-ceremoni-300x200.jpg 300w, https:\/\/www.visit-ulcinj.com\/blog\/wp-content\/uploads\/2016\/08\/Delegacioni-nga-Ulqini-mori-pjes\u00eb-n\u00eb-ceremoni-768x511.jpg 768w\" sizes=\"(max-width: 508px) 100vw, 508px\" \/><\/a> <a href=\"http:\/\/www.visit-ulcinj.com\/blog\/wp-content\/uploads\/2016\/08\/Delegacioni-nga-Ulqini-mori-pjes\u00eb-n\u00eb-ceremoni-2.jpg\"><img loading=\"lazy\" class=\"alignleft wp-image-99141\" src=\"http:\/\/www.visit-ulcinj.com\/blog\/wp-content\/uploads\/2016\/08\/Delegacioni-nga-Ulqini-mori-pjes\u00eb-n\u00eb-ceremoni-2.jpg\" alt=\"Delegacioni nga Ulqini mori pjes\u00eb n\u00eb ceremoni-2\" width=\"508\" height=\"381\" srcset=\"https:\/\/www.visit-ulcinj.com\/blog\/wp-content\/uploads\/2016\/08\/Delegacioni-nga-Ulqini-mori-pjes\u00eb-n\u00eb-ceremoni-2.jpg 824w, https:\/\/www.visit-ulcinj.com\/blog\/wp-content\/uploads\/2016\/08\/Delegacioni-nga-Ulqini-mori-pjes\u00eb-n\u00eb-ceremoni-2-300x225.jpg 300w, https:\/\/www.visit-ulcinj.com\/blog\/wp-content\/uploads\/2016\/08\/Delegacioni-nga-Ulqini-mori-pjes\u00eb-n\u00eb-ceremoni-2-768x576.jpg 768w\" sizes=\"(max-width: 508px) 100vw, 508px\" \/><\/a><\/p>\n","protected":false},"excerpt":{"rendered":"<p>Delegacioni nga Ulqini mori pjes\u00eb n\u00eb ceremonin\u00a0t\u00eb organizuar nga Ministria e Kultur\u00ebs, Rinis\u00eb dhe Sportit t\u00eb\u00a0Kosov\u00ebs, me \u00e7 rast jan\u00eb\u00a0ndar\u00eb shp\u00ebrblimet shtet\u00ebrore kampiones olimpike n\u00eb xhudo Majlinda Kelmendit\u00a0dhe trajnerit t\u00eb saj, Driton Kuka, p\u00ebr medaljen e par\u00eb t\u00eb art\u00eb historike q\u00eb i soll\u00ebn Republik\u00ebs s\u00eb Kosov\u00ebs. Delegacionin e Komun\u00ebs e p\u00ebrfaqesuan nenkryetari i Komunes Met [&hellip;]<\/p>\n","protected":false},"author":1,"featured_media":0,"comment_status":"closed","ping_status":"closed","sticky":false,"template":"","format":"standard","meta":{"spay_email":"","jetpack_publicize_message":"","jetpack_is_tweetstorm":false,"jetpack_publicize_feature_enabled":true},"categories":[1,15],"tags":[],"jetpack_publicize_connections":[],"yoast_head":"<!-- This site is optimized with the Yoast SEO plugin v19.1 - https:\/\/yoast.com\/wordpress\/plugins\/seo\/ -->\n<title>Majlinda Kelmendi ftohet nga Cungu p\u00ebr pushime n\u00eb Ulqin - Lajme nga Ulqini<\/title>\n<meta name=\"description\" content=\"Delegacioni nga Ulqini mori pjes\u00eb n\u00eb ceremonin\u00a0t\u00eb organizuar nga Ministria e Kultur\u00ebs, Rinis\u00eb dhe Sportit t\u00eb\u00a0Kosov\u00ebs, me \u00e7 rast jan\u00eb\u00a0ndar\u00eb shp\u00ebrblimet\" \/>\n<meta name=\"robots\" content=\"index, follow, max-snippet:-1, max-image-preview:large, max-video-preview:-1\" \/>\n<link rel=\"canonical\" href=\"https:\/\/www.visit-ulcinj.com\/blog\/2016\/08\/20\/majlinda-kelmendi-ftohet-nga-cungu-per-pushime-ne-ulqin\/\" \/>\n<meta property=\"og:locale\" content=\"en_US\" \/>\n<meta property=\"og:type\" content=\"article\" \/>\n<meta property=\"og:title\" content=\"Majlinda Kelmendi ftohet nga Cungu p\u00ebr pushime n\u00eb Ulqin - Lajme nga Ulqini\" \/>\n<meta property=\"og:description\" content=\"Delegacioni nga Ulqini mori pjes\u00eb n\u00eb ceremonin\u00a0t\u00eb organizuar nga Ministria e Kultur\u00ebs, Rinis\u00eb dhe Sportit t\u00eb\u00a0Kosov\u00ebs, me \u00e7 rast jan\u00eb\u00a0ndar\u00eb shp\u00ebrblimet\" \/>\n<meta property=\"og:url\" content=\"https:\/\/www.visit-ulcinj.com\/blog\/2016\/08\/20\/majlinda-kelmendi-ftohet-nga-cungu-per-pushime-ne-ulqin\/\" \/>\n<meta property=\"og:site_name\" content=\"Lajme nga Ulqini\" \/>\n<meta property=\"article:published_time\" content=\"2016-08-20T16:43:37+00:00\" \/>\n<meta property=\"article:modified_time\" content=\"2016-08-20T17:37:50+00:00\" \/>\n<meta name=\"twitter:label1\" content=\"Written by\" \/>\n\t<meta name=\"twitter:data1\" content=\"ulqini\" \/>\n\t<meta name=\"twitter:label2\" content=\"Est. reading time\" \/>\n\t<meta name=\"twitter:data2\" content=\"1 minute\" \/>\n<script type=\"application\/ld+json\" class=\"yoast-schema-graph\">{\"@context\":\"https:\/\/schema.org\",\"@graph\":[{\"@type\":\"WebSite\",\"@id\":\"https:\/\/www.visit-ulcinj.com\/blog\/#website\",\"url\":\"https:\/\/www.visit-ulcinj.com\/blog\/\",\"name\":\"Lajme nga Ulqini\",\"description\":\"Lajme,Vijesti,Ulqini,Ulqin,Crna Gora,Mali i Zi\",\"potentialAction\":[{\"@type\":\"SearchAction\",\"target\":{\"@type\":\"EntryPoint\",\"urlTemplate\":\"https:\/\/www.visit-ulcinj.com\/blog\/?s={search_term_string}\"},\"query-input\":\"required name=search_term_string\"}],\"inLanguage\":\"en-US\"},{\"@type\":\"WebPage\",\"@id\":\"https:\/\/www.visit-ulcinj.com\/blog\/2016\/08\/20\/majlinda-kelmendi-ftohet-nga-cungu-per-pushime-ne-ulqin\/#webpage\",\"url\":\"https:\/\/www.visit-ulcinj.com\/blog\/2016\/08\/20\/majlinda-kelmendi-ftohet-nga-cungu-per-pushime-ne-ulqin\/\",\"name\":\"Majlinda Kelmendi ftohet nga Cungu p\u00ebr pushime n\u00eb Ulqin - Lajme nga Ulqini\",\"isPartOf\":{\"@id\":\"https:\/\/www.visit-ulcinj.com\/blog\/#website\"},\"datePublished\":\"2016-08-20T16:43:37+00:00\",\"dateModified\":\"2016-08-20T17:37:50+00:00\",\"author\":{\"@id\":\"https:\/\/www.visit-ulcinj.com\/blog\/#\/schema\/person\/dcab619c614d3038751c63bc2aadc06d\"},\"description\":\"Delegacioni nga Ulqini mori pjes\u00eb n\u00eb ceremonin\u00a0t\u00eb organizuar nga Ministria e Kultur\u00ebs, Rinis\u00eb dhe Sportit t\u00eb\u00a0Kosov\u00ebs, me \u00e7 rast jan\u00eb\u00a0ndar\u00eb shp\u00ebrblimet\",\"breadcrumb\":{\"@id\":\"https:\/\/www.visit-ulcinj.com\/blog\/2016\/08\/20\/majlinda-kelmendi-ftohet-nga-cungu-per-pushime-ne-ulqin\/#breadcrumb\"},\"inLanguage\":\"en-US\",\"potentialAction\":[{\"@type\":\"ReadAction\",\"target\":[\"https:\/\/www.visit-ulcinj.com\/blog\/2016\/08\/20\/majlinda-kelmendi-ftohet-nga-cungu-per-pushime-ne-ulqin\/\"]}]},{\"@type\":\"BreadcrumbList\",\"@id\":\"https:\/\/www.visit-ulcinj.com\/blog\/2016\/08\/20\/majlinda-kelmendi-ftohet-nga-cungu-per-pushime-ne-ulqin\/#breadcrumb\",\"itemListElement\":[{\"@type\":\"ListItem\",\"position\":1,\"name\":\"Majlinda Kelmendi ftohet nga Cungu p\u00ebr pushime n\u00eb Ulqin\"}]},{\"@type\":\"Person\",\"@id\":\"https:\/\/www.visit-ulcinj.com\/blog\/#\/schema\/person\/dcab619c614d3038751c63bc2aadc06d\",\"name\":\"ulqini\",\"sameAs\":[\"http:\/\/www.visit-ulcinj.com\"],\"url\":\"https:\/\/www.visit-ulcinj.com\/blog\/author\/admin\/\"}]}<\/script>\n<!-- \/ Yoast SEO plugin. -->","yoast_head_json":{"title":"Majlinda Kelmendi ftohet nga Cungu p\u00ebr pushime n\u00eb Ulqin - Lajme nga Ulqini","description":"Delegacioni nga Ulqini mori pjes\u00eb n\u00eb ceremonin\u00a0t\u00eb organizuar nga Ministria e Kultur\u00ebs, Rinis\u00eb dhe Sportit t\u00eb\u00a0Kosov\u00ebs, me \u00e7 rast jan\u00eb\u00a0ndar\u00eb shp\u00ebrblimet","robots":{"index":"index","follow":"follow","max-snippet":"max-snippet:-1","max-image-preview":"max-image-preview:large","max-video-preview":"max-video-preview:-1"},"canonical":"https:\/\/www.visit-ulcinj.com\/blog\/2016\/08\/20\/majlinda-kelmendi-ftohet-nga-cungu-per-pushime-ne-ulqin\/","og_locale":"en_US","og_type":"article","og_title":"Majlinda Kelmendi ftohet nga Cungu p\u00ebr pushime n\u00eb Ulqin - Lajme nga Ulqini","og_description":"Delegacioni nga Ulqini mori pjes\u00eb n\u00eb ceremonin\u00a0t\u00eb organizuar nga Ministria e Kultur\u00ebs, Rinis\u00eb dhe Sportit t\u00eb\u00a0Kosov\u00ebs, me \u00e7 rast jan\u00eb\u00a0ndar\u00eb shp\u00ebrblimet","og_url":"https:\/\/www.visit-ulcinj.com\/blog\/2016\/08\/20\/majlinda-kelmendi-ftohet-nga-cungu-per-pushime-ne-ulqin\/","og_site_name":"Lajme nga Ulqini","article_published_time":"2016-08-20T16:43:37+00:00","article_modified_time":"2016-08-20T17:37:50+00:00","twitter_misc":{"Written by":"ulqini","Est. reading time":"1 minute"},"schema":{"@context":"https:\/\/schema.org","@graph":[{"@type":"WebSite","@id":"https:\/\/www.visit-ulcinj.com\/blog\/#website","url":"https:\/\/www.visit-ulcinj.com\/blog\/","name":"Lajme nga Ulqini","description":"Lajme,Vijesti,Ulqini,Ulqin,Crna Gora,Mali i Zi","potentialAction":[{"@type":"SearchAction","target":{"@type":"EntryPoint","urlTemplate":"https:\/\/www.visit-ulcinj.com\/blog\/?s={search_term_string}"},"query-input":"required name=search_term_string"}],"inLanguage":"en-US"},{"@type":"WebPage","@id":"https:\/\/www.visit-ulcinj.com\/blog\/2016\/08\/20\/majlinda-kelmendi-ftohet-nga-cungu-per-pushime-ne-ulqin\/#webpage","url":"https:\/\/www.visit-ulcinj.com\/blog\/2016\/08\/20\/majlinda-kelmendi-ftohet-nga-cungu-per-pushime-ne-ulqin\/","name":"Majlinda Kelmendi ftohet nga Cungu p\u00ebr pushime n\u00eb Ulqin - Lajme nga Ulqini","isPartOf":{"@id":"https:\/\/www.visit-ulcinj.com\/blog\/#website"},"datePublished":"2016-08-20T16:43:37+00:00","dateModified":"2016-08-20T17:37:50+00:00","author":{"@id":"https:\/\/www.visit-ulcinj.com\/blog\/#\/schema\/person\/dcab619c614d3038751c63bc2aadc06d"},"description":"Delegacioni nga Ulqini mori pjes\u00eb n\u00eb ceremonin\u00a0t\u00eb organizuar nga Ministria e Kultur\u00ebs, Rinis\u00eb dhe Sportit t\u00eb\u00a0Kosov\u00ebs, me \u00e7 rast jan\u00eb\u00a0ndar\u00eb shp\u00ebrblimet","breadcrumb":{"@id":"https:\/\/www.visit-ulcinj.com\/blog\/2016\/08\/20\/majlinda-kelmendi-ftohet-nga-cungu-per-pushime-ne-ulqin\/#breadcrumb"},"inLanguage":"en-US","potentialAction":[{"@type":"ReadAction","target":["https:\/\/www.visit-ulcinj.com\/blog\/2016\/08\/20\/majlinda-kelmendi-ftohet-nga-cungu-per-pushime-ne-ulqin\/"]}]},{"@type":"BreadcrumbList","@id":"https:\/\/www.visit-ulcinj.com\/blog\/2016\/08\/20\/majlinda-kelmendi-ftohet-nga-cungu-per-pushime-ne-ulqin\/#breadcrumb","itemListElement":[{"@type":"ListItem","position":1,"name":"Majlinda Kelmendi ftohet nga Cungu p\u00ebr pushime n\u00eb Ulqin"}]},{"@type":"Person","@id":"https:\/\/www.visit-ulcinj.com\/blog\/#\/schema\/person\/dcab619c614d3038751c63bc2aadc06d","name":"ulqini","sameAs":["http:\/\/www.visit-ulcinj.com"],"url":"https:\/\/www.visit-ulcinj.com\/blog\/author\/admin\/"}]}},"jetpack_featured_media_url":"","jetpack_sharing_enabled":true,"jetpack_shortlink":"https:\/\/wp.me\/pe6lTn-pMZ","_links":{"self":[{"href":"https:\/\/www.visit-ulcinj.com\/blog\/wp-json\/wp\/v2\/posts\/99137"}],"collection":[{"href":"https:\/\/www.visit-ulcinj.com\/blog\/wp-json\/wp\/v2\/posts"}],"about":[{"href":"https:\/\/www.visit-ulcinj.com\/blog\/wp-json\/wp\/v2\/types\/post"}],"author":[{"embeddable":true,"href":"https:\/\/www.visit-ulcinj.com\/blog\/wp-json\/wp\/v2\/users\/1"}],"replies":[{"embeddable":true,"href":"https:\/\/www.visit-ulcinj.com\/blog\/wp-json\/wp\/v2\/comments?post=99137"}],"version-history":[{"count":1,"href":"https:\/\/www.visit-ulcinj.com\/blog\/wp-json\/wp\/v2\/posts\/99137\/revisions"}],"predecessor-version":[{"id":99142,"href":"https:\/\/www.visit-ulcinj.com\/blog\/wp-json\/wp\/v2\/posts\/99137\/revisions\/99142"}],"wp:attachment":[{"href":"https:\/\/www.visit-ulcinj.com\/blog\/wp-json\/wp\/v2\/media?parent=99137"}],"wp:term":[{"taxonomy":"category","embeddable":true,"href":"https:\/\/www.visit-ulcinj.com\/blog\/wp-json\/wp\/v2\/categories?post=99137"},{"taxonomy":"post_tag","embeddable":true,"href":"https:\/\/www.visit-ulcinj.com\/blog\/wp-json\/wp\/v2\/tags?post=99137"}],"curies":[{"name":"wp","href":"https:\/\/api.w.org\/{rel}","templated":true}]}}