{"id":99146,"date":"2016-08-20T18:44:07","date_gmt":"2016-08-20T17:44:07","guid":{"rendered":"http:\/\/www.visit-ulcinj.com\/blog\/?p=99146"},"modified":"2016-08-20T18:45:58","modified_gmt":"2016-08-20T17:45:58","slug":"ne-mal-te-zi-cdo-e-dyta-komune-rritje-negative-te-popullsise","status":"publish","type":"post","link":"https:\/\/www.visit-ulcinj.com\/blog\/2016\/08\/20\/ne-mal-te-zi-cdo-e-dyta-komune-rritje-negative-te-popullsise\/","title":{"rendered":"N\u00eb Mal t\u00eb Zi, \u00e7do e dyta komun\u00eb me rritje negative t\u00eb popullsis\u00eb"},"content":{"rendered":"<p><strong><a href=\"http:\/\/www.visit-ulcinj.com\/blog\/wp-content\/uploads\/2016\/06\/sa-kushton-nj\u00eb-banes\u00eb-n\u00eb-Podgoric\u00eb-Mali-Zi.jpg\"><img loading=\"lazy\" class=\"alignleft wp-image-97610\" src=\"http:\/\/www.visit-ulcinj.com\/blog\/wp-content\/uploads\/2016\/06\/sa-kushton-nj\u00eb-banes\u00eb-n\u00eb-Podgoric\u00eb-Mali-Zi.jpg\" alt=\"sa kushton nj\u00eb banes\u00eb n\u00eb Podgoric\u00eb-Mali-Zi\" width=\"508\" height=\"156\" \/><\/a>Nga gjithsej 23 komuna, sa ka n\u00eb Mal t\u00eb Zi, n\u00eb 11 komuna m\u00eb shum\u00eb njer\u00ebz vdesin se sa lindin. Me rritje negative t\u00eb popullsis\u00eb kryesojn\u00eb komunat n\u00eb veri t\u00eb vendit nd\u00ebrsa situata m\u00eb alarmante paraqitet n\u00eb Plevlja, raporton Anadolu Agency (AA).<\/strong><\/p>\n<p>Sociolog\u00ebt vler\u00ebsojn\u00eb se shkaqet e r\u00ebnies demografike n\u00eb veri t\u00eb vendit jan\u00eb\u00a0papun\u00ebsia, marr\u00ebdh\u00ebniet e k\u00ebqija shoq\u00ebrore-ekonomike si dhe shuarja e institucioneve arsimore.<\/p>\n<p>Nga viti n\u00eb vit veriu i Malit t\u00eb Zi po zbrazet. Njer\u00ebzit l\u00ebvizin drejt Podgoric\u00ebs n\u00eb jug t\u00eb vendit nd\u00ebrsa nuk \u00ebsht\u00eb i vog\u00ebl numri i atyre q\u00eb shkojn\u00eb n\u00eb vendet e treta. Si rezultat i shp\u00ebrnguljes gjithnj\u00eb e m\u00eb masive \u00ebsht\u00eb edhe rritja negative e popullsis\u00eb pothuajse n\u00eb gjysmat e komunave n\u00eb Mal t\u00eb Zi, kryesisht n\u00eb veri t\u00eb shtetit.<\/p>\n<p>\u2013 Veriu po zbrazet, njer\u00ebzit vendosen n\u00eb Podgoric\u00eb \u2013<\/p>\n<p>N\u00eb pes\u00eb muajt e par\u00eb t\u00eb vitit 2016, 11 komuna kan\u00eb patur rritje negative t\u00eb popullsis\u00eb dhe shumica jan\u00eb nga veriu. Kryeson Plevlja, ku viteve t\u00eb fundit m\u00eb shum\u00eb njer\u00ebz vdesin se sa lindin. N\u00eb pes\u00eb muajt e par\u00eb n\u00eb Plevlja kan\u00eb lindur 79 foshnja nd\u00ebrsa n\u00eb periudh\u00ebn e nj\u00ebjt\u00eb kan\u00eb vdekur 190 persona, q\u00eb paraqet minus 111 lindshm\u00ebri.<\/p>\n<p>Pas k\u00ebsaj komune, trendi m\u00eb i madh negativ \u00ebsht\u00eb regjistruar n\u00eb Nikshiq \u2013 minus 70, Herceg Novi \u2013 34, Cetinje -28, Kolashin -25, Zhabljak -19, Pluzhina -18, Mojkovc -16, Danilovgrad -15, Shavnik -14, Bijelo Polje -12.<\/p>\n<p>Nga komunat bregdetare rritje negative e popullsis\u00eb \u00ebsht\u00eb regjistruar vet\u00ebm n\u00eb Herceg Novi.<\/p>\n<p>Qytetet n\u00eb veri t\u00eb Malit t\u00eb Zi, Rozhaj\u00eb, Berane, Gusi, Plav\u00eb dhe Andrijevic\u00eb kan\u00eb rritje pozitive t\u00eb popullsis\u00eb. Rritje m\u00eb t\u00eb madhe t\u00eb popullsis\u00eb ka Podgorica (363), Rozhaj\u00eb (91), Budva dhe Bar (30).<\/p>\n<p>Podgorica \u00ebsht\u00eb qyteti ku m\u00eb shum\u00eb emigrojn\u00eb banor\u00ebt. N\u00eb pes\u00eb muajt e par\u00eb n\u00eb kryeqytetin malazez u vendos\u00ebn 1.068 banor\u00eb nd\u00ebrsa n\u00eb periudh\u00ebn e nj\u00ebjt\u00eb nga kryeqyteti malazez u\u00a0larguan 430 banor\u00eb.<\/p>\n<p>\u2013 M\u00eb shum\u00eb sht\u00ebpi t\u00eb mbyllura se sa familje \u2013<\/p>\n<p>Sociologu S\u00ebrgjan Vukadinovi\u00e7 n\u00eb deklarat\u00ebn p\u00ebr Anadolu Agencu (AA) thot\u00eb se njer\u00ebzit nga veriu l\u00ebvizin drejt Podgoric\u00ebs ose n\u00eb vendet tjera. Ai p\u00ebrmend disa shkaqe p\u00ebrse \u00ebsht\u00eb sh\u00ebnuar rritje negative e popullsis\u00eb.<\/p>\n<p>\u201cNe sot n\u00eb disa komuna m\u00eb shum\u00eb kemi sht\u00ebpi t\u00eb mbyllura se sa familje. Shkalla e rritjes s\u00eb popullsis\u00eb \u00ebsht\u00eb zvog\u00ebluar, ajo n\u00eb veri t\u00eb vendit zvog\u00eblohet m\u00eb shum\u00eb se n\u00eb pjes\u00ebn tjet\u00ebr t\u00eb vendit. Sipas vler\u00ebsimeve Mali i Zi deri n\u00eb vitin 2050 do t\u00eb humbas nj\u00eb qytet dhe do t\u00eb ket\u00eb 10 p\u00ebrqind m\u00eb pak banor\u00eb. Shkalla e zvog\u00eblimit t\u00eb popullsis\u00eb ka t\u00eb b\u00ebj\u00eb me shum\u00eb shkaqe. Kriza e martes\u00ebs si institucion, marr\u00ebdh\u00ebniet e k\u00ebqija shoq\u00ebrore-ekonomike, mund\u00ebsia e pun\u00ebsimit, por kur \u00ebsht\u00eb n\u00eb pyetje veriu, \u00ebsht\u00eb si rezultat i qasjes s\u00eb keqe ndaj veriut, shuarjen e kompanive dhe institucioneve arsimore. Fakulteti n\u00eb Plevlja u mbyll nd\u00ebrsa di\u00e7ka e ngjashme mendohet edhe p\u00ebr qytetet Berane dhe Bijelo Polje\u201d, tha Vukadinovi\u00e7.<\/p>\n<p>T\u00eb dh\u00ebnat p\u00ebr vitin 2015 tregojn\u00eb se kur b\u00ebhet fjal\u00eb p\u00ebr territorin e p\u00ebrgjithsh\u00ebm t\u00eb Malit t\u00eb Zi kan\u00eb lindur 7.386 foshnja p\u00ebrderisa po t\u00eb nj\u00ebjtin vit kan\u00eb vdekur 6.329 njer\u00ebz. Megjithat\u00eb, sipas projeksioneve t\u00eb Organizat\u00ebs s\u00eb Kombeve t\u00eb Bashkuara (OKB), Mali i Zi do t\u00eb ket\u00eb rreth 52 mij\u00eb banor\u00eb m\u00eb pak, gjegj\u00ebsisht afro 7 p\u00ebrqind.<\/p>\n<p>Sipas k\u00ebtyre t\u00eb dh\u00ebnave, trendi negativ demografik do t\u00eb zvog\u00ebloj\u00eb p\u00ebr 8.2 p\u00ebrqind numrin e banor\u00ebve dhe n\u00eb vitin 2050 n\u00eb Mal t\u00eb Zi do t\u00eb jetojn\u00eb 574 mij\u00eb banor\u00eb. OKB-ja parashikon se n\u00eb vitin 2100 Mali i Zi do t\u00eb ket\u00eb edhe popullsi edhe m\u00eb t\u00eb vog\u00ebl, respektivisht 437 mij\u00eb banor\u00eb. K\u00ebto t\u00eb dh\u00ebna t\u00eb OKB-s\u00eb, nd\u00ebrlidhen me trendin negativ demografik n\u00eb k\u00ebt\u00eb vend.<\/p>\n<p><strong>Portalb<\/strong><\/p>\n","protected":false},"excerpt":{"rendered":"<p>Nga gjithsej 23 komuna, sa ka n\u00eb Mal t\u00eb Zi, n\u00eb 11 komuna m\u00eb shum\u00eb njer\u00ebz vdesin se sa lindin. Me rritje negative t\u00eb popullsis\u00eb kryesojn\u00eb komunat n\u00eb veri t\u00eb vendit nd\u00ebrsa situata m\u00eb alarmante paraqitet n\u00eb Plevlja, raporton Anadolu Agency (AA). Sociolog\u00ebt vler\u00ebsojn\u00eb se shkaqet e r\u00ebnies demografike n\u00eb veri t\u00eb vendit jan\u00eb\u00a0papun\u00ebsia, marr\u00ebdh\u00ebniet [&hellip;]<\/p>\n","protected":false},"author":1,"featured_media":0,"comment_status":"closed","ping_status":"closed","sticky":false,"template":"","format":"standard","meta":{"spay_email":"","jetpack_publicize_message":"","jetpack_is_tweetstorm":false,"jetpack_publicize_feature_enabled":true},"categories":[14],"tags":[],"jetpack_publicize_connections":[],"yoast_head":"<!-- This site is optimized with the Yoast SEO plugin v19.1 - https:\/\/yoast.com\/wordpress\/plugins\/seo\/ -->\n<title>N\u00eb Mal t\u00eb Zi, \u00e7do e dyta komun\u00eb me rritje negative t\u00eb popullsis\u00eb - Lajme nga Ulqini<\/title>\n<meta name=\"description\" content=\"Nga gjithsej 23 komuna, sa ka n\u00eb Mal t\u00eb Zi, n\u00eb 11 komuna m\u00eb shum\u00eb njer\u00ebz vdesin se sa lindin. Me rritje negative t\u00eb popullsis\u00eb kryesojn\u00eb komunat n\u00eb veri\" \/>\n<meta name=\"robots\" content=\"index, follow, max-snippet:-1, max-image-preview:large, max-video-preview:-1\" \/>\n<link rel=\"canonical\" href=\"https:\/\/www.visit-ulcinj.com\/blog\/2016\/08\/20\/ne-mal-te-zi-cdo-e-dyta-komune-rritje-negative-te-popullsise\/\" \/>\n<meta property=\"og:locale\" content=\"en_US\" \/>\n<meta property=\"og:type\" content=\"article\" \/>\n<meta property=\"og:title\" content=\"N\u00eb Mal t\u00eb Zi, \u00e7do e dyta komun\u00eb me rritje negative t\u00eb popullsis\u00eb - Lajme nga Ulqini\" \/>\n<meta property=\"og:description\" content=\"Nga gjithsej 23 komuna, sa ka n\u00eb Mal t\u00eb Zi, n\u00eb 11 komuna m\u00eb shum\u00eb njer\u00ebz vdesin se sa lindin. Me rritje negative t\u00eb popullsis\u00eb kryesojn\u00eb komunat n\u00eb veri\" \/>\n<meta property=\"og:url\" content=\"https:\/\/www.visit-ulcinj.com\/blog\/2016\/08\/20\/ne-mal-te-zi-cdo-e-dyta-komune-rritje-negative-te-popullsise\/\" \/>\n<meta property=\"og:site_name\" content=\"Lajme nga Ulqini\" \/>\n<meta property=\"article:published_time\" content=\"2016-08-20T17:44:07+00:00\" \/>\n<meta property=\"article:modified_time\" content=\"2016-08-20T17:45:58+00:00\" \/>\n<meta name=\"twitter:label1\" content=\"Written by\" \/>\n\t<meta name=\"twitter:data1\" content=\"ulqini\" \/>\n\t<meta name=\"twitter:label2\" content=\"Est. reading time\" \/>\n\t<meta name=\"twitter:data2\" content=\"3 minutes\" \/>\n<script type=\"application\/ld+json\" class=\"yoast-schema-graph\">{\"@context\":\"https:\/\/schema.org\",\"@graph\":[{\"@type\":\"WebSite\",\"@id\":\"https:\/\/www.visit-ulcinj.com\/blog\/#website\",\"url\":\"https:\/\/www.visit-ulcinj.com\/blog\/\",\"name\":\"Lajme nga Ulqini\",\"description\":\"Lajme,Vijesti,Ulqini,Ulqin,Crna Gora,Mali i Zi\",\"potentialAction\":[{\"@type\":\"SearchAction\",\"target\":{\"@type\":\"EntryPoint\",\"urlTemplate\":\"https:\/\/www.visit-ulcinj.com\/blog\/?s={search_term_string}\"},\"query-input\":\"required name=search_term_string\"}],\"inLanguage\":\"en-US\"},{\"@type\":\"WebPage\",\"@id\":\"https:\/\/www.visit-ulcinj.com\/blog\/2016\/08\/20\/ne-mal-te-zi-cdo-e-dyta-komune-rritje-negative-te-popullsise\/#webpage\",\"url\":\"https:\/\/www.visit-ulcinj.com\/blog\/2016\/08\/20\/ne-mal-te-zi-cdo-e-dyta-komune-rritje-negative-te-popullsise\/\",\"name\":\"N\u00eb Mal t\u00eb Zi, \u00e7do e dyta komun\u00eb me rritje negative t\u00eb popullsis\u00eb - Lajme nga Ulqini\",\"isPartOf\":{\"@id\":\"https:\/\/www.visit-ulcinj.com\/blog\/#website\"},\"datePublished\":\"2016-08-20T17:44:07+00:00\",\"dateModified\":\"2016-08-20T17:45:58+00:00\",\"author\":{\"@id\":\"https:\/\/www.visit-ulcinj.com\/blog\/#\/schema\/person\/dcab619c614d3038751c63bc2aadc06d\"},\"description\":\"Nga gjithsej 23 komuna, sa ka n\u00eb Mal t\u00eb Zi, n\u00eb 11 komuna m\u00eb shum\u00eb njer\u00ebz vdesin se sa lindin. Me rritje negative t\u00eb popullsis\u00eb kryesojn\u00eb komunat n\u00eb veri\",\"breadcrumb\":{\"@id\":\"https:\/\/www.visit-ulcinj.com\/blog\/2016\/08\/20\/ne-mal-te-zi-cdo-e-dyta-komune-rritje-negative-te-popullsise\/#breadcrumb\"},\"inLanguage\":\"en-US\",\"potentialAction\":[{\"@type\":\"ReadAction\",\"target\":[\"https:\/\/www.visit-ulcinj.com\/blog\/2016\/08\/20\/ne-mal-te-zi-cdo-e-dyta-komune-rritje-negative-te-popullsise\/\"]}]},{\"@type\":\"BreadcrumbList\",\"@id\":\"https:\/\/www.visit-ulcinj.com\/blog\/2016\/08\/20\/ne-mal-te-zi-cdo-e-dyta-komune-rritje-negative-te-popullsise\/#breadcrumb\",\"itemListElement\":[{\"@type\":\"ListItem\",\"position\":1,\"name\":\"N\u00eb Mal t\u00eb Zi, \u00e7do e dyta komun\u00eb me rritje negative t\u00eb popullsis\u00eb\"}]},{\"@type\":\"Person\",\"@id\":\"https:\/\/www.visit-ulcinj.com\/blog\/#\/schema\/person\/dcab619c614d3038751c63bc2aadc06d\",\"name\":\"ulqini\",\"sameAs\":[\"http:\/\/www.visit-ulcinj.com\"],\"url\":\"https:\/\/www.visit-ulcinj.com\/blog\/author\/admin\/\"}]}<\/script>\n<!-- \/ Yoast SEO plugin. -->","yoast_head_json":{"title":"N\u00eb Mal t\u00eb Zi, \u00e7do e dyta komun\u00eb me rritje negative t\u00eb popullsis\u00eb - Lajme nga Ulqini","description":"Nga gjithsej 23 komuna, sa ka n\u00eb Mal t\u00eb Zi, n\u00eb 11 komuna m\u00eb shum\u00eb njer\u00ebz vdesin se sa lindin. Me rritje negative t\u00eb popullsis\u00eb kryesojn\u00eb komunat n\u00eb veri","robots":{"index":"index","follow":"follow","max-snippet":"max-snippet:-1","max-image-preview":"max-image-preview:large","max-video-preview":"max-video-preview:-1"},"canonical":"https:\/\/www.visit-ulcinj.com\/blog\/2016\/08\/20\/ne-mal-te-zi-cdo-e-dyta-komune-rritje-negative-te-popullsise\/","og_locale":"en_US","og_type":"article","og_title":"N\u00eb Mal t\u00eb Zi, \u00e7do e dyta komun\u00eb me rritje negative t\u00eb popullsis\u00eb - Lajme nga Ulqini","og_description":"Nga gjithsej 23 komuna, sa ka n\u00eb Mal t\u00eb Zi, n\u00eb 11 komuna m\u00eb shum\u00eb njer\u00ebz vdesin se sa lindin. Me rritje negative t\u00eb popullsis\u00eb kryesojn\u00eb komunat n\u00eb veri","og_url":"https:\/\/www.visit-ulcinj.com\/blog\/2016\/08\/20\/ne-mal-te-zi-cdo-e-dyta-komune-rritje-negative-te-popullsise\/","og_site_name":"Lajme nga Ulqini","article_published_time":"2016-08-20T17:44:07+00:00","article_modified_time":"2016-08-20T17:45:58+00:00","twitter_misc":{"Written by":"ulqini","Est. reading time":"3 minutes"},"schema":{"@context":"https:\/\/schema.org","@graph":[{"@type":"WebSite","@id":"https:\/\/www.visit-ulcinj.com\/blog\/#website","url":"https:\/\/www.visit-ulcinj.com\/blog\/","name":"Lajme nga Ulqini","description":"Lajme,Vijesti,Ulqini,Ulqin,Crna Gora,Mali i Zi","potentialAction":[{"@type":"SearchAction","target":{"@type":"EntryPoint","urlTemplate":"https:\/\/www.visit-ulcinj.com\/blog\/?s={search_term_string}"},"query-input":"required name=search_term_string"}],"inLanguage":"en-US"},{"@type":"WebPage","@id":"https:\/\/www.visit-ulcinj.com\/blog\/2016\/08\/20\/ne-mal-te-zi-cdo-e-dyta-komune-rritje-negative-te-popullsise\/#webpage","url":"https:\/\/www.visit-ulcinj.com\/blog\/2016\/08\/20\/ne-mal-te-zi-cdo-e-dyta-komune-rritje-negative-te-popullsise\/","name":"N\u00eb Mal t\u00eb Zi, \u00e7do e dyta komun\u00eb me rritje negative t\u00eb popullsis\u00eb - Lajme nga Ulqini","isPartOf":{"@id":"https:\/\/www.visit-ulcinj.com\/blog\/#website"},"datePublished":"2016-08-20T17:44:07+00:00","dateModified":"2016-08-20T17:45:58+00:00","author":{"@id":"https:\/\/www.visit-ulcinj.com\/blog\/#\/schema\/person\/dcab619c614d3038751c63bc2aadc06d"},"description":"Nga gjithsej 23 komuna, sa ka n\u00eb Mal t\u00eb Zi, n\u00eb 11 komuna m\u00eb shum\u00eb njer\u00ebz vdesin se sa lindin. Me rritje negative t\u00eb popullsis\u00eb kryesojn\u00eb komunat n\u00eb veri","breadcrumb":{"@id":"https:\/\/www.visit-ulcinj.com\/blog\/2016\/08\/20\/ne-mal-te-zi-cdo-e-dyta-komune-rritje-negative-te-popullsise\/#breadcrumb"},"inLanguage":"en-US","potentialAction":[{"@type":"ReadAction","target":["https:\/\/www.visit-ulcinj.com\/blog\/2016\/08\/20\/ne-mal-te-zi-cdo-e-dyta-komune-rritje-negative-te-popullsise\/"]}]},{"@type":"BreadcrumbList","@id":"https:\/\/www.visit-ulcinj.com\/blog\/2016\/08\/20\/ne-mal-te-zi-cdo-e-dyta-komune-rritje-negative-te-popullsise\/#breadcrumb","itemListElement":[{"@type":"ListItem","position":1,"name":"N\u00eb Mal t\u00eb Zi, \u00e7do e dyta komun\u00eb me rritje negative t\u00eb popullsis\u00eb"}]},{"@type":"Person","@id":"https:\/\/www.visit-ulcinj.com\/blog\/#\/schema\/person\/dcab619c614d3038751c63bc2aadc06d","name":"ulqini","sameAs":["http:\/\/www.visit-ulcinj.com"],"url":"https:\/\/www.visit-ulcinj.com\/blog\/author\/admin\/"}]}},"jetpack_featured_media_url":"","jetpack_sharing_enabled":true,"jetpack_shortlink":"https:\/\/wp.me\/pe6lTn-pN8","_links":{"self":[{"href":"https:\/\/www.visit-ulcinj.com\/blog\/wp-json\/wp\/v2\/posts\/99146"}],"collection":[{"href":"https:\/\/www.visit-ulcinj.com\/blog\/wp-json\/wp\/v2\/posts"}],"about":[{"href":"https:\/\/www.visit-ulcinj.com\/blog\/wp-json\/wp\/v2\/types\/post"}],"author":[{"embeddable":true,"href":"https:\/\/www.visit-ulcinj.com\/blog\/wp-json\/wp\/v2\/users\/1"}],"replies":[{"embeddable":true,"href":"https:\/\/www.visit-ulcinj.com\/blog\/wp-json\/wp\/v2\/comments?post=99146"}],"version-history":[{"count":2,"href":"https:\/\/www.visit-ulcinj.com\/blog\/wp-json\/wp\/v2\/posts\/99146\/revisions"}],"predecessor-version":[{"id":99148,"href":"https:\/\/www.visit-ulcinj.com\/blog\/wp-json\/wp\/v2\/posts\/99146\/revisions\/99148"}],"wp:attachment":[{"href":"https:\/\/www.visit-ulcinj.com\/blog\/wp-json\/wp\/v2\/media?parent=99146"}],"wp:term":[{"taxonomy":"category","embeddable":true,"href":"https:\/\/www.visit-ulcinj.com\/blog\/wp-json\/wp\/v2\/categories?post=99146"},{"taxonomy":"post_tag","embeddable":true,"href":"https:\/\/www.visit-ulcinj.com\/blog\/wp-json\/wp\/v2\/tags?post=99146"}],"curies":[{"name":"wp","href":"https:\/\/api.w.org\/{rel}","templated":true}]}}