{"id":99155,"date":"2016-08-21T11:59:12","date_gmt":"2016-08-21T10:59:12","guid":{"rendered":"http:\/\/www.visit-ulcinj.com\/blog\/?p=99155"},"modified":"2016-08-22T16:26:37","modified_gmt":"2016-08-22T15:26:37","slug":"pqshi-njofton-elektoratin-shqiptar-ne-malin-e-zi","status":"publish","type":"post","link":"https:\/\/www.visit-ulcinj.com\/blog\/2016\/08\/21\/pqshi-njofton-elektoratin-shqiptar-ne-malin-e-zi\/","title":{"rendered":"PQSHI&#8230;njofton Elektoratin shqiptar n\u00eb Malin e Zi"},"content":{"rendered":"<p><span class=\"_3oh-\"><a href=\"http:\/\/www.visit-ulcinj.com\/blog\/wp-content\/uploads\/2016\/07\/Lideri-i-PQSHI-Dr-Isat-Jakupi-ju-uron\u00eb-BAJRAMIN.jpg\"><img loading=\"lazy\" class=\"alignleft wp-image-98112\" src=\"http:\/\/www.visit-ulcinj.com\/blog\/wp-content\/uploads\/2016\/07\/Lideri-i-PQSHI-Dr-Isat-Jakupi-ju-uron\u00eb-BAJRAMIN.jpg\" alt=\"Lideri i PQSHI, Dr Isat Jakupi ju uron\u00eb BAJRAMIN\" width=\"508\" height=\"282\" srcset=\"https:\/\/www.visit-ulcinj.com\/blog\/wp-content\/uploads\/2016\/07\/Lideri-i-PQSHI-Dr-Isat-Jakupi-ju-uron\u00eb-BAJRAMIN.jpg 820w, https:\/\/www.visit-ulcinj.com\/blog\/wp-content\/uploads\/2016\/07\/Lideri-i-PQSHI-Dr-Isat-Jakupi-ju-uron\u00eb-BAJRAMIN-300x167.jpg 300w, https:\/\/www.visit-ulcinj.com\/blog\/wp-content\/uploads\/2016\/07\/Lideri-i-PQSHI-Dr-Isat-Jakupi-ju-uron\u00eb-BAJRAMIN-768x427.jpg 768w\" sizes=\"(max-width: 508px) 100vw, 508px\" \/><\/a>Sherbimi informativ i PQSHI&#8230;njofton Elektoratin qe Kryesia e ngusht bashke me Liderin..e PQSHI..njezeri qe nuk jane Parti Individuale dhe Private..gjeja qe deshmoi Formomi i dy Koalicinove vetem ne Komum\u00ebn e Ulqinit ku me te harroin vlerat e Malesise e me gjere, kurse ne i hapim portat per bashkimin e gjith Shqiptar\u00ebve.<\/span><\/p>\n<p><span class=\"_3oh-\">Per neve nuk esht\u00eb aqe e kushtueshme bartsi Listes sa eshte e rand\u00ebsishme Bashkimi qe ben fuqin. Per te jemi n\u00eb bisedime per Kolonen e tret plotfuqishme.<\/span><\/p>\n<p><span class=\"_3oh-\">Me Respekt Lideri i PQSHI .DR JAKUPI<\/span><\/p>\n<p><strong><span class=\"_3oh-\">Sherbimi informativ i PQSHI<\/span><\/strong><\/p>\n","protected":false},"excerpt":{"rendered":"<p>Sherbimi informativ i PQSHI&#8230;njofton Elektoratin qe Kryesia e ngusht bashke me Liderin..e PQSHI..njezeri qe nuk jane Parti Individuale dhe Private..gjeja qe deshmoi Formomi i dy Koalicinove vetem ne Komum\u00ebn e Ulqinit ku me te harroin vlerat e Malesise e me gjere, kurse ne i hapim portat per bashkimin e gjith Shqiptar\u00ebve. Per neve nuk esht\u00eb [&hellip;]<\/p>\n","protected":false},"author":1,"featured_media":0,"comment_status":"closed","ping_status":"closed","sticky":false,"template":"","format":"standard","meta":{"spay_email":"","jetpack_publicize_message":"","jetpack_is_tweetstorm":false,"jetpack_publicize_feature_enabled":true},"categories":[1,12],"tags":[],"jetpack_publicize_connections":[],"yoast_head":"<!-- This site is optimized with the Yoast SEO plugin v19.1 - https:\/\/yoast.com\/wordpress\/plugins\/seo\/ -->\n<title>PQSHI...njofton Elektoratin shqiptar n\u00eb Malin e Zi - Lajme nga Ulqini<\/title>\n<meta name=\"description\" content=\"Sherbimi informativ i PQSHI...njofton Elektoratin qe Kryesia e ngusht bashke me Liderin..e PQSHI..njezeri qe nuk jane Parti Individuale dhe Private..gjeja\" \/>\n<meta name=\"robots\" content=\"index, follow, max-snippet:-1, max-image-preview:large, max-video-preview:-1\" \/>\n<link rel=\"canonical\" href=\"https:\/\/www.visit-ulcinj.com\/blog\/2016\/08\/21\/pqshi-njofton-elektoratin-shqiptar-ne-malin-e-zi\/\" \/>\n<meta property=\"og:locale\" content=\"en_US\" \/>\n<meta property=\"og:type\" content=\"article\" \/>\n<meta property=\"og:title\" content=\"PQSHI...njofton Elektoratin shqiptar n\u00eb Malin e Zi - Lajme nga Ulqini\" \/>\n<meta property=\"og:description\" content=\"Sherbimi informativ i PQSHI...njofton Elektoratin qe Kryesia e ngusht bashke me Liderin..e PQSHI..njezeri qe nuk jane Parti Individuale dhe Private..gjeja\" \/>\n<meta property=\"og:url\" content=\"https:\/\/www.visit-ulcinj.com\/blog\/2016\/08\/21\/pqshi-njofton-elektoratin-shqiptar-ne-malin-e-zi\/\" \/>\n<meta property=\"og:site_name\" content=\"Lajme nga Ulqini\" \/>\n<meta property=\"article:published_time\" content=\"2016-08-21T10:59:12+00:00\" \/>\n<meta property=\"article:modified_time\" content=\"2016-08-22T15:26:37+00:00\" \/>\n<meta name=\"twitter:label1\" content=\"Written by\" \/>\n\t<meta name=\"twitter:data1\" content=\"ulqini\" \/>\n<script type=\"application\/ld+json\" class=\"yoast-schema-graph\">{\"@context\":\"https:\/\/schema.org\",\"@graph\":[{\"@type\":\"WebSite\",\"@id\":\"https:\/\/www.visit-ulcinj.com\/blog\/#website\",\"url\":\"https:\/\/www.visit-ulcinj.com\/blog\/\",\"name\":\"Lajme nga Ulqini\",\"description\":\"Lajme,Vijesti,Ulqini,Ulqin,Crna Gora,Mali i Zi\",\"potentialAction\":[{\"@type\":\"SearchAction\",\"target\":{\"@type\":\"EntryPoint\",\"urlTemplate\":\"https:\/\/www.visit-ulcinj.com\/blog\/?s={search_term_string}\"},\"query-input\":\"required name=search_term_string\"}],\"inLanguage\":\"en-US\"},{\"@type\":\"WebPage\",\"@id\":\"https:\/\/www.visit-ulcinj.com\/blog\/2016\/08\/21\/pqshi-njofton-elektoratin-shqiptar-ne-malin-e-zi\/#webpage\",\"url\":\"https:\/\/www.visit-ulcinj.com\/blog\/2016\/08\/21\/pqshi-njofton-elektoratin-shqiptar-ne-malin-e-zi\/\",\"name\":\"PQSHI...njofton Elektoratin shqiptar n\u00eb Malin e Zi - Lajme nga Ulqini\",\"isPartOf\":{\"@id\":\"https:\/\/www.visit-ulcinj.com\/blog\/#website\"},\"datePublished\":\"2016-08-21T10:59:12+00:00\",\"dateModified\":\"2016-08-22T15:26:37+00:00\",\"author\":{\"@id\":\"https:\/\/www.visit-ulcinj.com\/blog\/#\/schema\/person\/dcab619c614d3038751c63bc2aadc06d\"},\"description\":\"Sherbimi informativ i PQSHI...njofton Elektoratin qe Kryesia e ngusht bashke me Liderin..e PQSHI..njezeri qe nuk jane Parti Individuale dhe Private..gjeja\",\"breadcrumb\":{\"@id\":\"https:\/\/www.visit-ulcinj.com\/blog\/2016\/08\/21\/pqshi-njofton-elektoratin-shqiptar-ne-malin-e-zi\/#breadcrumb\"},\"inLanguage\":\"en-US\",\"potentialAction\":[{\"@type\":\"ReadAction\",\"target\":[\"https:\/\/www.visit-ulcinj.com\/blog\/2016\/08\/21\/pqshi-njofton-elektoratin-shqiptar-ne-malin-e-zi\/\"]}]},{\"@type\":\"BreadcrumbList\",\"@id\":\"https:\/\/www.visit-ulcinj.com\/blog\/2016\/08\/21\/pqshi-njofton-elektoratin-shqiptar-ne-malin-e-zi\/#breadcrumb\",\"itemListElement\":[{\"@type\":\"ListItem\",\"position\":1,\"name\":\"PQSHI&#8230;njofton Elektoratin shqiptar n\u00eb Malin e Zi\"}]},{\"@type\":\"Person\",\"@id\":\"https:\/\/www.visit-ulcinj.com\/blog\/#\/schema\/person\/dcab619c614d3038751c63bc2aadc06d\",\"name\":\"ulqini\",\"sameAs\":[\"http:\/\/www.visit-ulcinj.com\"],\"url\":\"https:\/\/www.visit-ulcinj.com\/blog\/author\/admin\/\"}]}<\/script>\n<!-- \/ Yoast SEO plugin. -->","yoast_head_json":{"title":"PQSHI...njofton Elektoratin shqiptar n\u00eb Malin e Zi - Lajme nga Ulqini","description":"Sherbimi informativ i PQSHI...njofton Elektoratin qe Kryesia e ngusht bashke me Liderin..e PQSHI..njezeri qe nuk jane Parti Individuale dhe Private..gjeja","robots":{"index":"index","follow":"follow","max-snippet":"max-snippet:-1","max-image-preview":"max-image-preview:large","max-video-preview":"max-video-preview:-1"},"canonical":"https:\/\/www.visit-ulcinj.com\/blog\/2016\/08\/21\/pqshi-njofton-elektoratin-shqiptar-ne-malin-e-zi\/","og_locale":"en_US","og_type":"article","og_title":"PQSHI...njofton Elektoratin shqiptar n\u00eb Malin e Zi - Lajme nga Ulqini","og_description":"Sherbimi informativ i PQSHI...njofton Elektoratin qe Kryesia e ngusht bashke me Liderin..e PQSHI..njezeri qe nuk jane Parti Individuale dhe Private..gjeja","og_url":"https:\/\/www.visit-ulcinj.com\/blog\/2016\/08\/21\/pqshi-njofton-elektoratin-shqiptar-ne-malin-e-zi\/","og_site_name":"Lajme nga Ulqini","article_published_time":"2016-08-21T10:59:12+00:00","article_modified_time":"2016-08-22T15:26:37+00:00","twitter_misc":{"Written by":"ulqini"},"schema":{"@context":"https:\/\/schema.org","@graph":[{"@type":"WebSite","@id":"https:\/\/www.visit-ulcinj.com\/blog\/#website","url":"https:\/\/www.visit-ulcinj.com\/blog\/","name":"Lajme nga Ulqini","description":"Lajme,Vijesti,Ulqini,Ulqin,Crna Gora,Mali i Zi","potentialAction":[{"@type":"SearchAction","target":{"@type":"EntryPoint","urlTemplate":"https:\/\/www.visit-ulcinj.com\/blog\/?s={search_term_string}"},"query-input":"required name=search_term_string"}],"inLanguage":"en-US"},{"@type":"WebPage","@id":"https:\/\/www.visit-ulcinj.com\/blog\/2016\/08\/21\/pqshi-njofton-elektoratin-shqiptar-ne-malin-e-zi\/#webpage","url":"https:\/\/www.visit-ulcinj.com\/blog\/2016\/08\/21\/pqshi-njofton-elektoratin-shqiptar-ne-malin-e-zi\/","name":"PQSHI...njofton Elektoratin shqiptar n\u00eb Malin e Zi - Lajme nga Ulqini","isPartOf":{"@id":"https:\/\/www.visit-ulcinj.com\/blog\/#website"},"datePublished":"2016-08-21T10:59:12+00:00","dateModified":"2016-08-22T15:26:37+00:00","author":{"@id":"https:\/\/www.visit-ulcinj.com\/blog\/#\/schema\/person\/dcab619c614d3038751c63bc2aadc06d"},"description":"Sherbimi informativ i PQSHI...njofton Elektoratin qe Kryesia e ngusht bashke me Liderin..e PQSHI..njezeri qe nuk jane Parti Individuale dhe Private..gjeja","breadcrumb":{"@id":"https:\/\/www.visit-ulcinj.com\/blog\/2016\/08\/21\/pqshi-njofton-elektoratin-shqiptar-ne-malin-e-zi\/#breadcrumb"},"inLanguage":"en-US","potentialAction":[{"@type":"ReadAction","target":["https:\/\/www.visit-ulcinj.com\/blog\/2016\/08\/21\/pqshi-njofton-elektoratin-shqiptar-ne-malin-e-zi\/"]}]},{"@type":"BreadcrumbList","@id":"https:\/\/www.visit-ulcinj.com\/blog\/2016\/08\/21\/pqshi-njofton-elektoratin-shqiptar-ne-malin-e-zi\/#breadcrumb","itemListElement":[{"@type":"ListItem","position":1,"name":"PQSHI&#8230;njofton Elektoratin shqiptar n\u00eb Malin e Zi"}]},{"@type":"Person","@id":"https:\/\/www.visit-ulcinj.com\/blog\/#\/schema\/person\/dcab619c614d3038751c63bc2aadc06d","name":"ulqini","sameAs":["http:\/\/www.visit-ulcinj.com"],"url":"https:\/\/www.visit-ulcinj.com\/blog\/author\/admin\/"}]}},"jetpack_featured_media_url":"","jetpack_sharing_enabled":true,"jetpack_shortlink":"https:\/\/wp.me\/pe6lTn-pNh","_links":{"self":[{"href":"https:\/\/www.visit-ulcinj.com\/blog\/wp-json\/wp\/v2\/posts\/99155"}],"collection":[{"href":"https:\/\/www.visit-ulcinj.com\/blog\/wp-json\/wp\/v2\/posts"}],"about":[{"href":"https:\/\/www.visit-ulcinj.com\/blog\/wp-json\/wp\/v2\/types\/post"}],"author":[{"embeddable":true,"href":"https:\/\/www.visit-ulcinj.com\/blog\/wp-json\/wp\/v2\/users\/1"}],"replies":[{"embeddable":true,"href":"https:\/\/www.visit-ulcinj.com\/blog\/wp-json\/wp\/v2\/comments?post=99155"}],"version-history":[{"count":1,"href":"https:\/\/www.visit-ulcinj.com\/blog\/wp-json\/wp\/v2\/posts\/99155\/revisions"}],"predecessor-version":[{"id":99156,"href":"https:\/\/www.visit-ulcinj.com\/blog\/wp-json\/wp\/v2\/posts\/99155\/revisions\/99156"}],"wp:attachment":[{"href":"https:\/\/www.visit-ulcinj.com\/blog\/wp-json\/wp\/v2\/media?parent=99155"}],"wp:term":[{"taxonomy":"category","embeddable":true,"href":"https:\/\/www.visit-ulcinj.com\/blog\/wp-json\/wp\/v2\/categories?post=99155"},{"taxonomy":"post_tag","embeddable":true,"href":"https:\/\/www.visit-ulcinj.com\/blog\/wp-json\/wp\/v2\/tags?post=99155"}],"curies":[{"name":"wp","href":"https:\/\/api.w.org\/{rel}","templated":true}]}}