{"id":99157,"date":"2016-08-21T19:17:17","date_gmt":"2016-08-21T18:17:17","guid":{"rendered":"http:\/\/www.visit-ulcinj.com\/blog\/?p=99157"},"modified":"2016-08-22T16:40:38","modified_gmt":"2016-08-22T15:40:38","slug":"silver-korda-koment-mbi-situaten-aktuale-politike-qe-rendon-gjendjen-ekonomike-te-ulqinit","status":"publish","type":"post","link":"https:\/\/www.visit-ulcinj.com\/blog\/2016\/08\/21\/silver-korda-koment-mbi-situaten-aktuale-politike-qe-rendon-gjendjen-ekonomike-te-ulqinit\/","title":{"rendered":"Silver Korda: Koment mbi situaten aktuale politike q\u00eb r\u00ebndon gjendjen ekonomike t\u00eb Ulqinit"},"content":{"rendered":"<p><strong><a href=\"http:\/\/www.visit-ulcinj.com\/blog\/wp-content\/uploads\/2016\/08\/Silver-Korda.jpg\"><img loading=\"lazy\" class=\"alignleft wp-image-99158\" src=\"http:\/\/www.visit-ulcinj.com\/blog\/wp-content\/uploads\/2016\/08\/Silver-Korda.jpg\" alt=\"Silver Korda\" width=\"508\" height=\"485\" srcset=\"https:\/\/www.visit-ulcinj.com\/blog\/wp-content\/uploads\/2016\/08\/Silver-Korda.jpg 721w, https:\/\/www.visit-ulcinj.com\/blog\/wp-content\/uploads\/2016\/08\/Silver-Korda-300x287.jpg 300w\" sizes=\"(max-width: 508px) 100vw, 508px\" \/><\/a>K O M E N T<\/strong><\/p>\n<p>Vite me radh\u00eb (m\u00eb s\u00eb pakti p\u00ebr 25 vitet e fundit) po shkruhet, komentohet, analizohet, propozohet, sypozohet, konstatohet dhe parashifet, n\u00eb tekste, raporte, shkresa, komunikata, referate, skica dhe projekte, prognoza t\u00eb ndryeshme dhe t\u00eb shumta optimiste dhe pesimiste, n\u00eb media digjitale, internetike, gazeta t\u00eb shumta n\u00eb Mal t\u00eb Zi (shqip dhe sllavisht) mbi Ulqinin, lidhur me Ulqinin, p\u00ebr Ulqinak, p\u00ebr situat\u00ebn politike, ekonomike, sociale, turistike, mentale, kulturore, historike, strategjike, mos\/perspektivat e rinis\u00eb t\u00eb Ulqinit, atmosfer\u00ebn lokale politike, mbi korrupcionin, familjarizmin, nepotizmin (ekonomi baballare) n\u00ebnshtruarje, struktura mafioze, fraksioniz\u00ebm, sahanl\u00ebpir\u00ebsin\u00eb kasabiane, lokalpatriotizmin, sistemin \u201dti mu-un\u00eb ty\u201d, manipulime, uzurpime, grabitje dhe shit\u00ebblerje t\u00eb pronave shoq\u00ebrore me \u00e7mime \u201cme qesh lakuriqi\u2026\u201d!<\/p>\n<p>Gjat\u00eb nj\u00ebzet e pes\u00eb vitesh t\u00eb fundit u ndruan shum\u00eb kryetar me n\u00ebnkryetar\u00ebt (her\u00eb edhe disa nj\u00ebkoh\u00ebsisht) n\u00eb komun\u00eb t\u00eb Ulqinit, me to poashtu shum\u00eb \u201cstafe\u201d dhe k\u00ebshill\u00ebtar politik, u themeluan gati\/ose m\u00eb shum\u00eb se 10 parti t\u00eb ashtuquajtura shqiptare. N\u00eb realitet, themelimin e tyre jo vet\u00ebn q\u00eb e toleroj pushtet\/ari kryesor i Podgoric\u00ebs, por edhe i p\u00ebrkrahi dhe nxiti sipas metodit t\u00eb vjet\u00ebr 500 vje\u00e7ar \u201c&#8230; p\u00ebr\u00e7aj dhe sundo\u201d! Nuk ka nevoj\u00eb me k\u00ebt\u00eb rast t\u00eb p\u00ebrs\u00ebritet kronologjia e ngjarjeve t\u00eb panum\u00ebrta lidhur me kte fenomen: p\u00ebr\u00e7arjet, kacafytjet, intrigat, akuzat reciproke me baz\u00eb e pa baz\u00eb, me argumente apo pa to, fyerje dhe ofendime, lufta p\u00ebr karrik\u00eb dhe interese vetiake, n\u00ebnshkrimi i vendimeve p\u00ebr shkatrrimin e objekteve kapitale-eksistenciale t\u00eb Ulqinit nga \u201csubjektet politike\u201d, drejtoreshat\/drejtor\u00ebt, referentet\/t\u00ebt e ndryesh\u00ebm t\u00eb enteve dhe organizatave t\u00eb ndryeshme komunale&#8230;<\/p>\n<p>Pra, gjat\u00eb tridh\u00ebjet\u00eb vitesh t\u00eb fundit, e pastaj prej rastit n\u00eb rast, qoft n\u00eb biseda, diskutime apo reagime ose komente n\u00eb media t\u00eb ndryeshme, kam than\u00eb, kam deklaruar, kam konstatuar ose shkruar i bindur thell\u00eb, me fakte dhe argumente, q\u00eb Ulqini nuk mund t\u00eb zhvillohet, nuk do t\u00eb ket\u00eb ardh\u00ebm\u00ebri, prosperitet dhe perspektiv\u00eb, nese nj\u00eb dit\u00eb nuk do ta udh\u00ebheqi nj\u00eb Ulqinak me ekip\u00eb t\u00eb disa Ulqinakve, t\u00eb cilit kan\u00eb jetuar, punuar, jan\u00eb arsimuar dhe kan\u00eb thithur vetit pozitive, sakt\u00ebsin\u00eb, korrektsin\u00eb, koordinimin e pun\u00ebs, zbatimin e koncepteve dhe projekteve t\u00eb nd\u00ebrmarrjeve ku kan\u00eb punuar, jan\u00eb disciplinuar, kultivuar, m\u00eb s\u00eb pakti nj\u00eb dekad\u00eb ose m\u00eb tep\u00ebr n\u00eb shtete perendimore: Gjermani, Zvic\u00ebr, Austri, shtetet e Beneluxit, Skandinave, Amerik\u00eb, Australi&#8230; Kjo nuk do t\u00eb thot\u00eb se Ulqini nuk ka sot kuadro politik t\u00eb gjenerat\u00ebs s\u00eb re, si Dritan Abazi m\u00eb s\u00eb pakti edhe 20-30 moshatar\u00ebt e tij\u00eb nga gjith\u00eb partit\u00eb n\u00eb Ulqin (me potenciale intelektuale, energji t\u00eb pashterrshme, elan dhe ambicie, perspektiv\u00eb dhe dijeni t\u00eb duhur, vlera t\u00eb larta morale).<\/p>\n<p>K\u00ebtu duhet domosdo t\u00eb akcentohet r\u00ebnd\u00ebsia e rolit t\u00eb gruas, f\u00ebmrave t\u00eb gjenerat\u00ebs s\u00eb re intelektuale, integrimi i tyre m\u00eb intenziv dhe konkret n\u00eb gjitha strukturat politike, menaxhuese, duke marr\u00eb parasysh faktin se ato jan\u00eb m\u00eb suptile, m\u00eb t\u00eb vendosura n\u00eb raste t\u00eb caktuara vendimtare, ku mashkujt d\u00ebshmojn ose hamend\u00ebsin dhe pengojn vehten me dilema dhe mentalitet shpesh \u201cma\u00e7oist\u201d. M\u00ebnyra e logjikimit, senzibilitetit, ndjeshm\u00ebris\u00eb dhe instinktit tipik fem\u00ebror jan\u00eb parakushtet e r\u00ebnd\u00ebsishme p\u00ebr zbatimin dhe realizimin e vendimeve pozitive, delikate politike, humane, sociale. Koha e sotme k\u00ebrkon koncepte tjera, vendime tjera, strategjit e realizueshme, konsekuenc\u00eb n\u00eb zbatimin e vendimeve ligjore, diplomati n\u00eb komunikim me popull, sinqeritet me votues, vendos\u00ebshm\u00ebri dhe moral t\u00eb lart\u00eb njer\u00ebzor, si parakusht i arritjes\u00eb s\u00eb rezultateve pozitive, p\u00ebr zhvillim, prosperitet. Femrat jan\u00eb ku e ku m\u00eb pun\u00ebtore se mashkujt, se po t\u00eb ishte e kund\u00ebrt, kishin me e menaxhuar meshkujt am\u00ebvisnin\u00eb (pun\u00ebt e sht\u00ebpis\u00eb, t\u00eb cilat shpesh n\u00ebnvler\u00ebsohen nga \u201cburrat\u201d). Pun\u00ebt, detyrat, obligimet, p\u00ebrgjegj\u00ebsia e gruas\u00eb n\u00eb familje dhe shoq\u00ebri, jan\u00eb shum\u00eb m\u00eb delikate dhe t\u00eb r\u00ebnda se sa e mendojn ose e konsiderojm \u201cburrat\u201d. Nuk thot\u00eb kot aj\u00eb proverbi ulqinak: \u201c&#8230;pun\u00ebt e shpis\u00eb e t\u00eb qeveris\u00eb nuk marojn kurr!\u201d Pra, sidomos n\u00ebse e zb\u00ebrthejm kte filozofi t\u00eb thjesht\u00eb, vinim deri te rezymeja logjike: pun\u00ebt e shtetit nuk p\u00ebrfundojn kurr, por t\u00eb sht\u00ebpis\u00eb\/am\u00ebvisnis\u00eb edhe m\u00eb pak\u00eb. K\u00ebshtu vijm deri te p\u00ebrfundimi logjik: gruaja\/femra mundet ti zbatoj edhe pun\u00ebt e shtetit me m\u00eb durim dhe aft\u00ebsi se sa meshkujt\/burrat! Por, kjo nuk do t\u00eb thot\u00eb q\u00eb \u00e7do fem\u00ebr \u00ebsht\u00eb e aft\u00eb p\u00ebr politik\u00eb, e meshkujt edhe m\u00eb pak\u00eb.<\/p>\n<p>Por, ajo \u00e7ka i mungon apsolutikisht t\u00eb gjith\u00eb \u201csubjekteve politik\u201d (fraz\u00eb e p\u00ebrdit\u00ebshme n\u00eb fjalorin politik n\u00eb Mal t\u00eb Zi dhe m\u00eb gj\u00ebr\u00eb), lider\u00ebve partiak, drejtorave, shefave, referent\u00ebve dhe personave tjera n\u00eb pozita dhe funkcione shoq\u00ebrore, sociale, ekonomike, kulturore, ar\u00ebsimore, nd\u00ebrmarr\u00ebjet shoq\u00ebrore ose private, \u00ebsht\u00eb: praksa, praktika e pun\u00ebs konkrete, n\u00eb vende pune, n\u00eb terren, aty p\u00ebr aty, efikasiteti, zbatimi i obligimeve, p\u00ebrcaktimeve ligjore, disciplina dhe konsekuenca e realizimit t\u00eb q\u00ebllimeve t\u00eb p\u00ebrcaktuara ligjore, punuese, zbatimin e projekteve konkrete statutore, rregullore.<\/p>\n<p>Nj\u00eb shembull banal (p\u00ebr kuptimet ballkanike): nj\u00eb person nga komuna e Ulqinit i cili ka punuar n\u00eb shtetet Perendimore 10, 15, 20 e mos t\u00eb flasim 30 vite, si kamarjer, kuzhinar, shit\u00ebs, mekanik, ose ndonj\u00eb detyr\u00eb tjet\u00ebr edhe m\u00eb delikate dhe p\u00ebrgjegj\u00ebse, mundet n\u00eb Ulqin dhe kudo n\u00eb Mal t\u00eb Zi t\u00eb udh\u00ebheq\u00eb \u00e7do hotel, nd\u00ebrmarr\u00ebje tregtare me filiale t\u00eb shumta, fabrik\u00eb industriale, rreparte teknike, ente ose institucione shoq\u00ebrore, komunale, shtetrore, ekonomike, sociale, edukuese, shkollore, m\u00eb efektiv, m\u00eb eficient, m\u00eb profit dhe me rentabilitet afat\u00ebgjat\u00eb. Pse? Prap shembull \u201cbanal\u201d: n\u00eb Perendim nuk mundet askush t\u00eb futet n\u00eb pozit\u00eb\/detyr\u00eb drejtorit nj\u00eb hoteli, firme, entit, fabrike, n\u00ebse nuk ka b\u00ebr\u00eb praktik\u00ebn si \u201csheg\u00ebrt\u201d (paralel me m\u00ebsim) gjat\u00eb gjith\u00eb shkollimit, arsimimit, aft\u00ebsimit profesional dhe intelektual. Pra, drejtori i nj\u00eb hoteli ia nis\u00eb aft\u00ebsimin profesional ashtu q\u00eb vitin e par\u00eb punon si \u201csheg\u00ebrt\u201d n\u00eb kuzhin\u00eb t\u00eb nj\u00eb hoteli, vitin e dyt\u00eb \u00ebsht\u00eb n\u00eb restorant si kamarjer, vitin e tret\u00eb n\u00eb recepcion dhe administrat\u00eb; pas kryerjes\u00eb s\u00eb shkoll\u00ebs s\u00eb lart\u00eb turistike dhe praks\u00ebs s\u00eb p\u00ebrmendur paralel me m\u00ebsimin shkollor, shkon\u00eb n\u00eb nj\u00eb hotel tjet\u00ebr n\u00eb shtetin e tij\u00eb apo shpesh n\u00eb shtetet t\u00eb huaja, si asistent i shefit t\u00eb kuzhin\u00ebs, ose si asistent i drejtorit t\u00eb hotelit dhe pas 5-7 vitesh konkuronin si drejtora t\u00eb nj\u00eb hoteli ose objektit turistik n\u00eb shtetin am\u00ebz, me eksperienc\u00eb dhe dijeni praktike, stabile, me idea t\u00eb reja, ambicioz, me elan, vullnet dhe vendos\u00ebshm\u00ebri. Kjo vlen\u00eb poashtu edhe p\u00ebr kuadro t\u00eb menaxhmentit t\u00eb lart\u00eb: bankar, politik, social, ekonomik, t\u00eb cil\u00ebt po n\u00eb t\u00eb njejt\u00ebn m\u00ebnyer\u00eb dhe me t\u00eb njejtat metoda e \u201cpjekin\u201d profilin e tyre profesional me pun\u00eb praktike, \u201cn\u00eb teren\u201d, n\u00eb \u201cmejdan\u201d t\u00eb pro\u00e7eseve konkrete, aty p\u00ebr aty.<\/p>\n<p>Ka shum\u00eb bashk\u00ebvendas ton\u00eb t\u00eb komun\u00ebs s\u00eb Ulqinit n\u00eb mbar\u00eb bot\u00ebn q\u00eb kan\u00eb korr suksese jo vet\u00ebn n\u00eb fusha dhe lami \u201cbanale\u201d, por si menaxher, avokat\u00eb, drejtora, e nj\u00ebkoh\u00ebsisht me eksperinc\u00eb politike, pragmatike, aft\u00ebsim strategjik, organizatorik, koordinues. Ato dinin se si funksionojn sistemet partiake, shtetrore, ekonomike, finansiare, administrative t\u00eb shteteve ku jetojn ose kan\u00eb jetuar dhe jetonin edhe m\u00eb tutje, por tash vizitojn vendlindjen\u00eb disa her\u00eb n\u00eb vit dhe q\u00ebndrojn me jav\u00eb dhe muaj. Ve\u00e7 nj\u00eb shembull konkret: Cafo Boga t\u00eb cilin e shohim shpesh dhe shum\u00eb aktiv n\u00eb mbar\u00eb trojet shqiptare, sidomos n\u00eb Ulqin. Personat si ky jan\u00eb t\u00eb aft\u00eb ta udh\u00ebheqin edhe shtetin e jo nj\u00eb administrat\u00eb komunale si e Ulqinit. Po e p\u00ebrs\u00ebris\u00eb: po t\u00eb ishin n\u00eb pushtet shtetror dhe lokal \u201csubjekte politike\u201d, \u201cstafet eksekutiv\u00eb\u201d p\u00ebrs\u00ebmarit, ligjor, t\u00eb civilizuar dhe pa interesa personale, vetiake, me vlera morale t\u00eb ngritura qytetruese e jo me bindje se me metoda dhe mentalitet se shteti dhe komunat \u201cjan\u00eb lop\u00eb p\u00ebr mjelje t\u00eb qumshtit\u201d, si k\u00ebto eksistuese, do t\u00eb kishte shpres\u00eb p\u00ebr Ulqin.<\/p>\n<p>Nj\u00eb kombinim i personave t\u00eb afta t\u00eb komun\u00ebs s\u00eb Ulqinit, t\u00eb rinj\u00eb, ambicioza, korrekt, t\u00eb disciplinuar dhe me idee progresive sociale dhe humane, me ato persona \u201cnga Perendimi\u201d, me eksperienc\u00eb t\u00eb madhe pune, praks\u00eb n\u00eb sistemet efektive t\u00eb menaxhimit me metoda perendimore, kishte me qen\u00eb kombinimi ideal, efektiv, stabil, afatgjat\u00eb, social dhe p\u00ebrs\u00ebmarit p\u00ebr ardh\u00ebmerin\u00eb e Ulqinit, gjegjsisht, t\u00eb gjeneratave t\u00eb reja t\u00eb komun\u00ebs s\u00eb Ulqinit.<\/p>\n<p>Nuk ka zhvillim as prosperitet n\u00eb vende ku politikan\u00ebt b\u00ebrin \u00e7mosin t\u00eb ngriten n\u00eb fotela privilegjuese me q\u00ebllime profiterike, \u201cme marr\u00eb rrog\u00ebn\u201d, me u ngop sa m\u00eb shum\u00eb gjat\u00eb legjistratur\u00ebs 4 vjr\u00eb\u00e7are (e mos t\u00eb flasim p\u00ebr dy her\u00eb nga kat\u00ebr vite). N\u00eb Per\u00ebndim lider\u00ebt e partive ken\u00eb q\u00ebllime strategjike, ideale politike p\u00ebr t\u00eb mir\u00ebn e shtetit, kantonit, komun\u00ebs, qarkut, m\u00ebhall\u00ebs (Quartier) p\u00ebr ardh\u00ebm\u00ebrin\u00eb sa m\u00eb t\u00eb mir\u00eb dhe p\u00ebrs\u00ebmarit p\u00ebr gjeneratat e reja. Ato jan\u00eb finsnciarisht t\u00eb pavarur, jan\u00eb ve\u00e7 n\u00eb funksione ose detyra drejtuese me rroga t\u00eb larta, ose kan\u00eb firmat e veta. Dhe, n\u00ebse i zgjedhin n\u00eb pozita dhe funksione shtetrore, kantonale, komunale politike, partiake, ato ia dor\u00ebzojn udh\u00ebheqjen ose an\u00ebtarve tjer\u00eb familiar, ose menaxhmentit drejtues t\u00eb firm\u00ebs\u00eb dhe i kushtohen prosperitetit dhe mir\u00ebqenjes\u00eb mbar\u00ebshoqrore.<\/p>\n<p>Sot, pas tri dekadave, jo vet\u00ebn q\u00eb po e theksoj edhe nj\u00eb her\u00eb, por edhe m\u00eb i bindur se kurr, po e p\u00ebrs\u00ebrisi tez\u00ebn e lart\u00ebp\u00ebrmendur si t\u00eb vetmen p\u00ebr rrug\u00ebdalje nga kjo gjendje e mjrueshme n\u00eb Ulqin. Natyrisht, n\u00ebn k\u00ebt\u00eb diktatur t\u00eb pushtetit central dhe despotizmit t\u00eb Knjazit dhe vlladikave t\u00eb tij\u00eb, as q\u00eb mundet, as q\u00eb lejohet, e as q\u00eb mund t\u00eb \u00ebnd\u00ebrohet p\u00ebr nj\u00eb ndrim progresiv, efikas, me perspektiva t\u00eb zhvillimit pozitiv, pun\u00ebsimit t\u00eb kuadrove t\u00eb reja, t\u00eb aft\u00ebsuar n\u00eb lami dhe profile t\u00eb ndryeshme, duke i shfryt\u00ebzuar t\u00eb gjitha resurset natyrore, bujq\u00ebsore, turistike, mikro ekonomike, solare, medicinale klimatike si dhe qindra mund\u00ebsi dhe variante tjera q\u00eb i ofron Ulqini me vendet p\u00ebrreth. Ky diskurs sistemik nuk pretendon t\u00eb jet apriori zgjedhje p\u00ebr t\u00eb gjith\u00eb problemet e sotme t\u00eb situat\u00ebs dezastroze n\u00eb Ulqin, por ve\u00e7 nji ide ose koncept p\u00ebr diskutimet dhe zgjedhjet e ardh\u00ebshme pozitive, konkrete dhe efikase.<\/p>\n<p>Kjo \u00ebsht\u00eb e realizueshme dhe mujtur ve\u00e7 me zgjedhje t\u00eb reja, apsolutikisht t\u00eb pavarura nga Pushteti\/pushtetar\u00ebt e Malit t\u00eb Zi, me mund\u00ebsi t\u00eb zgjedhjes\u00eb t\u00eb kandidat\u00ebve t\u00eb pavarur, t\u00eb lir\u00eb dhe jopartiak, sipas d\u00ebshir\u00ebs dhe bindjes\u00eb apsolute t\u00eb lir\u00eb dhe vullnetit t\u00eb mir\u00eb t\u00eb popullit. A do t\u00eb vij\u00eb ndonj\u00eb her\u00eb deri te realizimi i k\u00ebtij\u00eb koncept politik? Po! Edhe 5, 10, apo 15 vite..? Kush e di\u2026 Pa realizimin e kushteve statutare, ligjore, demokratike, zgjedhjeve t\u00eb lira, pa ryshfete dhe pa blerje t\u00eb votave me miell, vaj, benzin\u00eb, para, pa shtruarje rrug\u00ebsh-asfalti \u201c5 minuta para dymb\u00ebdhjet\u00eb\u201d n\u00eb m\u00ebhalla t\u00eb caktuara, demek p\u00ebr t\u00eb mir\u00ebn e banor\u00ebve, e n\u00eb realitet shkaku se aty banojn edhe \u201csubjektet politik\u00eb\u201d, pa ngritjen e vet\u00ebdijes\u00eb politike, qytetare, sociale, kulturore, humane t\u00eb votuesve-popullit, i cili kishte me e kuptuar nj\u00eb her\u00eb e p\u00ebrgjith\u00ebmon, se ve\u00e7 k\u00ebshtu mundem me ia siguruar f\u00ebmijve, nipave dhe mbesave nj\u00eb ardh\u00ebmeri t\u00eb gjelb\u00ebr, t\u00eb bereqetshme, me vende pune, me siguri sociale, zhvillim ekonomik\u00eb&#8230; Nj\u00eb jet\u00eb m\u00eb t\u00eb lumtur, me nj\u00eb dinjitet m\u00eb human dhe t\u00eb ngritur se sot.<\/p>\n<p id=\"js_4\" class=\"_5pbw _5vra\" data-ft=\"{&quot;tn&quot;:&quot;C&quot;}\"><strong><span class=\"fwn fcg\"><span class=\"fwb fcg\" data-ft=\"{&quot;tn&quot;:&quot;;&quot;}\"><a id=\"js_d\" href=\"https:\/\/www.facebook.com\/profile.php?id=100002258040793&amp;fref=nf\" data-hovercard=\"\/ajax\/hovercard\/user.php?id=100002258040793&amp;extragetparams=%7B%22fref%22%3A%22nf%22%7D\">Silver Korda Facebook<\/a><\/span><\/span><\/strong><\/p>\n","protected":false},"excerpt":{"rendered":"<p>K O M E N T Vite me radh\u00eb (m\u00eb s\u00eb pakti p\u00ebr 25 vitet e fundit) po shkruhet, komentohet, analizohet, propozohet, sypozohet, konstatohet dhe parashifet, n\u00eb tekste, raporte, shkresa, komunikata, referate, skica dhe projekte, prognoza t\u00eb ndryeshme dhe t\u00eb shumta optimiste dhe pesimiste, n\u00eb media digjitale, internetike, gazeta t\u00eb shumta n\u00eb Mal t\u00eb Zi [&hellip;]<\/p>\n","protected":false},"author":1,"featured_media":0,"comment_status":"closed","ping_status":"closed","sticky":false,"template":"","format":"standard","meta":{"spay_email":"","jetpack_publicize_message":"","jetpack_is_tweetstorm":false,"jetpack_publicize_feature_enabled":true},"categories":[7,14249],"tags":[],"jetpack_publicize_connections":[],"yoast_head":"<!-- This site is optimized with the Yoast SEO plugin v19.1 - https:\/\/yoast.com\/wordpress\/plugins\/seo\/ -->\n<title>Silver Korda: Koment mbi situaten aktuale politike q\u00eb r\u00ebndon gjendjen ekonomike t\u00eb Ulqinit - Lajme nga Ulqini<\/title>\n<meta name=\"description\" content=\"K O M E N T Vite me radh\u00eb (m\u00eb s\u00eb pakti p\u00ebr 25 vitet e fundit) po shkruhet, komentohet, analizohet, propozohet, sypozohet, konstatohet dhe parashifet, n\u00eb\" \/>\n<meta name=\"robots\" content=\"index, follow, max-snippet:-1, max-image-preview:large, max-video-preview:-1\" \/>\n<link rel=\"canonical\" href=\"https:\/\/www.visit-ulcinj.com\/blog\/2016\/08\/21\/silver-korda-koment-mbi-situaten-aktuale-politike-qe-rendon-gjendjen-ekonomike-te-ulqinit\/\" \/>\n<meta property=\"og:locale\" content=\"en_US\" \/>\n<meta property=\"og:type\" content=\"article\" \/>\n<meta property=\"og:title\" content=\"Silver Korda: Koment mbi situaten aktuale politike q\u00eb r\u00ebndon gjendjen ekonomike t\u00eb Ulqinit - Lajme nga Ulqini\" \/>\n<meta property=\"og:description\" content=\"K O M E N T Vite me radh\u00eb (m\u00eb s\u00eb pakti p\u00ebr 25 vitet e fundit) po shkruhet, komentohet, analizohet, propozohet, sypozohet, konstatohet dhe parashifet, n\u00eb\" \/>\n<meta property=\"og:url\" content=\"https:\/\/www.visit-ulcinj.com\/blog\/2016\/08\/21\/silver-korda-koment-mbi-situaten-aktuale-politike-qe-rendon-gjendjen-ekonomike-te-ulqinit\/\" \/>\n<meta property=\"og:site_name\" content=\"Lajme nga Ulqini\" \/>\n<meta property=\"article:published_time\" content=\"2016-08-21T18:17:17+00:00\" \/>\n<meta property=\"article:modified_time\" content=\"2016-08-22T15:40:38+00:00\" \/>\n<meta property=\"og:image\" content=\"http:\/\/www.visit-ulcinj.com\/blog\/wp-content\/uploads\/2016\/08\/Silver-Korda.jpg\" \/>\n<meta name=\"twitter:label1\" content=\"Written by\" \/>\n\t<meta name=\"twitter:data1\" content=\"ulqini\" \/>\n\t<meta name=\"twitter:label2\" content=\"Est. reading time\" \/>\n\t<meta name=\"twitter:data2\" content=\"10 minutes\" \/>\n<script type=\"application\/ld+json\" class=\"yoast-schema-graph\">{\"@context\":\"https:\/\/schema.org\",\"@graph\":[{\"@type\":\"WebSite\",\"@id\":\"https:\/\/www.visit-ulcinj.com\/blog\/#website\",\"url\":\"https:\/\/www.visit-ulcinj.com\/blog\/\",\"name\":\"Lajme nga Ulqini\",\"description\":\"Lajme,Vijesti,Ulqini,Ulqin,Crna Gora,Mali i Zi\",\"potentialAction\":[{\"@type\":\"SearchAction\",\"target\":{\"@type\":\"EntryPoint\",\"urlTemplate\":\"https:\/\/www.visit-ulcinj.com\/blog\/?s={search_term_string}\"},\"query-input\":\"required name=search_term_string\"}],\"inLanguage\":\"en-US\"},{\"@type\":\"ImageObject\",\"inLanguage\":\"en-US\",\"@id\":\"https:\/\/www.visit-ulcinj.com\/blog\/2016\/08\/21\/silver-korda-koment-mbi-situaten-aktuale-politike-qe-rendon-gjendjen-ekonomike-te-ulqinit\/#primaryimage\",\"url\":\"https:\/\/www.visit-ulcinj.com\/blog\/wp-content\/uploads\/2016\/08\/Silver-Korda.jpg\",\"contentUrl\":\"https:\/\/www.visit-ulcinj.com\/blog\/wp-content\/uploads\/2016\/08\/Silver-Korda.jpg\",\"width\":721,\"height\":689},{\"@type\":\"WebPage\",\"@id\":\"https:\/\/www.visit-ulcinj.com\/blog\/2016\/08\/21\/silver-korda-koment-mbi-situaten-aktuale-politike-qe-rendon-gjendjen-ekonomike-te-ulqinit\/#webpage\",\"url\":\"https:\/\/www.visit-ulcinj.com\/blog\/2016\/08\/21\/silver-korda-koment-mbi-situaten-aktuale-politike-qe-rendon-gjendjen-ekonomike-te-ulqinit\/\",\"name\":\"Silver Korda: Koment mbi situaten aktuale politike q\u00eb r\u00ebndon gjendjen ekonomike t\u00eb Ulqinit - Lajme nga Ulqini\",\"isPartOf\":{\"@id\":\"https:\/\/www.visit-ulcinj.com\/blog\/#website\"},\"primaryImageOfPage\":{\"@id\":\"https:\/\/www.visit-ulcinj.com\/blog\/2016\/08\/21\/silver-korda-koment-mbi-situaten-aktuale-politike-qe-rendon-gjendjen-ekonomike-te-ulqinit\/#primaryimage\"},\"datePublished\":\"2016-08-21T18:17:17+00:00\",\"dateModified\":\"2016-08-22T15:40:38+00:00\",\"author\":{\"@id\":\"https:\/\/www.visit-ulcinj.com\/blog\/#\/schema\/person\/dcab619c614d3038751c63bc2aadc06d\"},\"description\":\"K O M E N T Vite me radh\u00eb (m\u00eb s\u00eb pakti p\u00ebr 25 vitet e fundit) po shkruhet, komentohet, analizohet, propozohet, sypozohet, konstatohet dhe parashifet, n\u00eb\",\"breadcrumb\":{\"@id\":\"https:\/\/www.visit-ulcinj.com\/blog\/2016\/08\/21\/silver-korda-koment-mbi-situaten-aktuale-politike-qe-rendon-gjendjen-ekonomike-te-ulqinit\/#breadcrumb\"},\"inLanguage\":\"en-US\",\"potentialAction\":[{\"@type\":\"ReadAction\",\"target\":[\"https:\/\/www.visit-ulcinj.com\/blog\/2016\/08\/21\/silver-korda-koment-mbi-situaten-aktuale-politike-qe-rendon-gjendjen-ekonomike-te-ulqinit\/\"]}]},{\"@type\":\"BreadcrumbList\",\"@id\":\"https:\/\/www.visit-ulcinj.com\/blog\/2016\/08\/21\/silver-korda-koment-mbi-situaten-aktuale-politike-qe-rendon-gjendjen-ekonomike-te-ulqinit\/#breadcrumb\",\"itemListElement\":[{\"@type\":\"ListItem\",\"position\":1,\"name\":\"Silver Korda: Koment mbi situaten aktuale politike q\u00eb r\u00ebndon gjendjen ekonomike t\u00eb Ulqinit\"}]},{\"@type\":\"Person\",\"@id\":\"https:\/\/www.visit-ulcinj.com\/blog\/#\/schema\/person\/dcab619c614d3038751c63bc2aadc06d\",\"name\":\"ulqini\",\"sameAs\":[\"http:\/\/www.visit-ulcinj.com\"],\"url\":\"https:\/\/www.visit-ulcinj.com\/blog\/author\/admin\/\"}]}<\/script>\n<!-- \/ Yoast SEO plugin. -->","yoast_head_json":{"title":"Silver Korda: Koment mbi situaten aktuale politike q\u00eb r\u00ebndon gjendjen ekonomike t\u00eb Ulqinit - Lajme nga Ulqini","description":"K O M E N T Vite me radh\u00eb (m\u00eb s\u00eb pakti p\u00ebr 25 vitet e fundit) po shkruhet, komentohet, analizohet, propozohet, sypozohet, konstatohet dhe parashifet, n\u00eb","robots":{"index":"index","follow":"follow","max-snippet":"max-snippet:-1","max-image-preview":"max-image-preview:large","max-video-preview":"max-video-preview:-1"},"canonical":"https:\/\/www.visit-ulcinj.com\/blog\/2016\/08\/21\/silver-korda-koment-mbi-situaten-aktuale-politike-qe-rendon-gjendjen-ekonomike-te-ulqinit\/","og_locale":"en_US","og_type":"article","og_title":"Silver Korda: Koment mbi situaten aktuale politike q\u00eb r\u00ebndon gjendjen ekonomike t\u00eb Ulqinit - Lajme nga Ulqini","og_description":"K O M E N T Vite me radh\u00eb (m\u00eb s\u00eb pakti p\u00ebr 25 vitet e fundit) po shkruhet, komentohet, analizohet, propozohet, sypozohet, konstatohet dhe parashifet, n\u00eb","og_url":"https:\/\/www.visit-ulcinj.com\/blog\/2016\/08\/21\/silver-korda-koment-mbi-situaten-aktuale-politike-qe-rendon-gjendjen-ekonomike-te-ulqinit\/","og_site_name":"Lajme nga Ulqini","article_published_time":"2016-08-21T18:17:17+00:00","article_modified_time":"2016-08-22T15:40:38+00:00","og_image":[{"url":"http:\/\/www.visit-ulcinj.com\/blog\/wp-content\/uploads\/2016\/08\/Silver-Korda.jpg"}],"twitter_misc":{"Written by":"ulqini","Est. reading time":"10 minutes"},"schema":{"@context":"https:\/\/schema.org","@graph":[{"@type":"WebSite","@id":"https:\/\/www.visit-ulcinj.com\/blog\/#website","url":"https:\/\/www.visit-ulcinj.com\/blog\/","name":"Lajme nga Ulqini","description":"Lajme,Vijesti,Ulqini,Ulqin,Crna Gora,Mali i Zi","potentialAction":[{"@type":"SearchAction","target":{"@type":"EntryPoint","urlTemplate":"https:\/\/www.visit-ulcinj.com\/blog\/?s={search_term_string}"},"query-input":"required name=search_term_string"}],"inLanguage":"en-US"},{"@type":"ImageObject","inLanguage":"en-US","@id":"https:\/\/www.visit-ulcinj.com\/blog\/2016\/08\/21\/silver-korda-koment-mbi-situaten-aktuale-politike-qe-rendon-gjendjen-ekonomike-te-ulqinit\/#primaryimage","url":"https:\/\/www.visit-ulcinj.com\/blog\/wp-content\/uploads\/2016\/08\/Silver-Korda.jpg","contentUrl":"https:\/\/www.visit-ulcinj.com\/blog\/wp-content\/uploads\/2016\/08\/Silver-Korda.jpg","width":721,"height":689},{"@type":"WebPage","@id":"https:\/\/www.visit-ulcinj.com\/blog\/2016\/08\/21\/silver-korda-koment-mbi-situaten-aktuale-politike-qe-rendon-gjendjen-ekonomike-te-ulqinit\/#webpage","url":"https:\/\/www.visit-ulcinj.com\/blog\/2016\/08\/21\/silver-korda-koment-mbi-situaten-aktuale-politike-qe-rendon-gjendjen-ekonomike-te-ulqinit\/","name":"Silver Korda: Koment mbi situaten aktuale politike q\u00eb r\u00ebndon gjendjen ekonomike t\u00eb Ulqinit - Lajme nga Ulqini","isPartOf":{"@id":"https:\/\/www.visit-ulcinj.com\/blog\/#website"},"primaryImageOfPage":{"@id":"https:\/\/www.visit-ulcinj.com\/blog\/2016\/08\/21\/silver-korda-koment-mbi-situaten-aktuale-politike-qe-rendon-gjendjen-ekonomike-te-ulqinit\/#primaryimage"},"datePublished":"2016-08-21T18:17:17+00:00","dateModified":"2016-08-22T15:40:38+00:00","author":{"@id":"https:\/\/www.visit-ulcinj.com\/blog\/#\/schema\/person\/dcab619c614d3038751c63bc2aadc06d"},"description":"K O M E N T Vite me radh\u00eb (m\u00eb s\u00eb pakti p\u00ebr 25 vitet e fundit) po shkruhet, komentohet, analizohet, propozohet, sypozohet, konstatohet dhe parashifet, n\u00eb","breadcrumb":{"@id":"https:\/\/www.visit-ulcinj.com\/blog\/2016\/08\/21\/silver-korda-koment-mbi-situaten-aktuale-politike-qe-rendon-gjendjen-ekonomike-te-ulqinit\/#breadcrumb"},"inLanguage":"en-US","potentialAction":[{"@type":"ReadAction","target":["https:\/\/www.visit-ulcinj.com\/blog\/2016\/08\/21\/silver-korda-koment-mbi-situaten-aktuale-politike-qe-rendon-gjendjen-ekonomike-te-ulqinit\/"]}]},{"@type":"BreadcrumbList","@id":"https:\/\/www.visit-ulcinj.com\/blog\/2016\/08\/21\/silver-korda-koment-mbi-situaten-aktuale-politike-qe-rendon-gjendjen-ekonomike-te-ulqinit\/#breadcrumb","itemListElement":[{"@type":"ListItem","position":1,"name":"Silver Korda: Koment mbi situaten aktuale politike q\u00eb r\u00ebndon gjendjen ekonomike t\u00eb Ulqinit"}]},{"@type":"Person","@id":"https:\/\/www.visit-ulcinj.com\/blog\/#\/schema\/person\/dcab619c614d3038751c63bc2aadc06d","name":"ulqini","sameAs":["http:\/\/www.visit-ulcinj.com"],"url":"https:\/\/www.visit-ulcinj.com\/blog\/author\/admin\/"}]}},"jetpack_featured_media_url":"","jetpack_sharing_enabled":true,"jetpack_shortlink":"https:\/\/wp.me\/pe6lTn-pNj","_links":{"self":[{"href":"https:\/\/www.visit-ulcinj.com\/blog\/wp-json\/wp\/v2\/posts\/99157"}],"collection":[{"href":"https:\/\/www.visit-ulcinj.com\/blog\/wp-json\/wp\/v2\/posts"}],"about":[{"href":"https:\/\/www.visit-ulcinj.com\/blog\/wp-json\/wp\/v2\/types\/post"}],"author":[{"embeddable":true,"href":"https:\/\/www.visit-ulcinj.com\/blog\/wp-json\/wp\/v2\/users\/1"}],"replies":[{"embeddable":true,"href":"https:\/\/www.visit-ulcinj.com\/blog\/wp-json\/wp\/v2\/comments?post=99157"}],"version-history":[{"count":1,"href":"https:\/\/www.visit-ulcinj.com\/blog\/wp-json\/wp\/v2\/posts\/99157\/revisions"}],"predecessor-version":[{"id":99159,"href":"https:\/\/www.visit-ulcinj.com\/blog\/wp-json\/wp\/v2\/posts\/99157\/revisions\/99159"}],"wp:attachment":[{"href":"https:\/\/www.visit-ulcinj.com\/blog\/wp-json\/wp\/v2\/media?parent=99157"}],"wp:term":[{"taxonomy":"category","embeddable":true,"href":"https:\/\/www.visit-ulcinj.com\/blog\/wp-json\/wp\/v2\/categories?post=99157"},{"taxonomy":"post_tag","embeddable":true,"href":"https:\/\/www.visit-ulcinj.com\/blog\/wp-json\/wp\/v2\/tags?post=99157"}],"curies":[{"name":"wp","href":"https:\/\/api.w.org\/{rel}","templated":true}]}}