{"id":99165,"date":"2016-08-22T16:29:29","date_gmt":"2016-08-22T15:29:29","guid":{"rendered":"http:\/\/www.visit-ulcinj.com\/blog\/?p=99165"},"modified":"2016-08-22T16:29:29","modified_gmt":"2016-08-22T15:29:29","slug":"zemljotres-manje-jacine-epicentar-u-moru-ispred-budve","status":"publish","type":"post","link":"https:\/\/www.visit-ulcinj.com\/blog\/2016\/08\/22\/zemljotres-manje-jacine-epicentar-u-moru-ispred-budve\/","title":{"rendered":"Zemljotres  manje ja\u010dine, epicentar u moru ispred Budve"},"content":{"rendered":"<p><strong><a href=\"http:\/\/www.visit-ulcinj.com\/blog\/wp-content\/uploads\/2016\/08\/Budva-sezm-crna-gora.jpg\"><img loading=\"lazy\" class=\"alignleft wp-image-99161\" src=\"http:\/\/www.visit-ulcinj.com\/blog\/wp-content\/uploads\/2016\/08\/Budva-sezm-crna-gora.jpg\" alt=\"Budva-sezm-crna-gora\" width=\"508\" height=\"308\" srcset=\"https:\/\/www.visit-ulcinj.com\/blog\/wp-content\/uploads\/2016\/08\/Budva-sezm-crna-gora.jpg 1024w, https:\/\/www.visit-ulcinj.com\/blog\/wp-content\/uploads\/2016\/08\/Budva-sezm-crna-gora-300x182.jpg 300w, https:\/\/www.visit-ulcinj.com\/blog\/wp-content\/uploads\/2016\/08\/Budva-sezm-crna-gora-768x465.jpg 768w\" sizes=\"(max-width: 508px) 100vw, 508px\" \/><\/a>Sektor za seizmologiju Zavoda za hidrometeorologiju i seizmologiju je danas, u 15:56, registrovao zemljotres umjerene ja\u010dine sa epicentrom 6 km jugozapadno od Budve, u Jadranskom moru, prenosi portal\u00a0 BAR.info<\/strong><\/p>\n<p>Ja\u010dina ovog zemljotresa u hipocentru (\u017eari\u0161tu) iznosila je 3,4 jedinica Rihterove skale, \u0161to odgovara epicentralnom intenzitetu od V-VI stepeni Merkalijeve skale (MCS). \u017dari\u0161te ovog zemljotresa locirano je na dubini od samo 9 km. Trajanje zemljotresa je bilo kratko, manje od desetak sekundi.<\/p>\n<p>U Baru se osjetio intenzitetom od III-IV stepena Merkalijeve skale (MCS).<\/p>\n<div class=\"tag\">\n<ul>\n<ul>\n<li>Zemljotres umjerene ja\u010dine, epicentar u moru ispred Budve<\/li>\n<li>Zemljotres oko Tirane, osjetio se i u Baru<\/li>\n<li>Zemljotres u Ulcinju, solidno i kod nas<\/li>\n<li>Predavanja o zemljotresu u O\u0160 Meksiko<\/li>\n<li>Treslo na Cetinju, a kod nas tri stepena<\/li>\n<li>Zemljotres u Gr\u010dkoj, osjetio se i u Crnoj Gori<\/li>\n<li>Drmao se region, i Barani se probudili<\/li>\n<li>U Mrkojevi\u0107ima u\u010dili o vanrednim situacijama<\/li>\n<li>Drmnuo kod kom\u0161ija<\/li>\n<li>Zemljotres kod kom\u0161ija, solidan i kod nas<\/li>\n<li>Za deset sati tri zemljotresa<\/li>\n<li>Drmnuo, mali<\/li>\n<li>VIDEO: April u BJO u znaku edukacije o zemljotresu<\/li>\n<li>Vje\u017eba evakucije u \u0161koli BJO<\/li>\n<li>Vje\u017eba sa scenarijom zemljotresa<\/li>\n<\/ul>\n<\/ul>\n<p><strong>Izvor: BAR.info<\/strong><\/p>\n<\/div>\n","protected":false},"excerpt":{"rendered":"<p>Sektor za seizmologiju Zavoda za hidrometeorologiju i seizmologiju je danas, u 15:56, registrovao zemljotres umjerene ja\u010dine sa epicentrom 6 km jugozapadno od Budve, u Jadranskom moru, prenosi portal\u00a0 BAR.info Ja\u010dina ovog zemljotresa u hipocentru (\u017eari\u0161tu) iznosila je 3,4 jedinica Rihterove skale, \u0161to odgovara epicentralnom intenzitetu od V-VI stepeni Merkalijeve skale (MCS). \u017dari\u0161te ovog zemljotresa locirano [&hellip;]<\/p>\n","protected":false},"author":1,"featured_media":0,"comment_status":"closed","ping_status":"closed","sticky":false,"template":"","format":"standard","meta":{"spay_email":"","jetpack_publicize_message":"","jetpack_is_tweetstorm":false,"jetpack_publicize_feature_enabled":true},"categories":[8337],"tags":[],"jetpack_publicize_connections":[],"yoast_head":"<!-- This site is optimized with the Yoast SEO plugin v19.1 - https:\/\/yoast.com\/wordpress\/plugins\/seo\/ -->\n<title>Zemljotres manje ja\u010dine, epicentar u moru ispred Budve - Lajme nga Ulqini<\/title>\n<meta name=\"description\" content=\"Sektor za seizmologiju Zavoda za hidrometeorologiju i seizmologiju je danas, u 15:56, registrovao zemljotres umjerene ja\u010dine sa epicentrom 6 km\" \/>\n<meta name=\"robots\" content=\"index, follow, max-snippet:-1, max-image-preview:large, max-video-preview:-1\" \/>\n<link rel=\"canonical\" href=\"https:\/\/www.visit-ulcinj.com\/blog\/2016\/08\/22\/zemljotres-manje-jacine-epicentar-u-moru-ispred-budve\/\" \/>\n<meta property=\"og:locale\" content=\"en_US\" \/>\n<meta property=\"og:type\" content=\"article\" \/>\n<meta property=\"og:title\" content=\"Zemljotres manje ja\u010dine, epicentar u moru ispred Budve - Lajme nga Ulqini\" \/>\n<meta property=\"og:description\" content=\"Sektor za seizmologiju Zavoda za hidrometeorologiju i seizmologiju je danas, u 15:56, registrovao zemljotres umjerene ja\u010dine sa epicentrom 6 km\" \/>\n<meta property=\"og:url\" content=\"https:\/\/www.visit-ulcinj.com\/blog\/2016\/08\/22\/zemljotres-manje-jacine-epicentar-u-moru-ispred-budve\/\" \/>\n<meta property=\"og:site_name\" content=\"Lajme nga Ulqini\" \/>\n<meta property=\"article:published_time\" content=\"2016-08-22T15:29:29+00:00\" \/>\n<meta property=\"og:image\" content=\"http:\/\/www.visit-ulcinj.com\/blog\/wp-content\/uploads\/2016\/08\/Budva-sezm-crna-gora.jpg\" \/>\n<meta name=\"twitter:label1\" content=\"Written by\" \/>\n\t<meta name=\"twitter:data1\" content=\"ulqini\" \/>\n\t<meta name=\"twitter:label2\" content=\"Est. reading time\" \/>\n\t<meta name=\"twitter:data2\" content=\"1 minute\" \/>\n<script type=\"application\/ld+json\" class=\"yoast-schema-graph\">{\"@context\":\"https:\/\/schema.org\",\"@graph\":[{\"@type\":\"WebSite\",\"@id\":\"https:\/\/www.visit-ulcinj.com\/blog\/#website\",\"url\":\"https:\/\/www.visit-ulcinj.com\/blog\/\",\"name\":\"Lajme nga Ulqini\",\"description\":\"Lajme,Vijesti,Ulqini,Ulqin,Crna Gora,Mali i Zi\",\"potentialAction\":[{\"@type\":\"SearchAction\",\"target\":{\"@type\":\"EntryPoint\",\"urlTemplate\":\"https:\/\/www.visit-ulcinj.com\/blog\/?s={search_term_string}\"},\"query-input\":\"required name=search_term_string\"}],\"inLanguage\":\"en-US\"},{\"@type\":\"ImageObject\",\"inLanguage\":\"en-US\",\"@id\":\"https:\/\/www.visit-ulcinj.com\/blog\/2016\/08\/22\/zemljotres-manje-jacine-epicentar-u-moru-ispred-budve\/#primaryimage\",\"url\":\"https:\/\/www.visit-ulcinj.com\/blog\/wp-content\/uploads\/2016\/08\/Budva-sezm-crna-gora.jpg\",\"contentUrl\":\"https:\/\/www.visit-ulcinj.com\/blog\/wp-content\/uploads\/2016\/08\/Budva-sezm-crna-gora.jpg\",\"width\":1024,\"height\":620},{\"@type\":\"WebPage\",\"@id\":\"https:\/\/www.visit-ulcinj.com\/blog\/2016\/08\/22\/zemljotres-manje-jacine-epicentar-u-moru-ispred-budve\/#webpage\",\"url\":\"https:\/\/www.visit-ulcinj.com\/blog\/2016\/08\/22\/zemljotres-manje-jacine-epicentar-u-moru-ispred-budve\/\",\"name\":\"Zemljotres manje ja\u010dine, epicentar u moru ispred Budve - Lajme nga Ulqini\",\"isPartOf\":{\"@id\":\"https:\/\/www.visit-ulcinj.com\/blog\/#website\"},\"primaryImageOfPage\":{\"@id\":\"https:\/\/www.visit-ulcinj.com\/blog\/2016\/08\/22\/zemljotres-manje-jacine-epicentar-u-moru-ispred-budve\/#primaryimage\"},\"datePublished\":\"2016-08-22T15:29:29+00:00\",\"dateModified\":\"2016-08-22T15:29:29+00:00\",\"author\":{\"@id\":\"https:\/\/www.visit-ulcinj.com\/blog\/#\/schema\/person\/dcab619c614d3038751c63bc2aadc06d\"},\"description\":\"Sektor za seizmologiju Zavoda za hidrometeorologiju i seizmologiju je danas, u 15:56, registrovao zemljotres umjerene ja\u010dine sa epicentrom 6 km\",\"breadcrumb\":{\"@id\":\"https:\/\/www.visit-ulcinj.com\/blog\/2016\/08\/22\/zemljotres-manje-jacine-epicentar-u-moru-ispred-budve\/#breadcrumb\"},\"inLanguage\":\"en-US\",\"potentialAction\":[{\"@type\":\"ReadAction\",\"target\":[\"https:\/\/www.visit-ulcinj.com\/blog\/2016\/08\/22\/zemljotres-manje-jacine-epicentar-u-moru-ispred-budve\/\"]}]},{\"@type\":\"BreadcrumbList\",\"@id\":\"https:\/\/www.visit-ulcinj.com\/blog\/2016\/08\/22\/zemljotres-manje-jacine-epicentar-u-moru-ispred-budve\/#breadcrumb\",\"itemListElement\":[{\"@type\":\"ListItem\",\"position\":1,\"name\":\"Zemljotres manje ja\u010dine, epicentar u moru ispred Budve\"}]},{\"@type\":\"Person\",\"@id\":\"https:\/\/www.visit-ulcinj.com\/blog\/#\/schema\/person\/dcab619c614d3038751c63bc2aadc06d\",\"name\":\"ulqini\",\"sameAs\":[\"http:\/\/www.visit-ulcinj.com\"],\"url\":\"https:\/\/www.visit-ulcinj.com\/blog\/author\/admin\/\"}]}<\/script>\n<!-- \/ Yoast SEO plugin. -->","yoast_head_json":{"title":"Zemljotres manje ja\u010dine, epicentar u moru ispred Budve - Lajme nga Ulqini","description":"Sektor za seizmologiju Zavoda za hidrometeorologiju i seizmologiju je danas, u 15:56, registrovao zemljotres umjerene ja\u010dine sa epicentrom 6 km","robots":{"index":"index","follow":"follow","max-snippet":"max-snippet:-1","max-image-preview":"max-image-preview:large","max-video-preview":"max-video-preview:-1"},"canonical":"https:\/\/www.visit-ulcinj.com\/blog\/2016\/08\/22\/zemljotres-manje-jacine-epicentar-u-moru-ispred-budve\/","og_locale":"en_US","og_type":"article","og_title":"Zemljotres manje ja\u010dine, epicentar u moru ispred Budve - Lajme nga Ulqini","og_description":"Sektor za seizmologiju Zavoda za hidrometeorologiju i seizmologiju je danas, u 15:56, registrovao zemljotres umjerene ja\u010dine sa epicentrom 6 km","og_url":"https:\/\/www.visit-ulcinj.com\/blog\/2016\/08\/22\/zemljotres-manje-jacine-epicentar-u-moru-ispred-budve\/","og_site_name":"Lajme nga Ulqini","article_published_time":"2016-08-22T15:29:29+00:00","og_image":[{"url":"http:\/\/www.visit-ulcinj.com\/blog\/wp-content\/uploads\/2016\/08\/Budva-sezm-crna-gora.jpg"}],"twitter_misc":{"Written by":"ulqini","Est. reading time":"1 minute"},"schema":{"@context":"https:\/\/schema.org","@graph":[{"@type":"WebSite","@id":"https:\/\/www.visit-ulcinj.com\/blog\/#website","url":"https:\/\/www.visit-ulcinj.com\/blog\/","name":"Lajme nga Ulqini","description":"Lajme,Vijesti,Ulqini,Ulqin,Crna Gora,Mali i Zi","potentialAction":[{"@type":"SearchAction","target":{"@type":"EntryPoint","urlTemplate":"https:\/\/www.visit-ulcinj.com\/blog\/?s={search_term_string}"},"query-input":"required name=search_term_string"}],"inLanguage":"en-US"},{"@type":"ImageObject","inLanguage":"en-US","@id":"https:\/\/www.visit-ulcinj.com\/blog\/2016\/08\/22\/zemljotres-manje-jacine-epicentar-u-moru-ispred-budve\/#primaryimage","url":"https:\/\/www.visit-ulcinj.com\/blog\/wp-content\/uploads\/2016\/08\/Budva-sezm-crna-gora.jpg","contentUrl":"https:\/\/www.visit-ulcinj.com\/blog\/wp-content\/uploads\/2016\/08\/Budva-sezm-crna-gora.jpg","width":1024,"height":620},{"@type":"WebPage","@id":"https:\/\/www.visit-ulcinj.com\/blog\/2016\/08\/22\/zemljotres-manje-jacine-epicentar-u-moru-ispred-budve\/#webpage","url":"https:\/\/www.visit-ulcinj.com\/blog\/2016\/08\/22\/zemljotres-manje-jacine-epicentar-u-moru-ispred-budve\/","name":"Zemljotres manje ja\u010dine, epicentar u moru ispred Budve - Lajme nga Ulqini","isPartOf":{"@id":"https:\/\/www.visit-ulcinj.com\/blog\/#website"},"primaryImageOfPage":{"@id":"https:\/\/www.visit-ulcinj.com\/blog\/2016\/08\/22\/zemljotres-manje-jacine-epicentar-u-moru-ispred-budve\/#primaryimage"},"datePublished":"2016-08-22T15:29:29+00:00","dateModified":"2016-08-22T15:29:29+00:00","author":{"@id":"https:\/\/www.visit-ulcinj.com\/blog\/#\/schema\/person\/dcab619c614d3038751c63bc2aadc06d"},"description":"Sektor za seizmologiju Zavoda za hidrometeorologiju i seizmologiju je danas, u 15:56, registrovao zemljotres umjerene ja\u010dine sa epicentrom 6 km","breadcrumb":{"@id":"https:\/\/www.visit-ulcinj.com\/blog\/2016\/08\/22\/zemljotres-manje-jacine-epicentar-u-moru-ispred-budve\/#breadcrumb"},"inLanguage":"en-US","potentialAction":[{"@type":"ReadAction","target":["https:\/\/www.visit-ulcinj.com\/blog\/2016\/08\/22\/zemljotres-manje-jacine-epicentar-u-moru-ispred-budve\/"]}]},{"@type":"BreadcrumbList","@id":"https:\/\/www.visit-ulcinj.com\/blog\/2016\/08\/22\/zemljotres-manje-jacine-epicentar-u-moru-ispred-budve\/#breadcrumb","itemListElement":[{"@type":"ListItem","position":1,"name":"Zemljotres manje ja\u010dine, epicentar u moru ispred Budve"}]},{"@type":"Person","@id":"https:\/\/www.visit-ulcinj.com\/blog\/#\/schema\/person\/dcab619c614d3038751c63bc2aadc06d","name":"ulqini","sameAs":["http:\/\/www.visit-ulcinj.com"],"url":"https:\/\/www.visit-ulcinj.com\/blog\/author\/admin\/"}]}},"jetpack_featured_media_url":"","jetpack_sharing_enabled":true,"jetpack_shortlink":"https:\/\/wp.me\/pe6lTn-pNr","_links":{"self":[{"href":"https:\/\/www.visit-ulcinj.com\/blog\/wp-json\/wp\/v2\/posts\/99165"}],"collection":[{"href":"https:\/\/www.visit-ulcinj.com\/blog\/wp-json\/wp\/v2\/posts"}],"about":[{"href":"https:\/\/www.visit-ulcinj.com\/blog\/wp-json\/wp\/v2\/types\/post"}],"author":[{"embeddable":true,"href":"https:\/\/www.visit-ulcinj.com\/blog\/wp-json\/wp\/v2\/users\/1"}],"replies":[{"embeddable":true,"href":"https:\/\/www.visit-ulcinj.com\/blog\/wp-json\/wp\/v2\/comments?post=99165"}],"version-history":[{"count":1,"href":"https:\/\/www.visit-ulcinj.com\/blog\/wp-json\/wp\/v2\/posts\/99165\/revisions"}],"predecessor-version":[{"id":99166,"href":"https:\/\/www.visit-ulcinj.com\/blog\/wp-json\/wp\/v2\/posts\/99165\/revisions\/99166"}],"wp:attachment":[{"href":"https:\/\/www.visit-ulcinj.com\/blog\/wp-json\/wp\/v2\/media?parent=99165"}],"wp:term":[{"taxonomy":"category","embeddable":true,"href":"https:\/\/www.visit-ulcinj.com\/blog\/wp-json\/wp\/v2\/categories?post=99165"},{"taxonomy":"post_tag","embeddable":true,"href":"https:\/\/www.visit-ulcinj.com\/blog\/wp-json\/wp\/v2\/tags?post=99165"}],"curies":[{"name":"wp","href":"https:\/\/api.w.org\/{rel}","templated":true}]}}