{"id":99167,"date":"2016-08-22T16:33:25","date_gmt":"2016-08-22T15:33:25","guid":{"rendered":"http:\/\/www.visit-ulcinj.com\/blog\/?p=99167"},"modified":"2016-08-22T16:33:25","modified_gmt":"2016-08-22T15:33:25","slug":"udheheqesit-komunal-takohen-drejtorat-e-shkollave-fillore","status":"publish","type":"post","link":"https:\/\/www.visit-ulcinj.com\/blog\/2016\/08\/22\/udheheqesit-komunal-takohen-drejtorat-e-shkollave-fillore\/","title":{"rendered":"Udh\u00ebheq\u00ebsit komunal takohen me Drejtorat e shkollave fillore"},"content":{"rendered":"<p><a href=\"http:\/\/www.visit-ulcinj.com\/blog\/wp-content\/uploads\/2016\/08\/Drejtorat-e-shkollave-fillore-Nazif-Cungu.jpg\"><img loading=\"lazy\" class=\"alignleft wp-image-99168\" src=\"http:\/\/www.visit-ulcinj.com\/blog\/wp-content\/uploads\/2016\/08\/Drejtorat-e-shkollave-fillore-Nazif-Cungu.jpg\" alt=\"Drejtorat e shkollave fillore -Nazif-Cungu\" width=\"508\" height=\"336\" srcset=\"https:\/\/www.visit-ulcinj.com\/blog\/wp-content\/uploads\/2016\/08\/Drejtorat-e-shkollave-fillore-Nazif-Cungu.jpg 933w, https:\/\/www.visit-ulcinj.com\/blog\/wp-content\/uploads\/2016\/08\/Drejtorat-e-shkollave-fillore-Nazif-Cungu-300x199.jpg 300w, https:\/\/www.visit-ulcinj.com\/blog\/wp-content\/uploads\/2016\/08\/Drejtorat-e-shkollave-fillore-Nazif-Cungu-768x509.jpg 768w\" sizes=\"(max-width: 508px) 100vw, 508px\" \/><\/a>Sot, kryetari I komun\u00ebs Nazif\u00a0 Cungu dhe kryetari I kuvendit Loro Nrekiqi\u00a0 u takuan me Drejtor\u00ebt e shkollave fillore. Aty\u00a0 krahas\u00a0\u00a0 njoftimit\u00a0 q\u00eb komuna do t\u00eb siguroj\u00eb kompletet p\u00ebr nx\u00ebn\u00ebsit e klasave t\u00eb para u prek\u00ebn dhe\u00a0 nj\u00eb s\u00ebr\u00eb c\u00ebshtjesh t\u00eb tjera q\u00eb p\u00ebrcjellin\u00a0 arsimin.<\/p>\n<p>Drejtor\u00ebt p\u00ebrsh\u00ebndet\u00ebn\u00a0 nism\u00ebn e inicuar nga komuna.Sipas\u00a0 evidenc\u00ebs s\u00eb ofruar\u00a0 nga ana e tyre , komuna k\u00ebt\u00eb\u00a0 vit\u00a0 t\u00eb ri shkollor do t\u00eb siguroj\u00eb\u00a0 mbi 250 komplete p\u00ebr fillorist\u00ebt.Zyrtar\u00ebt komunal me v\u00ebm\u00ebndje p\u00ebrcoll\u00ebn shqet\u00ebsimet\u00a0 e drejtorave\u00a0 per problemet q\u00eb paraqiten ne shkollat q\u00eb drejtojn\u00eb.<\/p>\n<p>U la\u00a0 q\u00eb s\u00ebshpejti t\u00eb inicohen takimet ndarase dhe t\u00eb p\u00ebrbashk\u00ebta, ku sejcili drejtor n\u00eb m\u00ebnyr\u00eb precize do t\u00eb\u00a0 prezantoj\u00eb\u00a0 nevojat q\u00eb paraqiten n\u00ebp\u00ebr shkolla.<\/p>\n<p>Kryetari Cungu\u00a0 ofroj\u00eb si ndihm\u00eb\u00a0 kycjen\u00a0 e Agjencis\u00eb p\u00ebr nd\u00ebrtim dhe zhvillim t\u00eb qytetit ton\u00eb , n\u00eb hartimin e eleborateve projektuese dhe u shpreh I gatsh\u00ebm q\u00eb edhe komuna t\u00eb ndihmoje\u00a0 brenda mund\u00ebsive ,krahas\u00a0 ndihm\u00ebs q\u00eb do t\u00eb ofroj\u00eb dhe\u00a0 q\u00eb do t\u00eb k\u00ebrkohet nga Ministria e arsimit.<\/p>\n<p>Kryetari Cungu, paralajm\u00ebroi nj\u00eb takim t\u00eb ngjash\u00ebm edhe me drejtorat e shkollave t\u00eb mesme.<\/p>\n","protected":false},"excerpt":{"rendered":"<p>Sot, kryetari I komun\u00ebs Nazif\u00a0 Cungu dhe kryetari I kuvendit Loro Nrekiqi\u00a0 u takuan me Drejtor\u00ebt e shkollave fillore. Aty\u00a0 krahas\u00a0\u00a0 njoftimit\u00a0 q\u00eb komuna do t\u00eb siguroj\u00eb kompletet p\u00ebr nx\u00ebn\u00ebsit e klasave t\u00eb para u prek\u00ebn dhe\u00a0 nj\u00eb s\u00ebr\u00eb c\u00ebshtjesh t\u00eb tjera q\u00eb p\u00ebrcjellin\u00a0 arsimin. Drejtor\u00ebt p\u00ebrsh\u00ebndet\u00ebn\u00a0 nism\u00ebn e inicuar nga komuna.Sipas\u00a0 evidenc\u00ebs s\u00eb ofruar\u00a0 [&hellip;]<\/p>\n","protected":false},"author":1,"featured_media":0,"comment_status":"closed","ping_status":"closed","sticky":false,"template":"","format":"standard","meta":{"spay_email":"","jetpack_publicize_message":"","jetpack_is_tweetstorm":false,"jetpack_publicize_feature_enabled":true},"categories":[4],"tags":[],"jetpack_publicize_connections":[],"yoast_head":"<!-- This site is optimized with the Yoast SEO plugin v19.1 - https:\/\/yoast.com\/wordpress\/plugins\/seo\/ -->\n<title>Udh\u00ebheq\u00ebsit komunal takohen me Drejtorat e shkollave fillore - Lajme nga Ulqini<\/title>\n<meta name=\"description\" content=\"Sot, kryetari I komun\u00ebs Nazif\u00a0 Cungu dhe kryetari I kuvendit Loro Nrekiqi\u00a0 u takuan me Drejtor\u00ebt e shkollave fillore. Aty\u00a0 krahas\u00a0\u00a0 njoftimit\u00a0 q\u00eb komuna\" \/>\n<meta name=\"robots\" content=\"index, follow, max-snippet:-1, max-image-preview:large, max-video-preview:-1\" \/>\n<link rel=\"canonical\" href=\"https:\/\/www.visit-ulcinj.com\/blog\/2016\/08\/22\/udheheqesit-komunal-takohen-drejtorat-e-shkollave-fillore\/\" \/>\n<meta property=\"og:locale\" content=\"en_US\" \/>\n<meta property=\"og:type\" content=\"article\" \/>\n<meta property=\"og:title\" content=\"Udh\u00ebheq\u00ebsit komunal takohen me Drejtorat e shkollave fillore - Lajme nga Ulqini\" \/>\n<meta property=\"og:description\" content=\"Sot, kryetari I komun\u00ebs Nazif\u00a0 Cungu dhe kryetari I kuvendit Loro Nrekiqi\u00a0 u takuan me Drejtor\u00ebt e shkollave fillore. Aty\u00a0 krahas\u00a0\u00a0 njoftimit\u00a0 q\u00eb komuna\" \/>\n<meta property=\"og:url\" content=\"https:\/\/www.visit-ulcinj.com\/blog\/2016\/08\/22\/udheheqesit-komunal-takohen-drejtorat-e-shkollave-fillore\/\" \/>\n<meta property=\"og:site_name\" content=\"Lajme nga Ulqini\" \/>\n<meta property=\"article:published_time\" content=\"2016-08-22T15:33:25+00:00\" \/>\n<meta property=\"og:image\" content=\"http:\/\/www.visit-ulcinj.com\/blog\/wp-content\/uploads\/2016\/08\/Drejtorat-e-shkollave-fillore-Nazif-Cungu.jpg\" \/>\n<meta name=\"twitter:label1\" content=\"Written by\" \/>\n\t<meta name=\"twitter:data1\" content=\"ulqini\" \/>\n\t<meta name=\"twitter:label2\" content=\"Est. reading time\" \/>\n\t<meta name=\"twitter:data2\" content=\"1 minute\" \/>\n<script type=\"application\/ld+json\" class=\"yoast-schema-graph\">{\"@context\":\"https:\/\/schema.org\",\"@graph\":[{\"@type\":\"WebSite\",\"@id\":\"https:\/\/www.visit-ulcinj.com\/blog\/#website\",\"url\":\"https:\/\/www.visit-ulcinj.com\/blog\/\",\"name\":\"Lajme nga Ulqini\",\"description\":\"Lajme,Vijesti,Ulqini,Ulqin,Crna Gora,Mali i Zi\",\"potentialAction\":[{\"@type\":\"SearchAction\",\"target\":{\"@type\":\"EntryPoint\",\"urlTemplate\":\"https:\/\/www.visit-ulcinj.com\/blog\/?s={search_term_string}\"},\"query-input\":\"required name=search_term_string\"}],\"inLanguage\":\"en-US\"},{\"@type\":\"ImageObject\",\"inLanguage\":\"en-US\",\"@id\":\"https:\/\/www.visit-ulcinj.com\/blog\/2016\/08\/22\/udheheqesit-komunal-takohen-drejtorat-e-shkollave-fillore\/#primaryimage\",\"url\":\"https:\/\/www.visit-ulcinj.com\/blog\/wp-content\/uploads\/2016\/08\/Drejtorat-e-shkollave-fillore-Nazif-Cungu.jpg\",\"contentUrl\":\"https:\/\/www.visit-ulcinj.com\/blog\/wp-content\/uploads\/2016\/08\/Drejtorat-e-shkollave-fillore-Nazif-Cungu.jpg\",\"width\":933,\"height\":618},{\"@type\":\"WebPage\",\"@id\":\"https:\/\/www.visit-ulcinj.com\/blog\/2016\/08\/22\/udheheqesit-komunal-takohen-drejtorat-e-shkollave-fillore\/#webpage\",\"url\":\"https:\/\/www.visit-ulcinj.com\/blog\/2016\/08\/22\/udheheqesit-komunal-takohen-drejtorat-e-shkollave-fillore\/\",\"name\":\"Udh\u00ebheq\u00ebsit komunal takohen me Drejtorat e shkollave fillore - Lajme nga Ulqini\",\"isPartOf\":{\"@id\":\"https:\/\/www.visit-ulcinj.com\/blog\/#website\"},\"primaryImageOfPage\":{\"@id\":\"https:\/\/www.visit-ulcinj.com\/blog\/2016\/08\/22\/udheheqesit-komunal-takohen-drejtorat-e-shkollave-fillore\/#primaryimage\"},\"datePublished\":\"2016-08-22T15:33:25+00:00\",\"dateModified\":\"2016-08-22T15:33:25+00:00\",\"author\":{\"@id\":\"https:\/\/www.visit-ulcinj.com\/blog\/#\/schema\/person\/dcab619c614d3038751c63bc2aadc06d\"},\"description\":\"Sot, kryetari I komun\u00ebs Nazif\u00a0 Cungu dhe kryetari I kuvendit Loro Nrekiqi\u00a0 u takuan me Drejtor\u00ebt e shkollave fillore. Aty\u00a0 krahas\u00a0\u00a0 njoftimit\u00a0 q\u00eb komuna\",\"breadcrumb\":{\"@id\":\"https:\/\/www.visit-ulcinj.com\/blog\/2016\/08\/22\/udheheqesit-komunal-takohen-drejtorat-e-shkollave-fillore\/#breadcrumb\"},\"inLanguage\":\"en-US\",\"potentialAction\":[{\"@type\":\"ReadAction\",\"target\":[\"https:\/\/www.visit-ulcinj.com\/blog\/2016\/08\/22\/udheheqesit-komunal-takohen-drejtorat-e-shkollave-fillore\/\"]}]},{\"@type\":\"BreadcrumbList\",\"@id\":\"https:\/\/www.visit-ulcinj.com\/blog\/2016\/08\/22\/udheheqesit-komunal-takohen-drejtorat-e-shkollave-fillore\/#breadcrumb\",\"itemListElement\":[{\"@type\":\"ListItem\",\"position\":1,\"name\":\"Udh\u00ebheq\u00ebsit komunal takohen me Drejtorat e shkollave fillore\"}]},{\"@type\":\"Person\",\"@id\":\"https:\/\/www.visit-ulcinj.com\/blog\/#\/schema\/person\/dcab619c614d3038751c63bc2aadc06d\",\"name\":\"ulqini\",\"sameAs\":[\"http:\/\/www.visit-ulcinj.com\"],\"url\":\"https:\/\/www.visit-ulcinj.com\/blog\/author\/admin\/\"}]}<\/script>\n<!-- \/ Yoast SEO plugin. -->","yoast_head_json":{"title":"Udh\u00ebheq\u00ebsit komunal takohen me Drejtorat e shkollave fillore - Lajme nga Ulqini","description":"Sot, kryetari I komun\u00ebs Nazif\u00a0 Cungu dhe kryetari I kuvendit Loro Nrekiqi\u00a0 u takuan me Drejtor\u00ebt e shkollave fillore. Aty\u00a0 krahas\u00a0\u00a0 njoftimit\u00a0 q\u00eb komuna","robots":{"index":"index","follow":"follow","max-snippet":"max-snippet:-1","max-image-preview":"max-image-preview:large","max-video-preview":"max-video-preview:-1"},"canonical":"https:\/\/www.visit-ulcinj.com\/blog\/2016\/08\/22\/udheheqesit-komunal-takohen-drejtorat-e-shkollave-fillore\/","og_locale":"en_US","og_type":"article","og_title":"Udh\u00ebheq\u00ebsit komunal takohen me Drejtorat e shkollave fillore - Lajme nga Ulqini","og_description":"Sot, kryetari I komun\u00ebs Nazif\u00a0 Cungu dhe kryetari I kuvendit Loro Nrekiqi\u00a0 u takuan me Drejtor\u00ebt e shkollave fillore. Aty\u00a0 krahas\u00a0\u00a0 njoftimit\u00a0 q\u00eb komuna","og_url":"https:\/\/www.visit-ulcinj.com\/blog\/2016\/08\/22\/udheheqesit-komunal-takohen-drejtorat-e-shkollave-fillore\/","og_site_name":"Lajme nga Ulqini","article_published_time":"2016-08-22T15:33:25+00:00","og_image":[{"url":"http:\/\/www.visit-ulcinj.com\/blog\/wp-content\/uploads\/2016\/08\/Drejtorat-e-shkollave-fillore-Nazif-Cungu.jpg"}],"twitter_misc":{"Written by":"ulqini","Est. reading time":"1 minute"},"schema":{"@context":"https:\/\/schema.org","@graph":[{"@type":"WebSite","@id":"https:\/\/www.visit-ulcinj.com\/blog\/#website","url":"https:\/\/www.visit-ulcinj.com\/blog\/","name":"Lajme nga Ulqini","description":"Lajme,Vijesti,Ulqini,Ulqin,Crna Gora,Mali i Zi","potentialAction":[{"@type":"SearchAction","target":{"@type":"EntryPoint","urlTemplate":"https:\/\/www.visit-ulcinj.com\/blog\/?s={search_term_string}"},"query-input":"required name=search_term_string"}],"inLanguage":"en-US"},{"@type":"ImageObject","inLanguage":"en-US","@id":"https:\/\/www.visit-ulcinj.com\/blog\/2016\/08\/22\/udheheqesit-komunal-takohen-drejtorat-e-shkollave-fillore\/#primaryimage","url":"https:\/\/www.visit-ulcinj.com\/blog\/wp-content\/uploads\/2016\/08\/Drejtorat-e-shkollave-fillore-Nazif-Cungu.jpg","contentUrl":"https:\/\/www.visit-ulcinj.com\/blog\/wp-content\/uploads\/2016\/08\/Drejtorat-e-shkollave-fillore-Nazif-Cungu.jpg","width":933,"height":618},{"@type":"WebPage","@id":"https:\/\/www.visit-ulcinj.com\/blog\/2016\/08\/22\/udheheqesit-komunal-takohen-drejtorat-e-shkollave-fillore\/#webpage","url":"https:\/\/www.visit-ulcinj.com\/blog\/2016\/08\/22\/udheheqesit-komunal-takohen-drejtorat-e-shkollave-fillore\/","name":"Udh\u00ebheq\u00ebsit komunal takohen me Drejtorat e shkollave fillore - Lajme nga Ulqini","isPartOf":{"@id":"https:\/\/www.visit-ulcinj.com\/blog\/#website"},"primaryImageOfPage":{"@id":"https:\/\/www.visit-ulcinj.com\/blog\/2016\/08\/22\/udheheqesit-komunal-takohen-drejtorat-e-shkollave-fillore\/#primaryimage"},"datePublished":"2016-08-22T15:33:25+00:00","dateModified":"2016-08-22T15:33:25+00:00","author":{"@id":"https:\/\/www.visit-ulcinj.com\/blog\/#\/schema\/person\/dcab619c614d3038751c63bc2aadc06d"},"description":"Sot, kryetari I komun\u00ebs Nazif\u00a0 Cungu dhe kryetari I kuvendit Loro Nrekiqi\u00a0 u takuan me Drejtor\u00ebt e shkollave fillore. Aty\u00a0 krahas\u00a0\u00a0 njoftimit\u00a0 q\u00eb komuna","breadcrumb":{"@id":"https:\/\/www.visit-ulcinj.com\/blog\/2016\/08\/22\/udheheqesit-komunal-takohen-drejtorat-e-shkollave-fillore\/#breadcrumb"},"inLanguage":"en-US","potentialAction":[{"@type":"ReadAction","target":["https:\/\/www.visit-ulcinj.com\/blog\/2016\/08\/22\/udheheqesit-komunal-takohen-drejtorat-e-shkollave-fillore\/"]}]},{"@type":"BreadcrumbList","@id":"https:\/\/www.visit-ulcinj.com\/blog\/2016\/08\/22\/udheheqesit-komunal-takohen-drejtorat-e-shkollave-fillore\/#breadcrumb","itemListElement":[{"@type":"ListItem","position":1,"name":"Udh\u00ebheq\u00ebsit komunal takohen me Drejtorat e shkollave fillore"}]},{"@type":"Person","@id":"https:\/\/www.visit-ulcinj.com\/blog\/#\/schema\/person\/dcab619c614d3038751c63bc2aadc06d","name":"ulqini","sameAs":["http:\/\/www.visit-ulcinj.com"],"url":"https:\/\/www.visit-ulcinj.com\/blog\/author\/admin\/"}]}},"jetpack_featured_media_url":"","jetpack_sharing_enabled":true,"jetpack_shortlink":"https:\/\/wp.me\/pe6lTn-pNt","_links":{"self":[{"href":"https:\/\/www.visit-ulcinj.com\/blog\/wp-json\/wp\/v2\/posts\/99167"}],"collection":[{"href":"https:\/\/www.visit-ulcinj.com\/blog\/wp-json\/wp\/v2\/posts"}],"about":[{"href":"https:\/\/www.visit-ulcinj.com\/blog\/wp-json\/wp\/v2\/types\/post"}],"author":[{"embeddable":true,"href":"https:\/\/www.visit-ulcinj.com\/blog\/wp-json\/wp\/v2\/users\/1"}],"replies":[{"embeddable":true,"href":"https:\/\/www.visit-ulcinj.com\/blog\/wp-json\/wp\/v2\/comments?post=99167"}],"version-history":[{"count":1,"href":"https:\/\/www.visit-ulcinj.com\/blog\/wp-json\/wp\/v2\/posts\/99167\/revisions"}],"predecessor-version":[{"id":99169,"href":"https:\/\/www.visit-ulcinj.com\/blog\/wp-json\/wp\/v2\/posts\/99167\/revisions\/99169"}],"wp:attachment":[{"href":"https:\/\/www.visit-ulcinj.com\/blog\/wp-json\/wp\/v2\/media?parent=99167"}],"wp:term":[{"taxonomy":"category","embeddable":true,"href":"https:\/\/www.visit-ulcinj.com\/blog\/wp-json\/wp\/v2\/categories?post=99167"},{"taxonomy":"post_tag","embeddable":true,"href":"https:\/\/www.visit-ulcinj.com\/blog\/wp-json\/wp\/v2\/tags?post=99167"}],"curies":[{"name":"wp","href":"https:\/\/api.w.org\/{rel}","templated":true}]}}