{"id":99170,"date":"2016-08-22T16:35:41","date_gmt":"2016-08-22T15:35:41","guid":{"rendered":"http:\/\/www.visit-ulcinj.com\/blog\/?p=99170"},"modified":"2016-08-22T16:35:41","modified_gmt":"2016-08-22T15:35:41","slug":"predsjednik-opstine-sa-saradnicima-docekali-su-danas-direktore-osnovnih-skola-u-gradu","status":"publish","type":"post","link":"https:\/\/www.visit-ulcinj.com\/blog\/2016\/08\/22\/predsjednik-opstine-sa-saradnicima-docekali-su-danas-direktore-osnovnih-skola-u-gradu\/","title":{"rendered":"Predsjednik Op\u0161tine sa saradnicima do\u010dekali su danas Direktore osnovnih \u0161kola u gradu"},"content":{"rendered":"<p><a href=\"http:\/\/www.visit-ulcinj.com\/blog\/wp-content\/uploads\/2016\/08\/Drejtorat-e-shkollave-fillore-Nazif-Cungu.jpg\"><img loading=\"lazy\" class=\"alignleft wp-image-99168\" src=\"http:\/\/www.visit-ulcinj.com\/blog\/wp-content\/uploads\/2016\/08\/Drejtorat-e-shkollave-fillore-Nazif-Cungu.jpg\" alt=\"Drejtorat e shkollave fillore -Nazif-Cungu\" width=\"508\" height=\"336\" srcset=\"https:\/\/www.visit-ulcinj.com\/blog\/wp-content\/uploads\/2016\/08\/Drejtorat-e-shkollave-fillore-Nazif-Cungu.jpg 933w, https:\/\/www.visit-ulcinj.com\/blog\/wp-content\/uploads\/2016\/08\/Drejtorat-e-shkollave-fillore-Nazif-Cungu-300x199.jpg 300w, https:\/\/www.visit-ulcinj.com\/blog\/wp-content\/uploads\/2016\/08\/Drejtorat-e-shkollave-fillore-Nazif-Cungu-768x509.jpg 768w\" sizes=\"(max-width: 508px) 100vw, 508px\" \/><\/a>Danas su se predsjednik Op\u0161tine Ulcinj, Nazif Cungu i predsjednik skup\u0161tine Op\u0161tine Ulcinj Ljoro Nreki\u0107 sastali sa direktorima osnovnih \u0161kola u Ulcinju. Osim navedenog da \u0107e op\u0161tina Ulcinj obezbjediti komplete knjiga za \u0111ake prvake na sastanku je bilo vi\u0161e rije\u010di i o ostalim temama koje se ti\u010du nastave.<\/p>\n<p>Direktori \u0161kola su pozdravili inicijativu Op\u0161tine Ulcinj i naglasili da \u0107e ovakve inicijative u budu\u0107em periodu biti neophodne u na\u0161em gradu. S tim u vezi, na bazi njihovih evidencija, ove godine \u0107e Op\u0161tina Ulcinj obezbjediti ne\u0161ti vi\u0161e od 250 kompleta knjiga za \u0111ake prvake.<\/p>\n<p>Osim navedenog, na sastanku je dogovoreno da u budu\u0107em periodu bude organizovani sastanci pojedina\u010dno i zajedni\u010dki kako bi direktori prezentovali njihove potrebe te osmatrati mogu\u0107nosti zajedni\u010dkog djelovanja.<\/p>\n<p>Predsjednik Cungu je naglasio da \u0107e se u ovom procesu uklju\u010diti i i Agencija za izgradnju i razvoj Ulcinja u procesu izrade planskih dokumenata i s tim u vezi, predsjednik Cungu je kazao da \u0107e Op\u0161tina u\u010destvovati u ovim projektima u skladu sa svojim mogu\u0107nostima.<\/p>\n<p>Predsjednik Cungu je u nastavku naglasio da \u0107e sastanci ovakvog tipa biti organizovani i sa direktorima srednjih \u0161kola.<\/p>\n","protected":false},"excerpt":{"rendered":"<p>Danas su se predsjednik Op\u0161tine Ulcinj, Nazif Cungu i predsjednik skup\u0161tine Op\u0161tine Ulcinj Ljoro Nreki\u0107 sastali sa direktorima osnovnih \u0161kola u Ulcinju. Osim navedenog da \u0107e op\u0161tina Ulcinj obezbjediti komplete knjiga za \u0111ake prvake na sastanku je bilo vi\u0161e rije\u010di i o ostalim temama koje se ti\u010du nastave. Direktori \u0161kola su pozdravili inicijativu Op\u0161tine Ulcinj [&hellip;]<\/p>\n","protected":false},"author":1,"featured_media":0,"comment_status":"closed","ping_status":"closed","sticky":false,"template":"","format":"standard","meta":{"spay_email":"","jetpack_publicize_message":"","jetpack_is_tweetstorm":false,"jetpack_publicize_feature_enabled":true},"categories":[6950],"tags":[],"jetpack_publicize_connections":[],"yoast_head":"<!-- This site is optimized with the Yoast SEO plugin v19.1 - https:\/\/yoast.com\/wordpress\/plugins\/seo\/ -->\n<title>Predsjednik Op\u0161tine sa saradnicima do\u010dekali su danas Direktore osnovnih \u0161kola u gradu - Lajme nga Ulqini<\/title>\n<meta name=\"description\" content=\"Danas su se predsjednik Op\u0161tine Ulcinj, Nazif Cungu i predsjednik skup\u0161tine Op\u0161tine Ulcinj Ljoro Nreki\u0107 sastali sa direktorima osnovnih \u0161kola u Ulcinju.\" \/>\n<meta name=\"robots\" content=\"index, follow, max-snippet:-1, max-image-preview:large, max-video-preview:-1\" \/>\n<link rel=\"canonical\" href=\"https:\/\/www.visit-ulcinj.com\/blog\/2016\/08\/22\/predsjednik-opstine-sa-saradnicima-docekali-su-danas-direktore-osnovnih-skola-u-gradu\/\" \/>\n<meta property=\"og:locale\" content=\"en_US\" \/>\n<meta property=\"og:type\" content=\"article\" \/>\n<meta property=\"og:title\" content=\"Predsjednik Op\u0161tine sa saradnicima do\u010dekali su danas Direktore osnovnih \u0161kola u gradu - Lajme nga Ulqini\" \/>\n<meta property=\"og:description\" content=\"Danas su se predsjednik Op\u0161tine Ulcinj, Nazif Cungu i predsjednik skup\u0161tine Op\u0161tine Ulcinj Ljoro Nreki\u0107 sastali sa direktorima osnovnih \u0161kola u Ulcinju.\" \/>\n<meta property=\"og:url\" content=\"https:\/\/www.visit-ulcinj.com\/blog\/2016\/08\/22\/predsjednik-opstine-sa-saradnicima-docekali-su-danas-direktore-osnovnih-skola-u-gradu\/\" \/>\n<meta property=\"og:site_name\" content=\"Lajme nga Ulqini\" \/>\n<meta property=\"article:published_time\" content=\"2016-08-22T15:35:41+00:00\" \/>\n<meta property=\"og:image\" content=\"http:\/\/www.visit-ulcinj.com\/blog\/wp-content\/uploads\/2016\/08\/Drejtorat-e-shkollave-fillore-Nazif-Cungu.jpg\" \/>\n<meta name=\"twitter:label1\" content=\"Written by\" \/>\n\t<meta name=\"twitter:data1\" content=\"ulqini\" \/>\n\t<meta name=\"twitter:label2\" content=\"Est. reading time\" \/>\n\t<meta name=\"twitter:data2\" content=\"1 minute\" \/>\n<script type=\"application\/ld+json\" class=\"yoast-schema-graph\">{\"@context\":\"https:\/\/schema.org\",\"@graph\":[{\"@type\":\"WebSite\",\"@id\":\"https:\/\/www.visit-ulcinj.com\/blog\/#website\",\"url\":\"https:\/\/www.visit-ulcinj.com\/blog\/\",\"name\":\"Lajme nga Ulqini\",\"description\":\"Lajme,Vijesti,Ulqini,Ulqin,Crna Gora,Mali i Zi\",\"potentialAction\":[{\"@type\":\"SearchAction\",\"target\":{\"@type\":\"EntryPoint\",\"urlTemplate\":\"https:\/\/www.visit-ulcinj.com\/blog\/?s={search_term_string}\"},\"query-input\":\"required name=search_term_string\"}],\"inLanguage\":\"en-US\"},{\"@type\":\"ImageObject\",\"inLanguage\":\"en-US\",\"@id\":\"https:\/\/www.visit-ulcinj.com\/blog\/2016\/08\/22\/predsjednik-opstine-sa-saradnicima-docekali-su-danas-direktore-osnovnih-skola-u-gradu\/#primaryimage\",\"url\":\"https:\/\/www.visit-ulcinj.com\/blog\/wp-content\/uploads\/2016\/08\/Drejtorat-e-shkollave-fillore-Nazif-Cungu.jpg\",\"contentUrl\":\"https:\/\/www.visit-ulcinj.com\/blog\/wp-content\/uploads\/2016\/08\/Drejtorat-e-shkollave-fillore-Nazif-Cungu.jpg\",\"width\":933,\"height\":618},{\"@type\":\"WebPage\",\"@id\":\"https:\/\/www.visit-ulcinj.com\/blog\/2016\/08\/22\/predsjednik-opstine-sa-saradnicima-docekali-su-danas-direktore-osnovnih-skola-u-gradu\/#webpage\",\"url\":\"https:\/\/www.visit-ulcinj.com\/blog\/2016\/08\/22\/predsjednik-opstine-sa-saradnicima-docekali-su-danas-direktore-osnovnih-skola-u-gradu\/\",\"name\":\"Predsjednik Op\u0161tine sa saradnicima do\u010dekali su danas Direktore osnovnih \u0161kola u gradu - Lajme nga Ulqini\",\"isPartOf\":{\"@id\":\"https:\/\/www.visit-ulcinj.com\/blog\/#website\"},\"primaryImageOfPage\":{\"@id\":\"https:\/\/www.visit-ulcinj.com\/blog\/2016\/08\/22\/predsjednik-opstine-sa-saradnicima-docekali-su-danas-direktore-osnovnih-skola-u-gradu\/#primaryimage\"},\"datePublished\":\"2016-08-22T15:35:41+00:00\",\"dateModified\":\"2016-08-22T15:35:41+00:00\",\"author\":{\"@id\":\"https:\/\/www.visit-ulcinj.com\/blog\/#\/schema\/person\/dcab619c614d3038751c63bc2aadc06d\"},\"description\":\"Danas su se predsjednik Op\u0161tine Ulcinj, Nazif Cungu i predsjednik skup\u0161tine Op\u0161tine Ulcinj Ljoro Nreki\u0107 sastali sa direktorima osnovnih \u0161kola u Ulcinju.\",\"breadcrumb\":{\"@id\":\"https:\/\/www.visit-ulcinj.com\/blog\/2016\/08\/22\/predsjednik-opstine-sa-saradnicima-docekali-su-danas-direktore-osnovnih-skola-u-gradu\/#breadcrumb\"},\"inLanguage\":\"en-US\",\"potentialAction\":[{\"@type\":\"ReadAction\",\"target\":[\"https:\/\/www.visit-ulcinj.com\/blog\/2016\/08\/22\/predsjednik-opstine-sa-saradnicima-docekali-su-danas-direktore-osnovnih-skola-u-gradu\/\"]}]},{\"@type\":\"BreadcrumbList\",\"@id\":\"https:\/\/www.visit-ulcinj.com\/blog\/2016\/08\/22\/predsjednik-opstine-sa-saradnicima-docekali-su-danas-direktore-osnovnih-skola-u-gradu\/#breadcrumb\",\"itemListElement\":[{\"@type\":\"ListItem\",\"position\":1,\"name\":\"Predsjednik Op\u0161tine sa saradnicima do\u010dekali su danas Direktore osnovnih \u0161kola u gradu\"}]},{\"@type\":\"Person\",\"@id\":\"https:\/\/www.visit-ulcinj.com\/blog\/#\/schema\/person\/dcab619c614d3038751c63bc2aadc06d\",\"name\":\"ulqini\",\"sameAs\":[\"http:\/\/www.visit-ulcinj.com\"],\"url\":\"https:\/\/www.visit-ulcinj.com\/blog\/author\/admin\/\"}]}<\/script>\n<!-- \/ Yoast SEO plugin. -->","yoast_head_json":{"title":"Predsjednik Op\u0161tine sa saradnicima do\u010dekali su danas Direktore osnovnih \u0161kola u gradu - Lajme nga Ulqini","description":"Danas su se predsjednik Op\u0161tine Ulcinj, Nazif Cungu i predsjednik skup\u0161tine Op\u0161tine Ulcinj Ljoro Nreki\u0107 sastali sa direktorima osnovnih \u0161kola u Ulcinju.","robots":{"index":"index","follow":"follow","max-snippet":"max-snippet:-1","max-image-preview":"max-image-preview:large","max-video-preview":"max-video-preview:-1"},"canonical":"https:\/\/www.visit-ulcinj.com\/blog\/2016\/08\/22\/predsjednik-opstine-sa-saradnicima-docekali-su-danas-direktore-osnovnih-skola-u-gradu\/","og_locale":"en_US","og_type":"article","og_title":"Predsjednik Op\u0161tine sa saradnicima do\u010dekali su danas Direktore osnovnih \u0161kola u gradu - Lajme nga Ulqini","og_description":"Danas su se predsjednik Op\u0161tine Ulcinj, Nazif Cungu i predsjednik skup\u0161tine Op\u0161tine Ulcinj Ljoro Nreki\u0107 sastali sa direktorima osnovnih \u0161kola u Ulcinju.","og_url":"https:\/\/www.visit-ulcinj.com\/blog\/2016\/08\/22\/predsjednik-opstine-sa-saradnicima-docekali-su-danas-direktore-osnovnih-skola-u-gradu\/","og_site_name":"Lajme nga Ulqini","article_published_time":"2016-08-22T15:35:41+00:00","og_image":[{"url":"http:\/\/www.visit-ulcinj.com\/blog\/wp-content\/uploads\/2016\/08\/Drejtorat-e-shkollave-fillore-Nazif-Cungu.jpg"}],"twitter_misc":{"Written by":"ulqini","Est. reading time":"1 minute"},"schema":{"@context":"https:\/\/schema.org","@graph":[{"@type":"WebSite","@id":"https:\/\/www.visit-ulcinj.com\/blog\/#website","url":"https:\/\/www.visit-ulcinj.com\/blog\/","name":"Lajme nga Ulqini","description":"Lajme,Vijesti,Ulqini,Ulqin,Crna Gora,Mali i Zi","potentialAction":[{"@type":"SearchAction","target":{"@type":"EntryPoint","urlTemplate":"https:\/\/www.visit-ulcinj.com\/blog\/?s={search_term_string}"},"query-input":"required name=search_term_string"}],"inLanguage":"en-US"},{"@type":"ImageObject","inLanguage":"en-US","@id":"https:\/\/www.visit-ulcinj.com\/blog\/2016\/08\/22\/predsjednik-opstine-sa-saradnicima-docekali-su-danas-direktore-osnovnih-skola-u-gradu\/#primaryimage","url":"https:\/\/www.visit-ulcinj.com\/blog\/wp-content\/uploads\/2016\/08\/Drejtorat-e-shkollave-fillore-Nazif-Cungu.jpg","contentUrl":"https:\/\/www.visit-ulcinj.com\/blog\/wp-content\/uploads\/2016\/08\/Drejtorat-e-shkollave-fillore-Nazif-Cungu.jpg","width":933,"height":618},{"@type":"WebPage","@id":"https:\/\/www.visit-ulcinj.com\/blog\/2016\/08\/22\/predsjednik-opstine-sa-saradnicima-docekali-su-danas-direktore-osnovnih-skola-u-gradu\/#webpage","url":"https:\/\/www.visit-ulcinj.com\/blog\/2016\/08\/22\/predsjednik-opstine-sa-saradnicima-docekali-su-danas-direktore-osnovnih-skola-u-gradu\/","name":"Predsjednik Op\u0161tine sa saradnicima do\u010dekali su danas Direktore osnovnih \u0161kola u gradu - Lajme nga Ulqini","isPartOf":{"@id":"https:\/\/www.visit-ulcinj.com\/blog\/#website"},"primaryImageOfPage":{"@id":"https:\/\/www.visit-ulcinj.com\/blog\/2016\/08\/22\/predsjednik-opstine-sa-saradnicima-docekali-su-danas-direktore-osnovnih-skola-u-gradu\/#primaryimage"},"datePublished":"2016-08-22T15:35:41+00:00","dateModified":"2016-08-22T15:35:41+00:00","author":{"@id":"https:\/\/www.visit-ulcinj.com\/blog\/#\/schema\/person\/dcab619c614d3038751c63bc2aadc06d"},"description":"Danas su se predsjednik Op\u0161tine Ulcinj, Nazif Cungu i predsjednik skup\u0161tine Op\u0161tine Ulcinj Ljoro Nreki\u0107 sastali sa direktorima osnovnih \u0161kola u Ulcinju.","breadcrumb":{"@id":"https:\/\/www.visit-ulcinj.com\/blog\/2016\/08\/22\/predsjednik-opstine-sa-saradnicima-docekali-su-danas-direktore-osnovnih-skola-u-gradu\/#breadcrumb"},"inLanguage":"en-US","potentialAction":[{"@type":"ReadAction","target":["https:\/\/www.visit-ulcinj.com\/blog\/2016\/08\/22\/predsjednik-opstine-sa-saradnicima-docekali-su-danas-direktore-osnovnih-skola-u-gradu\/"]}]},{"@type":"BreadcrumbList","@id":"https:\/\/www.visit-ulcinj.com\/blog\/2016\/08\/22\/predsjednik-opstine-sa-saradnicima-docekali-su-danas-direktore-osnovnih-skola-u-gradu\/#breadcrumb","itemListElement":[{"@type":"ListItem","position":1,"name":"Predsjednik Op\u0161tine sa saradnicima do\u010dekali su danas Direktore osnovnih \u0161kola u gradu"}]},{"@type":"Person","@id":"https:\/\/www.visit-ulcinj.com\/blog\/#\/schema\/person\/dcab619c614d3038751c63bc2aadc06d","name":"ulqini","sameAs":["http:\/\/www.visit-ulcinj.com"],"url":"https:\/\/www.visit-ulcinj.com\/blog\/author\/admin\/"}]}},"jetpack_featured_media_url":"","jetpack_sharing_enabled":true,"jetpack_shortlink":"https:\/\/wp.me\/pe6lTn-pNw","_links":{"self":[{"href":"https:\/\/www.visit-ulcinj.com\/blog\/wp-json\/wp\/v2\/posts\/99170"}],"collection":[{"href":"https:\/\/www.visit-ulcinj.com\/blog\/wp-json\/wp\/v2\/posts"}],"about":[{"href":"https:\/\/www.visit-ulcinj.com\/blog\/wp-json\/wp\/v2\/types\/post"}],"author":[{"embeddable":true,"href":"https:\/\/www.visit-ulcinj.com\/blog\/wp-json\/wp\/v2\/users\/1"}],"replies":[{"embeddable":true,"href":"https:\/\/www.visit-ulcinj.com\/blog\/wp-json\/wp\/v2\/comments?post=99170"}],"version-history":[{"count":1,"href":"https:\/\/www.visit-ulcinj.com\/blog\/wp-json\/wp\/v2\/posts\/99170\/revisions"}],"predecessor-version":[{"id":99171,"href":"https:\/\/www.visit-ulcinj.com\/blog\/wp-json\/wp\/v2\/posts\/99170\/revisions\/99171"}],"wp:attachment":[{"href":"https:\/\/www.visit-ulcinj.com\/blog\/wp-json\/wp\/v2\/media?parent=99170"}],"wp:term":[{"taxonomy":"category","embeddable":true,"href":"https:\/\/www.visit-ulcinj.com\/blog\/wp-json\/wp\/v2\/categories?post=99170"},{"taxonomy":"post_tag","embeddable":true,"href":"https:\/\/www.visit-ulcinj.com\/blog\/wp-json\/wp\/v2\/tags?post=99170"}],"curies":[{"name":"wp","href":"https:\/\/api.w.org\/{rel}","templated":true}]}}