{"id":99191,"date":"2016-08-22T17:24:24","date_gmt":"2016-08-22T16:24:24","guid":{"rendered":"http:\/\/www.visit-ulcinj.com\/blog\/?p=99191"},"modified":"2016-08-22T17:24:48","modified_gmt":"2016-08-22T16:24:48","slug":"zenka-profiteret-te-medhenje-ato-qe-u-larguan-nga-udsh-ja","status":"publish","type":"post","link":"https:\/\/www.visit-ulcinj.com\/blog\/2016\/08\/22\/zenka-profiteret-te-medhenje-ato-qe-u-larguan-nga-udsh-ja\/","title":{"rendered":"Zenka: Profiter\u00ebt m\u00eb t\u00eb m\u00ebdhenj\u00eb ato q\u00eb u larguan nga UDSH-ja"},"content":{"rendered":"<p><a href=\"http:\/\/www.visit-ulcinj.com\/blog\/wp-content\/uploads\/2016\/08\/Mehmet-Zenka-.jpg\"><img loading=\"lazy\" class=\"alignleft size-full wp-image-99192\" src=\"http:\/\/www.visit-ulcinj.com\/blog\/wp-content\/uploads\/2016\/08\/Mehmet-Zenka-.jpg\" alt=\"Mehmet-Zenka-\" width=\"539\" height=\"407\" srcset=\"https:\/\/www.visit-ulcinj.com\/blog\/wp-content\/uploads\/2016\/08\/Mehmet-Zenka-.jpg 539w, https:\/\/www.visit-ulcinj.com\/blog\/wp-content\/uploads\/2016\/08\/Mehmet-Zenka--300x227.jpg 300w\" sizes=\"(max-width: 539px) 100vw, 539px\" \/><\/a><br \/>\nKryetari i Unionit Demokratik t\u00eb Shqiptar\u00ebve Mehmet Zenka, n\u00eb pyetjen e gazetarit t\u00eb televizionit Teuta p\u00ebr list\u00ebn tjet\u00ebr shqiptare e formuar nga ish antar\u00ebt e k\u00ebsaj partie, tha se ato q\u00eb u larguan nga Unioni, ishin pik\u00ebrisht ato q\u00eb edhe p\u00ebrfituan m\u00eb s\u00eb shumti nga kjo parti, ra\u00e9porton portali TV Teuta.<\/p>\n<p>Zenka tha se t\u00eb gjith\u00eb k\u00ebta persona mbulonin poste t\u00eb r\u00ebnd\u00ebsishme dhe me benefite t\u00eb shumta, t\u00eb cil\u00ebt e shfryt\u00ebzuan partin\u00eb p\u00ebr tu pasuruar dhe\u00a0 n\u00eb fund u\u00a0 larguan n\u00eb momentet m\u00eb t\u00eb v\u00ebshtira\u00a0 p\u00ebr k\u00ebt\u00eb subjekt politik.<\/p>\n<p>Lidhur me cop\u00ebzimin e sken\u00ebs politike shqiptare n\u00eb Mal t\u00eb Zi, Zenka tha se kjo solli defaktorizimin e shqiptar\u00ebve , por se pas zgjedhjeve t\u00eb 16 tetorit, pritet q\u00eb kjo t\u00eb ndryshoj\u00eb, pasi edhe rrethanat politike n\u00eb vend tashm\u00eb nuk jan\u00eb t\u00eb nj\u00ebjta.<\/p>\n","protected":false},"excerpt":{"rendered":"<p>Kryetari i Unionit Demokratik t\u00eb Shqiptar\u00ebve Mehmet Zenka, n\u00eb pyetjen e gazetarit t\u00eb televizionit Teuta p\u00ebr list\u00ebn tjet\u00ebr shqiptare e formuar nga ish antar\u00ebt e k\u00ebsaj partie, tha se ato q\u00eb u larguan nga Unioni, ishin pik\u00ebrisht ato q\u00eb edhe p\u00ebrfituan m\u00eb s\u00eb shumti nga kjo parti, ra\u00e9porton portali TV Teuta. Zenka tha se t\u00eb [&hellip;]<\/p>\n","protected":false},"author":1,"featured_media":0,"comment_status":"closed","ping_status":"closed","sticky":false,"template":"","format":"standard","meta":{"spay_email":"","jetpack_publicize_message":"","jetpack_is_tweetstorm":false,"jetpack_publicize_feature_enabled":true},"categories":[11],"tags":[],"jetpack_publicize_connections":[],"yoast_head":"<!-- This site is optimized with the Yoast SEO plugin v19.1 - https:\/\/yoast.com\/wordpress\/plugins\/seo\/ -->\n<title>Zenka: Profiter\u00ebt m\u00eb t\u00eb m\u00ebdhenj\u00eb ato q\u00eb u larguan nga UDSH-ja - Lajme nga Ulqini<\/title>\n<meta name=\"description\" content=\"Kryetari i Unionit Demokratik t\u00eb Shqiptar\u00ebve Mehmet Zenka, n\u00eb pyetjen e gazetarit t\u00eb televizionit Teuta p\u00ebr list\u00ebn tjet\u00ebr shqiptare e formuar nga ish\" \/>\n<meta name=\"robots\" content=\"index, follow, max-snippet:-1, max-image-preview:large, max-video-preview:-1\" \/>\n<link rel=\"canonical\" href=\"https:\/\/www.visit-ulcinj.com\/blog\/2016\/08\/22\/zenka-profiteret-te-medhenje-ato-qe-u-larguan-nga-udsh-ja\/\" \/>\n<meta property=\"og:locale\" content=\"en_US\" \/>\n<meta property=\"og:type\" content=\"article\" \/>\n<meta property=\"og:title\" content=\"Zenka: Profiter\u00ebt m\u00eb t\u00eb m\u00ebdhenj\u00eb ato q\u00eb u larguan nga UDSH-ja - Lajme nga Ulqini\" \/>\n<meta property=\"og:description\" content=\"Kryetari i Unionit Demokratik t\u00eb Shqiptar\u00ebve Mehmet Zenka, n\u00eb pyetjen e gazetarit t\u00eb televizionit Teuta p\u00ebr list\u00ebn tjet\u00ebr shqiptare e formuar nga ish\" \/>\n<meta property=\"og:url\" content=\"https:\/\/www.visit-ulcinj.com\/blog\/2016\/08\/22\/zenka-profiteret-te-medhenje-ato-qe-u-larguan-nga-udsh-ja\/\" \/>\n<meta property=\"og:site_name\" content=\"Lajme nga Ulqini\" \/>\n<meta property=\"article:published_time\" content=\"2016-08-22T16:24:24+00:00\" \/>\n<meta property=\"article:modified_time\" content=\"2016-08-22T16:24:48+00:00\" \/>\n<meta property=\"og:image\" content=\"http:\/\/www.visit-ulcinj.com\/blog\/wp-content\/uploads\/2016\/08\/Mehmet-Zenka-.jpg\" \/>\n<meta name=\"twitter:label1\" content=\"Written by\" \/>\n\t<meta name=\"twitter:data1\" content=\"ulqini\" \/>\n\t<meta name=\"twitter:label2\" content=\"Est. reading time\" \/>\n\t<meta name=\"twitter:data2\" content=\"1 minute\" \/>\n<script type=\"application\/ld+json\" class=\"yoast-schema-graph\">{\"@context\":\"https:\/\/schema.org\",\"@graph\":[{\"@type\":\"WebSite\",\"@id\":\"https:\/\/www.visit-ulcinj.com\/blog\/#website\",\"url\":\"https:\/\/www.visit-ulcinj.com\/blog\/\",\"name\":\"Lajme nga Ulqini\",\"description\":\"Lajme,Vijesti,Ulqini,Ulqin,Crna Gora,Mali i Zi\",\"potentialAction\":[{\"@type\":\"SearchAction\",\"target\":{\"@type\":\"EntryPoint\",\"urlTemplate\":\"https:\/\/www.visit-ulcinj.com\/blog\/?s={search_term_string}\"},\"query-input\":\"required name=search_term_string\"}],\"inLanguage\":\"en-US\"},{\"@type\":\"ImageObject\",\"inLanguage\":\"en-US\",\"@id\":\"https:\/\/www.visit-ulcinj.com\/blog\/2016\/08\/22\/zenka-profiteret-te-medhenje-ato-qe-u-larguan-nga-udsh-ja\/#primaryimage\",\"url\":\"https:\/\/www.visit-ulcinj.com\/blog\/wp-content\/uploads\/2016\/08\/Mehmet-Zenka-.jpg\",\"contentUrl\":\"https:\/\/www.visit-ulcinj.com\/blog\/wp-content\/uploads\/2016\/08\/Mehmet-Zenka-.jpg\",\"width\":539,\"height\":407},{\"@type\":\"WebPage\",\"@id\":\"https:\/\/www.visit-ulcinj.com\/blog\/2016\/08\/22\/zenka-profiteret-te-medhenje-ato-qe-u-larguan-nga-udsh-ja\/#webpage\",\"url\":\"https:\/\/www.visit-ulcinj.com\/blog\/2016\/08\/22\/zenka-profiteret-te-medhenje-ato-qe-u-larguan-nga-udsh-ja\/\",\"name\":\"Zenka: Profiter\u00ebt m\u00eb t\u00eb m\u00ebdhenj\u00eb ato q\u00eb u larguan nga UDSH-ja - Lajme nga Ulqini\",\"isPartOf\":{\"@id\":\"https:\/\/www.visit-ulcinj.com\/blog\/#website\"},\"primaryImageOfPage\":{\"@id\":\"https:\/\/www.visit-ulcinj.com\/blog\/2016\/08\/22\/zenka-profiteret-te-medhenje-ato-qe-u-larguan-nga-udsh-ja\/#primaryimage\"},\"datePublished\":\"2016-08-22T16:24:24+00:00\",\"dateModified\":\"2016-08-22T16:24:48+00:00\",\"author\":{\"@id\":\"https:\/\/www.visit-ulcinj.com\/blog\/#\/schema\/person\/dcab619c614d3038751c63bc2aadc06d\"},\"description\":\"Kryetari i Unionit Demokratik t\u00eb Shqiptar\u00ebve Mehmet Zenka, n\u00eb pyetjen e gazetarit t\u00eb televizionit Teuta p\u00ebr list\u00ebn tjet\u00ebr shqiptare e formuar nga ish\",\"breadcrumb\":{\"@id\":\"https:\/\/www.visit-ulcinj.com\/blog\/2016\/08\/22\/zenka-profiteret-te-medhenje-ato-qe-u-larguan-nga-udsh-ja\/#breadcrumb\"},\"inLanguage\":\"en-US\",\"potentialAction\":[{\"@type\":\"ReadAction\",\"target\":[\"https:\/\/www.visit-ulcinj.com\/blog\/2016\/08\/22\/zenka-profiteret-te-medhenje-ato-qe-u-larguan-nga-udsh-ja\/\"]}]},{\"@type\":\"BreadcrumbList\",\"@id\":\"https:\/\/www.visit-ulcinj.com\/blog\/2016\/08\/22\/zenka-profiteret-te-medhenje-ato-qe-u-larguan-nga-udsh-ja\/#breadcrumb\",\"itemListElement\":[{\"@type\":\"ListItem\",\"position\":1,\"name\":\"Zenka: Profiter\u00ebt m\u00eb t\u00eb m\u00ebdhenj\u00eb ato q\u00eb u larguan nga UDSH-ja\"}]},{\"@type\":\"Person\",\"@id\":\"https:\/\/www.visit-ulcinj.com\/blog\/#\/schema\/person\/dcab619c614d3038751c63bc2aadc06d\",\"name\":\"ulqini\",\"sameAs\":[\"http:\/\/www.visit-ulcinj.com\"],\"url\":\"https:\/\/www.visit-ulcinj.com\/blog\/author\/admin\/\"}]}<\/script>\n<!-- \/ Yoast SEO plugin. -->","yoast_head_json":{"title":"Zenka: Profiter\u00ebt m\u00eb t\u00eb m\u00ebdhenj\u00eb ato q\u00eb u larguan nga UDSH-ja - Lajme nga Ulqini","description":"Kryetari i Unionit Demokratik t\u00eb Shqiptar\u00ebve Mehmet Zenka, n\u00eb pyetjen e gazetarit t\u00eb televizionit Teuta p\u00ebr list\u00ebn tjet\u00ebr shqiptare e formuar nga ish","robots":{"index":"index","follow":"follow","max-snippet":"max-snippet:-1","max-image-preview":"max-image-preview:large","max-video-preview":"max-video-preview:-1"},"canonical":"https:\/\/www.visit-ulcinj.com\/blog\/2016\/08\/22\/zenka-profiteret-te-medhenje-ato-qe-u-larguan-nga-udsh-ja\/","og_locale":"en_US","og_type":"article","og_title":"Zenka: Profiter\u00ebt m\u00eb t\u00eb m\u00ebdhenj\u00eb ato q\u00eb u larguan nga UDSH-ja - Lajme nga Ulqini","og_description":"Kryetari i Unionit Demokratik t\u00eb Shqiptar\u00ebve Mehmet Zenka, n\u00eb pyetjen e gazetarit t\u00eb televizionit Teuta p\u00ebr list\u00ebn tjet\u00ebr shqiptare e formuar nga ish","og_url":"https:\/\/www.visit-ulcinj.com\/blog\/2016\/08\/22\/zenka-profiteret-te-medhenje-ato-qe-u-larguan-nga-udsh-ja\/","og_site_name":"Lajme nga Ulqini","article_published_time":"2016-08-22T16:24:24+00:00","article_modified_time":"2016-08-22T16:24:48+00:00","og_image":[{"url":"http:\/\/www.visit-ulcinj.com\/blog\/wp-content\/uploads\/2016\/08\/Mehmet-Zenka-.jpg"}],"twitter_misc":{"Written by":"ulqini","Est. reading time":"1 minute"},"schema":{"@context":"https:\/\/schema.org","@graph":[{"@type":"WebSite","@id":"https:\/\/www.visit-ulcinj.com\/blog\/#website","url":"https:\/\/www.visit-ulcinj.com\/blog\/","name":"Lajme nga Ulqini","description":"Lajme,Vijesti,Ulqini,Ulqin,Crna Gora,Mali i Zi","potentialAction":[{"@type":"SearchAction","target":{"@type":"EntryPoint","urlTemplate":"https:\/\/www.visit-ulcinj.com\/blog\/?s={search_term_string}"},"query-input":"required name=search_term_string"}],"inLanguage":"en-US"},{"@type":"ImageObject","inLanguage":"en-US","@id":"https:\/\/www.visit-ulcinj.com\/blog\/2016\/08\/22\/zenka-profiteret-te-medhenje-ato-qe-u-larguan-nga-udsh-ja\/#primaryimage","url":"https:\/\/www.visit-ulcinj.com\/blog\/wp-content\/uploads\/2016\/08\/Mehmet-Zenka-.jpg","contentUrl":"https:\/\/www.visit-ulcinj.com\/blog\/wp-content\/uploads\/2016\/08\/Mehmet-Zenka-.jpg","width":539,"height":407},{"@type":"WebPage","@id":"https:\/\/www.visit-ulcinj.com\/blog\/2016\/08\/22\/zenka-profiteret-te-medhenje-ato-qe-u-larguan-nga-udsh-ja\/#webpage","url":"https:\/\/www.visit-ulcinj.com\/blog\/2016\/08\/22\/zenka-profiteret-te-medhenje-ato-qe-u-larguan-nga-udsh-ja\/","name":"Zenka: Profiter\u00ebt m\u00eb t\u00eb m\u00ebdhenj\u00eb ato q\u00eb u larguan nga UDSH-ja - Lajme nga Ulqini","isPartOf":{"@id":"https:\/\/www.visit-ulcinj.com\/blog\/#website"},"primaryImageOfPage":{"@id":"https:\/\/www.visit-ulcinj.com\/blog\/2016\/08\/22\/zenka-profiteret-te-medhenje-ato-qe-u-larguan-nga-udsh-ja\/#primaryimage"},"datePublished":"2016-08-22T16:24:24+00:00","dateModified":"2016-08-22T16:24:48+00:00","author":{"@id":"https:\/\/www.visit-ulcinj.com\/blog\/#\/schema\/person\/dcab619c614d3038751c63bc2aadc06d"},"description":"Kryetari i Unionit Demokratik t\u00eb Shqiptar\u00ebve Mehmet Zenka, n\u00eb pyetjen e gazetarit t\u00eb televizionit Teuta p\u00ebr list\u00ebn tjet\u00ebr shqiptare e formuar nga ish","breadcrumb":{"@id":"https:\/\/www.visit-ulcinj.com\/blog\/2016\/08\/22\/zenka-profiteret-te-medhenje-ato-qe-u-larguan-nga-udsh-ja\/#breadcrumb"},"inLanguage":"en-US","potentialAction":[{"@type":"ReadAction","target":["https:\/\/www.visit-ulcinj.com\/blog\/2016\/08\/22\/zenka-profiteret-te-medhenje-ato-qe-u-larguan-nga-udsh-ja\/"]}]},{"@type":"BreadcrumbList","@id":"https:\/\/www.visit-ulcinj.com\/blog\/2016\/08\/22\/zenka-profiteret-te-medhenje-ato-qe-u-larguan-nga-udsh-ja\/#breadcrumb","itemListElement":[{"@type":"ListItem","position":1,"name":"Zenka: Profiter\u00ebt m\u00eb t\u00eb m\u00ebdhenj\u00eb ato q\u00eb u larguan nga UDSH-ja"}]},{"@type":"Person","@id":"https:\/\/www.visit-ulcinj.com\/blog\/#\/schema\/person\/dcab619c614d3038751c63bc2aadc06d","name":"ulqini","sameAs":["http:\/\/www.visit-ulcinj.com"],"url":"https:\/\/www.visit-ulcinj.com\/blog\/author\/admin\/"}]}},"jetpack_featured_media_url":"","jetpack_sharing_enabled":true,"jetpack_shortlink":"https:\/\/wp.me\/pe6lTn-pNR","_links":{"self":[{"href":"https:\/\/www.visit-ulcinj.com\/blog\/wp-json\/wp\/v2\/posts\/99191"}],"collection":[{"href":"https:\/\/www.visit-ulcinj.com\/blog\/wp-json\/wp\/v2\/posts"}],"about":[{"href":"https:\/\/www.visit-ulcinj.com\/blog\/wp-json\/wp\/v2\/types\/post"}],"author":[{"embeddable":true,"href":"https:\/\/www.visit-ulcinj.com\/blog\/wp-json\/wp\/v2\/users\/1"}],"replies":[{"embeddable":true,"href":"https:\/\/www.visit-ulcinj.com\/blog\/wp-json\/wp\/v2\/comments?post=99191"}],"version-history":[{"count":2,"href":"https:\/\/www.visit-ulcinj.com\/blog\/wp-json\/wp\/v2\/posts\/99191\/revisions"}],"predecessor-version":[{"id":99194,"href":"https:\/\/www.visit-ulcinj.com\/blog\/wp-json\/wp\/v2\/posts\/99191\/revisions\/99194"}],"wp:attachment":[{"href":"https:\/\/www.visit-ulcinj.com\/blog\/wp-json\/wp\/v2\/media?parent=99191"}],"wp:term":[{"taxonomy":"category","embeddable":true,"href":"https:\/\/www.visit-ulcinj.com\/blog\/wp-json\/wp\/v2\/categories?post=99191"},{"taxonomy":"post_tag","embeddable":true,"href":"https:\/\/www.visit-ulcinj.com\/blog\/wp-json\/wp\/v2\/tags?post=99191"}],"curies":[{"name":"wp","href":"https:\/\/api.w.org\/{rel}","templated":true}]}}