{"id":99195,"date":"2016-08-23T23:18:59","date_gmt":"2016-08-23T22:18:59","guid":{"rendered":"http:\/\/www.visit-ulcinj.com\/blog\/?p=99195"},"modified":"2016-08-23T23:18:59","modified_gmt":"2016-08-23T22:18:59","slug":"nika-kujt-shesin-mend-keta","status":"publish","type":"post","link":"https:\/\/www.visit-ulcinj.com\/blog\/2016\/08\/23\/nika-kujt-shesin-mend-keta\/","title":{"rendered":"Nika: Kujt i shesin mend k\u00ebta &#8230;?!"},"content":{"rendered":"<p><strong><em>Shkruan Muhamet Nika<\/em><\/strong><\/p>\n<p><strong><em>(I)- komenti im<\/em><\/strong><\/p>\n<p><strong><em>\u00a0(Nj\u00eb reagim me dy fjal\u00eb\u00a0 n\u00eb tekstin: Udh\u00ebheq\u00ebsit komunal\u00eb , takohen <\/em><\/strong><strong><em>me drejtorat e shkollave fillore).<\/em><\/strong><\/p>\n<p><a href=\"http:\/\/www.visit-ulcinj.com\/blog\/wp-content\/uploads\/2016\/08\/Drejtorat-e-shkollave-fillore-Nazif-Cungu.jpg\"><img loading=\"lazy\" class=\"alignleft wp-image-99168\" src=\"http:\/\/www.visit-ulcinj.com\/blog\/wp-content\/uploads\/2016\/08\/Drejtorat-e-shkollave-fillore-Nazif-Cungu.jpg\" alt=\"Drejtorat e shkollave fillore -Nazif-Cungu\" width=\"508\" height=\"336\" srcset=\"https:\/\/www.visit-ulcinj.com\/blog\/wp-content\/uploads\/2016\/08\/Drejtorat-e-shkollave-fillore-Nazif-Cungu.jpg 933w, https:\/\/www.visit-ulcinj.com\/blog\/wp-content\/uploads\/2016\/08\/Drejtorat-e-shkollave-fillore-Nazif-Cungu-300x199.jpg 300w, https:\/\/www.visit-ulcinj.com\/blog\/wp-content\/uploads\/2016\/08\/Drejtorat-e-shkollave-fillore-Nazif-Cungu-768x509.jpg 768w\" sizes=\"(max-width: 508px) 100vw, 508px\" \/><\/a><\/p>\n<p>Pasi lexova shkrimin dhe meditova nj\u00eb \u00e7ik p\u00ebr te\u00a0 bashk\u00eb me \u00a0\u00a0\u00a0fotografin\u00eb\u00a0 q\u00eb ilustronte\u00a0 tekstin, \u00a0po them t\u00eb v\u00ebrtet\u00ebn,\u00a0 se mu dha nj\u00eb e qeshur profesionale , kur pash\u00eb\u00a0 q\u00eb\u00a0 , shum\u00ebsi i emrave mashkullor\u00eb n\u00eb tekst (drejtor\u00ebt), ishte dh\u00ebn\u00eb n\u00eb trajt\u00ebn e shum\u00ebsit t\u00eb jofrymor\u00ebve \u00a0&#8211; <strong>drejtorat \u2013 \u00a0Pra, n\u00eb kund\u00ebrshtim me rregullat e drejtshkrimit&#8230;, si kur drejtor\u00ebt ,\u00a0 t\u00eb ishin jo frymor\u00eb<\/strong> . P\u00ebr\u00a0 konkretizim sipas drejtshkrimit, \u00a0k\u00ebshtu , <strong>me<u> a,<\/u><\/strong> b\u00ebn\u00eb t\u00eb shkruhet\u00a0 vet\u00ebm shum\u00ebsi, p\u00ebr shembull \u00a0i emrit fitil , q\u00eb n\u00eb shum\u00ebs del\u00a0 \u00a0<strong><em>fitilat<\/em><\/strong> e jo \u00a0<strong>fitil\u00ebt.\u00a0 Sepse fitilat jan\u00eb jofrymor\u00eb- \u00a0nuk\u00a0 marrin frym\u00eb?! <\/strong><\/p>\n<p>Pra derisa drejtor\u00ebt, jan\u00eb\u00a0 frymor\u00eb dhe \u00a0marrin \u00a0frym\u00eb e kan\u00eb z\u00eb dhe\u00a0 u d\u00ebgjohet z\u00ebri e fryma-\u00a0 dh\u00ebnien \u00a0e shum\u00ebsit me fundoren <strong>a<\/strong>, un\u00eb e p\u00ebrjetoj \u00a0si thumb t\u00eb shkolluar <strong>, t\u00eb cilin e marrin vesh vet\u00ebm ata q\u00eb e njohin drejtshkrimin e shqipes..?!! <\/strong><\/p>\n<p>Po \u00a0pse mu krijua n\u00eb kok\u00eb ky \u201ckonshllus\u201d \u00a0me drejtor\u00ebt- n\u00ebse \u00a0jan\u00eb frymor\u00eb apo jo- n\u00eb kuptimin \u00a0sa e \u00e7ojn\u00eb\u00a0 z\u00ebrin?!!Me siguri \u00a0kjo vjen nga q\u00ebndrimi i tyre me ligjin e ri t\u00eb objekteve shkollore, sipas t\u00eb cilit \u2013me sa jemi t\u00eb informuar ne , objektet i kan\u00eb kaluar pushtetit lokal, kurse drejtor\u00ebt, \u00a0jan\u00eb p\u00ebrgjegj\u00ebs vet\u00ebm p\u00ebr mbar\u00ebvajtje t\u00eb procesit m\u00ebsimor\u00eb dhe zgjidhen nga republika.<\/p>\n<p>Nd\u00ebrsa\u00a0 p\u00ebr k\u00ebto padrejt\u00ebsi-\u00a0 q\u00eb t\u00eb kthen objektet n\u00eb mir\u00ebmbajtje , por pa burimet p\u00ebrkat\u00ebse t\u00eb mir\u00ebmbajtjes , si duket jan\u00eb b\u00ebr\u00eb jofrymor\u00eb\u00a0 p\u00ebrve\u00e7 drejtor\u00ebve edhe pushtetar\u00ebt lokal\u00eb &#8230;?! \u00a0Duke degjeneruar k\u00ebshtu edhe k\u00ebta\u00a0 \u00a0llojin e vet n\u00eb at\u00eb t\u00eb \u00a0\u00a0butak\u00ebve?!<\/p>\n<p><strong><em>TJET\u00cbR &#8211;<\/em><\/strong>\u00a0 <strong><em>A E DINI\u00a0 SE K\u00cbTA \u00a0ZOT\u00cbRINJ \u00a0PO \u00a0CENOJN\u00cb\u00a0 T\u00cb \u00a0DREJT\u00cbN \u00a0KUSHTETUESE\u00a0 QYTETARE?! <\/em><\/strong><\/p>\n<p>Thjesht\u00eb , k\u00ebt\u00eb shkrim\u00a0 po e b\u00ebjm\u00eb pik\u00ebrisht p\u00ebr t\u00eb treguar\u00a0 q\u00eb \u00a0\u00a0n\u00eb\u00a0 fakt k\u00ebto, \u00a0\u00a0po na cenojn\u00eb edhe t\u00eb drejt\u00ebn e shkollimit falas t\u00eb fillorist\u00ebve t\u00eb garantuar me kushtetut\u00eb- \u00a0\u00a0Ja, \u00a0ku ka arrit\u00a0 puna &#8230;?!<\/p>\n<p>N\u00eb komun\u00ebn ton\u00eb, \u00a0\u00a0p\u00ebr shembull, pasi\u00a0 nuk ekziston\u00a0 transporti\u00a0 publik \u2013\u00a0 q\u00eb\u00a0 kuvendi &#8211; \u00a0komuna, \u00a0nuk po e organizon- \u00a0republika nuk ka ku t\u2019i qes\u00eb parat\u00eb e kompensimit t\u00eb udh\u00ebtimit t\u00eb fillorist\u00ebve.<\/p>\n<p>Po duket k\u00ebto amulli , bashk\u00eb me tjerat ,\u00a0 ndodhin\u00a0 te ne, sepse \u00a0\u00a0as\u00a0 ligji vet\u00eb, nuk ka mundur t\u00eb parashikoj\u00eb, q\u00eb n\u00eb\u00a0 pushtet ,\u00a0 do t\u00eb vijn\u00eb\u00a0 aso injorant\u00ebsh &#8230; , q\u00eb nuk do t\u00eb ndjekin ndryshimin e ligjeve dhe t\u00eb \u00a0nxjerrin vendime \u00a0\u00a0p\u00ebrkat\u00ebs, ose\u00a0 k\u00ebt\u00eb e b\u00ebjn\u00eb p\u00ebr pun\u00eb xhelozie e smire t\u00eb pa kuptueshme\u00a0 e patologjike.<\/p>\n<p>Mos harroni- p\u00ebr ilustrim, \u00a0se edhe nj\u00eb ftes\u00eb\u00a0 q\u00eb fitoni p\u00ebr gjykat\u00eb , \u00a0ta z\u00ebm\u00eb si d\u00ebshmitar\u00eb , sipas ligjit \u00a0ju pyesin\u00a0 : sa ju\u00a0 kushton bleta\u00a0 me transport publik..?!! Dhe merre me mend q\u00eb nuk mund t\u00eb merret me mend , ju t\u2019i thoni \u2013 jo- nuk dina, \u00a0na nuk kemi\u00a0 autobus\u00eb &#8230;. ?!\u00a0 Dhe mos na i jepni par\u00ebt, sepse nuk mund t\u2019i mbulojm\u00eb me bilet\u00eb ?!! Kjo ndodh\u00eb edhe p\u00ebr ata , q\u00eb udh\u00ebtojn\u00eb prej An\u00ebs s\u00eb Malit p\u00ebr Tivar me autobus \u00a0p\u00ebr sh\u00ebrim mjek\u00ebsor, \u00a0t\u00eb cilin nuk e kan\u00eb, por shteti , iu pranon shpenzimin vet\u00ebm n\u00ebse kan\u00eb bilet\u00eb autobusi \u2013 i cili nuk \u00ebsht\u00eb n\u00eb linj\u00eb?!<\/p>\n<p>Pra edhe nj\u00ebher\u00eb\u00a0 kujt i shesin mend\u00a0 k\u00ebta?!!<\/p>\n<p>&nbsp;<\/p>\n<p><strong>Pik\u00ebpamjet e shprehura n\u00eb faqen \u201cOPINIONE\u201d nuk p\u00ebrfaq\u00ebsojn\u00eb domosdoshm\u00ebrisht politik\u00ebn redaksionale t\u00eb \u201eLajmeve nga Ulqini\u201e<\/strong><\/p>\n","protected":false},"excerpt":{"rendered":"<p>Shkruan Muhamet Nika (I)- komenti im \u00a0(Nj\u00eb reagim me dy fjal\u00eb\u00a0 n\u00eb tekstin: Udh\u00ebheq\u00ebsit komunal\u00eb , takohen me drejtorat e shkollave fillore). Pasi lexova shkrimin dhe meditova nj\u00eb \u00e7ik p\u00ebr te\u00a0 bashk\u00eb me \u00a0\u00a0\u00a0fotografin\u00eb\u00a0 q\u00eb ilustronte\u00a0 tekstin, \u00a0po them t\u00eb v\u00ebrtet\u00ebn,\u00a0 se mu dha nj\u00eb e qeshur profesionale , kur pash\u00eb\u00a0 q\u00eb\u00a0 , shum\u00ebsi i [&hellip;]<\/p>\n","protected":false},"author":1,"featured_media":0,"comment_status":"closed","ping_status":"closed","sticky":false,"template":"","format":"standard","meta":{"spay_email":"","jetpack_publicize_message":"","jetpack_is_tweetstorm":false,"jetpack_publicize_feature_enabled":true},"categories":[14249],"tags":[],"jetpack_publicize_connections":[],"yoast_head":"<!-- This site is optimized with the Yoast SEO plugin v19.1 - https:\/\/yoast.com\/wordpress\/plugins\/seo\/ -->\n<title>Nika: Kujt i shesin mend k\u00ebta ...?! - Lajme nga Ulqini<\/title>\n<meta name=\"description\" content=\"Shkruan Muhamet Nika (I)- komenti im \u00a0(Nj\u00eb reagim me dy fjal\u00eb\u00a0 n\u00eb tekstin: Udh\u00ebheq\u00ebsit komunal\u00eb , takohen me drejtorat e shkollave fillore). Pasi lexova\" \/>\n<meta name=\"robots\" content=\"index, follow, max-snippet:-1, max-image-preview:large, max-video-preview:-1\" \/>\n<link rel=\"canonical\" href=\"https:\/\/www.visit-ulcinj.com\/blog\/2016\/08\/23\/nika-kujt-shesin-mend-keta\/\" \/>\n<meta property=\"og:locale\" content=\"en_US\" \/>\n<meta property=\"og:type\" content=\"article\" \/>\n<meta property=\"og:title\" content=\"Nika: Kujt i shesin mend k\u00ebta ...?! - Lajme nga Ulqini\" \/>\n<meta property=\"og:description\" content=\"Shkruan Muhamet Nika (I)- komenti im \u00a0(Nj\u00eb reagim me dy fjal\u00eb\u00a0 n\u00eb tekstin: Udh\u00ebheq\u00ebsit komunal\u00eb , takohen me drejtorat e shkollave fillore). Pasi lexova\" \/>\n<meta property=\"og:url\" content=\"https:\/\/www.visit-ulcinj.com\/blog\/2016\/08\/23\/nika-kujt-shesin-mend-keta\/\" \/>\n<meta property=\"og:site_name\" content=\"Lajme nga Ulqini\" \/>\n<meta property=\"article:published_time\" content=\"2016-08-23T22:18:59+00:00\" \/>\n<meta property=\"og:image\" content=\"http:\/\/www.visit-ulcinj.com\/blog\/wp-content\/uploads\/2016\/08\/Drejtorat-e-shkollave-fillore-Nazif-Cungu.jpg\" \/>\n<meta name=\"twitter:label1\" content=\"Written by\" \/>\n\t<meta name=\"twitter:data1\" content=\"ulqini\" \/>\n\t<meta name=\"twitter:label2\" content=\"Est. reading time\" \/>\n\t<meta name=\"twitter:data2\" content=\"3 minutes\" \/>\n<script type=\"application\/ld+json\" class=\"yoast-schema-graph\">{\"@context\":\"https:\/\/schema.org\",\"@graph\":[{\"@type\":\"WebSite\",\"@id\":\"https:\/\/www.visit-ulcinj.com\/blog\/#website\",\"url\":\"https:\/\/www.visit-ulcinj.com\/blog\/\",\"name\":\"Lajme nga Ulqini\",\"description\":\"Lajme,Vijesti,Ulqini,Ulqin,Crna Gora,Mali i Zi\",\"potentialAction\":[{\"@type\":\"SearchAction\",\"target\":{\"@type\":\"EntryPoint\",\"urlTemplate\":\"https:\/\/www.visit-ulcinj.com\/blog\/?s={search_term_string}\"},\"query-input\":\"required name=search_term_string\"}],\"inLanguage\":\"en-US\"},{\"@type\":\"ImageObject\",\"inLanguage\":\"en-US\",\"@id\":\"https:\/\/www.visit-ulcinj.com\/blog\/2016\/08\/23\/nika-kujt-shesin-mend-keta\/#primaryimage\",\"url\":\"https:\/\/www.visit-ulcinj.com\/blog\/wp-content\/uploads\/2016\/08\/Drejtorat-e-shkollave-fillore-Nazif-Cungu.jpg\",\"contentUrl\":\"https:\/\/www.visit-ulcinj.com\/blog\/wp-content\/uploads\/2016\/08\/Drejtorat-e-shkollave-fillore-Nazif-Cungu.jpg\",\"width\":933,\"height\":618},{\"@type\":\"WebPage\",\"@id\":\"https:\/\/www.visit-ulcinj.com\/blog\/2016\/08\/23\/nika-kujt-shesin-mend-keta\/#webpage\",\"url\":\"https:\/\/www.visit-ulcinj.com\/blog\/2016\/08\/23\/nika-kujt-shesin-mend-keta\/\",\"name\":\"Nika: Kujt i shesin mend k\u00ebta ...?! - Lajme nga Ulqini\",\"isPartOf\":{\"@id\":\"https:\/\/www.visit-ulcinj.com\/blog\/#website\"},\"primaryImageOfPage\":{\"@id\":\"https:\/\/www.visit-ulcinj.com\/blog\/2016\/08\/23\/nika-kujt-shesin-mend-keta\/#primaryimage\"},\"datePublished\":\"2016-08-23T22:18:59+00:00\",\"dateModified\":\"2016-08-23T22:18:59+00:00\",\"author\":{\"@id\":\"https:\/\/www.visit-ulcinj.com\/blog\/#\/schema\/person\/dcab619c614d3038751c63bc2aadc06d\"},\"description\":\"Shkruan Muhamet Nika (I)- komenti im \u00a0(Nj\u00eb reagim me dy fjal\u00eb\u00a0 n\u00eb tekstin: Udh\u00ebheq\u00ebsit komunal\u00eb , takohen me drejtorat e shkollave fillore). Pasi lexova\",\"breadcrumb\":{\"@id\":\"https:\/\/www.visit-ulcinj.com\/blog\/2016\/08\/23\/nika-kujt-shesin-mend-keta\/#breadcrumb\"},\"inLanguage\":\"en-US\",\"potentialAction\":[{\"@type\":\"ReadAction\",\"target\":[\"https:\/\/www.visit-ulcinj.com\/blog\/2016\/08\/23\/nika-kujt-shesin-mend-keta\/\"]}]},{\"@type\":\"BreadcrumbList\",\"@id\":\"https:\/\/www.visit-ulcinj.com\/blog\/2016\/08\/23\/nika-kujt-shesin-mend-keta\/#breadcrumb\",\"itemListElement\":[{\"@type\":\"ListItem\",\"position\":1,\"name\":\"Nika: Kujt i shesin mend k\u00ebta &#8230;?!\"}]},{\"@type\":\"Person\",\"@id\":\"https:\/\/www.visit-ulcinj.com\/blog\/#\/schema\/person\/dcab619c614d3038751c63bc2aadc06d\",\"name\":\"ulqini\",\"sameAs\":[\"http:\/\/www.visit-ulcinj.com\"],\"url\":\"https:\/\/www.visit-ulcinj.com\/blog\/author\/admin\/\"}]}<\/script>\n<!-- \/ Yoast SEO plugin. -->","yoast_head_json":{"title":"Nika: Kujt i shesin mend k\u00ebta ...?! - Lajme nga Ulqini","description":"Shkruan Muhamet Nika (I)- komenti im \u00a0(Nj\u00eb reagim me dy fjal\u00eb\u00a0 n\u00eb tekstin: Udh\u00ebheq\u00ebsit komunal\u00eb , takohen me drejtorat e shkollave fillore). Pasi lexova","robots":{"index":"index","follow":"follow","max-snippet":"max-snippet:-1","max-image-preview":"max-image-preview:large","max-video-preview":"max-video-preview:-1"},"canonical":"https:\/\/www.visit-ulcinj.com\/blog\/2016\/08\/23\/nika-kujt-shesin-mend-keta\/","og_locale":"en_US","og_type":"article","og_title":"Nika: Kujt i shesin mend k\u00ebta ...?! - Lajme nga Ulqini","og_description":"Shkruan Muhamet Nika (I)- komenti im \u00a0(Nj\u00eb reagim me dy fjal\u00eb\u00a0 n\u00eb tekstin: Udh\u00ebheq\u00ebsit komunal\u00eb , takohen me drejtorat e shkollave fillore). Pasi lexova","og_url":"https:\/\/www.visit-ulcinj.com\/blog\/2016\/08\/23\/nika-kujt-shesin-mend-keta\/","og_site_name":"Lajme nga Ulqini","article_published_time":"2016-08-23T22:18:59+00:00","og_image":[{"url":"http:\/\/www.visit-ulcinj.com\/blog\/wp-content\/uploads\/2016\/08\/Drejtorat-e-shkollave-fillore-Nazif-Cungu.jpg"}],"twitter_misc":{"Written by":"ulqini","Est. reading time":"3 minutes"},"schema":{"@context":"https:\/\/schema.org","@graph":[{"@type":"WebSite","@id":"https:\/\/www.visit-ulcinj.com\/blog\/#website","url":"https:\/\/www.visit-ulcinj.com\/blog\/","name":"Lajme nga Ulqini","description":"Lajme,Vijesti,Ulqini,Ulqin,Crna Gora,Mali i Zi","potentialAction":[{"@type":"SearchAction","target":{"@type":"EntryPoint","urlTemplate":"https:\/\/www.visit-ulcinj.com\/blog\/?s={search_term_string}"},"query-input":"required name=search_term_string"}],"inLanguage":"en-US"},{"@type":"ImageObject","inLanguage":"en-US","@id":"https:\/\/www.visit-ulcinj.com\/blog\/2016\/08\/23\/nika-kujt-shesin-mend-keta\/#primaryimage","url":"https:\/\/www.visit-ulcinj.com\/blog\/wp-content\/uploads\/2016\/08\/Drejtorat-e-shkollave-fillore-Nazif-Cungu.jpg","contentUrl":"https:\/\/www.visit-ulcinj.com\/blog\/wp-content\/uploads\/2016\/08\/Drejtorat-e-shkollave-fillore-Nazif-Cungu.jpg","width":933,"height":618},{"@type":"WebPage","@id":"https:\/\/www.visit-ulcinj.com\/blog\/2016\/08\/23\/nika-kujt-shesin-mend-keta\/#webpage","url":"https:\/\/www.visit-ulcinj.com\/blog\/2016\/08\/23\/nika-kujt-shesin-mend-keta\/","name":"Nika: Kujt i shesin mend k\u00ebta ...?! - Lajme nga Ulqini","isPartOf":{"@id":"https:\/\/www.visit-ulcinj.com\/blog\/#website"},"primaryImageOfPage":{"@id":"https:\/\/www.visit-ulcinj.com\/blog\/2016\/08\/23\/nika-kujt-shesin-mend-keta\/#primaryimage"},"datePublished":"2016-08-23T22:18:59+00:00","dateModified":"2016-08-23T22:18:59+00:00","author":{"@id":"https:\/\/www.visit-ulcinj.com\/blog\/#\/schema\/person\/dcab619c614d3038751c63bc2aadc06d"},"description":"Shkruan Muhamet Nika (I)- komenti im \u00a0(Nj\u00eb reagim me dy fjal\u00eb\u00a0 n\u00eb tekstin: Udh\u00ebheq\u00ebsit komunal\u00eb , takohen me drejtorat e shkollave fillore). Pasi lexova","breadcrumb":{"@id":"https:\/\/www.visit-ulcinj.com\/blog\/2016\/08\/23\/nika-kujt-shesin-mend-keta\/#breadcrumb"},"inLanguage":"en-US","potentialAction":[{"@type":"ReadAction","target":["https:\/\/www.visit-ulcinj.com\/blog\/2016\/08\/23\/nika-kujt-shesin-mend-keta\/"]}]},{"@type":"BreadcrumbList","@id":"https:\/\/www.visit-ulcinj.com\/blog\/2016\/08\/23\/nika-kujt-shesin-mend-keta\/#breadcrumb","itemListElement":[{"@type":"ListItem","position":1,"name":"Nika: Kujt i shesin mend k\u00ebta &#8230;?!"}]},{"@type":"Person","@id":"https:\/\/www.visit-ulcinj.com\/blog\/#\/schema\/person\/dcab619c614d3038751c63bc2aadc06d","name":"ulqini","sameAs":["http:\/\/www.visit-ulcinj.com"],"url":"https:\/\/www.visit-ulcinj.com\/blog\/author\/admin\/"}]}},"jetpack_featured_media_url":"","jetpack_sharing_enabled":true,"jetpack_shortlink":"https:\/\/wp.me\/pe6lTn-pNV","_links":{"self":[{"href":"https:\/\/www.visit-ulcinj.com\/blog\/wp-json\/wp\/v2\/posts\/99195"}],"collection":[{"href":"https:\/\/www.visit-ulcinj.com\/blog\/wp-json\/wp\/v2\/posts"}],"about":[{"href":"https:\/\/www.visit-ulcinj.com\/blog\/wp-json\/wp\/v2\/types\/post"}],"author":[{"embeddable":true,"href":"https:\/\/www.visit-ulcinj.com\/blog\/wp-json\/wp\/v2\/users\/1"}],"replies":[{"embeddable":true,"href":"https:\/\/www.visit-ulcinj.com\/blog\/wp-json\/wp\/v2\/comments?post=99195"}],"version-history":[{"count":1,"href":"https:\/\/www.visit-ulcinj.com\/blog\/wp-json\/wp\/v2\/posts\/99195\/revisions"}],"predecessor-version":[{"id":99196,"href":"https:\/\/www.visit-ulcinj.com\/blog\/wp-json\/wp\/v2\/posts\/99195\/revisions\/99196"}],"wp:attachment":[{"href":"https:\/\/www.visit-ulcinj.com\/blog\/wp-json\/wp\/v2\/media?parent=99195"}],"wp:term":[{"taxonomy":"category","embeddable":true,"href":"https:\/\/www.visit-ulcinj.com\/blog\/wp-json\/wp\/v2\/categories?post=99195"},{"taxonomy":"post_tag","embeddable":true,"href":"https:\/\/www.visit-ulcinj.com\/blog\/wp-json\/wp\/v2\/tags?post=99195"}],"curies":[{"name":"wp","href":"https:\/\/api.w.org\/{rel}","templated":true}]}}