{"id":99197,"date":"2016-08-24T12:42:19","date_gmt":"2016-08-24T11:42:19","guid":{"rendered":"http:\/\/www.visit-ulcinj.com\/blog\/?p=99197"},"modified":"2016-08-25T20:15:16","modified_gmt":"2016-08-25T19:15:16","slug":"prezantimi-i-aktiviteteve-qe-do-te-zhvillohen-gjate-muajit-shtator-2016","status":"publish","type":"post","link":"https:\/\/www.visit-ulcinj.com\/blog\/2016\/08\/24\/prezantimi-i-aktiviteteve-qe-do-te-zhvillohen-gjate-muajit-shtator-2016\/","title":{"rendered":"Prezantimi i aktiviteteve qe do te zhvillohen gjate muajit shtator 2016"},"content":{"rendered":"<p><a href=\"http:\/\/www.visit-ulcinj.com\/blog\/wp-content\/uploads\/2016\/08\/NAZIF-CUNGU-PREZANTIMI-I-AKTIVITETEVE-SHTATOR-2016.jpg\"><img loading=\"lazy\" class=\"alignleft wp-image-99198\" src=\"http:\/\/www.visit-ulcinj.com\/blog\/wp-content\/uploads\/2016\/08\/NAZIF-CUNGU-PREZANTIMI-I-AKTIVITETEVE-SHTATOR-2016.jpg\" alt=\"NAZIF-CUNGU-PREZANTIMI I AKTIVITETEVE SHTATOR-2016\" width=\"508\" height=\"336\" srcset=\"https:\/\/www.visit-ulcinj.com\/blog\/wp-content\/uploads\/2016\/08\/NAZIF-CUNGU-PREZANTIMI-I-AKTIVITETEVE-SHTATOR-2016.jpg 933w, https:\/\/www.visit-ulcinj.com\/blog\/wp-content\/uploads\/2016\/08\/NAZIF-CUNGU-PREZANTIMI-I-AKTIVITETEVE-SHTATOR-2016-300x199.jpg 300w, https:\/\/www.visit-ulcinj.com\/blog\/wp-content\/uploads\/2016\/08\/NAZIF-CUNGU-PREZANTIMI-I-AKTIVITETEVE-SHTATOR-2016-768x509.jpg 768w\" sizes=\"(max-width: 508px) 100vw, 508px\" \/><\/a>Kryetari i Komun<span lang=\"SQ\">\u00ebs s\u00eb Ulqinit Nazif Cungu, n\u00eb nj\u00eb konferenc\u00eb me gazetar\u00eb u ndal tek aktivitetet kulturore q\u00eb do t\u00eb realizohen gjat\u00eb muajit shtator n\u00eb komun\u00ebn ton\u00eb.<u><\/u><u><\/u><\/span><\/p>\n<p><span lang=\"SQ\">Q\u00ebllimi yn\u00eb tha kryetari Cungu \u00ebsht\u00eb q\u00eb t\u00eb zgjasim sezonin turistik dhe t\u00eb t\u00ebrheqim mysafir\u00ebt. <u><\/u><u><\/u><\/span><\/p>\n<p><span lang=\"SQ\">Ai shtoi se Komuna e Ulqinit, Organizata Turistike dhe Ambasada\u00a0 Amerikane do t\u00eb p\u00ebrkrahin aktivitetet kulturore me karakter rajonal dhe nd\u00ebrkomb\u00ebtar.<u><\/u><u><\/u><\/span><\/p>\n<p><a href=\"http:\/\/www.visit-ulcinj.com\/blog\/wp-content\/uploads\/2016\/08\/PREZANTIMI-I-AKTIVITETEVE-SHTATOR-2016.jpg\"><img loading=\"lazy\" class=\"alignleft wp-image-99200\" src=\"http:\/\/www.visit-ulcinj.com\/blog\/wp-content\/uploads\/2016\/08\/PREZANTIMI-I-AKTIVITETEVE-SHTATOR-2016.jpg\" alt=\"PREZANTIMI I AKTIVITETEVE SHTATOR 2016\" width=\"508\" height=\"336\" srcset=\"https:\/\/www.visit-ulcinj.com\/blog\/wp-content\/uploads\/2016\/08\/PREZANTIMI-I-AKTIVITETEVE-SHTATOR-2016.jpg 933w, https:\/\/www.visit-ulcinj.com\/blog\/wp-content\/uploads\/2016\/08\/PREZANTIMI-I-AKTIVITETEVE-SHTATOR-2016-300x199.jpg 300w, https:\/\/www.visit-ulcinj.com\/blog\/wp-content\/uploads\/2016\/08\/PREZANTIMI-I-AKTIVITETEVE-SHTATOR-2016-768x509.jpg 768w\" sizes=\"(max-width: 508px) 100vw, 508px\" \/><\/a><\/p>\n<p><span lang=\"SQ\"><u><\/u>\u00a0<u><\/u><\/span><\/p>\n<p><span lang=\"SQ\"><strong>N\u00eb muajin shtator &#8211; tetor do t\u00eb organizohen k\u00ebta aktivitete:<\/strong><u><\/u><u><\/u><\/span><\/p>\n<p><u><\/u>\u00a0<u><\/u><\/p>\n<p><u><\/u>&#8211;\u00a0\u00a0\u00a0\u00a0\u00a0\u00a0\u00a0\u00a0 <u><\/u>Festivali i Par\u00eb Ballkanik i Arteve \u2018\u2019ROSARY\u2019\u2019<u><\/u><u><\/u><\/p>\n<p><u><\/u>\u00a0<u><\/u><\/p>\n<p><u><\/u>&#8211;\u00a0\u00a0\u00a0\u00a0\u00a0\u00a0\u00a0\u00a0 <u><\/u>Festival i Par\u00eb Nd\u00ebrkomb\u00ebtar i Muzik\u00ebs<u><\/u><u><\/u><\/p>\n<p><u><\/u>\u00a0<u><\/u><\/p>\n<p><u><\/u>&#8211;\u00a0\u00a0\u00a0\u00a0\u00a0\u00a0\u00a0\u00a0 <u><\/u>SLAGR Koncert<u><\/u><u><\/u><\/p>\n<p><u><\/u>\u00a0<u><\/u><\/p>\n<p><u><\/u>&#8211;\u00a0\u00a0\u00a0\u00a0\u00a0\u00a0\u00a0\u00a0 <u><\/u>SEANEMA FILM FESTIVAL II Edition \u2013 MIND THE GAP<u><\/u><u><\/u><\/p>\n<p><u><\/u>\u00a0<u><\/u><\/p>\n<p><u><\/u>&#8211;\u00a0\u00a0\u00a0\u00a0\u00a0\u00a0\u00a0\u00a0 <u><\/u>3<sup>RD<\/sup> Dolcinium International Festival<u><\/u><u><\/u><\/p>\n<p><u><\/u>\u00a0<u><\/u><\/p>\n<p><u><\/u>&#8211;\u00a0\u00a0\u00a0\u00a0\u00a0\u00a0\u00a0\u00a0 <u><\/u>Simpozijumi shkencor \u2019\u2019Konservimi dhe Mbrojtja e Qendrueshme e Kalas\u00eb\u2019\u2019<\/p>\n","protected":false},"excerpt":{"rendered":"<p>Kryetari i Komun\u00ebs s\u00eb Ulqinit Nazif Cungu, n\u00eb nj\u00eb konferenc\u00eb me gazetar\u00eb u ndal tek aktivitetet kulturore q\u00eb do t\u00eb realizohen gjat\u00eb muajit shtator n\u00eb komun\u00ebn ton\u00eb. Q\u00ebllimi yn\u00eb tha kryetari Cungu \u00ebsht\u00eb q\u00eb t\u00eb zgjasim sezonin turistik dhe t\u00eb t\u00ebrheqim mysafir\u00ebt. Ai shtoi se Komuna e Ulqinit, Organizata Turistike dhe Ambasada\u00a0 Amerikane do t\u00eb [&hellip;]<\/p>\n","protected":false},"author":1,"featured_media":0,"comment_status":"closed","ping_status":"closed","sticky":false,"template":"","format":"standard","meta":{"spay_email":"","jetpack_publicize_message":"","jetpack_is_tweetstorm":false,"jetpack_publicize_feature_enabled":true},"categories":[1,6950],"tags":[],"jetpack_publicize_connections":[],"yoast_head":"<!-- This site is optimized with the Yoast SEO plugin v19.1 - https:\/\/yoast.com\/wordpress\/plugins\/seo\/ -->\n<title>Prezantimi i aktiviteteve qe do te zhvillohen gjate muajit shtator 2016 - Lajme nga Ulqini<\/title>\n<meta name=\"description\" content=\"Kryetari i Komun\u00ebs s\u00eb Ulqinit Nazif Cungu, n\u00eb nj\u00eb konferenc\u00eb me gazetar\u00eb u ndal tek aktivitetet kulturore q\u00eb do t\u00eb realizohen gjat\u00eb muajit shtator n\u00eb\" \/>\n<meta name=\"robots\" content=\"index, follow, max-snippet:-1, max-image-preview:large, max-video-preview:-1\" \/>\n<link rel=\"canonical\" href=\"https:\/\/www.visit-ulcinj.com\/blog\/2016\/08\/24\/prezantimi-i-aktiviteteve-qe-do-te-zhvillohen-gjate-muajit-shtator-2016\/\" \/>\n<meta property=\"og:locale\" content=\"en_US\" \/>\n<meta property=\"og:type\" content=\"article\" \/>\n<meta property=\"og:title\" content=\"Prezantimi i aktiviteteve qe do te zhvillohen gjate muajit shtator 2016 - Lajme nga Ulqini\" \/>\n<meta property=\"og:description\" content=\"Kryetari i Komun\u00ebs s\u00eb Ulqinit Nazif Cungu, n\u00eb nj\u00eb konferenc\u00eb me gazetar\u00eb u ndal tek aktivitetet kulturore q\u00eb do t\u00eb realizohen gjat\u00eb muajit shtator n\u00eb\" \/>\n<meta property=\"og:url\" content=\"https:\/\/www.visit-ulcinj.com\/blog\/2016\/08\/24\/prezantimi-i-aktiviteteve-qe-do-te-zhvillohen-gjate-muajit-shtator-2016\/\" \/>\n<meta property=\"og:site_name\" content=\"Lajme nga Ulqini\" \/>\n<meta property=\"article:published_time\" content=\"2016-08-24T11:42:19+00:00\" \/>\n<meta property=\"article:modified_time\" content=\"2016-08-25T19:15:16+00:00\" \/>\n<meta property=\"og:image\" content=\"http:\/\/www.visit-ulcinj.com\/blog\/wp-content\/uploads\/2016\/08\/NAZIF-CUNGU-PREZANTIMI-I-AKTIVITETEVE-SHTATOR-2016.jpg\" \/>\n<meta name=\"twitter:label1\" content=\"Written by\" \/>\n\t<meta name=\"twitter:data1\" content=\"ulqini\" \/>\n\t<meta name=\"twitter:label2\" content=\"Est. reading time\" \/>\n\t<meta name=\"twitter:data2\" content=\"1 minute\" \/>\n<script type=\"application\/ld+json\" class=\"yoast-schema-graph\">{\"@context\":\"https:\/\/schema.org\",\"@graph\":[{\"@type\":\"WebSite\",\"@id\":\"https:\/\/www.visit-ulcinj.com\/blog\/#website\",\"url\":\"https:\/\/www.visit-ulcinj.com\/blog\/\",\"name\":\"Lajme nga Ulqini\",\"description\":\"Lajme,Vijesti,Ulqini,Ulqin,Crna Gora,Mali i Zi\",\"potentialAction\":[{\"@type\":\"SearchAction\",\"target\":{\"@type\":\"EntryPoint\",\"urlTemplate\":\"https:\/\/www.visit-ulcinj.com\/blog\/?s={search_term_string}\"},\"query-input\":\"required name=search_term_string\"}],\"inLanguage\":\"en-US\"},{\"@type\":\"ImageObject\",\"inLanguage\":\"en-US\",\"@id\":\"https:\/\/www.visit-ulcinj.com\/blog\/2016\/08\/24\/prezantimi-i-aktiviteteve-qe-do-te-zhvillohen-gjate-muajit-shtator-2016\/#primaryimage\",\"url\":\"https:\/\/www.visit-ulcinj.com\/blog\/wp-content\/uploads\/2016\/08\/NAZIF-CUNGU-PREZANTIMI-I-AKTIVITETEVE-SHTATOR-2016.jpg\",\"contentUrl\":\"https:\/\/www.visit-ulcinj.com\/blog\/wp-content\/uploads\/2016\/08\/NAZIF-CUNGU-PREZANTIMI-I-AKTIVITETEVE-SHTATOR-2016.jpg\",\"width\":933,\"height\":618},{\"@type\":\"WebPage\",\"@id\":\"https:\/\/www.visit-ulcinj.com\/blog\/2016\/08\/24\/prezantimi-i-aktiviteteve-qe-do-te-zhvillohen-gjate-muajit-shtator-2016\/#webpage\",\"url\":\"https:\/\/www.visit-ulcinj.com\/blog\/2016\/08\/24\/prezantimi-i-aktiviteteve-qe-do-te-zhvillohen-gjate-muajit-shtator-2016\/\",\"name\":\"Prezantimi i aktiviteteve qe do te zhvillohen gjate muajit shtator 2016 - Lajme nga Ulqini\",\"isPartOf\":{\"@id\":\"https:\/\/www.visit-ulcinj.com\/blog\/#website\"},\"primaryImageOfPage\":{\"@id\":\"https:\/\/www.visit-ulcinj.com\/blog\/2016\/08\/24\/prezantimi-i-aktiviteteve-qe-do-te-zhvillohen-gjate-muajit-shtator-2016\/#primaryimage\"},\"datePublished\":\"2016-08-24T11:42:19+00:00\",\"dateModified\":\"2016-08-25T19:15:16+00:00\",\"author\":{\"@id\":\"https:\/\/www.visit-ulcinj.com\/blog\/#\/schema\/person\/dcab619c614d3038751c63bc2aadc06d\"},\"description\":\"Kryetari i Komun\u00ebs s\u00eb Ulqinit Nazif Cungu, n\u00eb nj\u00eb konferenc\u00eb me gazetar\u00eb u ndal tek aktivitetet kulturore q\u00eb do t\u00eb realizohen gjat\u00eb muajit shtator n\u00eb\",\"breadcrumb\":{\"@id\":\"https:\/\/www.visit-ulcinj.com\/blog\/2016\/08\/24\/prezantimi-i-aktiviteteve-qe-do-te-zhvillohen-gjate-muajit-shtator-2016\/#breadcrumb\"},\"inLanguage\":\"en-US\",\"potentialAction\":[{\"@type\":\"ReadAction\",\"target\":[\"https:\/\/www.visit-ulcinj.com\/blog\/2016\/08\/24\/prezantimi-i-aktiviteteve-qe-do-te-zhvillohen-gjate-muajit-shtator-2016\/\"]}]},{\"@type\":\"BreadcrumbList\",\"@id\":\"https:\/\/www.visit-ulcinj.com\/blog\/2016\/08\/24\/prezantimi-i-aktiviteteve-qe-do-te-zhvillohen-gjate-muajit-shtator-2016\/#breadcrumb\",\"itemListElement\":[{\"@type\":\"ListItem\",\"position\":1,\"name\":\"Prezantimi i aktiviteteve qe do te zhvillohen gjate muajit shtator 2016\"}]},{\"@type\":\"Person\",\"@id\":\"https:\/\/www.visit-ulcinj.com\/blog\/#\/schema\/person\/dcab619c614d3038751c63bc2aadc06d\",\"name\":\"ulqini\",\"sameAs\":[\"http:\/\/www.visit-ulcinj.com\"],\"url\":\"https:\/\/www.visit-ulcinj.com\/blog\/author\/admin\/\"}]}<\/script>\n<!-- \/ Yoast SEO plugin. -->","yoast_head_json":{"title":"Prezantimi i aktiviteteve qe do te zhvillohen gjate muajit shtator 2016 - Lajme nga Ulqini","description":"Kryetari i Komun\u00ebs s\u00eb Ulqinit Nazif Cungu, n\u00eb nj\u00eb konferenc\u00eb me gazetar\u00eb u ndal tek aktivitetet kulturore q\u00eb do t\u00eb realizohen gjat\u00eb muajit shtator n\u00eb","robots":{"index":"index","follow":"follow","max-snippet":"max-snippet:-1","max-image-preview":"max-image-preview:large","max-video-preview":"max-video-preview:-1"},"canonical":"https:\/\/www.visit-ulcinj.com\/blog\/2016\/08\/24\/prezantimi-i-aktiviteteve-qe-do-te-zhvillohen-gjate-muajit-shtator-2016\/","og_locale":"en_US","og_type":"article","og_title":"Prezantimi i aktiviteteve qe do te zhvillohen gjate muajit shtator 2016 - Lajme nga Ulqini","og_description":"Kryetari i Komun\u00ebs s\u00eb Ulqinit Nazif Cungu, n\u00eb nj\u00eb konferenc\u00eb me gazetar\u00eb u ndal tek aktivitetet kulturore q\u00eb do t\u00eb realizohen gjat\u00eb muajit shtator n\u00eb","og_url":"https:\/\/www.visit-ulcinj.com\/blog\/2016\/08\/24\/prezantimi-i-aktiviteteve-qe-do-te-zhvillohen-gjate-muajit-shtator-2016\/","og_site_name":"Lajme nga Ulqini","article_published_time":"2016-08-24T11:42:19+00:00","article_modified_time":"2016-08-25T19:15:16+00:00","og_image":[{"url":"http:\/\/www.visit-ulcinj.com\/blog\/wp-content\/uploads\/2016\/08\/NAZIF-CUNGU-PREZANTIMI-I-AKTIVITETEVE-SHTATOR-2016.jpg"}],"twitter_misc":{"Written by":"ulqini","Est. reading time":"1 minute"},"schema":{"@context":"https:\/\/schema.org","@graph":[{"@type":"WebSite","@id":"https:\/\/www.visit-ulcinj.com\/blog\/#website","url":"https:\/\/www.visit-ulcinj.com\/blog\/","name":"Lajme nga Ulqini","description":"Lajme,Vijesti,Ulqini,Ulqin,Crna Gora,Mali i Zi","potentialAction":[{"@type":"SearchAction","target":{"@type":"EntryPoint","urlTemplate":"https:\/\/www.visit-ulcinj.com\/blog\/?s={search_term_string}"},"query-input":"required name=search_term_string"}],"inLanguage":"en-US"},{"@type":"ImageObject","inLanguage":"en-US","@id":"https:\/\/www.visit-ulcinj.com\/blog\/2016\/08\/24\/prezantimi-i-aktiviteteve-qe-do-te-zhvillohen-gjate-muajit-shtator-2016\/#primaryimage","url":"https:\/\/www.visit-ulcinj.com\/blog\/wp-content\/uploads\/2016\/08\/NAZIF-CUNGU-PREZANTIMI-I-AKTIVITETEVE-SHTATOR-2016.jpg","contentUrl":"https:\/\/www.visit-ulcinj.com\/blog\/wp-content\/uploads\/2016\/08\/NAZIF-CUNGU-PREZANTIMI-I-AKTIVITETEVE-SHTATOR-2016.jpg","width":933,"height":618},{"@type":"WebPage","@id":"https:\/\/www.visit-ulcinj.com\/blog\/2016\/08\/24\/prezantimi-i-aktiviteteve-qe-do-te-zhvillohen-gjate-muajit-shtator-2016\/#webpage","url":"https:\/\/www.visit-ulcinj.com\/blog\/2016\/08\/24\/prezantimi-i-aktiviteteve-qe-do-te-zhvillohen-gjate-muajit-shtator-2016\/","name":"Prezantimi i aktiviteteve qe do te zhvillohen gjate muajit shtator 2016 - Lajme nga Ulqini","isPartOf":{"@id":"https:\/\/www.visit-ulcinj.com\/blog\/#website"},"primaryImageOfPage":{"@id":"https:\/\/www.visit-ulcinj.com\/blog\/2016\/08\/24\/prezantimi-i-aktiviteteve-qe-do-te-zhvillohen-gjate-muajit-shtator-2016\/#primaryimage"},"datePublished":"2016-08-24T11:42:19+00:00","dateModified":"2016-08-25T19:15:16+00:00","author":{"@id":"https:\/\/www.visit-ulcinj.com\/blog\/#\/schema\/person\/dcab619c614d3038751c63bc2aadc06d"},"description":"Kryetari i Komun\u00ebs s\u00eb Ulqinit Nazif Cungu, n\u00eb nj\u00eb konferenc\u00eb me gazetar\u00eb u ndal tek aktivitetet kulturore q\u00eb do t\u00eb realizohen gjat\u00eb muajit shtator n\u00eb","breadcrumb":{"@id":"https:\/\/www.visit-ulcinj.com\/blog\/2016\/08\/24\/prezantimi-i-aktiviteteve-qe-do-te-zhvillohen-gjate-muajit-shtator-2016\/#breadcrumb"},"inLanguage":"en-US","potentialAction":[{"@type":"ReadAction","target":["https:\/\/www.visit-ulcinj.com\/blog\/2016\/08\/24\/prezantimi-i-aktiviteteve-qe-do-te-zhvillohen-gjate-muajit-shtator-2016\/"]}]},{"@type":"BreadcrumbList","@id":"https:\/\/www.visit-ulcinj.com\/blog\/2016\/08\/24\/prezantimi-i-aktiviteteve-qe-do-te-zhvillohen-gjate-muajit-shtator-2016\/#breadcrumb","itemListElement":[{"@type":"ListItem","position":1,"name":"Prezantimi i aktiviteteve qe do te zhvillohen gjate muajit shtator 2016"}]},{"@type":"Person","@id":"https:\/\/www.visit-ulcinj.com\/blog\/#\/schema\/person\/dcab619c614d3038751c63bc2aadc06d","name":"ulqini","sameAs":["http:\/\/www.visit-ulcinj.com"],"url":"https:\/\/www.visit-ulcinj.com\/blog\/author\/admin\/"}]}},"jetpack_featured_media_url":"","jetpack_sharing_enabled":true,"jetpack_shortlink":"https:\/\/wp.me\/pe6lTn-pNX","_links":{"self":[{"href":"https:\/\/www.visit-ulcinj.com\/blog\/wp-json\/wp\/v2\/posts\/99197"}],"collection":[{"href":"https:\/\/www.visit-ulcinj.com\/blog\/wp-json\/wp\/v2\/posts"}],"about":[{"href":"https:\/\/www.visit-ulcinj.com\/blog\/wp-json\/wp\/v2\/types\/post"}],"author":[{"embeddable":true,"href":"https:\/\/www.visit-ulcinj.com\/blog\/wp-json\/wp\/v2\/users\/1"}],"replies":[{"embeddable":true,"href":"https:\/\/www.visit-ulcinj.com\/blog\/wp-json\/wp\/v2\/comments?post=99197"}],"version-history":[{"count":3,"href":"https:\/\/www.visit-ulcinj.com\/blog\/wp-json\/wp\/v2\/posts\/99197\/revisions"}],"predecessor-version":[{"id":99201,"href":"https:\/\/www.visit-ulcinj.com\/blog\/wp-json\/wp\/v2\/posts\/99197\/revisions\/99201"}],"wp:attachment":[{"href":"https:\/\/www.visit-ulcinj.com\/blog\/wp-json\/wp\/v2\/media?parent=99197"}],"wp:term":[{"taxonomy":"category","embeddable":true,"href":"https:\/\/www.visit-ulcinj.com\/blog\/wp-json\/wp\/v2\/categories?post=99197"},{"taxonomy":"post_tag","embeddable":true,"href":"https:\/\/www.visit-ulcinj.com\/blog\/wp-json\/wp\/v2\/tags?post=99197"}],"curies":[{"name":"wp","href":"https:\/\/api.w.org\/{rel}","templated":true}]}}