{"id":99203,"date":"2016-08-25T08:00:12","date_gmt":"2016-08-25T07:00:12","guid":{"rendered":"http:\/\/www.visit-ulcinj.com\/blog\/?p=99203"},"modified":"2016-08-25T08:00:12","modified_gmt":"2016-08-25T07:00:12","slug":"nika-komenti-ii-nje-fotografie","status":"publish","type":"post","link":"https:\/\/www.visit-ulcinj.com\/blog\/2016\/08\/25\/nika-komenti-ii-nje-fotografie\/","title":{"rendered":"Nika: Komenti (ii) i nj\u00eb  fotografie&#8230;.?! \u201c"},"content":{"rendered":"<p><strong>\u201c.. UN\u00cb\u00a0 JAM \u00a0NANA \u00a0E \u00a0VAKIVE..\u201d\u00a0 &#8211;\u00a0 <em>Adelina&#8230;?!!<\/em><\/strong><\/p>\n<p><a href=\"http:\/\/www.visit-ulcinj.com\/blog\/wp-content\/uploads\/2016\/08\/NAZIF-CUNGU-PREZANTIMI-I-AKTIVITETEVE-SHTATOR-2016.jpg\"><img loading=\"lazy\" class=\"alignleft wp-image-99198\" src=\"http:\/\/www.visit-ulcinj.com\/blog\/wp-content\/uploads\/2016\/08\/NAZIF-CUNGU-PREZANTIMI-I-AKTIVITETEVE-SHTATOR-2016.jpg\" alt=\"NAZIF-CUNGU-PREZANTIMI I AKTIVITETEVE SHTATOR-2016\" width=\"508\" height=\"336\" srcset=\"https:\/\/www.visit-ulcinj.com\/blog\/wp-content\/uploads\/2016\/08\/NAZIF-CUNGU-PREZANTIMI-I-AKTIVITETEVE-SHTATOR-2016.jpg 933w, https:\/\/www.visit-ulcinj.com\/blog\/wp-content\/uploads\/2016\/08\/NAZIF-CUNGU-PREZANTIMI-I-AKTIVITETEVE-SHTATOR-2016-300x199.jpg 300w, https:\/\/www.visit-ulcinj.com\/blog\/wp-content\/uploads\/2016\/08\/NAZIF-CUNGU-PREZANTIMI-I-AKTIVITETEVE-SHTATOR-2016-768x509.jpg 768w\" sizes=\"(max-width: 508px) 100vw, 508px\" \/><\/a><\/p>\n<p><strong>(He more edhe juve nuk po iu mbushin syrin&#8230;)?!!<\/strong><\/p>\n<p>Sa p\u00ebr lajmin rreth prezantimit t\u00eb\u00a0 aktiviteteve \u00a0kulturore qe do t\u00eb\u00a0 zhvillohen gjat\u00eb muajit shtator 2016, sipas Kryetarit t\u00eb\u00a0 Komun\u00ebs s\u00eb Ulqinit Nazif Cungu, \u201d me q\u00ebllim t\u00eb zgjatjes s\u00eb sezonin turistik &#8230;, p\u00ebr mes \u201corganizat\u00ebs turistike dhe ambasad\u00ebs amerikane\u00a0 t\u00eb cilat do p\u00ebrkrahin k\u00ebto aktivitete me karakter rajonal dhe nd\u00ebrkomb\u00ebtar\u201d, \u00a0\u00a0shikuar realisht\u00a0 , \u00a0edhe pse\u00a0 jan\u00eb t\u00eb nevojshme, prap\u00ebse prap\u00eb, jan\u00eb t\u00eb diskutuesh\u00ebm\u00a0 dhe provokojn\u00eb nj\u00eb seri pyetjesh si :<\/p>\n<ul>\n<li>E para , ku mundet dhe si guxon ambasada amerikane , t\u00eb b\u00ebj\u00eb k\u00ebso aktivitetesh \u2013 me\u201d dilitanta kulturor\u00eb \u201c t\u00eb pa li\u00e7ensuar..\u201d e diskriminues\u00a0 gjuh\u00ebsor\u00a0 q\u00eb shkelin\u00a0 barazin\u00eb gjuh\u00ebsore \u00a0t\u00eb mjedisit &#8211; pa p\u00eblqim t\u00eb kuvendit t\u00eb Ulqinit&#8230;, e n\u00eb em\u00ebr t\u00eb\u00a0 tij, duke p\u00ebrdor\u00eb vet\u00ebm gjuh\u00ebn angleze , kurse\u00a0 fjala \u00ebsht\u00eb p\u00ebr institucione publik\u00eb?! K\u00ebt\u00eb e themi, sepse\u00a0 ambasadat, ka mandat dhe \u00a0mund t\u00eb \u00a0p\u00ebrkujdes\u00ebn vet\u00ebm p\u00ebr fatin e qytetar\u00ebve t\u00eb shtetit t\u00eb vet\u00a0 n\u00eb\u00a0 nj\u00eb shtet tjet\u00ebr , e jo me at\u00eb se \u00e7far\u00eb kulture d\u00ebshiron t\u00eb zhvilloj\u00eb nj\u00eb komunitet shum\u00eb kulturor,\u00a0 nacional- e konfesional k\u00ebshtu si Ulqini&#8230;?!<\/li>\n<\/ul>\n<p>Dhe q\u00eb t\u00eb mos dim\u00eb , kush na e b\u00ebn e si na e b\u00ebn\u00a0 at\u00eb \u00a0e n\u00eb cil\u00ebn gjuh\u00eb?! A mos i urrejm\u00eb gjuh\u00ebt e mjedisit dhe p\u00ebr k\u00ebt\u00eb nuk jemi t\u00eb vet\u00ebdijsh\u00ebm&#8230;?! Pasi kjo na p\u00ebrs\u00ebritet \u2013 themi se po?!<\/p>\n<p>Mbase nj\u00eb pyetje \u00a0e thjesht\u00eb kjo, \u00a0por q\u00eb e do nj\u00eb p\u00ebrgjigje- \u00a0t\u00eb par\u00eb dhe t\u00eb fundit?!<\/p>\n<p>Shih k\u00ebt\u00eb fotografi dhe \u00a0m\u00ebnyr\u00ebn , se si\u201d romanizohet \u00a0\u201c historia e qytetit \u2013 jo pa q\u00ebllim, dhe jo p\u00ebr her\u00eb t\u00eb par\u00eb diskriminohemi n\u00eb aspektin gjuh\u00ebsor nga aktivitetet e organizat\u00ebs turistike dhe disa tjer\u00ebve..?! \u00a0K\u00ebto t\u00eb mallkuar , me trillimet e veta( e me anglishten e vet&#8230;), po na (m\u00eb) b\u00ebjn\u00eb helaq\u00a0 dhe rezil para sensit modern\u00a0 tashti nj\u00eb koh\u00eb t\u00eb gjat\u00eb. Duke mos hyr\u00eb k\u00ebtu n\u00eb historin\u00eb \u201c e sheshit t\u00eb rob\u00ebrve&#8230;?!, cekim se \u00a0n\u00eb dokumentet e vjetra trajta Dulcinium \u2013 ilire, \u00a0\u00ebsht\u00eb m\u00eb prezente\u00a0 se\u00a0 kjo q\u00eb na jepet\u00a0 nga ambasada \u00a0amerikane Dolcinium- prandaj kujdes <strong>: oprez&#8230;, coreful&#8230;., prudence.., n\u00eb k\u00ebt\u00eb aspekt \u00a0p\u00ebr t\u00eb fundit her\u00eb \u2013 juve dhe atyre q\u00eb u p\u00ebrkrahin , qoft\u00eb ajo edhe ambasada n\u00eb fjal\u00eb , ose edhe dikush tjet\u00ebr &#8230;. ?!!<\/strong><\/p>\n<p><a href=\"http:\/\/www.visit-ulcinj.com\/blog\/wp-content\/uploads\/2016\/08\/PREZANTIMI-I-AKTIVITETEVE-SHTATOR-2016.jpg\"><img loading=\"lazy\" class=\"alignleft wp-image-99200\" src=\"http:\/\/www.visit-ulcinj.com\/blog\/wp-content\/uploads\/2016\/08\/PREZANTIMI-I-AKTIVITETEVE-SHTATOR-2016.jpg\" alt=\"PREZANTIMI I AKTIVITETEVE SHTATOR 2016\" width=\"508\" height=\"336\" srcset=\"https:\/\/www.visit-ulcinj.com\/blog\/wp-content\/uploads\/2016\/08\/PREZANTIMI-I-AKTIVITETEVE-SHTATOR-2016.jpg 933w, https:\/\/www.visit-ulcinj.com\/blog\/wp-content\/uploads\/2016\/08\/PREZANTIMI-I-AKTIVITETEVE-SHTATOR-2016-300x199.jpg 300w, https:\/\/www.visit-ulcinj.com\/blog\/wp-content\/uploads\/2016\/08\/PREZANTIMI-I-AKTIVITETEVE-SHTATOR-2016-768x509.jpg 768w\" sizes=\"(max-width: 508px) 100vw, 508px\" \/><\/a><\/p>\n<ul>\n<li>Tjet\u00ebr- si pyetje e radh\u00ebs: kush e vendosi dhe e p\u00ebrcaktoi\u00a0 k\u00ebt\u00eb politik\u00eb kulturore \u2013 diskriminuese n\u00eb\u00a0 muajin \u00a0\u00a0shtator \u2013 n\u00eb prag t\u00eb fushat\u00ebs zgjedhore, dhe \u00a0cili \u201cmeritum ..\u201d kulturor\u00eb i qytetit t\u00eb Ulqinit- pse mbahet fshehur n\u00eb se ekziston, \u00a0si komiteti i maleve.. ?!!<\/li>\n<li>Ne e dim\u00eb , se me vendim t\u00eb kuvendit, komuna\u00a0 , ka themeluar nj\u00eb nd\u00ebrmarrje tjet\u00ebr \u00a0publike e cila\u00a0 i bie (do t\u00eb duhej) t\u00eb jet\u00eb e specializuar p\u00ebr aktivitete kulturore t\u00eb k\u00ebtij tipi dhe q\u00eb \u00a0p\u00ebr k\u00ebt\u00eb i jep llogari themeluesit\u00a0 p\u00ebr suksesin dhe mos suksesin eventual.\u00a0 SI DHE \u00a0P\u00cbR \u00a0ZBATIM \u00a0T\u00cb DYGJUH\u00cbSIS\u00cb \u00a0S\u00cb QYTETIT \u00a0APO SHUM\u00cb GHUH\u00cbSIS\u00cb&#8230;?!!!<\/li>\n<li>Dihet se Kuvendi i Ulqinit,p\u00ebr veprimtarit\u00eb publike kulturore dhe ekonomike t\u00eb k\u00ebtij tipi \u2013\u00a0 ka themeluar institucionin e kultur\u00ebs, dhe \u00a0ka nxjerr\u00eb \u00a0\u00a0aktin e themelimit\u00a0 \u00a0t\u00eb saj, duke \u00a0e p\u00ebrshkruar n\u00eb detale \u00a0fush\u00ebveprimin e veprimtaris\u00eb , n\u00eb nja 5- 6 \u00a0faqe tekst dhe i cili\u00a0\u00a0 \u00ebsht\u00eb i regjistruar n\u00eb\u00a0 gjykat\u00ebn \u00a0ekonomike p\u00ebr tu \u00a0p\u00ebrligjur. E q\u00eb i mungon organizat\u00ebs turistike.<\/li>\n<\/ul>\n<p>Gjithashtu pyesim: si \u00ebsht\u00eb e lejueshme , bashkimi i parave t\u00eb ambasad\u00ebs amerikane dhe mjeteve buxhetore publike , pa nj\u00eb vendim paraprak dhe para kujt arsyetohet shpenzimi i tyre nes\u00ebr&#8230;?!<\/p>\n<p>\u00c7ka garanton se nuk do ket\u00eb \u00a0keqp\u00ebrdorim t\u00eb tyre, kur dihet q\u00eb me vite, nga organizata, po qe besa edhe\u00a0 as nga kryetar\u00ebt e komun\u00ebs, \u00a0nuk i \u00a0jepet raport \u00a0vjetor kuvendit p\u00ebr pun\u00ebn e vet. A e di ambasada amerikane k\u00ebt\u00eb?!!<\/p>\n<p><em>Po ti b\u00ebj\u00eb k\u00ebto pun\u00eb , ndonj\u00eb asociacion privat i turizmit, dhe jo \u00a0i dal\u00eb\u00a0 nga vota e popullit at\u00ebher\u00eb nuk do t\u00eb kishim t\u00eb drejt\u00eb t\u00eb shpreheshim k\u00ebshtu?!<\/em><\/p>\n<ul>\n<li>K\u00ebshtu si \u00a0rri e duket puna , krijimi edhe i nj\u00eb organizate t\u00eb dyt\u00eb publike\u00a0 -Organizat\u00ebs Turistike, pas Qendr\u00ebs p\u00ebr Kultur\u00eb t\u00eb qytetit, n\u00eb k\u00ebt\u00eb situat\u00eb ekonomike \u00a0t\u00eb v\u00ebshtir\u00eb \u00a0q\u00eb merret me kultur\u00eb \u00ebsht\u00eb nj\u00eb\u00a0 \u201c komoditet \u201c i tepruar dhe i pa kuptimt\u00eb,<\/li>\n<li>A e di ambasada e Amerik\u00ebs \u00a0edhe k\u00ebt\u00eb,\u00a0 se \u00a0\u00a0organizata turistike \u00a0,\u00a0 ka krijuar mbi nj\u00eb gjysm\u00eb milioni euro obligime me ligjshm\u00ebri t\u00eb diskutueshme dhe se i \u00ebsht\u00eb n\u00ebnshtruar nj\u00eb kontrolli t\u00eb rrept\u00eb\u00a0 financiar- i vetmi nga sektori publik q\u00eb shquhet \u00a0p\u00ebr k\u00ebt\u00eb?!<\/li>\n<li>Andaj pasi qenka\u00a0 k\u00ebshtu,\u00a0 kryetari i kuvendit, ka obligim moral t\u00eb th\u00ebrras\u00eb kuvendin dhe t\u00eb shuaj Organizat\u00ebn Turistike\u00a0 t\u00eb Qytetit e cila po duket s\u2019\u00ebsht\u00eb duke shfryt\u00ebzuar \u2013 n\u00eb m\u00ebnyr\u00eb t\u00eb pa ligjshme \u2013 \u00a0pa vendim kuvendi- \u00a0parat\u00eb e taksa paguesve . E t\u00eb cilat vjet dhe sivjet \u2013 pik\u00ebrisht n\u00eb shtator&#8230;., rreth 100 mij\u00eb ero u mblodh\u00ebn me dhun\u00eb \u00a0p\u00ebrmes \u00a0komun\u00ebs nga subjektet ekonomike t\u00eb qytetit- p\u00ebr\u201d dyzen vjeshte t\u00eb sajin..\u201d?!<\/li>\n<li>Ose \u00a0p\u00ebr ndryshe, n\u00ebse nuk e b\u00ebn\u00eb k\u00ebt\u00eb- kuvendi duhet t\u00eb mblidhet dhe t\u00eb fik\u00eb Qendr\u00ebn p\u00ebr Kultur\u00eb , t\u00eb cil\u00ebs i\u00a0 jan\u00eb besuar k\u00ebto aktivitete me akt themelimi..?!<\/li>\n<\/ul>\n<p>Dhe n\u00eb fund, si njoh\u00ebs i kultur\u00ebs shqiptare dhe i tradit\u00ebs e historis\u00eb\u00a0 nacionale\u00a0 e gjuh\u00ebsore, po dhe i t\u00eb drejt\u00ebs kushtetuese e njer\u00ebzore, do kisha nj\u00eb lutje, p\u00ebr k\u00ebta t\u00eb \u201c kulltur\u00ebs..\u201dnga komuna, ashtu si \u00a0\u00a0Arkimedi, \u00a0\u00a0kur u tha ushtar\u00ebve romak\u00eb \u2013\u00a0 Mos mi loznin rrath\u00ebt e mi, n\u00eb kuptimin: mos\u00a0 e luani shqipen ton\u00eb..\u201d?!<\/p>\n<p>Kjo vlen p\u00ebr k\u00ebta t\u00eb organizat\u00ebs turistike, q\u00eb shqipen\u00a0 e kan\u00eb z\u00ebvend\u00ebsuar\u00a0 m\u00eb anglishte\u00a0 n\u00eb \u201cpanot\u00eb \u201cdhe\u00a0 \u201cbillbordat \u201c\u00a0 e aktiviteteve t\u00eb tyre, \u00a0pas t\u00eb cilave \u00a0rri stema e qytetit t\u00eb Ulqinit-\u00a0 Kuvendit\u00a0 t\u00eb Komun\u00ebs ,q\u00eb\u00a0 as se si , nuk mund\u00ebson p\u00ebrdorim t\u00eb nj\u00ebansh\u00ebm t\u00eb gjuh\u00ebve me statut dhe ligj?!<\/p>\n<p><strong><em>V\u00ebrejtje : ky test(shum\u00eb shpejt) , pasi t\u00eb p\u00ebrkthehet dhe t\u00eb p\u00ebrpilohet , me nj\u00eb biografi t\u00eb shkurt\u00ebr t\u00eb autorit , do t\u2019i d\u00ebrgohet me post\u00eb\u00a0 edhe n\u00eb form\u00ebn e letr\u00ebs publike edhe vet\u00eb ambasad\u00ebs amerikane n\u00eb Podgoric\u00eb..?!!<\/em><\/strong><\/p>\n<p><strong>Pik\u00ebpamjet e shprehura n\u00eb faqen \u201cOPINIONE\u201d nuk p\u00ebrfaq\u00ebsojn\u00eb domosdoshm\u00ebrisht politik\u00ebn redaksionale t\u00eb \u201eLajmeve nga Ulqini\u201e<\/strong><\/p>\n","protected":false},"excerpt":{"rendered":"<p>\u201c.. UN\u00cb\u00a0 JAM \u00a0NANA \u00a0E \u00a0VAKIVE..\u201d\u00a0 &#8211;\u00a0 Adelina&#8230;?!! (He more edhe juve nuk po iu mbushin syrin&#8230;)?!! Sa p\u00ebr lajmin rreth prezantimit t\u00eb\u00a0 aktiviteteve \u00a0kulturore qe do t\u00eb\u00a0 zhvillohen gjat\u00eb muajit shtator 2016, sipas Kryetarit t\u00eb\u00a0 Komun\u00ebs s\u00eb Ulqinit Nazif Cungu, \u201d me q\u00ebllim t\u00eb zgjatjes s\u00eb sezonin turistik &#8230;, p\u00ebr mes \u201corganizat\u00ebs turistike dhe [&hellip;]<\/p>\n","protected":false},"author":1,"featured_media":0,"comment_status":"closed","ping_status":"closed","sticky":false,"template":"","format":"standard","meta":{"spay_email":"","jetpack_publicize_message":"","jetpack_is_tweetstorm":false,"jetpack_publicize_feature_enabled":true},"categories":[14249],"tags":[],"jetpack_publicize_connections":[],"yoast_head":"<!-- This site is optimized with the Yoast SEO plugin v19.1 - https:\/\/yoast.com\/wordpress\/plugins\/seo\/ -->\n<title>Nika: Komenti (ii) i nj\u00eb fotografie....?! \u201c - Lajme nga Ulqini<\/title>\n<meta name=\"description\" content=\"\u201c.. UN\u00cb\u00a0 JAM \u00a0NANA \u00a0E \u00a0VAKIVE..\u201d\u00a0 -\u00a0 Adelina...?!! (He more edhe juve nuk po iu mbushin syrin...)?!! Sa p\u00ebr lajmin rreth prezantimit t\u00eb\u00a0 aktiviteteve\" \/>\n<meta name=\"robots\" content=\"index, follow, max-snippet:-1, max-image-preview:large, max-video-preview:-1\" \/>\n<link rel=\"canonical\" href=\"https:\/\/www.visit-ulcinj.com\/blog\/2016\/08\/25\/nika-komenti-ii-nje-fotografie\/\" \/>\n<meta property=\"og:locale\" content=\"en_US\" \/>\n<meta property=\"og:type\" content=\"article\" \/>\n<meta property=\"og:title\" content=\"Nika: Komenti (ii) i nj\u00eb fotografie....?! \u201c - Lajme nga Ulqini\" \/>\n<meta property=\"og:description\" content=\"\u201c.. UN\u00cb\u00a0 JAM \u00a0NANA \u00a0E \u00a0VAKIVE..\u201d\u00a0 -\u00a0 Adelina...?!! (He more edhe juve nuk po iu mbushin syrin...)?!! Sa p\u00ebr lajmin rreth prezantimit t\u00eb\u00a0 aktiviteteve\" \/>\n<meta property=\"og:url\" content=\"https:\/\/www.visit-ulcinj.com\/blog\/2016\/08\/25\/nika-komenti-ii-nje-fotografie\/\" \/>\n<meta property=\"og:site_name\" content=\"Lajme nga Ulqini\" \/>\n<meta property=\"article:published_time\" content=\"2016-08-25T07:00:12+00:00\" \/>\n<meta property=\"og:image\" content=\"http:\/\/www.visit-ulcinj.com\/blog\/wp-content\/uploads\/2016\/08\/NAZIF-CUNGU-PREZANTIMI-I-AKTIVITETEVE-SHTATOR-2016.jpg\" \/>\n<meta name=\"twitter:label1\" content=\"Written by\" \/>\n\t<meta name=\"twitter:data1\" content=\"ulqini\" \/>\n\t<meta name=\"twitter:label2\" content=\"Est. reading time\" \/>\n\t<meta name=\"twitter:data2\" content=\"6 minutes\" \/>\n<script type=\"application\/ld+json\" class=\"yoast-schema-graph\">{\"@context\":\"https:\/\/schema.org\",\"@graph\":[{\"@type\":\"WebSite\",\"@id\":\"https:\/\/www.visit-ulcinj.com\/blog\/#website\",\"url\":\"https:\/\/www.visit-ulcinj.com\/blog\/\",\"name\":\"Lajme nga Ulqini\",\"description\":\"Lajme,Vijesti,Ulqini,Ulqin,Crna Gora,Mali i Zi\",\"potentialAction\":[{\"@type\":\"SearchAction\",\"target\":{\"@type\":\"EntryPoint\",\"urlTemplate\":\"https:\/\/www.visit-ulcinj.com\/blog\/?s={search_term_string}\"},\"query-input\":\"required name=search_term_string\"}],\"inLanguage\":\"en-US\"},{\"@type\":\"ImageObject\",\"inLanguage\":\"en-US\",\"@id\":\"https:\/\/www.visit-ulcinj.com\/blog\/2016\/08\/25\/nika-komenti-ii-nje-fotografie\/#primaryimage\",\"url\":\"https:\/\/www.visit-ulcinj.com\/blog\/wp-content\/uploads\/2016\/08\/NAZIF-CUNGU-PREZANTIMI-I-AKTIVITETEVE-SHTATOR-2016.jpg\",\"contentUrl\":\"https:\/\/www.visit-ulcinj.com\/blog\/wp-content\/uploads\/2016\/08\/NAZIF-CUNGU-PREZANTIMI-I-AKTIVITETEVE-SHTATOR-2016.jpg\",\"width\":933,\"height\":618},{\"@type\":\"WebPage\",\"@id\":\"https:\/\/www.visit-ulcinj.com\/blog\/2016\/08\/25\/nika-komenti-ii-nje-fotografie\/#webpage\",\"url\":\"https:\/\/www.visit-ulcinj.com\/blog\/2016\/08\/25\/nika-komenti-ii-nje-fotografie\/\",\"name\":\"Nika: Komenti (ii) i nj\u00eb fotografie....?! \u201c - Lajme nga Ulqini\",\"isPartOf\":{\"@id\":\"https:\/\/www.visit-ulcinj.com\/blog\/#website\"},\"primaryImageOfPage\":{\"@id\":\"https:\/\/www.visit-ulcinj.com\/blog\/2016\/08\/25\/nika-komenti-ii-nje-fotografie\/#primaryimage\"},\"datePublished\":\"2016-08-25T07:00:12+00:00\",\"dateModified\":\"2016-08-25T07:00:12+00:00\",\"author\":{\"@id\":\"https:\/\/www.visit-ulcinj.com\/blog\/#\/schema\/person\/dcab619c614d3038751c63bc2aadc06d\"},\"description\":\"\u201c.. UN\u00cb\u00a0 JAM \u00a0NANA \u00a0E \u00a0VAKIVE..\u201d\u00a0 -\u00a0 Adelina...?!! (He more edhe juve nuk po iu mbushin syrin...)?!! Sa p\u00ebr lajmin rreth prezantimit t\u00eb\u00a0 aktiviteteve\",\"breadcrumb\":{\"@id\":\"https:\/\/www.visit-ulcinj.com\/blog\/2016\/08\/25\/nika-komenti-ii-nje-fotografie\/#breadcrumb\"},\"inLanguage\":\"en-US\",\"potentialAction\":[{\"@type\":\"ReadAction\",\"target\":[\"https:\/\/www.visit-ulcinj.com\/blog\/2016\/08\/25\/nika-komenti-ii-nje-fotografie\/\"]}]},{\"@type\":\"BreadcrumbList\",\"@id\":\"https:\/\/www.visit-ulcinj.com\/blog\/2016\/08\/25\/nika-komenti-ii-nje-fotografie\/#breadcrumb\",\"itemListElement\":[{\"@type\":\"ListItem\",\"position\":1,\"name\":\"Nika: Komenti (ii) i nj\u00eb fotografie&#8230;.?! \u201c\"}]},{\"@type\":\"Person\",\"@id\":\"https:\/\/www.visit-ulcinj.com\/blog\/#\/schema\/person\/dcab619c614d3038751c63bc2aadc06d\",\"name\":\"ulqini\",\"sameAs\":[\"http:\/\/www.visit-ulcinj.com\"],\"url\":\"https:\/\/www.visit-ulcinj.com\/blog\/author\/admin\/\"}]}<\/script>\n<!-- \/ Yoast SEO plugin. -->","yoast_head_json":{"title":"Nika: Komenti (ii) i nj\u00eb fotografie....?! \u201c - Lajme nga Ulqini","description":"\u201c.. UN\u00cb\u00a0 JAM \u00a0NANA \u00a0E \u00a0VAKIVE..\u201d\u00a0 -\u00a0 Adelina...?!! (He more edhe juve nuk po iu mbushin syrin...)?!! Sa p\u00ebr lajmin rreth prezantimit t\u00eb\u00a0 aktiviteteve","robots":{"index":"index","follow":"follow","max-snippet":"max-snippet:-1","max-image-preview":"max-image-preview:large","max-video-preview":"max-video-preview:-1"},"canonical":"https:\/\/www.visit-ulcinj.com\/blog\/2016\/08\/25\/nika-komenti-ii-nje-fotografie\/","og_locale":"en_US","og_type":"article","og_title":"Nika: Komenti (ii) i nj\u00eb fotografie....?! \u201c - Lajme nga Ulqini","og_description":"\u201c.. UN\u00cb\u00a0 JAM \u00a0NANA \u00a0E \u00a0VAKIVE..\u201d\u00a0 -\u00a0 Adelina...?!! (He more edhe juve nuk po iu mbushin syrin...)?!! Sa p\u00ebr lajmin rreth prezantimit t\u00eb\u00a0 aktiviteteve","og_url":"https:\/\/www.visit-ulcinj.com\/blog\/2016\/08\/25\/nika-komenti-ii-nje-fotografie\/","og_site_name":"Lajme nga Ulqini","article_published_time":"2016-08-25T07:00:12+00:00","og_image":[{"url":"http:\/\/www.visit-ulcinj.com\/blog\/wp-content\/uploads\/2016\/08\/NAZIF-CUNGU-PREZANTIMI-I-AKTIVITETEVE-SHTATOR-2016.jpg"}],"twitter_misc":{"Written by":"ulqini","Est. reading time":"6 minutes"},"schema":{"@context":"https:\/\/schema.org","@graph":[{"@type":"WebSite","@id":"https:\/\/www.visit-ulcinj.com\/blog\/#website","url":"https:\/\/www.visit-ulcinj.com\/blog\/","name":"Lajme nga Ulqini","description":"Lajme,Vijesti,Ulqini,Ulqin,Crna Gora,Mali i Zi","potentialAction":[{"@type":"SearchAction","target":{"@type":"EntryPoint","urlTemplate":"https:\/\/www.visit-ulcinj.com\/blog\/?s={search_term_string}"},"query-input":"required name=search_term_string"}],"inLanguage":"en-US"},{"@type":"ImageObject","inLanguage":"en-US","@id":"https:\/\/www.visit-ulcinj.com\/blog\/2016\/08\/25\/nika-komenti-ii-nje-fotografie\/#primaryimage","url":"https:\/\/www.visit-ulcinj.com\/blog\/wp-content\/uploads\/2016\/08\/NAZIF-CUNGU-PREZANTIMI-I-AKTIVITETEVE-SHTATOR-2016.jpg","contentUrl":"https:\/\/www.visit-ulcinj.com\/blog\/wp-content\/uploads\/2016\/08\/NAZIF-CUNGU-PREZANTIMI-I-AKTIVITETEVE-SHTATOR-2016.jpg","width":933,"height":618},{"@type":"WebPage","@id":"https:\/\/www.visit-ulcinj.com\/blog\/2016\/08\/25\/nika-komenti-ii-nje-fotografie\/#webpage","url":"https:\/\/www.visit-ulcinj.com\/blog\/2016\/08\/25\/nika-komenti-ii-nje-fotografie\/","name":"Nika: Komenti (ii) i nj\u00eb fotografie....?! \u201c - Lajme nga Ulqini","isPartOf":{"@id":"https:\/\/www.visit-ulcinj.com\/blog\/#website"},"primaryImageOfPage":{"@id":"https:\/\/www.visit-ulcinj.com\/blog\/2016\/08\/25\/nika-komenti-ii-nje-fotografie\/#primaryimage"},"datePublished":"2016-08-25T07:00:12+00:00","dateModified":"2016-08-25T07:00:12+00:00","author":{"@id":"https:\/\/www.visit-ulcinj.com\/blog\/#\/schema\/person\/dcab619c614d3038751c63bc2aadc06d"},"description":"\u201c.. UN\u00cb\u00a0 JAM \u00a0NANA \u00a0E \u00a0VAKIVE..\u201d\u00a0 -\u00a0 Adelina...?!! (He more edhe juve nuk po iu mbushin syrin...)?!! Sa p\u00ebr lajmin rreth prezantimit t\u00eb\u00a0 aktiviteteve","breadcrumb":{"@id":"https:\/\/www.visit-ulcinj.com\/blog\/2016\/08\/25\/nika-komenti-ii-nje-fotografie\/#breadcrumb"},"inLanguage":"en-US","potentialAction":[{"@type":"ReadAction","target":["https:\/\/www.visit-ulcinj.com\/blog\/2016\/08\/25\/nika-komenti-ii-nje-fotografie\/"]}]},{"@type":"BreadcrumbList","@id":"https:\/\/www.visit-ulcinj.com\/blog\/2016\/08\/25\/nika-komenti-ii-nje-fotografie\/#breadcrumb","itemListElement":[{"@type":"ListItem","position":1,"name":"Nika: Komenti (ii) i nj\u00eb fotografie&#8230;.?! \u201c"}]},{"@type":"Person","@id":"https:\/\/www.visit-ulcinj.com\/blog\/#\/schema\/person\/dcab619c614d3038751c63bc2aadc06d","name":"ulqini","sameAs":["http:\/\/www.visit-ulcinj.com"],"url":"https:\/\/www.visit-ulcinj.com\/blog\/author\/admin\/"}]}},"jetpack_featured_media_url":"","jetpack_sharing_enabled":true,"jetpack_shortlink":"https:\/\/wp.me\/pe6lTn-pO3","_links":{"self":[{"href":"https:\/\/www.visit-ulcinj.com\/blog\/wp-json\/wp\/v2\/posts\/99203"}],"collection":[{"href":"https:\/\/www.visit-ulcinj.com\/blog\/wp-json\/wp\/v2\/posts"}],"about":[{"href":"https:\/\/www.visit-ulcinj.com\/blog\/wp-json\/wp\/v2\/types\/post"}],"author":[{"embeddable":true,"href":"https:\/\/www.visit-ulcinj.com\/blog\/wp-json\/wp\/v2\/users\/1"}],"replies":[{"embeddable":true,"href":"https:\/\/www.visit-ulcinj.com\/blog\/wp-json\/wp\/v2\/comments?post=99203"}],"version-history":[{"count":1,"href":"https:\/\/www.visit-ulcinj.com\/blog\/wp-json\/wp\/v2\/posts\/99203\/revisions"}],"predecessor-version":[{"id":99204,"href":"https:\/\/www.visit-ulcinj.com\/blog\/wp-json\/wp\/v2\/posts\/99203\/revisions\/99204"}],"wp:attachment":[{"href":"https:\/\/www.visit-ulcinj.com\/blog\/wp-json\/wp\/v2\/media?parent=99203"}],"wp:term":[{"taxonomy":"category","embeddable":true,"href":"https:\/\/www.visit-ulcinj.com\/blog\/wp-json\/wp\/v2\/categories?post=99203"},{"taxonomy":"post_tag","embeddable":true,"href":"https:\/\/www.visit-ulcinj.com\/blog\/wp-json\/wp\/v2\/tags?post=99203"}],"curies":[{"name":"wp","href":"https:\/\/api.w.org\/{rel}","templated":true}]}}