{"id":99211,"date":"2016-08-25T08:31:02","date_gmt":"2016-08-25T07:31:02","guid":{"rendered":"http:\/\/www.visit-ulcinj.com\/blog\/?p=99211"},"modified":"2016-08-25T08:31:02","modified_gmt":"2016-08-25T07:31:02","slug":"sutki-malohodzic-rastin-e-perurimit-te-librit-te-autorit-ismet-karamanaga","status":"publish","type":"post","link":"https:\/\/www.visit-ulcinj.com\/blog\/2016\/08\/25\/sutki-malohodzic-rastin-e-perurimit-te-librit-te-autorit-ismet-karamanaga\/","title":{"rendered":"Sutki Malohodzi\u0107: Me rastin e p\u00ebrurimit t\u00eb librit t\u00eb autorit Ismet Karamanaga"},"content":{"rendered":"<p><a href=\"http:\/\/www.visit-ulcinj.com\/blog\/wp-content\/uploads\/2016\/08\/ismet-karamanaga.jpg\"><img loading=\"lazy\" class=\"alignleft wp-image-99212\" src=\"http:\/\/www.visit-ulcinj.com\/blog\/wp-content\/uploads\/2016\/08\/ismet-karamanaga.jpg\" alt=\"ismet-karamanaga\" width=\"508\" height=\"677\" srcset=\"https:\/\/www.visit-ulcinj.com\/blog\/wp-content\/uploads\/2016\/08\/ismet-karamanaga.jpg 720w, https:\/\/www.visit-ulcinj.com\/blog\/wp-content\/uploads\/2016\/08\/ismet-karamanaga-225x300.jpg 225w\" sizes=\"(max-width: 508px) 100vw, 508px\" \/><\/a>N\u00eb Kala qe kemi ardh<br \/>\nna ka pru zemra e bardh,<br \/>\nun\u00eb si miku i \u00e7yshkur\u00eb<br \/>\ni du bejtet si n\u00eb furr\u00eb.<\/p>\n<div class=\"text_exposed_show\">\n<p>Edhe pse t&#8217;kam mik kaher\u00eb<br \/>\nshpesh her\u00eb k\u00ebtu takohemi n&#8217;ver\u00eb,<br \/>\nsonte un\u00eb me fol nuk du<br \/>\npar disa rreshta i kam saju.<\/p>\n<p>Tesh sa dit\u00eb edhe sa net\u00eb<br \/>\nn&#8217;lib\u00ebr tan&#8217;e men&#8217;t i kam,<br \/>\nme shoqnin\u00eb ton\u00eb q\u00eb gjasht\u00ebdhjet\u00eb vjet<br \/>\ndisa fjal\u00eb pa du me t&#8217;than\u00eb.<\/p>\n<p>K\u00ebtu ke Sheshi i Servetit<br \/>\nbajm\u00eb p\u00ebrurimin e librit t&#8217;ismetit,<br \/>\nn\u00eb Kala u njit mileti<br \/>\np\u00ebr me ndigju \u00e7ka ka shkru Ismeti.<\/p>\n<p>Njikta Zonja edhe Zatni<br \/>\npa t&#8217;nderojn\u00eb sonte pa mas\u00eb,<br \/>\npar ishalla n&#8217;njikyt vend<br \/>\nme kyt rast prep kena mu has\u00eb.<\/p>\n<p>Sa p\u00ebr goj\u00eb edhe kalem<br \/>\nshpesh ti je si melhem,<br \/>\ntuj jetu k\u00ebtu n\u00eb Kala<br \/>\ns&#8217;met\u00ebn gja ti pa e pa.<\/p>\n<p>Shum\u00eb t\u00eb mpeft\u00eb e ke kalemin<br \/>\ndora jote pa pushu,<br \/>\nme kyt pun\u00eb e ban nijetin<br \/>\nshum\u00eb gjana je tuj na kujtu.<\/p>\n<p>Kyt dhunti e ke prej Zotit<br \/>\nPerendija ta ka \u00e7u,<br \/>\nrrall kush kyt prirje e ka<br \/>\nse me shkru ka pak mana.<\/p>\n<p>Un\u00eb me ty s&#8217;du me ba gara<br \/>\nse e di q\u00eb mes pa arra,<br \/>\ne k\u00ebshtu e kam ba n&#8217;jet\u00eb<br \/>\narrat un\u00eb mij hang\u00ebr vet.<\/p>\n<p>T&#8217;ka shku mar puna me shkrime<br \/>\nn\u00eb Ulqin shokun se ke,<br \/>\nnuk pa du ma mij tepru<br \/>\nderi k\u00ebtu e kam mendu.<\/p>\n<p>P\u00ebr kyt ftes\u00eb ta di p\u00ebr nder\u00eb<br \/>\nse nuk isht hera e par\u00eb,<br \/>\npara nesh isht mbledh grania<br \/>\nty ishalla t&#8217;bekan Perendija.<\/p>\n<p>__________________<br \/>\nMe rastin e p\u00ebrurimit t\u00eb librit t\u00eb autorit Ismet Karamanaga: &#8220;Ulqini-monumente, portrete, ngjarje&#8221;, organizuar ne kala n\u00eb kuad\u00ebr t\u00eb Sken\u00ebs verore, m\u00eb 24 gusht 2016<\/p>\n<\/div>\n","protected":false},"excerpt":{"rendered":"<p>N\u00eb Kala qe kemi ardh na ka pru zemra e bardh, un\u00eb si miku i \u00e7yshkur\u00eb i du bejtet si n\u00eb furr\u00eb. Edhe pse t&#8217;kam mik kaher\u00eb shpesh her\u00eb k\u00ebtu takohemi n&#8217;ver\u00eb, sonte un\u00eb me fol nuk du par disa rreshta i kam saju. Tesh sa dit\u00eb edhe sa net\u00eb n&#8217;lib\u00ebr tan&#8217;e men&#8217;t i kam, [&hellip;]<\/p>\n","protected":false},"author":1,"featured_media":0,"comment_status":"closed","ping_status":"closed","sticky":false,"template":"","format":"standard","meta":{"spay_email":"","jetpack_publicize_message":"","jetpack_is_tweetstorm":false,"jetpack_publicize_feature_enabled":true},"categories":[4],"tags":[],"jetpack_publicize_connections":[],"yoast_head":"<!-- This site is optimized with the Yoast SEO plugin v19.1 - https:\/\/yoast.com\/wordpress\/plugins\/seo\/ -->\n<title>Sutki Malohodzi\u0107: Me rastin e p\u00ebrurimit t\u00eb librit t\u00eb autorit Ismet Karamanaga - Lajme nga Ulqini<\/title>\n<meta name=\"description\" content=\"N\u00eb Kala qe kemi ardh na ka pru zemra e bardh, un\u00eb si miku i \u00e7yshkur\u00eb i du bejtet si n\u00eb furr\u00eb. Edhe pse t&#039;kam mik kaher\u00eb shpesh her\u00eb k\u00ebtu takohemi n&#039;ver\u00eb,\" \/>\n<meta name=\"robots\" content=\"index, follow, max-snippet:-1, max-image-preview:large, max-video-preview:-1\" \/>\n<link rel=\"canonical\" href=\"https:\/\/www.visit-ulcinj.com\/blog\/2016\/08\/25\/sutki-malohodzic-rastin-e-perurimit-te-librit-te-autorit-ismet-karamanaga\/\" \/>\n<meta property=\"og:locale\" content=\"en_US\" \/>\n<meta property=\"og:type\" content=\"article\" \/>\n<meta property=\"og:title\" content=\"Sutki Malohodzi\u0107: Me rastin e p\u00ebrurimit t\u00eb librit t\u00eb autorit Ismet Karamanaga - Lajme nga Ulqini\" \/>\n<meta property=\"og:description\" content=\"N\u00eb Kala qe kemi ardh na ka pru zemra e bardh, un\u00eb si miku i \u00e7yshkur\u00eb i du bejtet si n\u00eb furr\u00eb. Edhe pse t&#039;kam mik kaher\u00eb shpesh her\u00eb k\u00ebtu takohemi n&#039;ver\u00eb,\" \/>\n<meta property=\"og:url\" content=\"https:\/\/www.visit-ulcinj.com\/blog\/2016\/08\/25\/sutki-malohodzic-rastin-e-perurimit-te-librit-te-autorit-ismet-karamanaga\/\" \/>\n<meta property=\"og:site_name\" content=\"Lajme nga Ulqini\" \/>\n<meta property=\"article:published_time\" content=\"2016-08-25T07:31:02+00:00\" \/>\n<meta property=\"og:image\" content=\"http:\/\/www.visit-ulcinj.com\/blog\/wp-content\/uploads\/2016\/08\/ismet-karamanaga.jpg\" \/>\n<meta name=\"twitter:label1\" content=\"Written by\" \/>\n\t<meta name=\"twitter:data1\" content=\"ulqini\" \/>\n\t<meta name=\"twitter:label2\" content=\"Est. reading time\" \/>\n\t<meta name=\"twitter:data2\" content=\"1 minute\" \/>\n<script type=\"application\/ld+json\" class=\"yoast-schema-graph\">{\"@context\":\"https:\/\/schema.org\",\"@graph\":[{\"@type\":\"WebSite\",\"@id\":\"https:\/\/www.visit-ulcinj.com\/blog\/#website\",\"url\":\"https:\/\/www.visit-ulcinj.com\/blog\/\",\"name\":\"Lajme nga Ulqini\",\"description\":\"Lajme,Vijesti,Ulqini,Ulqin,Crna Gora,Mali i Zi\",\"potentialAction\":[{\"@type\":\"SearchAction\",\"target\":{\"@type\":\"EntryPoint\",\"urlTemplate\":\"https:\/\/www.visit-ulcinj.com\/blog\/?s={search_term_string}\"},\"query-input\":\"required name=search_term_string\"}],\"inLanguage\":\"en-US\"},{\"@type\":\"ImageObject\",\"inLanguage\":\"en-US\",\"@id\":\"https:\/\/www.visit-ulcinj.com\/blog\/2016\/08\/25\/sutki-malohodzic-rastin-e-perurimit-te-librit-te-autorit-ismet-karamanaga\/#primaryimage\",\"url\":\"https:\/\/www.visit-ulcinj.com\/blog\/wp-content\/uploads\/2016\/08\/ismet-karamanaga.jpg\",\"contentUrl\":\"https:\/\/www.visit-ulcinj.com\/blog\/wp-content\/uploads\/2016\/08\/ismet-karamanaga.jpg\",\"width\":720,\"height\":960},{\"@type\":\"WebPage\",\"@id\":\"https:\/\/www.visit-ulcinj.com\/blog\/2016\/08\/25\/sutki-malohodzic-rastin-e-perurimit-te-librit-te-autorit-ismet-karamanaga\/#webpage\",\"url\":\"https:\/\/www.visit-ulcinj.com\/blog\/2016\/08\/25\/sutki-malohodzic-rastin-e-perurimit-te-librit-te-autorit-ismet-karamanaga\/\",\"name\":\"Sutki Malohodzi\u0107: Me rastin e p\u00ebrurimit t\u00eb librit t\u00eb autorit Ismet Karamanaga - Lajme nga Ulqini\",\"isPartOf\":{\"@id\":\"https:\/\/www.visit-ulcinj.com\/blog\/#website\"},\"primaryImageOfPage\":{\"@id\":\"https:\/\/www.visit-ulcinj.com\/blog\/2016\/08\/25\/sutki-malohodzic-rastin-e-perurimit-te-librit-te-autorit-ismet-karamanaga\/#primaryimage\"},\"datePublished\":\"2016-08-25T07:31:02+00:00\",\"dateModified\":\"2016-08-25T07:31:02+00:00\",\"author\":{\"@id\":\"https:\/\/www.visit-ulcinj.com\/blog\/#\/schema\/person\/dcab619c614d3038751c63bc2aadc06d\"},\"description\":\"N\u00eb Kala qe kemi ardh na ka pru zemra e bardh, un\u00eb si miku i \u00e7yshkur\u00eb i du bejtet si n\u00eb furr\u00eb. Edhe pse t'kam mik kaher\u00eb shpesh her\u00eb k\u00ebtu takohemi n'ver\u00eb,\",\"breadcrumb\":{\"@id\":\"https:\/\/www.visit-ulcinj.com\/blog\/2016\/08\/25\/sutki-malohodzic-rastin-e-perurimit-te-librit-te-autorit-ismet-karamanaga\/#breadcrumb\"},\"inLanguage\":\"en-US\",\"potentialAction\":[{\"@type\":\"ReadAction\",\"target\":[\"https:\/\/www.visit-ulcinj.com\/blog\/2016\/08\/25\/sutki-malohodzic-rastin-e-perurimit-te-librit-te-autorit-ismet-karamanaga\/\"]}]},{\"@type\":\"BreadcrumbList\",\"@id\":\"https:\/\/www.visit-ulcinj.com\/blog\/2016\/08\/25\/sutki-malohodzic-rastin-e-perurimit-te-librit-te-autorit-ismet-karamanaga\/#breadcrumb\",\"itemListElement\":[{\"@type\":\"ListItem\",\"position\":1,\"name\":\"Sutki Malohodzi\u0107: Me rastin e p\u00ebrurimit t\u00eb librit t\u00eb autorit Ismet Karamanaga\"}]},{\"@type\":\"Person\",\"@id\":\"https:\/\/www.visit-ulcinj.com\/blog\/#\/schema\/person\/dcab619c614d3038751c63bc2aadc06d\",\"name\":\"ulqini\",\"sameAs\":[\"http:\/\/www.visit-ulcinj.com\"],\"url\":\"https:\/\/www.visit-ulcinj.com\/blog\/author\/admin\/\"}]}<\/script>\n<!-- \/ Yoast SEO plugin. -->","yoast_head_json":{"title":"Sutki Malohodzi\u0107: Me rastin e p\u00ebrurimit t\u00eb librit t\u00eb autorit Ismet Karamanaga - Lajme nga Ulqini","description":"N\u00eb Kala qe kemi ardh na ka pru zemra e bardh, un\u00eb si miku i \u00e7yshkur\u00eb i du bejtet si n\u00eb furr\u00eb. Edhe pse t'kam mik kaher\u00eb shpesh her\u00eb k\u00ebtu takohemi n'ver\u00eb,","robots":{"index":"index","follow":"follow","max-snippet":"max-snippet:-1","max-image-preview":"max-image-preview:large","max-video-preview":"max-video-preview:-1"},"canonical":"https:\/\/www.visit-ulcinj.com\/blog\/2016\/08\/25\/sutki-malohodzic-rastin-e-perurimit-te-librit-te-autorit-ismet-karamanaga\/","og_locale":"en_US","og_type":"article","og_title":"Sutki Malohodzi\u0107: Me rastin e p\u00ebrurimit t\u00eb librit t\u00eb autorit Ismet Karamanaga - Lajme nga Ulqini","og_description":"N\u00eb Kala qe kemi ardh na ka pru zemra e bardh, un\u00eb si miku i \u00e7yshkur\u00eb i du bejtet si n\u00eb furr\u00eb. Edhe pse t'kam mik kaher\u00eb shpesh her\u00eb k\u00ebtu takohemi n'ver\u00eb,","og_url":"https:\/\/www.visit-ulcinj.com\/blog\/2016\/08\/25\/sutki-malohodzic-rastin-e-perurimit-te-librit-te-autorit-ismet-karamanaga\/","og_site_name":"Lajme nga Ulqini","article_published_time":"2016-08-25T07:31:02+00:00","og_image":[{"url":"http:\/\/www.visit-ulcinj.com\/blog\/wp-content\/uploads\/2016\/08\/ismet-karamanaga.jpg"}],"twitter_misc":{"Written by":"ulqini","Est. reading time":"1 minute"},"schema":{"@context":"https:\/\/schema.org","@graph":[{"@type":"WebSite","@id":"https:\/\/www.visit-ulcinj.com\/blog\/#website","url":"https:\/\/www.visit-ulcinj.com\/blog\/","name":"Lajme nga Ulqini","description":"Lajme,Vijesti,Ulqini,Ulqin,Crna Gora,Mali i Zi","potentialAction":[{"@type":"SearchAction","target":{"@type":"EntryPoint","urlTemplate":"https:\/\/www.visit-ulcinj.com\/blog\/?s={search_term_string}"},"query-input":"required name=search_term_string"}],"inLanguage":"en-US"},{"@type":"ImageObject","inLanguage":"en-US","@id":"https:\/\/www.visit-ulcinj.com\/blog\/2016\/08\/25\/sutki-malohodzic-rastin-e-perurimit-te-librit-te-autorit-ismet-karamanaga\/#primaryimage","url":"https:\/\/www.visit-ulcinj.com\/blog\/wp-content\/uploads\/2016\/08\/ismet-karamanaga.jpg","contentUrl":"https:\/\/www.visit-ulcinj.com\/blog\/wp-content\/uploads\/2016\/08\/ismet-karamanaga.jpg","width":720,"height":960},{"@type":"WebPage","@id":"https:\/\/www.visit-ulcinj.com\/blog\/2016\/08\/25\/sutki-malohodzic-rastin-e-perurimit-te-librit-te-autorit-ismet-karamanaga\/#webpage","url":"https:\/\/www.visit-ulcinj.com\/blog\/2016\/08\/25\/sutki-malohodzic-rastin-e-perurimit-te-librit-te-autorit-ismet-karamanaga\/","name":"Sutki Malohodzi\u0107: Me rastin e p\u00ebrurimit t\u00eb librit t\u00eb autorit Ismet Karamanaga - Lajme nga Ulqini","isPartOf":{"@id":"https:\/\/www.visit-ulcinj.com\/blog\/#website"},"primaryImageOfPage":{"@id":"https:\/\/www.visit-ulcinj.com\/blog\/2016\/08\/25\/sutki-malohodzic-rastin-e-perurimit-te-librit-te-autorit-ismet-karamanaga\/#primaryimage"},"datePublished":"2016-08-25T07:31:02+00:00","dateModified":"2016-08-25T07:31:02+00:00","author":{"@id":"https:\/\/www.visit-ulcinj.com\/blog\/#\/schema\/person\/dcab619c614d3038751c63bc2aadc06d"},"description":"N\u00eb Kala qe kemi ardh na ka pru zemra e bardh, un\u00eb si miku i \u00e7yshkur\u00eb i du bejtet si n\u00eb furr\u00eb. Edhe pse t'kam mik kaher\u00eb shpesh her\u00eb k\u00ebtu takohemi n'ver\u00eb,","breadcrumb":{"@id":"https:\/\/www.visit-ulcinj.com\/blog\/2016\/08\/25\/sutki-malohodzic-rastin-e-perurimit-te-librit-te-autorit-ismet-karamanaga\/#breadcrumb"},"inLanguage":"en-US","potentialAction":[{"@type":"ReadAction","target":["https:\/\/www.visit-ulcinj.com\/blog\/2016\/08\/25\/sutki-malohodzic-rastin-e-perurimit-te-librit-te-autorit-ismet-karamanaga\/"]}]},{"@type":"BreadcrumbList","@id":"https:\/\/www.visit-ulcinj.com\/blog\/2016\/08\/25\/sutki-malohodzic-rastin-e-perurimit-te-librit-te-autorit-ismet-karamanaga\/#breadcrumb","itemListElement":[{"@type":"ListItem","position":1,"name":"Sutki Malohodzi\u0107: Me rastin e p\u00ebrurimit t\u00eb librit t\u00eb autorit Ismet Karamanaga"}]},{"@type":"Person","@id":"https:\/\/www.visit-ulcinj.com\/blog\/#\/schema\/person\/dcab619c614d3038751c63bc2aadc06d","name":"ulqini","sameAs":["http:\/\/www.visit-ulcinj.com"],"url":"https:\/\/www.visit-ulcinj.com\/blog\/author\/admin\/"}]}},"jetpack_featured_media_url":"","jetpack_sharing_enabled":true,"jetpack_shortlink":"https:\/\/wp.me\/pe6lTn-pOb","_links":{"self":[{"href":"https:\/\/www.visit-ulcinj.com\/blog\/wp-json\/wp\/v2\/posts\/99211"}],"collection":[{"href":"https:\/\/www.visit-ulcinj.com\/blog\/wp-json\/wp\/v2\/posts"}],"about":[{"href":"https:\/\/www.visit-ulcinj.com\/blog\/wp-json\/wp\/v2\/types\/post"}],"author":[{"embeddable":true,"href":"https:\/\/www.visit-ulcinj.com\/blog\/wp-json\/wp\/v2\/users\/1"}],"replies":[{"embeddable":true,"href":"https:\/\/www.visit-ulcinj.com\/blog\/wp-json\/wp\/v2\/comments?post=99211"}],"version-history":[{"count":1,"href":"https:\/\/www.visit-ulcinj.com\/blog\/wp-json\/wp\/v2\/posts\/99211\/revisions"}],"predecessor-version":[{"id":99213,"href":"https:\/\/www.visit-ulcinj.com\/blog\/wp-json\/wp\/v2\/posts\/99211\/revisions\/99213"}],"wp:attachment":[{"href":"https:\/\/www.visit-ulcinj.com\/blog\/wp-json\/wp\/v2\/media?parent=99211"}],"wp:term":[{"taxonomy":"category","embeddable":true,"href":"https:\/\/www.visit-ulcinj.com\/blog\/wp-json\/wp\/v2\/categories?post=99211"},{"taxonomy":"post_tag","embeddable":true,"href":"https:\/\/www.visit-ulcinj.com\/blog\/wp-json\/wp\/v2\/tags?post=99211"}],"curies":[{"name":"wp","href":"https:\/\/api.w.org\/{rel}","templated":true}]}}