{"id":99223,"date":"2016-08-25T19:00:20","date_gmt":"2016-08-25T18:00:20","guid":{"rendered":"http:\/\/www.visit-ulcinj.com\/blog\/?p=99223"},"modified":"2016-08-25T19:00:20","modified_gmt":"2016-08-25T18:00:20","slug":"makina-perfundon-ne-uje-targa-te-ulqinit-tek-marina-e-tivarit","status":"publish","type":"post","link":"https:\/\/www.visit-ulcinj.com\/blog\/2016\/08\/25\/makina-perfundon-ne-uje-targa-te-ulqinit-tek-marina-e-tivarit\/","title":{"rendered":"Makina p\u00ebrfundon n\u00eb uj\u00eb me targa t\u00eb Ulqinit tek Marina e Tivarit"},"content":{"rendered":"<p><a href=\"http:\/\/www.visit-ulcinj.com\/blog\/wp-content\/uploads\/2016\/08\/Makina-p\u00ebrfundon-n\u00eb-uj\u00eb-Marina-Tivarit.jpg\"><img loading=\"lazy\" class=\"alignleft wp-image-99224\" src=\"http:\/\/www.visit-ulcinj.com\/blog\/wp-content\/uploads\/2016\/08\/Makina-p\u00ebrfundon-n\u00eb-uj\u00eb-Marina-Tivarit.jpg\" alt=\"Makina p\u00ebrfundon n\u00eb uj\u00eb -Marina Tivarit\" width=\"508\" height=\"381\" srcset=\"https:\/\/www.visit-ulcinj.com\/blog\/wp-content\/uploads\/2016\/08\/Makina-p\u00ebrfundon-n\u00eb-uj\u00eb-Marina-Tivarit.jpg 1200w, https:\/\/www.visit-ulcinj.com\/blog\/wp-content\/uploads\/2016\/08\/Makina-p\u00ebrfundon-n\u00eb-uj\u00eb-Marina-Tivarit-300x225.jpg 300w, https:\/\/www.visit-ulcinj.com\/blog\/wp-content\/uploads\/2016\/08\/Makina-p\u00ebrfundon-n\u00eb-uj\u00eb-Marina-Tivarit-768x576.jpg 768w, https:\/\/www.visit-ulcinj.com\/blog\/wp-content\/uploads\/2016\/08\/Makina-p\u00ebrfundon-n\u00eb-uj\u00eb-Marina-Tivarit-1024x768.jpg 1024w\" sizes=\"(max-width: 508px) 100vw, 508px\" \/><\/a>Mos harroni t\u00eb frenoni makin\u00ebn tuaj n\u00eb parkingun e marin\u00ebs n\u00eb Tivar, sepse mund t\u00eb ju ndodh\u00eb kjo nj\u00ebjt\u00eb si me automjetin \u00a0\u201cToyota Jaris\u201d \u00a0me targa t\u00eb Ulqinit, \u00a0shkruan jedro.me.<\/p>\n<p>Poashtu m\u00ebsohet, se tri dit\u00eb m\u00eb par\u00eb n\u00eb k\u00ebt\u00eb marin\u00eb nj\u00ebjt\u00eb ka ndodhur edhe me nj\u00eb kombi t\u00eb nj\u00eb kompanie italiane.<\/p>\n<p>N\u00eb nxjerrjen nga deti t\u00eb k\u00ebtyre automjeteve \u00ebsht\u00eb angazhuar Sh\u00ebrbimi i \u00a0mbrojtjes dhe t\u00eb shp\u00ebtimit t\u00eb Tivarit.<\/p>\n<p>INA<\/p>\n","protected":false},"excerpt":{"rendered":"<p>Mos harroni t\u00eb frenoni makin\u00ebn tuaj n\u00eb parkingun e marin\u00ebs n\u00eb Tivar, sepse mund t\u00eb ju ndodh\u00eb kjo nj\u00ebjt\u00eb si me automjetin \u00a0\u201cToyota Jaris\u201d \u00a0me targa t\u00eb Ulqinit, \u00a0shkruan jedro.me. Poashtu m\u00ebsohet, se tri dit\u00eb m\u00eb par\u00eb n\u00eb k\u00ebt\u00eb marin\u00eb nj\u00ebjt\u00eb ka ndodhur edhe me nj\u00eb kombi t\u00eb nj\u00eb kompanie italiane. N\u00eb nxjerrjen nga deti [&hellip;]<\/p>\n","protected":false},"author":1,"featured_media":0,"comment_status":"closed","ping_status":"closed","sticky":false,"template":"","format":"standard","meta":{"spay_email":"","jetpack_publicize_message":"","jetpack_is_tweetstorm":false,"jetpack_publicize_feature_enabled":true},"categories":[6950],"tags":[],"jetpack_publicize_connections":[],"yoast_head":"<!-- This site is optimized with the Yoast SEO plugin v19.1 - https:\/\/yoast.com\/wordpress\/plugins\/seo\/ -->\n<title>Makina p\u00ebrfundon n\u00eb uj\u00eb me targa t\u00eb Ulqinit tek Marina e Tivarit - Lajme nga Ulqini<\/title>\n<meta name=\"description\" content=\"Mos harroni t\u00eb frenoni makin\u00ebn tuaj n\u00eb parkingun e marin\u00ebs n\u00eb Tivar, sepse mund t\u00eb ju ndodh\u00eb kjo nj\u00ebjt\u00eb si me automjetin \u00a0\u201cToyota Jaris\u201d \u00a0me targa t\u00eb\" \/>\n<meta name=\"robots\" content=\"index, follow, max-snippet:-1, max-image-preview:large, max-video-preview:-1\" \/>\n<link rel=\"canonical\" href=\"https:\/\/www.visit-ulcinj.com\/blog\/2016\/08\/25\/makina-perfundon-ne-uje-targa-te-ulqinit-tek-marina-e-tivarit\/\" \/>\n<meta property=\"og:locale\" content=\"en_US\" \/>\n<meta property=\"og:type\" content=\"article\" \/>\n<meta property=\"og:title\" content=\"Makina p\u00ebrfundon n\u00eb uj\u00eb me targa t\u00eb Ulqinit tek Marina e Tivarit - Lajme nga Ulqini\" \/>\n<meta property=\"og:description\" content=\"Mos harroni t\u00eb frenoni makin\u00ebn tuaj n\u00eb parkingun e marin\u00ebs n\u00eb Tivar, sepse mund t\u00eb ju ndodh\u00eb kjo nj\u00ebjt\u00eb si me automjetin \u00a0\u201cToyota Jaris\u201d \u00a0me targa t\u00eb\" \/>\n<meta property=\"og:url\" content=\"https:\/\/www.visit-ulcinj.com\/blog\/2016\/08\/25\/makina-perfundon-ne-uje-targa-te-ulqinit-tek-marina-e-tivarit\/\" \/>\n<meta property=\"og:site_name\" content=\"Lajme nga Ulqini\" \/>\n<meta property=\"article:published_time\" content=\"2016-08-25T18:00:20+00:00\" \/>\n<meta name=\"twitter:label1\" content=\"Written by\" \/>\n\t<meta name=\"twitter:data1\" content=\"ulqini\" \/>\n<script type=\"application\/ld+json\" class=\"yoast-schema-graph\">{\"@context\":\"https:\/\/schema.org\",\"@graph\":[{\"@type\":\"WebSite\",\"@id\":\"https:\/\/www.visit-ulcinj.com\/blog\/#website\",\"url\":\"https:\/\/www.visit-ulcinj.com\/blog\/\",\"name\":\"Lajme nga Ulqini\",\"description\":\"Lajme,Vijesti,Ulqini,Ulqin,Crna Gora,Mali i Zi\",\"potentialAction\":[{\"@type\":\"SearchAction\",\"target\":{\"@type\":\"EntryPoint\",\"urlTemplate\":\"https:\/\/www.visit-ulcinj.com\/blog\/?s={search_term_string}\"},\"query-input\":\"required name=search_term_string\"}],\"inLanguage\":\"en-US\"},{\"@type\":\"WebPage\",\"@id\":\"https:\/\/www.visit-ulcinj.com\/blog\/2016\/08\/25\/makina-perfundon-ne-uje-targa-te-ulqinit-tek-marina-e-tivarit\/#webpage\",\"url\":\"https:\/\/www.visit-ulcinj.com\/blog\/2016\/08\/25\/makina-perfundon-ne-uje-targa-te-ulqinit-tek-marina-e-tivarit\/\",\"name\":\"Makina p\u00ebrfundon n\u00eb uj\u00eb me targa t\u00eb Ulqinit tek Marina e Tivarit - Lajme nga Ulqini\",\"isPartOf\":{\"@id\":\"https:\/\/www.visit-ulcinj.com\/blog\/#website\"},\"datePublished\":\"2016-08-25T18:00:20+00:00\",\"dateModified\":\"2016-08-25T18:00:20+00:00\",\"author\":{\"@id\":\"https:\/\/www.visit-ulcinj.com\/blog\/#\/schema\/person\/dcab619c614d3038751c63bc2aadc06d\"},\"description\":\"Mos harroni t\u00eb frenoni makin\u00ebn tuaj n\u00eb parkingun e marin\u00ebs n\u00eb Tivar, sepse mund t\u00eb ju ndodh\u00eb kjo nj\u00ebjt\u00eb si me automjetin \u00a0\u201cToyota Jaris\u201d \u00a0me targa t\u00eb\",\"breadcrumb\":{\"@id\":\"https:\/\/www.visit-ulcinj.com\/blog\/2016\/08\/25\/makina-perfundon-ne-uje-targa-te-ulqinit-tek-marina-e-tivarit\/#breadcrumb\"},\"inLanguage\":\"en-US\",\"potentialAction\":[{\"@type\":\"ReadAction\",\"target\":[\"https:\/\/www.visit-ulcinj.com\/blog\/2016\/08\/25\/makina-perfundon-ne-uje-targa-te-ulqinit-tek-marina-e-tivarit\/\"]}]},{\"@type\":\"BreadcrumbList\",\"@id\":\"https:\/\/www.visit-ulcinj.com\/blog\/2016\/08\/25\/makina-perfundon-ne-uje-targa-te-ulqinit-tek-marina-e-tivarit\/#breadcrumb\",\"itemListElement\":[{\"@type\":\"ListItem\",\"position\":1,\"name\":\"Makina p\u00ebrfundon n\u00eb uj\u00eb me targa t\u00eb Ulqinit tek Marina e Tivarit\"}]},{\"@type\":\"Person\",\"@id\":\"https:\/\/www.visit-ulcinj.com\/blog\/#\/schema\/person\/dcab619c614d3038751c63bc2aadc06d\",\"name\":\"ulqini\",\"sameAs\":[\"http:\/\/www.visit-ulcinj.com\"],\"url\":\"https:\/\/www.visit-ulcinj.com\/blog\/author\/admin\/\"}]}<\/script>\n<!-- \/ Yoast SEO plugin. -->","yoast_head_json":{"title":"Makina p\u00ebrfundon n\u00eb uj\u00eb me targa t\u00eb Ulqinit tek Marina e Tivarit - Lajme nga Ulqini","description":"Mos harroni t\u00eb frenoni makin\u00ebn tuaj n\u00eb parkingun e marin\u00ebs n\u00eb Tivar, sepse mund t\u00eb ju ndodh\u00eb kjo nj\u00ebjt\u00eb si me automjetin \u00a0\u201cToyota Jaris\u201d \u00a0me targa t\u00eb","robots":{"index":"index","follow":"follow","max-snippet":"max-snippet:-1","max-image-preview":"max-image-preview:large","max-video-preview":"max-video-preview:-1"},"canonical":"https:\/\/www.visit-ulcinj.com\/blog\/2016\/08\/25\/makina-perfundon-ne-uje-targa-te-ulqinit-tek-marina-e-tivarit\/","og_locale":"en_US","og_type":"article","og_title":"Makina p\u00ebrfundon n\u00eb uj\u00eb me targa t\u00eb Ulqinit tek Marina e Tivarit - Lajme nga Ulqini","og_description":"Mos harroni t\u00eb frenoni makin\u00ebn tuaj n\u00eb parkingun e marin\u00ebs n\u00eb Tivar, sepse mund t\u00eb ju ndodh\u00eb kjo nj\u00ebjt\u00eb si me automjetin \u00a0\u201cToyota Jaris\u201d \u00a0me targa t\u00eb","og_url":"https:\/\/www.visit-ulcinj.com\/blog\/2016\/08\/25\/makina-perfundon-ne-uje-targa-te-ulqinit-tek-marina-e-tivarit\/","og_site_name":"Lajme nga Ulqini","article_published_time":"2016-08-25T18:00:20+00:00","twitter_misc":{"Written by":"ulqini"},"schema":{"@context":"https:\/\/schema.org","@graph":[{"@type":"WebSite","@id":"https:\/\/www.visit-ulcinj.com\/blog\/#website","url":"https:\/\/www.visit-ulcinj.com\/blog\/","name":"Lajme nga Ulqini","description":"Lajme,Vijesti,Ulqini,Ulqin,Crna Gora,Mali i Zi","potentialAction":[{"@type":"SearchAction","target":{"@type":"EntryPoint","urlTemplate":"https:\/\/www.visit-ulcinj.com\/blog\/?s={search_term_string}"},"query-input":"required name=search_term_string"}],"inLanguage":"en-US"},{"@type":"WebPage","@id":"https:\/\/www.visit-ulcinj.com\/blog\/2016\/08\/25\/makina-perfundon-ne-uje-targa-te-ulqinit-tek-marina-e-tivarit\/#webpage","url":"https:\/\/www.visit-ulcinj.com\/blog\/2016\/08\/25\/makina-perfundon-ne-uje-targa-te-ulqinit-tek-marina-e-tivarit\/","name":"Makina p\u00ebrfundon n\u00eb uj\u00eb me targa t\u00eb Ulqinit tek Marina e Tivarit - Lajme nga Ulqini","isPartOf":{"@id":"https:\/\/www.visit-ulcinj.com\/blog\/#website"},"datePublished":"2016-08-25T18:00:20+00:00","dateModified":"2016-08-25T18:00:20+00:00","author":{"@id":"https:\/\/www.visit-ulcinj.com\/blog\/#\/schema\/person\/dcab619c614d3038751c63bc2aadc06d"},"description":"Mos harroni t\u00eb frenoni makin\u00ebn tuaj n\u00eb parkingun e marin\u00ebs n\u00eb Tivar, sepse mund t\u00eb ju ndodh\u00eb kjo nj\u00ebjt\u00eb si me automjetin \u00a0\u201cToyota Jaris\u201d \u00a0me targa t\u00eb","breadcrumb":{"@id":"https:\/\/www.visit-ulcinj.com\/blog\/2016\/08\/25\/makina-perfundon-ne-uje-targa-te-ulqinit-tek-marina-e-tivarit\/#breadcrumb"},"inLanguage":"en-US","potentialAction":[{"@type":"ReadAction","target":["https:\/\/www.visit-ulcinj.com\/blog\/2016\/08\/25\/makina-perfundon-ne-uje-targa-te-ulqinit-tek-marina-e-tivarit\/"]}]},{"@type":"BreadcrumbList","@id":"https:\/\/www.visit-ulcinj.com\/blog\/2016\/08\/25\/makina-perfundon-ne-uje-targa-te-ulqinit-tek-marina-e-tivarit\/#breadcrumb","itemListElement":[{"@type":"ListItem","position":1,"name":"Makina p\u00ebrfundon n\u00eb uj\u00eb me targa t\u00eb Ulqinit tek Marina e Tivarit"}]},{"@type":"Person","@id":"https:\/\/www.visit-ulcinj.com\/blog\/#\/schema\/person\/dcab619c614d3038751c63bc2aadc06d","name":"ulqini","sameAs":["http:\/\/www.visit-ulcinj.com"],"url":"https:\/\/www.visit-ulcinj.com\/blog\/author\/admin\/"}]}},"jetpack_featured_media_url":"","jetpack_sharing_enabled":true,"jetpack_shortlink":"https:\/\/wp.me\/pe6lTn-pOn","_links":{"self":[{"href":"https:\/\/www.visit-ulcinj.com\/blog\/wp-json\/wp\/v2\/posts\/99223"}],"collection":[{"href":"https:\/\/www.visit-ulcinj.com\/blog\/wp-json\/wp\/v2\/posts"}],"about":[{"href":"https:\/\/www.visit-ulcinj.com\/blog\/wp-json\/wp\/v2\/types\/post"}],"author":[{"embeddable":true,"href":"https:\/\/www.visit-ulcinj.com\/blog\/wp-json\/wp\/v2\/users\/1"}],"replies":[{"embeddable":true,"href":"https:\/\/www.visit-ulcinj.com\/blog\/wp-json\/wp\/v2\/comments?post=99223"}],"version-history":[{"count":1,"href":"https:\/\/www.visit-ulcinj.com\/blog\/wp-json\/wp\/v2\/posts\/99223\/revisions"}],"predecessor-version":[{"id":99225,"href":"https:\/\/www.visit-ulcinj.com\/blog\/wp-json\/wp\/v2\/posts\/99223\/revisions\/99225"}],"wp:attachment":[{"href":"https:\/\/www.visit-ulcinj.com\/blog\/wp-json\/wp\/v2\/media?parent=99223"}],"wp:term":[{"taxonomy":"category","embeddable":true,"href":"https:\/\/www.visit-ulcinj.com\/blog\/wp-json\/wp\/v2\/categories?post=99223"},{"taxonomy":"post_tag","embeddable":true,"href":"https:\/\/www.visit-ulcinj.com\/blog\/wp-json\/wp\/v2\/tags?post=99223"}],"curies":[{"name":"wp","href":"https:\/\/api.w.org\/{rel}","templated":true}]}}