{"id":99226,"date":"2016-08-25T19:59:47","date_gmt":"2016-08-25T18:59:47","guid":{"rendered":"http:\/\/www.visit-ulcinj.com\/blog\/?p=99226"},"modified":"2016-08-25T20:14:19","modified_gmt":"2016-08-25T19:14:19","slug":"rizaj-ne-ulqin-pushuan-250-000-kosovare","status":"publish","type":"post","link":"https:\/\/www.visit-ulcinj.com\/blog\/2016\/08\/25\/rizaj-ne-ulqin-pushuan-250-000-kosovare\/","title":{"rendered":"Rizaj: N\u00eb Ulqin pushuan 250.000 kosovar\u00eb"},"content":{"rendered":"<h4><a href=\"http:\/\/www.visit-ulcinj.com\/blog\/wp-content\/uploads\/2013\/08\/ulqini-plazha.jpg\"><img loading=\"lazy\" class=\"alignleft wp-image-74025\" src=\"http:\/\/www.visit-ulcinj.com\/blog\/wp-content\/uploads\/2013\/08\/ulqini-plazha.jpg\" alt=\"ulqini-plazha\" width=\"508\" height=\"381\" srcset=\"https:\/\/www.visit-ulcinj.com\/blog\/wp-content\/uploads\/2013\/08\/ulqini-plazha.jpg 500w, https:\/\/www.visit-ulcinj.com\/blog\/wp-content\/uploads\/2013\/08\/ulqini-plazha-300x225.jpg 300w\" sizes=\"(max-width: 508px) 100vw, 508px\" \/><\/a>Drejtori i Lidhjes Turistike t\u00eb Kosov\u00ebs, Shkelzen Rizaj tha p\u00ebr \u201cVijesti\u201d se deri tani n\u00eb Ulqin kan\u00eb shkuar p\u00ebr pushime m\u00eb shum\u00eb se 250 mij\u00eb shtetas t\u00eb Kosov\u00ebs t\u00eb cil\u00ebt realizuan mbi 2,5 milion\u00eb fjetje.<\/h4>\n<p>P\u00ebr kosovar\u00ebt, thot\u00eb Rizaj, \u00ebsht\u00eb e r\u00ebnd\u00ebsishme q\u00eb Mali i Zi dhe Ulqini njihen si destinacione t\u00eb sigurta. Sipas Rizajt, promovimi turistik i Ulqinit n\u00eb Kosov\u00eb \u00ebsht\u00eb i dob\u00ebt, sepse \u201cgjith\u00e7ka p\u00ebrfshihet n\u00eb dy-tre dit\u00eb t\u00eb panairit t\u00eb turizmit n\u00eb Prishtin\u00eb\u201d.<\/p>\n<p>Sipas fjal\u00ebve t\u00eb tij, turist\u00ebt kosovar\u00eb \u201cnuk kan\u00eb ankesa n\u00eb pun\u00ebn e policis\u00eb s\u00eb Ulqinit, por kan\u00eb p\u00ebr ngarkesat n\u00eb komunikacion, parking, pritjet e panevojshme n\u00eb kufi\u201d.<\/p>\n<p>Koha Net<\/p>\n","protected":false},"excerpt":{"rendered":"<p>Drejtori i Lidhjes Turistike t\u00eb Kosov\u00ebs, Shkelzen Rizaj tha p\u00ebr \u201cVijesti\u201d se deri tani n\u00eb Ulqin kan\u00eb shkuar p\u00ebr pushime m\u00eb shum\u00eb se 250 mij\u00eb shtetas t\u00eb Kosov\u00ebs t\u00eb cil\u00ebt realizuan mbi 2,5 milion\u00eb fjetje. P\u00ebr kosovar\u00ebt, thot\u00eb Rizaj, \u00ebsht\u00eb e r\u00ebnd\u00ebsishme q\u00eb Mali i Zi dhe Ulqini njihen si destinacione t\u00eb sigurta. Sipas Rizajt, [&hellip;]<\/p>\n","protected":false},"author":1,"featured_media":0,"comment_status":"closed","ping_status":"closed","sticky":false,"template":"","format":"standard","meta":{"spay_email":"","jetpack_publicize_message":"","jetpack_is_tweetstorm":false,"jetpack_publicize_feature_enabled":true},"categories":[1,15],"tags":[],"jetpack_publicize_connections":[],"yoast_head":"<!-- This site is optimized with the Yoast SEO plugin v19.1 - https:\/\/yoast.com\/wordpress\/plugins\/seo\/ -->\n<title>Rizaj: N\u00eb Ulqin pushuan 250.000 kosovar\u00eb - Lajme nga Ulqini<\/title>\n<meta name=\"description\" content=\"Drejtori i Lidhjes Turistike t\u00eb Kosov\u00ebs, Shkelzen Rizaj tha p\u00ebr \u201cVijesti\u201d se deri tani n\u00eb Ulqin kan\u00eb shkuar p\u00ebr pushime m\u00eb shum\u00eb se 250 mij\u00eb shtetas t\u00eb\" \/>\n<meta name=\"robots\" content=\"index, follow, max-snippet:-1, max-image-preview:large, max-video-preview:-1\" \/>\n<link rel=\"canonical\" href=\"https:\/\/www.visit-ulcinj.com\/blog\/2016\/08\/25\/rizaj-ne-ulqin-pushuan-250-000-kosovare\/\" \/>\n<meta property=\"og:locale\" content=\"en_US\" \/>\n<meta property=\"og:type\" content=\"article\" \/>\n<meta property=\"og:title\" content=\"Rizaj: N\u00eb Ulqin pushuan 250.000 kosovar\u00eb - Lajme nga Ulqini\" \/>\n<meta property=\"og:description\" content=\"Drejtori i Lidhjes Turistike t\u00eb Kosov\u00ebs, Shkelzen Rizaj tha p\u00ebr \u201cVijesti\u201d se deri tani n\u00eb Ulqin kan\u00eb shkuar p\u00ebr pushime m\u00eb shum\u00eb se 250 mij\u00eb shtetas t\u00eb\" \/>\n<meta property=\"og:url\" content=\"https:\/\/www.visit-ulcinj.com\/blog\/2016\/08\/25\/rizaj-ne-ulqin-pushuan-250-000-kosovare\/\" \/>\n<meta property=\"og:site_name\" content=\"Lajme nga Ulqini\" \/>\n<meta property=\"article:published_time\" content=\"2016-08-25T18:59:47+00:00\" \/>\n<meta property=\"article:modified_time\" content=\"2016-08-25T19:14:19+00:00\" \/>\n<meta property=\"og:image\" content=\"http:\/\/www.visit-ulcinj.com\/blog\/wp-content\/uploads\/2013\/08\/ulqini-plazha.jpg\" \/>\n<meta name=\"twitter:label1\" content=\"Written by\" \/>\n\t<meta name=\"twitter:data1\" content=\"ulqini\" \/>\n\t<meta name=\"twitter:label2\" content=\"Est. reading time\" \/>\n\t<meta name=\"twitter:data2\" content=\"1 minute\" \/>\n<script type=\"application\/ld+json\" class=\"yoast-schema-graph\">{\"@context\":\"https:\/\/schema.org\",\"@graph\":[{\"@type\":\"WebSite\",\"@id\":\"https:\/\/www.visit-ulcinj.com\/blog\/#website\",\"url\":\"https:\/\/www.visit-ulcinj.com\/blog\/\",\"name\":\"Lajme nga Ulqini\",\"description\":\"Lajme,Vijesti,Ulqini,Ulqin,Crna Gora,Mali i Zi\",\"potentialAction\":[{\"@type\":\"SearchAction\",\"target\":{\"@type\":\"EntryPoint\",\"urlTemplate\":\"https:\/\/www.visit-ulcinj.com\/blog\/?s={search_term_string}\"},\"query-input\":\"required name=search_term_string\"}],\"inLanguage\":\"en-US\"},{\"@type\":\"ImageObject\",\"inLanguage\":\"en-US\",\"@id\":\"https:\/\/www.visit-ulcinj.com\/blog\/2016\/08\/25\/rizaj-ne-ulqin-pushuan-250-000-kosovare\/#primaryimage\",\"url\":\"https:\/\/www.visit-ulcinj.com\/blog\/wp-content\/uploads\/2013\/08\/ulqini-plazha.jpg\",\"contentUrl\":\"https:\/\/www.visit-ulcinj.com\/blog\/wp-content\/uploads\/2013\/08\/ulqini-plazha.jpg\",\"width\":500,\"height\":375},{\"@type\":\"WebPage\",\"@id\":\"https:\/\/www.visit-ulcinj.com\/blog\/2016\/08\/25\/rizaj-ne-ulqin-pushuan-250-000-kosovare\/#webpage\",\"url\":\"https:\/\/www.visit-ulcinj.com\/blog\/2016\/08\/25\/rizaj-ne-ulqin-pushuan-250-000-kosovare\/\",\"name\":\"Rizaj: N\u00eb Ulqin pushuan 250.000 kosovar\u00eb - Lajme nga Ulqini\",\"isPartOf\":{\"@id\":\"https:\/\/www.visit-ulcinj.com\/blog\/#website\"},\"primaryImageOfPage\":{\"@id\":\"https:\/\/www.visit-ulcinj.com\/blog\/2016\/08\/25\/rizaj-ne-ulqin-pushuan-250-000-kosovare\/#primaryimage\"},\"datePublished\":\"2016-08-25T18:59:47+00:00\",\"dateModified\":\"2016-08-25T19:14:19+00:00\",\"author\":{\"@id\":\"https:\/\/www.visit-ulcinj.com\/blog\/#\/schema\/person\/dcab619c614d3038751c63bc2aadc06d\"},\"description\":\"Drejtori i Lidhjes Turistike t\u00eb Kosov\u00ebs, Shkelzen Rizaj tha p\u00ebr \u201cVijesti\u201d se deri tani n\u00eb Ulqin kan\u00eb shkuar p\u00ebr pushime m\u00eb shum\u00eb se 250 mij\u00eb shtetas t\u00eb\",\"breadcrumb\":{\"@id\":\"https:\/\/www.visit-ulcinj.com\/blog\/2016\/08\/25\/rizaj-ne-ulqin-pushuan-250-000-kosovare\/#breadcrumb\"},\"inLanguage\":\"en-US\",\"potentialAction\":[{\"@type\":\"ReadAction\",\"target\":[\"https:\/\/www.visit-ulcinj.com\/blog\/2016\/08\/25\/rizaj-ne-ulqin-pushuan-250-000-kosovare\/\"]}]},{\"@type\":\"BreadcrumbList\",\"@id\":\"https:\/\/www.visit-ulcinj.com\/blog\/2016\/08\/25\/rizaj-ne-ulqin-pushuan-250-000-kosovare\/#breadcrumb\",\"itemListElement\":[{\"@type\":\"ListItem\",\"position\":1,\"name\":\"Rizaj: N\u00eb Ulqin pushuan 250.000 kosovar\u00eb\"}]},{\"@type\":\"Person\",\"@id\":\"https:\/\/www.visit-ulcinj.com\/blog\/#\/schema\/person\/dcab619c614d3038751c63bc2aadc06d\",\"name\":\"ulqini\",\"sameAs\":[\"http:\/\/www.visit-ulcinj.com\"],\"url\":\"https:\/\/www.visit-ulcinj.com\/blog\/author\/admin\/\"}]}<\/script>\n<!-- \/ Yoast SEO plugin. -->","yoast_head_json":{"title":"Rizaj: N\u00eb Ulqin pushuan 250.000 kosovar\u00eb - Lajme nga Ulqini","description":"Drejtori i Lidhjes Turistike t\u00eb Kosov\u00ebs, Shkelzen Rizaj tha p\u00ebr \u201cVijesti\u201d se deri tani n\u00eb Ulqin kan\u00eb shkuar p\u00ebr pushime m\u00eb shum\u00eb se 250 mij\u00eb shtetas t\u00eb","robots":{"index":"index","follow":"follow","max-snippet":"max-snippet:-1","max-image-preview":"max-image-preview:large","max-video-preview":"max-video-preview:-1"},"canonical":"https:\/\/www.visit-ulcinj.com\/blog\/2016\/08\/25\/rizaj-ne-ulqin-pushuan-250-000-kosovare\/","og_locale":"en_US","og_type":"article","og_title":"Rizaj: N\u00eb Ulqin pushuan 250.000 kosovar\u00eb - Lajme nga Ulqini","og_description":"Drejtori i Lidhjes Turistike t\u00eb Kosov\u00ebs, Shkelzen Rizaj tha p\u00ebr \u201cVijesti\u201d se deri tani n\u00eb Ulqin kan\u00eb shkuar p\u00ebr pushime m\u00eb shum\u00eb se 250 mij\u00eb shtetas t\u00eb","og_url":"https:\/\/www.visit-ulcinj.com\/blog\/2016\/08\/25\/rizaj-ne-ulqin-pushuan-250-000-kosovare\/","og_site_name":"Lajme nga Ulqini","article_published_time":"2016-08-25T18:59:47+00:00","article_modified_time":"2016-08-25T19:14:19+00:00","og_image":[{"url":"http:\/\/www.visit-ulcinj.com\/blog\/wp-content\/uploads\/2013\/08\/ulqini-plazha.jpg"}],"twitter_misc":{"Written by":"ulqini","Est. reading time":"1 minute"},"schema":{"@context":"https:\/\/schema.org","@graph":[{"@type":"WebSite","@id":"https:\/\/www.visit-ulcinj.com\/blog\/#website","url":"https:\/\/www.visit-ulcinj.com\/blog\/","name":"Lajme nga Ulqini","description":"Lajme,Vijesti,Ulqini,Ulqin,Crna Gora,Mali i Zi","potentialAction":[{"@type":"SearchAction","target":{"@type":"EntryPoint","urlTemplate":"https:\/\/www.visit-ulcinj.com\/blog\/?s={search_term_string}"},"query-input":"required name=search_term_string"}],"inLanguage":"en-US"},{"@type":"ImageObject","inLanguage":"en-US","@id":"https:\/\/www.visit-ulcinj.com\/blog\/2016\/08\/25\/rizaj-ne-ulqin-pushuan-250-000-kosovare\/#primaryimage","url":"https:\/\/www.visit-ulcinj.com\/blog\/wp-content\/uploads\/2013\/08\/ulqini-plazha.jpg","contentUrl":"https:\/\/www.visit-ulcinj.com\/blog\/wp-content\/uploads\/2013\/08\/ulqini-plazha.jpg","width":500,"height":375},{"@type":"WebPage","@id":"https:\/\/www.visit-ulcinj.com\/blog\/2016\/08\/25\/rizaj-ne-ulqin-pushuan-250-000-kosovare\/#webpage","url":"https:\/\/www.visit-ulcinj.com\/blog\/2016\/08\/25\/rizaj-ne-ulqin-pushuan-250-000-kosovare\/","name":"Rizaj: N\u00eb Ulqin pushuan 250.000 kosovar\u00eb - Lajme nga Ulqini","isPartOf":{"@id":"https:\/\/www.visit-ulcinj.com\/blog\/#website"},"primaryImageOfPage":{"@id":"https:\/\/www.visit-ulcinj.com\/blog\/2016\/08\/25\/rizaj-ne-ulqin-pushuan-250-000-kosovare\/#primaryimage"},"datePublished":"2016-08-25T18:59:47+00:00","dateModified":"2016-08-25T19:14:19+00:00","author":{"@id":"https:\/\/www.visit-ulcinj.com\/blog\/#\/schema\/person\/dcab619c614d3038751c63bc2aadc06d"},"description":"Drejtori i Lidhjes Turistike t\u00eb Kosov\u00ebs, Shkelzen Rizaj tha p\u00ebr \u201cVijesti\u201d se deri tani n\u00eb Ulqin kan\u00eb shkuar p\u00ebr pushime m\u00eb shum\u00eb se 250 mij\u00eb shtetas t\u00eb","breadcrumb":{"@id":"https:\/\/www.visit-ulcinj.com\/blog\/2016\/08\/25\/rizaj-ne-ulqin-pushuan-250-000-kosovare\/#breadcrumb"},"inLanguage":"en-US","potentialAction":[{"@type":"ReadAction","target":["https:\/\/www.visit-ulcinj.com\/blog\/2016\/08\/25\/rizaj-ne-ulqin-pushuan-250-000-kosovare\/"]}]},{"@type":"BreadcrumbList","@id":"https:\/\/www.visit-ulcinj.com\/blog\/2016\/08\/25\/rizaj-ne-ulqin-pushuan-250-000-kosovare\/#breadcrumb","itemListElement":[{"@type":"ListItem","position":1,"name":"Rizaj: N\u00eb Ulqin pushuan 250.000 kosovar\u00eb"}]},{"@type":"Person","@id":"https:\/\/www.visit-ulcinj.com\/blog\/#\/schema\/person\/dcab619c614d3038751c63bc2aadc06d","name":"ulqini","sameAs":["http:\/\/www.visit-ulcinj.com"],"url":"https:\/\/www.visit-ulcinj.com\/blog\/author\/admin\/"}]}},"jetpack_featured_media_url":"","jetpack_sharing_enabled":true,"jetpack_shortlink":"https:\/\/wp.me\/pe6lTn-pOq","_links":{"self":[{"href":"https:\/\/www.visit-ulcinj.com\/blog\/wp-json\/wp\/v2\/posts\/99226"}],"collection":[{"href":"https:\/\/www.visit-ulcinj.com\/blog\/wp-json\/wp\/v2\/posts"}],"about":[{"href":"https:\/\/www.visit-ulcinj.com\/blog\/wp-json\/wp\/v2\/types\/post"}],"author":[{"embeddable":true,"href":"https:\/\/www.visit-ulcinj.com\/blog\/wp-json\/wp\/v2\/users\/1"}],"replies":[{"embeddable":true,"href":"https:\/\/www.visit-ulcinj.com\/blog\/wp-json\/wp\/v2\/comments?post=99226"}],"version-history":[{"count":2,"href":"https:\/\/www.visit-ulcinj.com\/blog\/wp-json\/wp\/v2\/posts\/99226\/revisions"}],"predecessor-version":[{"id":99228,"href":"https:\/\/www.visit-ulcinj.com\/blog\/wp-json\/wp\/v2\/posts\/99226\/revisions\/99228"}],"wp:attachment":[{"href":"https:\/\/www.visit-ulcinj.com\/blog\/wp-json\/wp\/v2\/media?parent=99226"}],"wp:term":[{"taxonomy":"category","embeddable":true,"href":"https:\/\/www.visit-ulcinj.com\/blog\/wp-json\/wp\/v2\/categories?post=99226"},{"taxonomy":"post_tag","embeddable":true,"href":"https:\/\/www.visit-ulcinj.com\/blog\/wp-json\/wp\/v2\/tags?post=99226"}],"curies":[{"name":"wp","href":"https:\/\/api.w.org\/{rel}","templated":true}]}}