{"id":99254,"date":"2016-08-26T07:40:30","date_gmt":"2016-08-26T06:40:30","guid":{"rendered":"http:\/\/www.visit-ulcinj.com\/blog\/?p=99254"},"modified":"2016-08-26T07:52:50","modified_gmt":"2016-08-26T06:52:50","slug":"kalaja-e-ismetit-nga-silver-korda","status":"publish","type":"post","link":"https:\/\/www.visit-ulcinj.com\/blog\/2016\/08\/26\/kalaja-e-ismetit-nga-silver-korda\/","title":{"rendered":"Kalaja e Ismetit nga Silver Korda"},"content":{"rendered":"<p><a href=\"http:\/\/www.visit-ulcinj.com\/blog\/wp-content\/uploads\/2016\/08\/Kalaja-e-Ismetit-nga-Silver-Korda.jpg\"><img loading=\"lazy\" class=\"alignleft wp-image-99255 size-medium\" src=\"http:\/\/www.visit-ulcinj.com\/blog\/wp-content\/uploads\/2016\/08\/Kalaja-e-Ismetit-nga-Silver-Korda-252x300.jpg\" alt=\"Kalaja e Ismetit nga Silver Korda\" width=\"252\" height=\"300\" srcset=\"https:\/\/www.visit-ulcinj.com\/blog\/wp-content\/uploads\/2016\/08\/Kalaja-e-Ismetit-nga-Silver-Korda-252x300.jpg 252w, https:\/\/www.visit-ulcinj.com\/blog\/wp-content\/uploads\/2016\/08\/Kalaja-e-Ismetit-nga-Silver-Korda.jpg 332w\" sizes=\"(max-width: 252px) 100vw, 252px\" \/><\/a>1. Mir\u00eb mrama moj Kala, ti k\u00ebshtjell\u00eb antike-<br \/>\nke qen\u00eb djep kulturash dhe luftrave epike<\/p>\n<div class=\"text_exposed_show\">\n<p>2. Mir\u00eb mrama hijeve t\u00eb xhind\u00ebve mistik-<br \/>\nq\u00eb rrezatojn frym\u00ebn e ritualesh arkaik<\/p>\n<p>3. Mir\u00eb mrama legjendat dhe mitologjit\u00eb biblike-<br \/>\nju p\u00ebrkujtoj sonte nga Helvetika kosmike\u2026<\/p>\n<p>4. N\u00eb Kala jetuan begler, profete me saga-<br \/>\npor nderin ia rujti-Ismet Karamanaga!<\/p>\n<p>5. Me intelekt, elan edhe me shum\u00eb bindje-<br \/>\nlufton p\u00ebr Ulqin, si f\u00ebmia n\u00eb lindje\u2026<\/p>\n<p>6. T\u00eb nderoj me titull: Senator kulture-<br \/>\ne meriton ta shkruj bile edhe nji sure&#8230;<\/p>\n<p>7. Si ambasador i v\u00ebrrtet\u00eb i Dolciniumit-<br \/>\nfjal\u00ebt dhe tekstet i ke si zjari i plumit<\/p>\n<p>8. Je ngrit n\u00eb piedestal enciklopedistit t\u00eb Kalas\u00eb-<br \/>\ngjelozat kok\u00ebzbraz`t po dojn ve\u00e7 me plas\u00eb\u2026<\/p>\n<p>9. Ulqini ka mjaft hipokrita, t\u00ebrlifar\u00eb, lloj, lloj-<br \/>\nsi biber maje pilafit, q\u00ebndrojn me purri n\u00eb goj\u00eb!<\/p>\n<p>10. Je diplomat i lindur, me manire dhe elokuenc\u00eb-<br \/>\nje atribut i zbatimit t\u00eb bindjeve me konsekuenc\u00eb&#8230;<\/p>\n<p>11. Gjendja dezastroze e turizmit t\u00eb Ulqinit-<br \/>\nsi inxhi e djegun pret\u00eb Feniksin prej hinit\u2026<\/p>\n<p>12. Perendia i ka fal\u00eb natyr\u00ebn me shk\u00eblqim platinit<br \/>\nUlqinit bukurin\u00eb ja nep Kalaja florinit\u2026<\/p>\n<p>13. Edhe mend e kres\u00eb duhet me i mpref mileti-<br \/>\nme u fokusu ma shum\u00eb, Horizontit kah deti&#8230;<\/p>\n<p>14. N\u00eb vend t\u00eb kurore dafine, apo gjeth\u00ebve t\u00eb larit-<br \/>\nt\u00eb uroj me zem\u00ebr shum\u00eb libra p\u00ebrs\u00ebmarit!<\/p>\n<p>15. Po t\u00eb kishte p\u00ebr cicero UNUSCOja dhurat\u00eb-<br \/>\nTi- Ismet, do t\u00eb ishe me decenie Laureat\u2026<\/p>\n<p>16. Vog\u00eblsia ime falet p\u00ebr k\u00ebt\u00eb nder\u00eb-<br \/>\nIsmet Karamanag\u00ebs, pishtarit si f\u00ebner!!!<\/p>\n<p>17. Kalan\u00eb nuk e zaptoj as Xhingis Kani me horda-<br \/>\npor me bejte po mundohem, une, Silver Korda!<\/p>\n<p>______________________________________________________<br \/>\nMe rastin e promovimit t\u00eb librit \u201eUlqini, monumente, portrete\u201c t\u00eb autorit Ismet Karamanaga, m\u00eb 24. 08.2016<\/p>\n<p>Zvic\u00ebr, m\u00eb 24.08.2016<\/p>\n<\/div>\n","protected":false},"excerpt":{"rendered":"<p>1. Mir\u00eb mrama moj Kala, ti k\u00ebshtjell\u00eb antike- ke qen\u00eb djep kulturash dhe luftrave epike 2. Mir\u00eb mrama hijeve t\u00eb xhind\u00ebve mistik- q\u00eb rrezatojn frym\u00ebn e ritualesh arkaik 3. Mir\u00eb mrama legjendat dhe mitologjit\u00eb biblike- ju p\u00ebrkujtoj sonte nga Helvetika kosmike\u2026 4. N\u00eb Kala jetuan begler, profete me saga- por nderin ia rujti-Ismet Karamanaga! 5. [&hellip;]<\/p>\n","protected":false},"author":1,"featured_media":0,"comment_status":"closed","ping_status":"closed","sticky":false,"template":"","format":"standard","meta":{"spay_email":"","jetpack_publicize_message":"","jetpack_is_tweetstorm":false,"jetpack_publicize_feature_enabled":true},"categories":[5],"tags":[],"jetpack_publicize_connections":[],"yoast_head":"<!-- This site is optimized with the Yoast SEO plugin v19.1 - https:\/\/yoast.com\/wordpress\/plugins\/seo\/ -->\n<title>Kalaja e Ismetit nga Silver Korda - Lajme nga Ulqini<\/title>\n<meta name=\"description\" content=\"1. Mir\u00eb mrama moj Kala, ti k\u00ebshtjell\u00eb antike- ke qen\u00eb djep kulturash dhe luftrave epike 2. Mir\u00eb mrama hijeve t\u00eb xhind\u00ebve mistik- q\u00eb rrezatojn frym\u00ebn e\" \/>\n<meta name=\"robots\" content=\"index, follow, max-snippet:-1, max-image-preview:large, max-video-preview:-1\" \/>\n<link rel=\"canonical\" href=\"https:\/\/www.visit-ulcinj.com\/blog\/2016\/08\/26\/kalaja-e-ismetit-nga-silver-korda\/\" \/>\n<meta property=\"og:locale\" content=\"en_US\" \/>\n<meta property=\"og:type\" content=\"article\" \/>\n<meta property=\"og:title\" content=\"Kalaja e Ismetit nga Silver Korda - Lajme nga Ulqini\" \/>\n<meta property=\"og:description\" content=\"1. Mir\u00eb mrama moj Kala, ti k\u00ebshtjell\u00eb antike- ke qen\u00eb djep kulturash dhe luftrave epike 2. Mir\u00eb mrama hijeve t\u00eb xhind\u00ebve mistik- q\u00eb rrezatojn frym\u00ebn e\" \/>\n<meta property=\"og:url\" content=\"https:\/\/www.visit-ulcinj.com\/blog\/2016\/08\/26\/kalaja-e-ismetit-nga-silver-korda\/\" \/>\n<meta property=\"og:site_name\" content=\"Lajme nga Ulqini\" \/>\n<meta property=\"article:published_time\" content=\"2016-08-26T06:40:30+00:00\" \/>\n<meta property=\"article:modified_time\" content=\"2016-08-26T06:52:50+00:00\" \/>\n<meta property=\"og:image\" content=\"http:\/\/www.visit-ulcinj.com\/blog\/wp-content\/uploads\/2016\/08\/Kalaja-e-Ismetit-nga-Silver-Korda-252x300.jpg\" \/>\n<meta name=\"twitter:label1\" content=\"Written by\" \/>\n\t<meta name=\"twitter:data1\" content=\"ulqini\" \/>\n\t<meta name=\"twitter:label2\" content=\"Est. reading time\" \/>\n\t<meta name=\"twitter:data2\" content=\"1 minute\" \/>\n<script type=\"application\/ld+json\" class=\"yoast-schema-graph\">{\"@context\":\"https:\/\/schema.org\",\"@graph\":[{\"@type\":\"WebSite\",\"@id\":\"https:\/\/www.visit-ulcinj.com\/blog\/#website\",\"url\":\"https:\/\/www.visit-ulcinj.com\/blog\/\",\"name\":\"Lajme nga Ulqini\",\"description\":\"Lajme,Vijesti,Ulqini,Ulqin,Crna Gora,Mali i Zi\",\"potentialAction\":[{\"@type\":\"SearchAction\",\"target\":{\"@type\":\"EntryPoint\",\"urlTemplate\":\"https:\/\/www.visit-ulcinj.com\/blog\/?s={search_term_string}\"},\"query-input\":\"required name=search_term_string\"}],\"inLanguage\":\"en-US\"},{\"@type\":\"ImageObject\",\"inLanguage\":\"en-US\",\"@id\":\"https:\/\/www.visit-ulcinj.com\/blog\/2016\/08\/26\/kalaja-e-ismetit-nga-silver-korda\/#primaryimage\",\"url\":\"https:\/\/www.visit-ulcinj.com\/blog\/wp-content\/uploads\/2016\/08\/Kalaja-e-Ismetit-nga-Silver-Korda.jpg\",\"contentUrl\":\"https:\/\/www.visit-ulcinj.com\/blog\/wp-content\/uploads\/2016\/08\/Kalaja-e-Ismetit-nga-Silver-Korda.jpg\",\"width\":332,\"height\":395},{\"@type\":\"WebPage\",\"@id\":\"https:\/\/www.visit-ulcinj.com\/blog\/2016\/08\/26\/kalaja-e-ismetit-nga-silver-korda\/#webpage\",\"url\":\"https:\/\/www.visit-ulcinj.com\/blog\/2016\/08\/26\/kalaja-e-ismetit-nga-silver-korda\/\",\"name\":\"Kalaja e Ismetit nga Silver Korda - Lajme nga Ulqini\",\"isPartOf\":{\"@id\":\"https:\/\/www.visit-ulcinj.com\/blog\/#website\"},\"primaryImageOfPage\":{\"@id\":\"https:\/\/www.visit-ulcinj.com\/blog\/2016\/08\/26\/kalaja-e-ismetit-nga-silver-korda\/#primaryimage\"},\"datePublished\":\"2016-08-26T06:40:30+00:00\",\"dateModified\":\"2016-08-26T06:52:50+00:00\",\"author\":{\"@id\":\"https:\/\/www.visit-ulcinj.com\/blog\/#\/schema\/person\/dcab619c614d3038751c63bc2aadc06d\"},\"description\":\"1. Mir\u00eb mrama moj Kala, ti k\u00ebshtjell\u00eb antike- ke qen\u00eb djep kulturash dhe luftrave epike 2. Mir\u00eb mrama hijeve t\u00eb xhind\u00ebve mistik- q\u00eb rrezatojn frym\u00ebn e\",\"breadcrumb\":{\"@id\":\"https:\/\/www.visit-ulcinj.com\/blog\/2016\/08\/26\/kalaja-e-ismetit-nga-silver-korda\/#breadcrumb\"},\"inLanguage\":\"en-US\",\"potentialAction\":[{\"@type\":\"ReadAction\",\"target\":[\"https:\/\/www.visit-ulcinj.com\/blog\/2016\/08\/26\/kalaja-e-ismetit-nga-silver-korda\/\"]}]},{\"@type\":\"BreadcrumbList\",\"@id\":\"https:\/\/www.visit-ulcinj.com\/blog\/2016\/08\/26\/kalaja-e-ismetit-nga-silver-korda\/#breadcrumb\",\"itemListElement\":[{\"@type\":\"ListItem\",\"position\":1,\"name\":\"Kalaja e Ismetit nga Silver Korda\"}]},{\"@type\":\"Person\",\"@id\":\"https:\/\/www.visit-ulcinj.com\/blog\/#\/schema\/person\/dcab619c614d3038751c63bc2aadc06d\",\"name\":\"ulqini\",\"sameAs\":[\"http:\/\/www.visit-ulcinj.com\"],\"url\":\"https:\/\/www.visit-ulcinj.com\/blog\/author\/admin\/\"}]}<\/script>\n<!-- \/ Yoast SEO plugin. -->","yoast_head_json":{"title":"Kalaja e Ismetit nga Silver Korda - Lajme nga Ulqini","description":"1. Mir\u00eb mrama moj Kala, ti k\u00ebshtjell\u00eb antike- ke qen\u00eb djep kulturash dhe luftrave epike 2. Mir\u00eb mrama hijeve t\u00eb xhind\u00ebve mistik- q\u00eb rrezatojn frym\u00ebn e","robots":{"index":"index","follow":"follow","max-snippet":"max-snippet:-1","max-image-preview":"max-image-preview:large","max-video-preview":"max-video-preview:-1"},"canonical":"https:\/\/www.visit-ulcinj.com\/blog\/2016\/08\/26\/kalaja-e-ismetit-nga-silver-korda\/","og_locale":"en_US","og_type":"article","og_title":"Kalaja e Ismetit nga Silver Korda - Lajme nga Ulqini","og_description":"1. Mir\u00eb mrama moj Kala, ti k\u00ebshtjell\u00eb antike- ke qen\u00eb djep kulturash dhe luftrave epike 2. Mir\u00eb mrama hijeve t\u00eb xhind\u00ebve mistik- q\u00eb rrezatojn frym\u00ebn e","og_url":"https:\/\/www.visit-ulcinj.com\/blog\/2016\/08\/26\/kalaja-e-ismetit-nga-silver-korda\/","og_site_name":"Lajme nga Ulqini","article_published_time":"2016-08-26T06:40:30+00:00","article_modified_time":"2016-08-26T06:52:50+00:00","og_image":[{"url":"http:\/\/www.visit-ulcinj.com\/blog\/wp-content\/uploads\/2016\/08\/Kalaja-e-Ismetit-nga-Silver-Korda-252x300.jpg"}],"twitter_misc":{"Written by":"ulqini","Est. reading time":"1 minute"},"schema":{"@context":"https:\/\/schema.org","@graph":[{"@type":"WebSite","@id":"https:\/\/www.visit-ulcinj.com\/blog\/#website","url":"https:\/\/www.visit-ulcinj.com\/blog\/","name":"Lajme nga Ulqini","description":"Lajme,Vijesti,Ulqini,Ulqin,Crna Gora,Mali i Zi","potentialAction":[{"@type":"SearchAction","target":{"@type":"EntryPoint","urlTemplate":"https:\/\/www.visit-ulcinj.com\/blog\/?s={search_term_string}"},"query-input":"required name=search_term_string"}],"inLanguage":"en-US"},{"@type":"ImageObject","inLanguage":"en-US","@id":"https:\/\/www.visit-ulcinj.com\/blog\/2016\/08\/26\/kalaja-e-ismetit-nga-silver-korda\/#primaryimage","url":"https:\/\/www.visit-ulcinj.com\/blog\/wp-content\/uploads\/2016\/08\/Kalaja-e-Ismetit-nga-Silver-Korda.jpg","contentUrl":"https:\/\/www.visit-ulcinj.com\/blog\/wp-content\/uploads\/2016\/08\/Kalaja-e-Ismetit-nga-Silver-Korda.jpg","width":332,"height":395},{"@type":"WebPage","@id":"https:\/\/www.visit-ulcinj.com\/blog\/2016\/08\/26\/kalaja-e-ismetit-nga-silver-korda\/#webpage","url":"https:\/\/www.visit-ulcinj.com\/blog\/2016\/08\/26\/kalaja-e-ismetit-nga-silver-korda\/","name":"Kalaja e Ismetit nga Silver Korda - Lajme nga Ulqini","isPartOf":{"@id":"https:\/\/www.visit-ulcinj.com\/blog\/#website"},"primaryImageOfPage":{"@id":"https:\/\/www.visit-ulcinj.com\/blog\/2016\/08\/26\/kalaja-e-ismetit-nga-silver-korda\/#primaryimage"},"datePublished":"2016-08-26T06:40:30+00:00","dateModified":"2016-08-26T06:52:50+00:00","author":{"@id":"https:\/\/www.visit-ulcinj.com\/blog\/#\/schema\/person\/dcab619c614d3038751c63bc2aadc06d"},"description":"1. Mir\u00eb mrama moj Kala, ti k\u00ebshtjell\u00eb antike- ke qen\u00eb djep kulturash dhe luftrave epike 2. Mir\u00eb mrama hijeve t\u00eb xhind\u00ebve mistik- q\u00eb rrezatojn frym\u00ebn e","breadcrumb":{"@id":"https:\/\/www.visit-ulcinj.com\/blog\/2016\/08\/26\/kalaja-e-ismetit-nga-silver-korda\/#breadcrumb"},"inLanguage":"en-US","potentialAction":[{"@type":"ReadAction","target":["https:\/\/www.visit-ulcinj.com\/blog\/2016\/08\/26\/kalaja-e-ismetit-nga-silver-korda\/"]}]},{"@type":"BreadcrumbList","@id":"https:\/\/www.visit-ulcinj.com\/blog\/2016\/08\/26\/kalaja-e-ismetit-nga-silver-korda\/#breadcrumb","itemListElement":[{"@type":"ListItem","position":1,"name":"Kalaja e Ismetit nga Silver Korda"}]},{"@type":"Person","@id":"https:\/\/www.visit-ulcinj.com\/blog\/#\/schema\/person\/dcab619c614d3038751c63bc2aadc06d","name":"ulqini","sameAs":["http:\/\/www.visit-ulcinj.com"],"url":"https:\/\/www.visit-ulcinj.com\/blog\/author\/admin\/"}]}},"jetpack_featured_media_url":"","jetpack_sharing_enabled":true,"jetpack_shortlink":"https:\/\/wp.me\/pe6lTn-pOS","_links":{"self":[{"href":"https:\/\/www.visit-ulcinj.com\/blog\/wp-json\/wp\/v2\/posts\/99254"}],"collection":[{"href":"https:\/\/www.visit-ulcinj.com\/blog\/wp-json\/wp\/v2\/posts"}],"about":[{"href":"https:\/\/www.visit-ulcinj.com\/blog\/wp-json\/wp\/v2\/types\/post"}],"author":[{"embeddable":true,"href":"https:\/\/www.visit-ulcinj.com\/blog\/wp-json\/wp\/v2\/users\/1"}],"replies":[{"embeddable":true,"href":"https:\/\/www.visit-ulcinj.com\/blog\/wp-json\/wp\/v2\/comments?post=99254"}],"version-history":[{"count":1,"href":"https:\/\/www.visit-ulcinj.com\/blog\/wp-json\/wp\/v2\/posts\/99254\/revisions"}],"predecessor-version":[{"id":99256,"href":"https:\/\/www.visit-ulcinj.com\/blog\/wp-json\/wp\/v2\/posts\/99254\/revisions\/99256"}],"wp:attachment":[{"href":"https:\/\/www.visit-ulcinj.com\/blog\/wp-json\/wp\/v2\/media?parent=99254"}],"wp:term":[{"taxonomy":"category","embeddable":true,"href":"https:\/\/www.visit-ulcinj.com\/blog\/wp-json\/wp\/v2\/categories?post=99254"},{"taxonomy":"post_tag","embeddable":true,"href":"https:\/\/www.visit-ulcinj.com\/blog\/wp-json\/wp\/v2\/tags?post=99254"}],"curies":[{"name":"wp","href":"https:\/\/api.w.org\/{rel}","templated":true}]}}