{"id":99261,"date":"2016-08-26T20:36:57","date_gmt":"2016-08-26T19:36:57","guid":{"rendered":"http:\/\/www.visit-ulcinj.com\/blog\/?p=99261"},"modified":"2016-08-27T14:36:06","modified_gmt":"2016-08-27T13:36:06","slug":"cungu-priti-inicjatoret-per-mbylljen-e-kanalit-te-krypores","status":"publish","type":"post","link":"https:\/\/www.visit-ulcinj.com\/blog\/2016\/08\/26\/cungu-priti-inicjatoret-per-mbylljen-e-kanalit-te-krypores\/","title":{"rendered":"Cungu priti inicjatoret per mbylljen e kanalit te Krypores"},"content":{"rendered":"<p><a href=\"http:\/\/www.visit-ulcinj.com\/blog\/wp-content\/uploads\/2016\/08\/Kanali-i-Kripores-Ulqin.jpg\"><img loading=\"lazy\" class=\"alignleft wp-image-99262\" src=\"http:\/\/www.visit-ulcinj.com\/blog\/wp-content\/uploads\/2016\/08\/Kanali-i-Kripores-Ulqin.jpg\" alt=\"Kanali i Kripores-Ulqin\" width=\"508\" height=\"449\" srcset=\"https:\/\/www.visit-ulcinj.com\/blog\/wp-content\/uploads\/2016\/08\/Kanali-i-Kripores-Ulqin.jpg 960w, https:\/\/www.visit-ulcinj.com\/blog\/wp-content\/uploads\/2016\/08\/Kanali-i-Kripores-Ulqin-300x265.jpg 300w, https:\/\/www.visit-ulcinj.com\/blog\/wp-content\/uploads\/2016\/08\/Kanali-i-Kripores-Ulqin-768x679.jpg 768w\" sizes=\"(max-width: 508px) 100vw, 508px\" \/><\/a>Kryetari I Komun\u00ebs Nazif Cungu\u00a0 me bashk\u00ebpun\u00ebtor\u00eb\u00a0 u takuan me qytetar\u00eb\u00a0 q\u00eb jetojn\u00eb n\u00eb af\u00ebrsi t\u00eb\u00a0 Port Milen\u00ebs. Pasi kishim t\u00eb b\u00ebnim me k\u00ebrkes\u00ebn e tyre p\u00ebr mbylljen e kanalit t\u00eb kripores, n\u00eb takim merrte pjes\u00eb dhe Drejtori i falimentimit t\u00eb kripores Ognjen Jovoviq.<\/p>\n<p>Qytetar\u00ebt duke p\u00ebrsh\u00ebndetur nismat e Z. Cungu p\u00ebr takime me banor\u00eb t\u00eb Bashk\u00ebsive Lokale dhe zgjidhjen e problemeve, shpreh\u00ebn k\u00ebrkes\u00ebn respektivisht nevoj\u00ebn sipas tyre t\u00eb mbylljes s\u00eb kanalit t\u00eb kripores, q\u00eb\u00a0 jo rrall\u00eb her\u00eb \u00ebsht\u00eb b\u00ebr\u00eb shkak\u00a0 i aksidenteve\u00a0 t\u00eb komunikacionit dhe burim p\u00ebr humbje jete. Banor\u00ebt jan\u00eb t\u00eb gatsh\u00ebm q\u00eb dhe vet\u00eb\u00a0 t\u00eb japin kontributin e tyre material.<\/p>\n<p>Mbyllja e kanalit thon\u00eb ata do t\u00eb mund\u00ebsonte zgjerimin e\u00a0 rrug\u00ebs dhe shmangjen e fatkeq\u00ebsive. Nga ana tjet\u00ebr Ognjen Jovoviq, nuk kund\u00ebrshton iden\u00eb e qytetar\u00ebve\u00a0 por\u00a0 thot\u00eb q\u00eb duhet patur kujdes q\u00eb\u00a0 funksionimi normal i kripores\u00a0 mos t\u00eb vij\u00eb n\u00eb pik\u00ebpyetje. Kryetari Cungu , theksoi q\u00eb k\u00ebrkesa\u00a0 e qytetar\u00ebve duhet shqyrtuar me\u00a0 v\u00ebm\u00ebndje. Sekretariatet t\u00eb\u00a0 angazhohen dhe t\u00eb p\u00ebrgatisn projektin ideor\u00eb.<\/p>\n<p>Ai p\u00ebrsh\u00ebndeti iden\u00eb\u00a0 e vet\u00ebfinansimit por theksoi se edhe komuna mund t\u00eb jap\u00eb kontributin e saj\u00a0 qoft\u00eb material\u00a0 apo n\u00ebp\u00ebrmes shlyerjes s\u00eb tatimeve\u00a0 p\u00ebr qytetar\u00ebt q\u00eb do t\u00eb ken\u00eb dhe barr\u00ebn m\u00eb t\u00eb r\u00ebnd\u00eb materiale. Ai tha se\u00a0 takimet per k\u00ebt\u00eb ceshtje do t\u00eb vazhdojn\u00eb ., deri n\u00eb zgjidhjen n\u00eb interes t\u00eb t\u00eb gjitha pal\u00ebve.<\/p>\n","protected":false},"excerpt":{"rendered":"<p>Kryetari I Komun\u00ebs Nazif Cungu\u00a0 me bashk\u00ebpun\u00ebtor\u00eb\u00a0 u takuan me qytetar\u00eb\u00a0 q\u00eb jetojn\u00eb n\u00eb af\u00ebrsi t\u00eb\u00a0 Port Milen\u00ebs. Pasi kishim t\u00eb b\u00ebnim me k\u00ebrkes\u00ebn e tyre p\u00ebr mbylljen e kanalit t\u00eb kripores, n\u00eb takim merrte pjes\u00eb dhe Drejtori i falimentimit t\u00eb kripores Ognjen Jovoviq. Qytetar\u00ebt duke p\u00ebrsh\u00ebndetur nismat e Z. Cungu p\u00ebr takime me banor\u00eb [&hellip;]<\/p>\n","protected":false},"author":1,"featured_media":0,"comment_status":"closed","ping_status":"closed","sticky":false,"template":"","format":"standard","meta":{"spay_email":"","jetpack_publicize_message":"","jetpack_is_tweetstorm":false,"jetpack_publicize_feature_enabled":true},"categories":[10,1],"tags":[],"jetpack_publicize_connections":[],"yoast_head":"<!-- This site is optimized with the Yoast SEO plugin v19.1 - https:\/\/yoast.com\/wordpress\/plugins\/seo\/ -->\n<title>Cungu priti inicjatoret per mbylljen e kanalit te Krypores - Lajme nga Ulqini<\/title>\n<meta name=\"description\" content=\"Kryetari I Komun\u00ebs Nazif Cungu\u00a0 me bashk\u00ebpun\u00ebtor\u00eb\u00a0 u takuan me qytetar\u00eb\u00a0 q\u00eb jetojn\u00eb n\u00eb af\u00ebrsi t\u00eb\u00a0 Port Milen\u00ebs. Pasi kishim t\u00eb b\u00ebnim me k\u00ebrkes\u00ebn e tyre\" \/>\n<meta name=\"robots\" content=\"index, follow, max-snippet:-1, max-image-preview:large, max-video-preview:-1\" \/>\n<link rel=\"canonical\" href=\"https:\/\/www.visit-ulcinj.com\/blog\/2016\/08\/26\/cungu-priti-inicjatoret-per-mbylljen-e-kanalit-te-krypores\/\" \/>\n<meta property=\"og:locale\" content=\"en_US\" \/>\n<meta property=\"og:type\" content=\"article\" \/>\n<meta property=\"og:title\" content=\"Cungu priti inicjatoret per mbylljen e kanalit te Krypores - Lajme nga Ulqini\" \/>\n<meta property=\"og:description\" content=\"Kryetari I Komun\u00ebs Nazif Cungu\u00a0 me bashk\u00ebpun\u00ebtor\u00eb\u00a0 u takuan me qytetar\u00eb\u00a0 q\u00eb jetojn\u00eb n\u00eb af\u00ebrsi t\u00eb\u00a0 Port Milen\u00ebs. Pasi kishim t\u00eb b\u00ebnim me k\u00ebrkes\u00ebn e tyre\" \/>\n<meta property=\"og:url\" content=\"https:\/\/www.visit-ulcinj.com\/blog\/2016\/08\/26\/cungu-priti-inicjatoret-per-mbylljen-e-kanalit-te-krypores\/\" \/>\n<meta property=\"og:site_name\" content=\"Lajme nga Ulqini\" \/>\n<meta property=\"article:published_time\" content=\"2016-08-26T19:36:57+00:00\" \/>\n<meta property=\"article:modified_time\" content=\"2016-08-27T13:36:06+00:00\" \/>\n<meta property=\"og:image\" content=\"http:\/\/www.visit-ulcinj.com\/blog\/wp-content\/uploads\/2016\/08\/Kanali-i-Kripores-Ulqin.jpg\" \/>\n<meta name=\"twitter:label1\" content=\"Written by\" \/>\n\t<meta name=\"twitter:data1\" content=\"ulqini\" \/>\n\t<meta name=\"twitter:label2\" content=\"Est. reading time\" \/>\n\t<meta name=\"twitter:data2\" content=\"1 minute\" \/>\n<script type=\"application\/ld+json\" class=\"yoast-schema-graph\">{\"@context\":\"https:\/\/schema.org\",\"@graph\":[{\"@type\":\"WebSite\",\"@id\":\"https:\/\/www.visit-ulcinj.com\/blog\/#website\",\"url\":\"https:\/\/www.visit-ulcinj.com\/blog\/\",\"name\":\"Lajme nga Ulqini\",\"description\":\"Lajme,Vijesti,Ulqini,Ulqin,Crna Gora,Mali i Zi\",\"potentialAction\":[{\"@type\":\"SearchAction\",\"target\":{\"@type\":\"EntryPoint\",\"urlTemplate\":\"https:\/\/www.visit-ulcinj.com\/blog\/?s={search_term_string}\"},\"query-input\":\"required name=search_term_string\"}],\"inLanguage\":\"en-US\"},{\"@type\":\"ImageObject\",\"inLanguage\":\"en-US\",\"@id\":\"https:\/\/www.visit-ulcinj.com\/blog\/2016\/08\/26\/cungu-priti-inicjatoret-per-mbylljen-e-kanalit-te-krypores\/#primaryimage\",\"url\":\"https:\/\/www.visit-ulcinj.com\/blog\/wp-content\/uploads\/2016\/08\/Kanali-i-Kripores-Ulqin.jpg\",\"contentUrl\":\"https:\/\/www.visit-ulcinj.com\/blog\/wp-content\/uploads\/2016\/08\/Kanali-i-Kripores-Ulqin.jpg\",\"width\":960,\"height\":849},{\"@type\":\"WebPage\",\"@id\":\"https:\/\/www.visit-ulcinj.com\/blog\/2016\/08\/26\/cungu-priti-inicjatoret-per-mbylljen-e-kanalit-te-krypores\/#webpage\",\"url\":\"https:\/\/www.visit-ulcinj.com\/blog\/2016\/08\/26\/cungu-priti-inicjatoret-per-mbylljen-e-kanalit-te-krypores\/\",\"name\":\"Cungu priti inicjatoret per mbylljen e kanalit te Krypores - Lajme nga Ulqini\",\"isPartOf\":{\"@id\":\"https:\/\/www.visit-ulcinj.com\/blog\/#website\"},\"primaryImageOfPage\":{\"@id\":\"https:\/\/www.visit-ulcinj.com\/blog\/2016\/08\/26\/cungu-priti-inicjatoret-per-mbylljen-e-kanalit-te-krypores\/#primaryimage\"},\"datePublished\":\"2016-08-26T19:36:57+00:00\",\"dateModified\":\"2016-08-27T13:36:06+00:00\",\"author\":{\"@id\":\"https:\/\/www.visit-ulcinj.com\/blog\/#\/schema\/person\/dcab619c614d3038751c63bc2aadc06d\"},\"description\":\"Kryetari I Komun\u00ebs Nazif Cungu\u00a0 me bashk\u00ebpun\u00ebtor\u00eb\u00a0 u takuan me qytetar\u00eb\u00a0 q\u00eb jetojn\u00eb n\u00eb af\u00ebrsi t\u00eb\u00a0 Port Milen\u00ebs. Pasi kishim t\u00eb b\u00ebnim me k\u00ebrkes\u00ebn e tyre\",\"breadcrumb\":{\"@id\":\"https:\/\/www.visit-ulcinj.com\/blog\/2016\/08\/26\/cungu-priti-inicjatoret-per-mbylljen-e-kanalit-te-krypores\/#breadcrumb\"},\"inLanguage\":\"en-US\",\"potentialAction\":[{\"@type\":\"ReadAction\",\"target\":[\"https:\/\/www.visit-ulcinj.com\/blog\/2016\/08\/26\/cungu-priti-inicjatoret-per-mbylljen-e-kanalit-te-krypores\/\"]}]},{\"@type\":\"BreadcrumbList\",\"@id\":\"https:\/\/www.visit-ulcinj.com\/blog\/2016\/08\/26\/cungu-priti-inicjatoret-per-mbylljen-e-kanalit-te-krypores\/#breadcrumb\",\"itemListElement\":[{\"@type\":\"ListItem\",\"position\":1,\"name\":\"Cungu priti inicjatoret per mbylljen e kanalit te Krypores\"}]},{\"@type\":\"Person\",\"@id\":\"https:\/\/www.visit-ulcinj.com\/blog\/#\/schema\/person\/dcab619c614d3038751c63bc2aadc06d\",\"name\":\"ulqini\",\"sameAs\":[\"http:\/\/www.visit-ulcinj.com\"],\"url\":\"https:\/\/www.visit-ulcinj.com\/blog\/author\/admin\/\"}]}<\/script>\n<!-- \/ Yoast SEO plugin. -->","yoast_head_json":{"title":"Cungu priti inicjatoret per mbylljen e kanalit te Krypores - Lajme nga Ulqini","description":"Kryetari I Komun\u00ebs Nazif Cungu\u00a0 me bashk\u00ebpun\u00ebtor\u00eb\u00a0 u takuan me qytetar\u00eb\u00a0 q\u00eb jetojn\u00eb n\u00eb af\u00ebrsi t\u00eb\u00a0 Port Milen\u00ebs. Pasi kishim t\u00eb b\u00ebnim me k\u00ebrkes\u00ebn e tyre","robots":{"index":"index","follow":"follow","max-snippet":"max-snippet:-1","max-image-preview":"max-image-preview:large","max-video-preview":"max-video-preview:-1"},"canonical":"https:\/\/www.visit-ulcinj.com\/blog\/2016\/08\/26\/cungu-priti-inicjatoret-per-mbylljen-e-kanalit-te-krypores\/","og_locale":"en_US","og_type":"article","og_title":"Cungu priti inicjatoret per mbylljen e kanalit te Krypores - Lajme nga Ulqini","og_description":"Kryetari I Komun\u00ebs Nazif Cungu\u00a0 me bashk\u00ebpun\u00ebtor\u00eb\u00a0 u takuan me qytetar\u00eb\u00a0 q\u00eb jetojn\u00eb n\u00eb af\u00ebrsi t\u00eb\u00a0 Port Milen\u00ebs. Pasi kishim t\u00eb b\u00ebnim me k\u00ebrkes\u00ebn e tyre","og_url":"https:\/\/www.visit-ulcinj.com\/blog\/2016\/08\/26\/cungu-priti-inicjatoret-per-mbylljen-e-kanalit-te-krypores\/","og_site_name":"Lajme nga Ulqini","article_published_time":"2016-08-26T19:36:57+00:00","article_modified_time":"2016-08-27T13:36:06+00:00","og_image":[{"url":"http:\/\/www.visit-ulcinj.com\/blog\/wp-content\/uploads\/2016\/08\/Kanali-i-Kripores-Ulqin.jpg"}],"twitter_misc":{"Written by":"ulqini","Est. reading time":"1 minute"},"schema":{"@context":"https:\/\/schema.org","@graph":[{"@type":"WebSite","@id":"https:\/\/www.visit-ulcinj.com\/blog\/#website","url":"https:\/\/www.visit-ulcinj.com\/blog\/","name":"Lajme nga Ulqini","description":"Lajme,Vijesti,Ulqini,Ulqin,Crna Gora,Mali i Zi","potentialAction":[{"@type":"SearchAction","target":{"@type":"EntryPoint","urlTemplate":"https:\/\/www.visit-ulcinj.com\/blog\/?s={search_term_string}"},"query-input":"required name=search_term_string"}],"inLanguage":"en-US"},{"@type":"ImageObject","inLanguage":"en-US","@id":"https:\/\/www.visit-ulcinj.com\/blog\/2016\/08\/26\/cungu-priti-inicjatoret-per-mbylljen-e-kanalit-te-krypores\/#primaryimage","url":"https:\/\/www.visit-ulcinj.com\/blog\/wp-content\/uploads\/2016\/08\/Kanali-i-Kripores-Ulqin.jpg","contentUrl":"https:\/\/www.visit-ulcinj.com\/blog\/wp-content\/uploads\/2016\/08\/Kanali-i-Kripores-Ulqin.jpg","width":960,"height":849},{"@type":"WebPage","@id":"https:\/\/www.visit-ulcinj.com\/blog\/2016\/08\/26\/cungu-priti-inicjatoret-per-mbylljen-e-kanalit-te-krypores\/#webpage","url":"https:\/\/www.visit-ulcinj.com\/blog\/2016\/08\/26\/cungu-priti-inicjatoret-per-mbylljen-e-kanalit-te-krypores\/","name":"Cungu priti inicjatoret per mbylljen e kanalit te Krypores - Lajme nga Ulqini","isPartOf":{"@id":"https:\/\/www.visit-ulcinj.com\/blog\/#website"},"primaryImageOfPage":{"@id":"https:\/\/www.visit-ulcinj.com\/blog\/2016\/08\/26\/cungu-priti-inicjatoret-per-mbylljen-e-kanalit-te-krypores\/#primaryimage"},"datePublished":"2016-08-26T19:36:57+00:00","dateModified":"2016-08-27T13:36:06+00:00","author":{"@id":"https:\/\/www.visit-ulcinj.com\/blog\/#\/schema\/person\/dcab619c614d3038751c63bc2aadc06d"},"description":"Kryetari I Komun\u00ebs Nazif Cungu\u00a0 me bashk\u00ebpun\u00ebtor\u00eb\u00a0 u takuan me qytetar\u00eb\u00a0 q\u00eb jetojn\u00eb n\u00eb af\u00ebrsi t\u00eb\u00a0 Port Milen\u00ebs. Pasi kishim t\u00eb b\u00ebnim me k\u00ebrkes\u00ebn e tyre","breadcrumb":{"@id":"https:\/\/www.visit-ulcinj.com\/blog\/2016\/08\/26\/cungu-priti-inicjatoret-per-mbylljen-e-kanalit-te-krypores\/#breadcrumb"},"inLanguage":"en-US","potentialAction":[{"@type":"ReadAction","target":["https:\/\/www.visit-ulcinj.com\/blog\/2016\/08\/26\/cungu-priti-inicjatoret-per-mbylljen-e-kanalit-te-krypores\/"]}]},{"@type":"BreadcrumbList","@id":"https:\/\/www.visit-ulcinj.com\/blog\/2016\/08\/26\/cungu-priti-inicjatoret-per-mbylljen-e-kanalit-te-krypores\/#breadcrumb","itemListElement":[{"@type":"ListItem","position":1,"name":"Cungu priti inicjatoret per mbylljen e kanalit te Krypores"}]},{"@type":"Person","@id":"https:\/\/www.visit-ulcinj.com\/blog\/#\/schema\/person\/dcab619c614d3038751c63bc2aadc06d","name":"ulqini","sameAs":["http:\/\/www.visit-ulcinj.com"],"url":"https:\/\/www.visit-ulcinj.com\/blog\/author\/admin\/"}]}},"jetpack_featured_media_url":"","jetpack_sharing_enabled":true,"jetpack_shortlink":"https:\/\/wp.me\/pe6lTn-pOZ","_links":{"self":[{"href":"https:\/\/www.visit-ulcinj.com\/blog\/wp-json\/wp\/v2\/posts\/99261"}],"collection":[{"href":"https:\/\/www.visit-ulcinj.com\/blog\/wp-json\/wp\/v2\/posts"}],"about":[{"href":"https:\/\/www.visit-ulcinj.com\/blog\/wp-json\/wp\/v2\/types\/post"}],"author":[{"embeddable":true,"href":"https:\/\/www.visit-ulcinj.com\/blog\/wp-json\/wp\/v2\/users\/1"}],"replies":[{"embeddable":true,"href":"https:\/\/www.visit-ulcinj.com\/blog\/wp-json\/wp\/v2\/comments?post=99261"}],"version-history":[{"count":1,"href":"https:\/\/www.visit-ulcinj.com\/blog\/wp-json\/wp\/v2\/posts\/99261\/revisions"}],"predecessor-version":[{"id":99263,"href":"https:\/\/www.visit-ulcinj.com\/blog\/wp-json\/wp\/v2\/posts\/99261\/revisions\/99263"}],"wp:attachment":[{"href":"https:\/\/www.visit-ulcinj.com\/blog\/wp-json\/wp\/v2\/media?parent=99261"}],"wp:term":[{"taxonomy":"category","embeddable":true,"href":"https:\/\/www.visit-ulcinj.com\/blog\/wp-json\/wp\/v2\/categories?post=99261"},{"taxonomy":"post_tag","embeddable":true,"href":"https:\/\/www.visit-ulcinj.com\/blog\/wp-json\/wp\/v2\/tags?post=99261"}],"curies":[{"name":"wp","href":"https:\/\/api.w.org\/{rel}","templated":true}]}}