{"id":99264,"date":"2016-08-26T20:39:12","date_gmt":"2016-08-26T19:39:12","guid":{"rendered":"http:\/\/www.visit-ulcinj.com\/blog\/?p=99264"},"modified":"2016-08-26T20:39:12","modified_gmt":"2016-08-26T19:39:12","slug":"cungu-docekao-inicijatore-za-zatvaranje-kanala-solane","status":"publish","type":"post","link":"https:\/\/www.visit-ulcinj.com\/blog\/2016\/08\/26\/cungu-docekao-inicijatore-za-zatvaranje-kanala-solane\/","title":{"rendered":"Cungu do\u010dekao inicijatore za zatvaranje kanala Solane"},"content":{"rendered":"<p><strong><a href=\"http:\/\/www.visit-ulcinj.com\/blog\/wp-content\/uploads\/2016\/08\/Kanali-i-Kripores-Ulqin.jpg\"><img loading=\"lazy\" class=\"alignleft wp-image-99262\" src=\"http:\/\/www.visit-ulcinj.com\/blog\/wp-content\/uploads\/2016\/08\/Kanali-i-Kripores-Ulqin.jpg\" alt=\"Kanali i Kripores-Ulqin\" width=\"508\" height=\"449\" srcset=\"https:\/\/www.visit-ulcinj.com\/blog\/wp-content\/uploads\/2016\/08\/Kanali-i-Kripores-Ulqin.jpg 960w, https:\/\/www.visit-ulcinj.com\/blog\/wp-content\/uploads\/2016\/08\/Kanali-i-Kripores-Ulqin-300x265.jpg 300w, https:\/\/www.visit-ulcinj.com\/blog\/wp-content\/uploads\/2016\/08\/Kanali-i-Kripores-Ulqin-768x679.jpg 768w\" sizes=\"(max-width: 508px) 100vw, 508px\" \/><\/a>Predsjendik Cungu je do\u010dekao inicijatore za zatvaranje kanala Solane<\/strong><\/p>\n<p>Predsjednik Op\u0161tine Ulcinj Nazif Cungu sa svojim saradnicima su do\u010dekali su danas predstavnike gra\u0111ana koji \u017eive pored kanala Solane u naselju \u0110erane. Po\u0161to tema sastanka ima zajedni\u010dkog sa Solanom, na sastanku je prisustvovao i ste\u010dajni upravnik Solane Ognjen Jovovi\u0107. Gra\u0111ani su se zahvalili predsjedniku Op\u0161tine na saradnji kazav\u0161i da su zadovoljni da je njihova inicijativa prihva\u0107ena bolje nego \u0161to su o\u010dekivali.<\/p>\n<p>Osim odre\u0111enih bitnih tema na sastanku je diskutovanu o na\u010dinu rje\u0161avanja problema kanala Solane koji dugi niz godina predstavlja bezbjedonosni problem za gra\u0111ane, turiste i lokalnu samoupravu jer uti\u010de na ote\u017eavanje saobra\u0107aja u tom naselju. Osim navedenog, kanal Solane se pamti i po fatalnim de\u0161avanjima na kojima su izgubljeni ljudski \u017eivoti.\u00a0 Gra\u0111ani ovog naselja su izrazili svoju spremnost da finansijski doprinesu realizaciji ovog projekta koji ne samo da bi omogu\u0107io izgradnju jo\u0161 jedne saobra\u0107ajne trake, ve\u0107 bi pozitivno uticao na bezbjedonosni aspekt. Sa druge strane ste\u010dajni upravnik Solane Ognjen Jovovi\u0107 kazao je da se sla\u017ee da ova inicijativa realizuje u okvirima intreresa Solane tj. Da se odr\u017ei aktuelni kapacitet kanala.<\/p>\n<p>Predsjednik Cungu je kazao da \u0107e se Op\u0161tinske slu\u017ebe ozbiljno baviti sa inicijativom gra\u0111ana i ostalim inicijativama ovakve vrste. Predsjednik je pozdravio ideju za samofinansiranje investicije od strane gra\u0111ana i kazao da \u0107e Op\u0161tina Ulcinj dati svoj doprinos kako finansijski tako i time \u0161to \u0107e gra\u0111ane osloboditi odre\u0111enih komunalija prilikom legalizacije njihovih objekata na tom naselju.\u00a0 U cilju realizacije ove inicijative odre\u0111ene obaveze su preuzeli sekretariati za urbanizam i komunalne poslove te je odlu\u010deno da se odr\u017ee dodatni sastanci sve dok se ne rje\u0161i u interesu svih strana.<\/p>\n","protected":false},"excerpt":{"rendered":"<p>Predsjendik Cungu je do\u010dekao inicijatore za zatvaranje kanala Solane Predsjednik Op\u0161tine Ulcinj Nazif Cungu sa svojim saradnicima su do\u010dekali su danas predstavnike gra\u0111ana koji \u017eive pored kanala Solane u naselju \u0110erane. Po\u0161to tema sastanka ima zajedni\u010dkog sa Solanom, na sastanku je prisustvovao i ste\u010dajni upravnik Solane Ognjen Jovovi\u0107. Gra\u0111ani su se zahvalili predsjedniku Op\u0161tine na [&hellip;]<\/p>\n","protected":false},"author":1,"featured_media":0,"comment_status":"closed","ping_status":"closed","sticky":false,"template":"","format":"standard","meta":{"spay_email":"","jetpack_publicize_message":"","jetpack_is_tweetstorm":false,"jetpack_publicize_feature_enabled":true},"categories":[8337],"tags":[],"jetpack_publicize_connections":[],"yoast_head":"<!-- This site is optimized with the Yoast SEO plugin v19.1 - https:\/\/yoast.com\/wordpress\/plugins\/seo\/ -->\n<title>Cungu do\u010dekao inicijatore za zatvaranje kanala Solane - Lajme nga Ulqini<\/title>\n<meta name=\"description\" content=\"Predsjendik Cungu je do\u010dekao inicijatore za zatvaranje kanala Solane Predsjednik Op\u0161tine Ulcinj Nazif Cungu sa svojim saradnicima su do\u010dekali su danas\" \/>\n<meta name=\"robots\" content=\"index, follow, max-snippet:-1, max-image-preview:large, max-video-preview:-1\" \/>\n<link rel=\"canonical\" href=\"https:\/\/www.visit-ulcinj.com\/blog\/2016\/08\/26\/cungu-docekao-inicijatore-za-zatvaranje-kanala-solane\/\" \/>\n<meta property=\"og:locale\" content=\"en_US\" \/>\n<meta property=\"og:type\" content=\"article\" \/>\n<meta property=\"og:title\" content=\"Cungu do\u010dekao inicijatore za zatvaranje kanala Solane - Lajme nga Ulqini\" \/>\n<meta property=\"og:description\" content=\"Predsjendik Cungu je do\u010dekao inicijatore za zatvaranje kanala Solane Predsjednik Op\u0161tine Ulcinj Nazif Cungu sa svojim saradnicima su do\u010dekali su danas\" \/>\n<meta property=\"og:url\" content=\"https:\/\/www.visit-ulcinj.com\/blog\/2016\/08\/26\/cungu-docekao-inicijatore-za-zatvaranje-kanala-solane\/\" \/>\n<meta property=\"og:site_name\" content=\"Lajme nga Ulqini\" \/>\n<meta property=\"article:published_time\" content=\"2016-08-26T19:39:12+00:00\" \/>\n<meta property=\"og:image\" content=\"http:\/\/www.visit-ulcinj.com\/blog\/wp-content\/uploads\/2016\/08\/Kanali-i-Kripores-Ulqin.jpg\" \/>\n<meta name=\"twitter:label1\" content=\"Written by\" \/>\n\t<meta name=\"twitter:data1\" content=\"ulqini\" \/>\n\t<meta name=\"twitter:label2\" content=\"Est. reading time\" \/>\n\t<meta name=\"twitter:data2\" content=\"2 minutes\" \/>\n<script type=\"application\/ld+json\" class=\"yoast-schema-graph\">{\"@context\":\"https:\/\/schema.org\",\"@graph\":[{\"@type\":\"WebSite\",\"@id\":\"https:\/\/www.visit-ulcinj.com\/blog\/#website\",\"url\":\"https:\/\/www.visit-ulcinj.com\/blog\/\",\"name\":\"Lajme nga Ulqini\",\"description\":\"Lajme,Vijesti,Ulqini,Ulqin,Crna Gora,Mali i Zi\",\"potentialAction\":[{\"@type\":\"SearchAction\",\"target\":{\"@type\":\"EntryPoint\",\"urlTemplate\":\"https:\/\/www.visit-ulcinj.com\/blog\/?s={search_term_string}\"},\"query-input\":\"required name=search_term_string\"}],\"inLanguage\":\"en-US\"},{\"@type\":\"ImageObject\",\"inLanguage\":\"en-US\",\"@id\":\"https:\/\/www.visit-ulcinj.com\/blog\/2016\/08\/26\/cungu-docekao-inicijatore-za-zatvaranje-kanala-solane\/#primaryimage\",\"url\":\"https:\/\/www.visit-ulcinj.com\/blog\/wp-content\/uploads\/2016\/08\/Kanali-i-Kripores-Ulqin.jpg\",\"contentUrl\":\"https:\/\/www.visit-ulcinj.com\/blog\/wp-content\/uploads\/2016\/08\/Kanali-i-Kripores-Ulqin.jpg\",\"width\":960,\"height\":849},{\"@type\":\"WebPage\",\"@id\":\"https:\/\/www.visit-ulcinj.com\/blog\/2016\/08\/26\/cungu-docekao-inicijatore-za-zatvaranje-kanala-solane\/#webpage\",\"url\":\"https:\/\/www.visit-ulcinj.com\/blog\/2016\/08\/26\/cungu-docekao-inicijatore-za-zatvaranje-kanala-solane\/\",\"name\":\"Cungu do\u010dekao inicijatore za zatvaranje kanala Solane - Lajme nga Ulqini\",\"isPartOf\":{\"@id\":\"https:\/\/www.visit-ulcinj.com\/blog\/#website\"},\"primaryImageOfPage\":{\"@id\":\"https:\/\/www.visit-ulcinj.com\/blog\/2016\/08\/26\/cungu-docekao-inicijatore-za-zatvaranje-kanala-solane\/#primaryimage\"},\"datePublished\":\"2016-08-26T19:39:12+00:00\",\"dateModified\":\"2016-08-26T19:39:12+00:00\",\"author\":{\"@id\":\"https:\/\/www.visit-ulcinj.com\/blog\/#\/schema\/person\/dcab619c614d3038751c63bc2aadc06d\"},\"description\":\"Predsjendik Cungu je do\u010dekao inicijatore za zatvaranje kanala Solane Predsjednik Op\u0161tine Ulcinj Nazif Cungu sa svojim saradnicima su do\u010dekali su danas\",\"breadcrumb\":{\"@id\":\"https:\/\/www.visit-ulcinj.com\/blog\/2016\/08\/26\/cungu-docekao-inicijatore-za-zatvaranje-kanala-solane\/#breadcrumb\"},\"inLanguage\":\"en-US\",\"potentialAction\":[{\"@type\":\"ReadAction\",\"target\":[\"https:\/\/www.visit-ulcinj.com\/blog\/2016\/08\/26\/cungu-docekao-inicijatore-za-zatvaranje-kanala-solane\/\"]}]},{\"@type\":\"BreadcrumbList\",\"@id\":\"https:\/\/www.visit-ulcinj.com\/blog\/2016\/08\/26\/cungu-docekao-inicijatore-za-zatvaranje-kanala-solane\/#breadcrumb\",\"itemListElement\":[{\"@type\":\"ListItem\",\"position\":1,\"name\":\"Cungu do\u010dekao inicijatore za zatvaranje kanala Solane\"}]},{\"@type\":\"Person\",\"@id\":\"https:\/\/www.visit-ulcinj.com\/blog\/#\/schema\/person\/dcab619c614d3038751c63bc2aadc06d\",\"name\":\"ulqini\",\"sameAs\":[\"http:\/\/www.visit-ulcinj.com\"],\"url\":\"https:\/\/www.visit-ulcinj.com\/blog\/author\/admin\/\"}]}<\/script>\n<!-- \/ Yoast SEO plugin. -->","yoast_head_json":{"title":"Cungu do\u010dekao inicijatore za zatvaranje kanala Solane - Lajme nga Ulqini","description":"Predsjendik Cungu je do\u010dekao inicijatore za zatvaranje kanala Solane Predsjednik Op\u0161tine Ulcinj Nazif Cungu sa svojim saradnicima su do\u010dekali su danas","robots":{"index":"index","follow":"follow","max-snippet":"max-snippet:-1","max-image-preview":"max-image-preview:large","max-video-preview":"max-video-preview:-1"},"canonical":"https:\/\/www.visit-ulcinj.com\/blog\/2016\/08\/26\/cungu-docekao-inicijatore-za-zatvaranje-kanala-solane\/","og_locale":"en_US","og_type":"article","og_title":"Cungu do\u010dekao inicijatore za zatvaranje kanala Solane - Lajme nga Ulqini","og_description":"Predsjendik Cungu je do\u010dekao inicijatore za zatvaranje kanala Solane Predsjednik Op\u0161tine Ulcinj Nazif Cungu sa svojim saradnicima su do\u010dekali su danas","og_url":"https:\/\/www.visit-ulcinj.com\/blog\/2016\/08\/26\/cungu-docekao-inicijatore-za-zatvaranje-kanala-solane\/","og_site_name":"Lajme nga Ulqini","article_published_time":"2016-08-26T19:39:12+00:00","og_image":[{"url":"http:\/\/www.visit-ulcinj.com\/blog\/wp-content\/uploads\/2016\/08\/Kanali-i-Kripores-Ulqin.jpg"}],"twitter_misc":{"Written by":"ulqini","Est. reading time":"2 minutes"},"schema":{"@context":"https:\/\/schema.org","@graph":[{"@type":"WebSite","@id":"https:\/\/www.visit-ulcinj.com\/blog\/#website","url":"https:\/\/www.visit-ulcinj.com\/blog\/","name":"Lajme nga Ulqini","description":"Lajme,Vijesti,Ulqini,Ulqin,Crna Gora,Mali i Zi","potentialAction":[{"@type":"SearchAction","target":{"@type":"EntryPoint","urlTemplate":"https:\/\/www.visit-ulcinj.com\/blog\/?s={search_term_string}"},"query-input":"required name=search_term_string"}],"inLanguage":"en-US"},{"@type":"ImageObject","inLanguage":"en-US","@id":"https:\/\/www.visit-ulcinj.com\/blog\/2016\/08\/26\/cungu-docekao-inicijatore-za-zatvaranje-kanala-solane\/#primaryimage","url":"https:\/\/www.visit-ulcinj.com\/blog\/wp-content\/uploads\/2016\/08\/Kanali-i-Kripores-Ulqin.jpg","contentUrl":"https:\/\/www.visit-ulcinj.com\/blog\/wp-content\/uploads\/2016\/08\/Kanali-i-Kripores-Ulqin.jpg","width":960,"height":849},{"@type":"WebPage","@id":"https:\/\/www.visit-ulcinj.com\/blog\/2016\/08\/26\/cungu-docekao-inicijatore-za-zatvaranje-kanala-solane\/#webpage","url":"https:\/\/www.visit-ulcinj.com\/blog\/2016\/08\/26\/cungu-docekao-inicijatore-za-zatvaranje-kanala-solane\/","name":"Cungu do\u010dekao inicijatore za zatvaranje kanala Solane - Lajme nga Ulqini","isPartOf":{"@id":"https:\/\/www.visit-ulcinj.com\/blog\/#website"},"primaryImageOfPage":{"@id":"https:\/\/www.visit-ulcinj.com\/blog\/2016\/08\/26\/cungu-docekao-inicijatore-za-zatvaranje-kanala-solane\/#primaryimage"},"datePublished":"2016-08-26T19:39:12+00:00","dateModified":"2016-08-26T19:39:12+00:00","author":{"@id":"https:\/\/www.visit-ulcinj.com\/blog\/#\/schema\/person\/dcab619c614d3038751c63bc2aadc06d"},"description":"Predsjendik Cungu je do\u010dekao inicijatore za zatvaranje kanala Solane Predsjednik Op\u0161tine Ulcinj Nazif Cungu sa svojim saradnicima su do\u010dekali su danas","breadcrumb":{"@id":"https:\/\/www.visit-ulcinj.com\/blog\/2016\/08\/26\/cungu-docekao-inicijatore-za-zatvaranje-kanala-solane\/#breadcrumb"},"inLanguage":"en-US","potentialAction":[{"@type":"ReadAction","target":["https:\/\/www.visit-ulcinj.com\/blog\/2016\/08\/26\/cungu-docekao-inicijatore-za-zatvaranje-kanala-solane\/"]}]},{"@type":"BreadcrumbList","@id":"https:\/\/www.visit-ulcinj.com\/blog\/2016\/08\/26\/cungu-docekao-inicijatore-za-zatvaranje-kanala-solane\/#breadcrumb","itemListElement":[{"@type":"ListItem","position":1,"name":"Cungu do\u010dekao inicijatore za zatvaranje kanala Solane"}]},{"@type":"Person","@id":"https:\/\/www.visit-ulcinj.com\/blog\/#\/schema\/person\/dcab619c614d3038751c63bc2aadc06d","name":"ulqini","sameAs":["http:\/\/www.visit-ulcinj.com"],"url":"https:\/\/www.visit-ulcinj.com\/blog\/author\/admin\/"}]}},"jetpack_featured_media_url":"","jetpack_sharing_enabled":true,"jetpack_shortlink":"https:\/\/wp.me\/pe6lTn-pP2","_links":{"self":[{"href":"https:\/\/www.visit-ulcinj.com\/blog\/wp-json\/wp\/v2\/posts\/99264"}],"collection":[{"href":"https:\/\/www.visit-ulcinj.com\/blog\/wp-json\/wp\/v2\/posts"}],"about":[{"href":"https:\/\/www.visit-ulcinj.com\/blog\/wp-json\/wp\/v2\/types\/post"}],"author":[{"embeddable":true,"href":"https:\/\/www.visit-ulcinj.com\/blog\/wp-json\/wp\/v2\/users\/1"}],"replies":[{"embeddable":true,"href":"https:\/\/www.visit-ulcinj.com\/blog\/wp-json\/wp\/v2\/comments?post=99264"}],"version-history":[{"count":1,"href":"https:\/\/www.visit-ulcinj.com\/blog\/wp-json\/wp\/v2\/posts\/99264\/revisions"}],"predecessor-version":[{"id":99265,"href":"https:\/\/www.visit-ulcinj.com\/blog\/wp-json\/wp\/v2\/posts\/99264\/revisions\/99265"}],"wp:attachment":[{"href":"https:\/\/www.visit-ulcinj.com\/blog\/wp-json\/wp\/v2\/media?parent=99264"}],"wp:term":[{"taxonomy":"category","embeddable":true,"href":"https:\/\/www.visit-ulcinj.com\/blog\/wp-json\/wp\/v2\/categories?post=99264"},{"taxonomy":"post_tag","embeddable":true,"href":"https:\/\/www.visit-ulcinj.com\/blog\/wp-json\/wp\/v2\/tags?post=99264"}],"curies":[{"name":"wp","href":"https:\/\/api.w.org\/{rel}","templated":true}]}}