{"id":99268,"date":"2016-08-26T20:51:06","date_gmt":"2016-08-26T19:51:06","guid":{"rendered":"http:\/\/www.visit-ulcinj.com\/blog\/?p=99268"},"modified":"2016-08-26T20:51:06","modified_gmt":"2016-08-26T19:51:06","slug":"ministria-e-arsimit-e-kosoves-donacion-libra-per-nxenesit-shqiptar-ne-mal-te-zi","status":"publish","type":"post","link":"https:\/\/www.visit-ulcinj.com\/blog\/2016\/08\/26\/ministria-e-arsimit-e-kosoves-donacion-libra-per-nxenesit-shqiptar-ne-mal-te-zi\/","title":{"rendered":"Ministria e Arsimit e Kosov\u00ebs donacion libra p\u00ebr nx\u00ebn\u00ebsit shqiptar n\u00eb Mal t\u00eb Zi"},"content":{"rendered":"<p><strong><a href=\"http:\/\/www.visit-ulcinj.com\/blog\/wp-content\/uploads\/2016\/08\/Nimanbegu-Ministria-e-Arsimit-e-Kosov\u00ebs.jpg\"><img loading=\"lazy\" class=\"alignleft wp-image-99269\" src=\"http:\/\/www.visit-ulcinj.com\/blog\/wp-content\/uploads\/2016\/08\/Nimanbegu-Ministria-e-Arsimit-e-Kosov\u00ebs.jpg\" alt=\"Nimanbegu-Ministria e Arsimit e Kosov\u00ebs\" width=\"508\" height=\"338\" srcset=\"https:\/\/www.visit-ulcinj.com\/blog\/wp-content\/uploads\/2016\/08\/Nimanbegu-Ministria-e-Arsimit-e-Kosov\u00ebs.jpg 929w, https:\/\/www.visit-ulcinj.com\/blog\/wp-content\/uploads\/2016\/08\/Nimanbegu-Ministria-e-Arsimit-e-Kosov\u00ebs-300x200.jpg 300w, https:\/\/www.visit-ulcinj.com\/blog\/wp-content\/uploads\/2016\/08\/Nimanbegu-Ministria-e-Arsimit-e-Kosov\u00ebs-768x511.jpg 768w\" sizes=\"(max-width: 508px) 100vw, 508px\" \/><\/a>K\u00cbSHILLI KOMB\u00cbTAR I SHQIPTAR\u00cbVE N\u00cb MALIN E ZI<\/strong><br \/>\n&gt;<strong>NACIONALNI SAVJET ALBANACA U CRNOJ GORI<\/strong><br \/>\n<strong>ALBANIAN\u00a0 NATIONAL COUNCIL IN MONTENEGRO<\/strong><br \/>\n<strong>Nr. 164\/16<\/strong><br \/>\n<strong>Ulqin, m\u00eb 26.08. 2016<\/strong><\/p>\n<p><strong>\u00a0<\/strong><\/p>\n<p style=\"text-align: center;\"><strong>DEKLARAT<\/strong><strong>\u00cb P\u00cbR SHTYP <\/strong><\/p>\n<p>&nbsp;<\/p>\n<p>K\u00ebshilli Komb\u00ebtar i Shqiptar\u00ebve n\u00eb Mal t\u00eb Zi ka pranuar sot donacion nga Ministria e Arsimit, e Shkenc\u00ebs dhe e Teknologjis\u00eb e Republik\u00ebs s\u00eb Kosov\u00ebs, librat: \u201cAbetare\u201d, \u201cAbetare Pune\u201d dhe \u201cLib\u00ebr p\u00ebr m\u00ebsuesin\u201d. Me k\u00ebto libra, nx\u00ebn\u00ebsit dhe m\u00ebsimdh\u00ebn\u00ebsit shqiptar\u00eb nga Kosova dhe Shqip\u00ebria, punojn\u00eb prej disa vitesh. Tashm\u00eb edhe nx\u00ebn\u00ebsit dhe m\u00ebsimdh\u00ebn\u00ebsit shqiptar\u00eb n\u00eb Mal t\u00eb Zi, kan\u00eb mund\u00ebsi t\u00eb punojn\u00eb me t\u00eb nj\u00ebjtat mjete pune.<\/p>\n<p>Donacionin, kryetarit t\u00eb KKSH-s\u00eb, z. Genci Nimanbegut, ia ka dor\u00ebzuar n\u00eb em\u00ebr t\u00eb MASHT-it, z\u00ebvend\u00ebsministri, z. Agim B\u00ebrdyna.<\/p>\n<p>Kryetari Nimanbegu e ka falenderuar MASHT-in p\u00ebr donacionin e b\u00ebr\u00eb, duke shprehur k\u00ebnaq\u00ebsin\u00eb q\u00eb nx\u00ebn\u00ebsve tan\u00eb u \u00ebsht\u00eb dh\u00ebn\u00eb mund\u00ebsia q\u00eb tani e tutje t\u00eb m\u00ebsojn\u00eb nga nj\u00eb abetare e vetme, e unifikuar p\u00ebr t\u00eb gjith\u00eb shqiptar\u00ebt.<\/p>\n<p>KKSH-ja, n\u00eb vazhdim\u00ebsi, do b\u00ebj\u00eb shp\u00ebrndarjen e librave p\u00ebr secilin nx\u00ebn\u00ebs dhe m\u00ebsimdh\u00ebn\u00ebs n\u00eb shkollat me m\u00ebsim n\u00eb gjuh\u00ebn shqipe.<\/p>\n<p>Sh\u00ebrbimi p\u00ebr informim<br \/>\n<strong>K\u00cbSHILLI KOMB\u00cbTAR I SHQIPTAR\u00cbVE N\u00cb MAL T\u00cb ZI &#8211; ALBANIAN NATIONAL COUNCIL IN MONTENEGRO<\/strong><strong><br \/>\n<\/strong><strong>Mali i Zi<\/strong><strong> \u2013 Crna Gora \u2013 Montenegro, 85360 Ulqin-Ulcinj, bul. Gjergj Kastrioti Sk\u00ebnderbeu p.n.,<br \/>\nTel\/Fax +382 30 411 302, mob. +382 67 747 707,\u00a0 +382 69 333 663<br \/>\nWeb: www.knsh.me ,\u00a0 E-mail: knsh@t-com.me<\/strong><\/p>\n","protected":false},"excerpt":{"rendered":"<p>K\u00cbSHILLI KOMB\u00cbTAR I SHQIPTAR\u00cbVE N\u00cb MALIN E ZI &gt;NACIONALNI SAVJET ALBANACA U CRNOJ GORI ALBANIAN\u00a0 NATIONAL COUNCIL IN MONTENEGRO Nr. 164\/16 Ulqin, m\u00eb 26.08. 2016 \u00a0 DEKLARAT\u00cb P\u00cbR SHTYP &nbsp; K\u00ebshilli Komb\u00ebtar i Shqiptar\u00ebve n\u00eb Mal t\u00eb Zi ka pranuar sot donacion nga Ministria e Arsimit, e Shkenc\u00ebs dhe e Teknologjis\u00eb e Republik\u00ebs s\u00eb Kosov\u00ebs, [&hellip;]<\/p>\n","protected":false},"author":1,"featured_media":0,"comment_status":"closed","ping_status":"closed","sticky":false,"template":"","format":"standard","meta":{"spay_email":"","jetpack_publicize_message":"","jetpack_is_tweetstorm":false,"jetpack_publicize_feature_enabled":true},"categories":[6950],"tags":[],"jetpack_publicize_connections":[],"yoast_head":"<!-- This site is optimized with the Yoast SEO plugin v19.1 - https:\/\/yoast.com\/wordpress\/plugins\/seo\/ -->\n<title>Ministria e Arsimit e Kosov\u00ebs donacion libra p\u00ebr nx\u00ebn\u00ebsit shqiptar n\u00eb Mal t\u00eb Zi - Lajme nga Ulqini<\/title>\n<meta name=\"description\" content=\"K\u00cbSHILLI KOMB\u00cbTAR I SHQIPTAR\u00cbVE N\u00cb MALIN E ZI &gt;NACIONALNI SAVJET ALBANACA U CRNOJ GORI ALBANIAN\u00a0 NATIONAL COUNCIL IN MONTENEGRO Nr. 164\/16 Ulqin, m\u00eb\" \/>\n<meta name=\"robots\" content=\"index, follow, max-snippet:-1, max-image-preview:large, max-video-preview:-1\" \/>\n<link rel=\"canonical\" href=\"https:\/\/www.visit-ulcinj.com\/blog\/2016\/08\/26\/ministria-e-arsimit-e-kosoves-donacion-libra-per-nxenesit-shqiptar-ne-mal-te-zi\/\" \/>\n<meta property=\"og:locale\" content=\"en_US\" \/>\n<meta property=\"og:type\" content=\"article\" \/>\n<meta property=\"og:title\" content=\"Ministria e Arsimit e Kosov\u00ebs donacion libra p\u00ebr nx\u00ebn\u00ebsit shqiptar n\u00eb Mal t\u00eb Zi - Lajme nga Ulqini\" \/>\n<meta property=\"og:description\" content=\"K\u00cbSHILLI KOMB\u00cbTAR I SHQIPTAR\u00cbVE N\u00cb MALIN E ZI &gt;NACIONALNI SAVJET ALBANACA U CRNOJ GORI ALBANIAN\u00a0 NATIONAL COUNCIL IN MONTENEGRO Nr. 164\/16 Ulqin, m\u00eb\" \/>\n<meta property=\"og:url\" content=\"https:\/\/www.visit-ulcinj.com\/blog\/2016\/08\/26\/ministria-e-arsimit-e-kosoves-donacion-libra-per-nxenesit-shqiptar-ne-mal-te-zi\/\" \/>\n<meta property=\"og:site_name\" content=\"Lajme nga Ulqini\" \/>\n<meta property=\"article:published_time\" content=\"2016-08-26T19:51:06+00:00\" \/>\n<meta name=\"twitter:label1\" content=\"Written by\" \/>\n\t<meta name=\"twitter:data1\" content=\"ulqini\" \/>\n\t<meta name=\"twitter:label2\" content=\"Est. reading time\" \/>\n\t<meta name=\"twitter:data2\" content=\"1 minute\" \/>\n<script type=\"application\/ld+json\" class=\"yoast-schema-graph\">{\"@context\":\"https:\/\/schema.org\",\"@graph\":[{\"@type\":\"WebSite\",\"@id\":\"https:\/\/www.visit-ulcinj.com\/blog\/#website\",\"url\":\"https:\/\/www.visit-ulcinj.com\/blog\/\",\"name\":\"Lajme nga Ulqini\",\"description\":\"Lajme,Vijesti,Ulqini,Ulqin,Crna Gora,Mali i Zi\",\"potentialAction\":[{\"@type\":\"SearchAction\",\"target\":{\"@type\":\"EntryPoint\",\"urlTemplate\":\"https:\/\/www.visit-ulcinj.com\/blog\/?s={search_term_string}\"},\"query-input\":\"required name=search_term_string\"}],\"inLanguage\":\"en-US\"},{\"@type\":\"WebPage\",\"@id\":\"https:\/\/www.visit-ulcinj.com\/blog\/2016\/08\/26\/ministria-e-arsimit-e-kosoves-donacion-libra-per-nxenesit-shqiptar-ne-mal-te-zi\/#webpage\",\"url\":\"https:\/\/www.visit-ulcinj.com\/blog\/2016\/08\/26\/ministria-e-arsimit-e-kosoves-donacion-libra-per-nxenesit-shqiptar-ne-mal-te-zi\/\",\"name\":\"Ministria e Arsimit e Kosov\u00ebs donacion libra p\u00ebr nx\u00ebn\u00ebsit shqiptar n\u00eb Mal t\u00eb Zi - Lajme nga Ulqini\",\"isPartOf\":{\"@id\":\"https:\/\/www.visit-ulcinj.com\/blog\/#website\"},\"datePublished\":\"2016-08-26T19:51:06+00:00\",\"dateModified\":\"2016-08-26T19:51:06+00:00\",\"author\":{\"@id\":\"https:\/\/www.visit-ulcinj.com\/blog\/#\/schema\/person\/dcab619c614d3038751c63bc2aadc06d\"},\"description\":\"K\u00cbSHILLI KOMB\u00cbTAR I SHQIPTAR\u00cbVE N\u00cb MALIN E ZI &gt;NACIONALNI SAVJET ALBANACA U CRNOJ GORI ALBANIAN\u00a0 NATIONAL COUNCIL IN MONTENEGRO Nr. 164\/16 Ulqin, m\u00eb\",\"breadcrumb\":{\"@id\":\"https:\/\/www.visit-ulcinj.com\/blog\/2016\/08\/26\/ministria-e-arsimit-e-kosoves-donacion-libra-per-nxenesit-shqiptar-ne-mal-te-zi\/#breadcrumb\"},\"inLanguage\":\"en-US\",\"potentialAction\":[{\"@type\":\"ReadAction\",\"target\":[\"https:\/\/www.visit-ulcinj.com\/blog\/2016\/08\/26\/ministria-e-arsimit-e-kosoves-donacion-libra-per-nxenesit-shqiptar-ne-mal-te-zi\/\"]}]},{\"@type\":\"BreadcrumbList\",\"@id\":\"https:\/\/www.visit-ulcinj.com\/blog\/2016\/08\/26\/ministria-e-arsimit-e-kosoves-donacion-libra-per-nxenesit-shqiptar-ne-mal-te-zi\/#breadcrumb\",\"itemListElement\":[{\"@type\":\"ListItem\",\"position\":1,\"name\":\"Ministria e Arsimit e Kosov\u00ebs donacion libra p\u00ebr nx\u00ebn\u00ebsit shqiptar n\u00eb Mal t\u00eb Zi\"}]},{\"@type\":\"Person\",\"@id\":\"https:\/\/www.visit-ulcinj.com\/blog\/#\/schema\/person\/dcab619c614d3038751c63bc2aadc06d\",\"name\":\"ulqini\",\"sameAs\":[\"http:\/\/www.visit-ulcinj.com\"],\"url\":\"https:\/\/www.visit-ulcinj.com\/blog\/author\/admin\/\"}]}<\/script>\n<!-- \/ Yoast SEO plugin. -->","yoast_head_json":{"title":"Ministria e Arsimit e Kosov\u00ebs donacion libra p\u00ebr nx\u00ebn\u00ebsit shqiptar n\u00eb Mal t\u00eb Zi - Lajme nga Ulqini","description":"K\u00cbSHILLI KOMB\u00cbTAR I SHQIPTAR\u00cbVE N\u00cb MALIN E ZI &gt;NACIONALNI SAVJET ALBANACA U CRNOJ GORI ALBANIAN\u00a0 NATIONAL COUNCIL IN MONTENEGRO Nr. 164\/16 Ulqin, m\u00eb","robots":{"index":"index","follow":"follow","max-snippet":"max-snippet:-1","max-image-preview":"max-image-preview:large","max-video-preview":"max-video-preview:-1"},"canonical":"https:\/\/www.visit-ulcinj.com\/blog\/2016\/08\/26\/ministria-e-arsimit-e-kosoves-donacion-libra-per-nxenesit-shqiptar-ne-mal-te-zi\/","og_locale":"en_US","og_type":"article","og_title":"Ministria e Arsimit e Kosov\u00ebs donacion libra p\u00ebr nx\u00ebn\u00ebsit shqiptar n\u00eb Mal t\u00eb Zi - Lajme nga Ulqini","og_description":"K\u00cbSHILLI KOMB\u00cbTAR I SHQIPTAR\u00cbVE N\u00cb MALIN E ZI &gt;NACIONALNI SAVJET ALBANACA U CRNOJ GORI ALBANIAN\u00a0 NATIONAL COUNCIL IN MONTENEGRO Nr. 164\/16 Ulqin, m\u00eb","og_url":"https:\/\/www.visit-ulcinj.com\/blog\/2016\/08\/26\/ministria-e-arsimit-e-kosoves-donacion-libra-per-nxenesit-shqiptar-ne-mal-te-zi\/","og_site_name":"Lajme nga Ulqini","article_published_time":"2016-08-26T19:51:06+00:00","twitter_misc":{"Written by":"ulqini","Est. reading time":"1 minute"},"schema":{"@context":"https:\/\/schema.org","@graph":[{"@type":"WebSite","@id":"https:\/\/www.visit-ulcinj.com\/blog\/#website","url":"https:\/\/www.visit-ulcinj.com\/blog\/","name":"Lajme nga Ulqini","description":"Lajme,Vijesti,Ulqini,Ulqin,Crna Gora,Mali i Zi","potentialAction":[{"@type":"SearchAction","target":{"@type":"EntryPoint","urlTemplate":"https:\/\/www.visit-ulcinj.com\/blog\/?s={search_term_string}"},"query-input":"required name=search_term_string"}],"inLanguage":"en-US"},{"@type":"WebPage","@id":"https:\/\/www.visit-ulcinj.com\/blog\/2016\/08\/26\/ministria-e-arsimit-e-kosoves-donacion-libra-per-nxenesit-shqiptar-ne-mal-te-zi\/#webpage","url":"https:\/\/www.visit-ulcinj.com\/blog\/2016\/08\/26\/ministria-e-arsimit-e-kosoves-donacion-libra-per-nxenesit-shqiptar-ne-mal-te-zi\/","name":"Ministria e Arsimit e Kosov\u00ebs donacion libra p\u00ebr nx\u00ebn\u00ebsit shqiptar n\u00eb Mal t\u00eb Zi - Lajme nga Ulqini","isPartOf":{"@id":"https:\/\/www.visit-ulcinj.com\/blog\/#website"},"datePublished":"2016-08-26T19:51:06+00:00","dateModified":"2016-08-26T19:51:06+00:00","author":{"@id":"https:\/\/www.visit-ulcinj.com\/blog\/#\/schema\/person\/dcab619c614d3038751c63bc2aadc06d"},"description":"K\u00cbSHILLI KOMB\u00cbTAR I SHQIPTAR\u00cbVE N\u00cb MALIN E ZI &gt;NACIONALNI SAVJET ALBANACA U CRNOJ GORI ALBANIAN\u00a0 NATIONAL COUNCIL IN MONTENEGRO Nr. 164\/16 Ulqin, m\u00eb","breadcrumb":{"@id":"https:\/\/www.visit-ulcinj.com\/blog\/2016\/08\/26\/ministria-e-arsimit-e-kosoves-donacion-libra-per-nxenesit-shqiptar-ne-mal-te-zi\/#breadcrumb"},"inLanguage":"en-US","potentialAction":[{"@type":"ReadAction","target":["https:\/\/www.visit-ulcinj.com\/blog\/2016\/08\/26\/ministria-e-arsimit-e-kosoves-donacion-libra-per-nxenesit-shqiptar-ne-mal-te-zi\/"]}]},{"@type":"BreadcrumbList","@id":"https:\/\/www.visit-ulcinj.com\/blog\/2016\/08\/26\/ministria-e-arsimit-e-kosoves-donacion-libra-per-nxenesit-shqiptar-ne-mal-te-zi\/#breadcrumb","itemListElement":[{"@type":"ListItem","position":1,"name":"Ministria e Arsimit e Kosov\u00ebs donacion libra p\u00ebr nx\u00ebn\u00ebsit shqiptar n\u00eb Mal t\u00eb Zi"}]},{"@type":"Person","@id":"https:\/\/www.visit-ulcinj.com\/blog\/#\/schema\/person\/dcab619c614d3038751c63bc2aadc06d","name":"ulqini","sameAs":["http:\/\/www.visit-ulcinj.com"],"url":"https:\/\/www.visit-ulcinj.com\/blog\/author\/admin\/"}]}},"jetpack_featured_media_url":"","jetpack_sharing_enabled":true,"jetpack_shortlink":"https:\/\/wp.me\/pe6lTn-pP6","_links":{"self":[{"href":"https:\/\/www.visit-ulcinj.com\/blog\/wp-json\/wp\/v2\/posts\/99268"}],"collection":[{"href":"https:\/\/www.visit-ulcinj.com\/blog\/wp-json\/wp\/v2\/posts"}],"about":[{"href":"https:\/\/www.visit-ulcinj.com\/blog\/wp-json\/wp\/v2\/types\/post"}],"author":[{"embeddable":true,"href":"https:\/\/www.visit-ulcinj.com\/blog\/wp-json\/wp\/v2\/users\/1"}],"replies":[{"embeddable":true,"href":"https:\/\/www.visit-ulcinj.com\/blog\/wp-json\/wp\/v2\/comments?post=99268"}],"version-history":[{"count":1,"href":"https:\/\/www.visit-ulcinj.com\/blog\/wp-json\/wp\/v2\/posts\/99268\/revisions"}],"predecessor-version":[{"id":99270,"href":"https:\/\/www.visit-ulcinj.com\/blog\/wp-json\/wp\/v2\/posts\/99268\/revisions\/99270"}],"wp:attachment":[{"href":"https:\/\/www.visit-ulcinj.com\/blog\/wp-json\/wp\/v2\/media?parent=99268"}],"wp:term":[{"taxonomy":"category","embeddable":true,"href":"https:\/\/www.visit-ulcinj.com\/blog\/wp-json\/wp\/v2\/categories?post=99268"},{"taxonomy":"post_tag","embeddable":true,"href":"https:\/\/www.visit-ulcinj.com\/blog\/wp-json\/wp\/v2\/tags?post=99268"}],"curies":[{"name":"wp","href":"https:\/\/api.w.org\/{rel}","templated":true}]}}