{"id":99272,"date":"2016-08-27T14:30:54","date_gmt":"2016-08-27T13:30:54","guid":{"rendered":"http:\/\/www.visit-ulcinj.com\/blog\/?p=99272"},"modified":"2016-08-29T09:01:50","modified_gmt":"2016-08-29T08:01:50","slug":"apel-per-te-ndihmuar-zjarr-ne-malin-e-bardhe-te-ulqinit-video","status":"publish","type":"post","link":"https:\/\/www.visit-ulcinj.com\/blog\/2016\/08\/27\/apel-per-te-ndihmuar-zjarr-ne-malin-e-bardhe-te-ulqinit-video\/","title":{"rendered":"Apel p\u00ebr t\u00eb ndihmuar: Zjarr n\u00eb malin e bardh\u00eb te Ulqinit &#8211; Video"},"content":{"rendered":"<p><a href=\"http:\/\/www.visit-ulcinj.com\/blog\/wp-content\/uploads\/2016\/08\/Zjarr-n\u00eb-malin-e-Bardh\u00eb-te-Ulqinit-1.jpg\"><img loading=\"lazy\" class=\"alignleft wp-image-99277\" src=\"http:\/\/www.visit-ulcinj.com\/blog\/wp-content\/uploads\/2016\/08\/Zjarr-n\u00eb-malin-e-Bardh\u00eb-te-Ulqinit-1.jpg\" alt=\"Zjarr n\u00eb malin e Bardh\u00eb te Ulqinit-1\" width=\"508\" height=\"381\" srcset=\"https:\/\/www.visit-ulcinj.com\/blog\/wp-content\/uploads\/2016\/08\/Zjarr-n\u00eb-malin-e-Bardh\u00eb-te-Ulqinit-1.jpg 960w, https:\/\/www.visit-ulcinj.com\/blog\/wp-content\/uploads\/2016\/08\/Zjarr-n\u00eb-malin-e-Bardh\u00eb-te-Ulqinit-1-300x225.jpg 300w, https:\/\/www.visit-ulcinj.com\/blog\/wp-content\/uploads\/2016\/08\/Zjarr-n\u00eb-malin-e-Bardh\u00eb-te-Ulqinit-1-768x576.jpg 768w\" sizes=\"(max-width: 508px) 100vw, 508px\" \/><\/a><strong>Ju lutemi shp\u00ebrdani lajmin<\/strong><\/p>\n<p>Ka vazhduar edhe sot p\u00ebrfshirja nga zjarri e maleve n\u00eb Ulqin, duke shkaktuar k\u00ebshtu panik dhe pasiguri sidomos te turist\u00ebt.<\/p>\n<p>N\u00eb nj\u00eb video t\u00eb siguruar nga Indeksonline, mund t\u00eb shihet tymi i madh i shkaktuar nga zjarri.<\/p>\n<p><span class=\"_5yl5\">Zjarri eshte shume afer shtepive dhe pylli i pishave qe digjet shpejt&#8230; Shume shtepi jan ne rrezik, prandaj bem Apel p\u00ebr t\u00eb ndihmuar <span class=\"st\">Zjarrfiksat<\/span> e Ulqinit.<br \/>\n<\/span><\/p>\n<p><a href=\"http:\/\/www.visit-ulcinj.com\/blog\/wp-content\/uploads\/2016\/08\/Zjarr-n\u00eb-malin-e-Bardh\u00eb-te-Ulqinit.jpg\"><img loading=\"lazy\" class=\"alignleft wp-image-99275\" src=\"http:\/\/www.visit-ulcinj.com\/blog\/wp-content\/uploads\/2016\/08\/Zjarr-n\u00eb-malin-e-Bardh\u00eb-te-Ulqinit.jpg\" alt=\"Zjarr n\u00eb malin e Bardh\u00eb te Ulqinit\" width=\"508\" height=\"677\" srcset=\"https:\/\/www.visit-ulcinj.com\/blog\/wp-content\/uploads\/2016\/08\/Zjarr-n\u00eb-malin-e-Bardh\u00eb-te-Ulqinit.jpg 240w, https:\/\/www.visit-ulcinj.com\/blog\/wp-content\/uploads\/2016\/08\/Zjarr-n\u00eb-malin-e-Bardh\u00eb-te-Ulqinit-225x300.jpg 225w\" sizes=\"(max-width: 508px) 100vw, 508px\" \/><\/a><strong>Happening now!!!there are houses in jeopardy, the entire area!!!Canadair firefighters needed immediately!<\/strong>!<\/p>\n<!--YouTube Error: bad URL entered-->\n<p>M\u00eb posht\u00eb keni videon.<\/p>\n<p><iframe loading=\"lazy\" src=\"\/\/www.dailymotion.com\/embed\/video\/x4qlzdy?autoPlay=1\" width=\"508\" height=\"330\" frameborder=\"0\" allowfullscreen=\"allowfullscreen\"><\/iframe><\/p>\n<p><a href=\"http:\/\/www.visit-ulcinj.com\/blog\/wp-content\/uploads\/2016\/08\/Zjarr-n\u00eb-malin-e-Bardh\u00eb-te-Ulqinit-4.jpg\"><img loading=\"lazy\" class=\"alignleft wp-image-99284\" src=\"http:\/\/www.visit-ulcinj.com\/blog\/wp-content\/uploads\/2016\/08\/Zjarr-n\u00eb-malin-e-Bardh\u00eb-te-Ulqinit-4.jpg\" alt=\"Zjarr n\u00eb malin e Bardh\u00eb te Ulqinit-4\" width=\"508\" height=\"381\" srcset=\"https:\/\/www.visit-ulcinj.com\/blog\/wp-content\/uploads\/2016\/08\/Zjarr-n\u00eb-malin-e-Bardh\u00eb-te-Ulqinit-4.jpg 999w, https:\/\/www.visit-ulcinj.com\/blog\/wp-content\/uploads\/2016\/08\/Zjarr-n\u00eb-malin-e-Bardh\u00eb-te-Ulqinit-4-300x225.jpg 300w, https:\/\/www.visit-ulcinj.com\/blog\/wp-content\/uploads\/2016\/08\/Zjarr-n\u00eb-malin-e-Bardh\u00eb-te-Ulqinit-4-768x576.jpg 768w\" sizes=\"(max-width: 508px) 100vw, 508px\" \/><\/a><br \/>\nVAZHDIM NGA PORTALI UL.INFO<\/p>\n<p>Sot rreth ores 11 shpertheu zjarri ne Mal te bardh i cili fillimisht i perhepur nga era veriore, e pastaj ajo perendimore u perhap shpejt.<\/p>\n<p>Ne kete moment ai po rrezikon shtepite ne pjesen lindore te Malit te bardh, gjersa zjarrfikesit e Ulqini me perkrahjen e kolegeve nga Tivari po bejne lufte te jashtezakonshme qe te ndalojne zjarrin.<\/p>\n<p>Ne ndihme erdhi edhe aeroplani per fikjen e zjarrit.<\/p>\n<p>Nga Shebimi i mbrojtjes apelojne per ndihme tek qytetaret.<\/p>\n<p><a href=\"http:\/\/www.visit-ulcinj.com\/blog\/wp-content\/uploads\/2016\/08\/Zjarr-n\u00eb-malin-e-Bardh\u00eb-te-Ulqinit-2.jpg\"><img loading=\"lazy\" class=\"alignleft wp-image-99280\" src=\"http:\/\/www.visit-ulcinj.com\/blog\/wp-content\/uploads\/2016\/08\/Zjarr-n\u00eb-malin-e-Bardh\u00eb-te-Ulqinit-2.jpg\" alt=\"Zjarr n\u00eb malin e Bardh\u00eb te Ulqinit-2\" width=\"508\" height=\"285\" srcset=\"https:\/\/www.visit-ulcinj.com\/blog\/wp-content\/uploads\/2016\/08\/Zjarr-n\u00eb-malin-e-Bardh\u00eb-te-Ulqinit-2.jpg 480w, https:\/\/www.visit-ulcinj.com\/blog\/wp-content\/uploads\/2016\/08\/Zjarr-n\u00eb-malin-e-Bardh\u00eb-te-Ulqinit-2-300x168.jpg 300w\" sizes=\"(max-width: 508px) 100vw, 508px\" \/><\/a><\/p>\n<p><a href=\"http:\/\/www.visit-ulcinj.com\/blog\/wp-content\/uploads\/2016\/08\/Zjarr-n\u00eb-malin-e-Bardh\u00eb-te-Ulqinit-3.jpg\"><img loading=\"lazy\" class=\"alignleft wp-image-99281\" src=\"http:\/\/www.visit-ulcinj.com\/blog\/wp-content\/uploads\/2016\/08\/Zjarr-n\u00eb-malin-e-Bardh\u00eb-te-Ulqinit-3.jpg\" alt=\"Zjarr n\u00eb malin e Bardh\u00eb te Ulqinit-3\" width=\"508\" height=\"380\" \/><\/a><\/p>\n","protected":false},"excerpt":{"rendered":"<p>Ju lutemi shp\u00ebrdani lajmin Ka vazhduar edhe sot p\u00ebrfshirja nga zjarri e maleve n\u00eb Ulqin, duke shkaktuar k\u00ebshtu panik dhe pasiguri sidomos te turist\u00ebt. N\u00eb nj\u00eb video t\u00eb siguruar nga Indeksonline, mund t\u00eb shihet tymi i madh i shkaktuar nga zjarri. Zjarri eshte shume afer shtepive dhe pylli i pishave qe digjet shpejt&#8230; Shume shtepi [&hellip;]<\/p>\n","protected":false},"author":1,"featured_media":0,"comment_status":"closed","ping_status":"closed","sticky":false,"template":"","format":"standard","meta":{"spay_email":"","jetpack_publicize_message":"","jetpack_is_tweetstorm":false,"jetpack_publicize_feature_enabled":true},"categories":[1,11],"tags":[],"jetpack_publicize_connections":[],"yoast_head":"<!-- This site is optimized with the Yoast SEO plugin v19.1 - https:\/\/yoast.com\/wordpress\/plugins\/seo\/ -->\n<title>Apel p\u00ebr t\u00eb ndihmuar: Zjarr n\u00eb malin e bardh\u00eb te Ulqinit - Video - Lajme nga Ulqini<\/title>\n<meta name=\"description\" content=\"Ju lutemi shp\u00ebrdani lajmin Ka vazhduar edhe sot p\u00ebrfshirja nga zjarri e maleve n\u00eb Ulqin, duke shkaktuar k\u00ebshtu panik dhe pasiguri sidomos te turist\u00ebt. N\u00eb\" \/>\n<meta name=\"robots\" content=\"index, follow, max-snippet:-1, max-image-preview:large, max-video-preview:-1\" \/>\n<link rel=\"canonical\" href=\"https:\/\/www.visit-ulcinj.com\/blog\/2016\/08\/27\/apel-per-te-ndihmuar-zjarr-ne-malin-e-bardhe-te-ulqinit-video\/\" \/>\n<meta property=\"og:locale\" content=\"en_US\" \/>\n<meta property=\"og:type\" content=\"article\" \/>\n<meta property=\"og:title\" content=\"Apel p\u00ebr t\u00eb ndihmuar: Zjarr n\u00eb malin e bardh\u00eb te Ulqinit - Video - Lajme nga Ulqini\" \/>\n<meta property=\"og:description\" content=\"Ju lutemi shp\u00ebrdani lajmin Ka vazhduar edhe sot p\u00ebrfshirja nga zjarri e maleve n\u00eb Ulqin, duke shkaktuar k\u00ebshtu panik dhe pasiguri sidomos te turist\u00ebt. N\u00eb\" \/>\n<meta property=\"og:url\" content=\"https:\/\/www.visit-ulcinj.com\/blog\/2016\/08\/27\/apel-per-te-ndihmuar-zjarr-ne-malin-e-bardhe-te-ulqinit-video\/\" \/>\n<meta property=\"og:site_name\" content=\"Lajme nga Ulqini\" \/>\n<meta property=\"article:published_time\" content=\"2016-08-27T13:30:54+00:00\" \/>\n<meta property=\"article:modified_time\" content=\"2016-08-29T08:01:50+00:00\" \/>\n<meta name=\"twitter:label1\" content=\"Written by\" \/>\n\t<meta name=\"twitter:data1\" content=\"ulqini\" \/>\n\t<meta name=\"twitter:label2\" content=\"Est. reading time\" \/>\n\t<meta name=\"twitter:data2\" content=\"1 minute\" \/>\n<script type=\"application\/ld+json\" class=\"yoast-schema-graph\">{\"@context\":\"https:\/\/schema.org\",\"@graph\":[{\"@type\":\"WebSite\",\"@id\":\"https:\/\/www.visit-ulcinj.com\/blog\/#website\",\"url\":\"https:\/\/www.visit-ulcinj.com\/blog\/\",\"name\":\"Lajme nga Ulqini\",\"description\":\"Lajme,Vijesti,Ulqini,Ulqin,Crna Gora,Mali i Zi\",\"potentialAction\":[{\"@type\":\"SearchAction\",\"target\":{\"@type\":\"EntryPoint\",\"urlTemplate\":\"https:\/\/www.visit-ulcinj.com\/blog\/?s={search_term_string}\"},\"query-input\":\"required name=search_term_string\"}],\"inLanguage\":\"en-US\"},{\"@type\":\"WebPage\",\"@id\":\"https:\/\/www.visit-ulcinj.com\/blog\/2016\/08\/27\/apel-per-te-ndihmuar-zjarr-ne-malin-e-bardhe-te-ulqinit-video\/#webpage\",\"url\":\"https:\/\/www.visit-ulcinj.com\/blog\/2016\/08\/27\/apel-per-te-ndihmuar-zjarr-ne-malin-e-bardhe-te-ulqinit-video\/\",\"name\":\"Apel p\u00ebr t\u00eb ndihmuar: Zjarr n\u00eb malin e bardh\u00eb te Ulqinit - Video - Lajme nga Ulqini\",\"isPartOf\":{\"@id\":\"https:\/\/www.visit-ulcinj.com\/blog\/#website\"},\"datePublished\":\"2016-08-27T13:30:54+00:00\",\"dateModified\":\"2016-08-29T08:01:50+00:00\",\"author\":{\"@id\":\"https:\/\/www.visit-ulcinj.com\/blog\/#\/schema\/person\/dcab619c614d3038751c63bc2aadc06d\"},\"description\":\"Ju lutemi shp\u00ebrdani lajmin Ka vazhduar edhe sot p\u00ebrfshirja nga zjarri e maleve n\u00eb Ulqin, duke shkaktuar k\u00ebshtu panik dhe pasiguri sidomos te turist\u00ebt. N\u00eb\",\"breadcrumb\":{\"@id\":\"https:\/\/www.visit-ulcinj.com\/blog\/2016\/08\/27\/apel-per-te-ndihmuar-zjarr-ne-malin-e-bardhe-te-ulqinit-video\/#breadcrumb\"},\"inLanguage\":\"en-US\",\"potentialAction\":[{\"@type\":\"ReadAction\",\"target\":[\"https:\/\/www.visit-ulcinj.com\/blog\/2016\/08\/27\/apel-per-te-ndihmuar-zjarr-ne-malin-e-bardhe-te-ulqinit-video\/\"]}]},{\"@type\":\"BreadcrumbList\",\"@id\":\"https:\/\/www.visit-ulcinj.com\/blog\/2016\/08\/27\/apel-per-te-ndihmuar-zjarr-ne-malin-e-bardhe-te-ulqinit-video\/#breadcrumb\",\"itemListElement\":[{\"@type\":\"ListItem\",\"position\":1,\"name\":\"Apel p\u00ebr t\u00eb ndihmuar: Zjarr n\u00eb malin e bardh\u00eb te Ulqinit &#8211; Video\"}]},{\"@type\":\"Person\",\"@id\":\"https:\/\/www.visit-ulcinj.com\/blog\/#\/schema\/person\/dcab619c614d3038751c63bc2aadc06d\",\"name\":\"ulqini\",\"sameAs\":[\"http:\/\/www.visit-ulcinj.com\"],\"url\":\"https:\/\/www.visit-ulcinj.com\/blog\/author\/admin\/\"}]}<\/script>\n<!-- \/ Yoast SEO plugin. -->","yoast_head_json":{"title":"Apel p\u00ebr t\u00eb ndihmuar: Zjarr n\u00eb malin e bardh\u00eb te Ulqinit - Video - Lajme nga Ulqini","description":"Ju lutemi shp\u00ebrdani lajmin Ka vazhduar edhe sot p\u00ebrfshirja nga zjarri e maleve n\u00eb Ulqin, duke shkaktuar k\u00ebshtu panik dhe pasiguri sidomos te turist\u00ebt. N\u00eb","robots":{"index":"index","follow":"follow","max-snippet":"max-snippet:-1","max-image-preview":"max-image-preview:large","max-video-preview":"max-video-preview:-1"},"canonical":"https:\/\/www.visit-ulcinj.com\/blog\/2016\/08\/27\/apel-per-te-ndihmuar-zjarr-ne-malin-e-bardhe-te-ulqinit-video\/","og_locale":"en_US","og_type":"article","og_title":"Apel p\u00ebr t\u00eb ndihmuar: Zjarr n\u00eb malin e bardh\u00eb te Ulqinit - Video - Lajme nga Ulqini","og_description":"Ju lutemi shp\u00ebrdani lajmin Ka vazhduar edhe sot p\u00ebrfshirja nga zjarri e maleve n\u00eb Ulqin, duke shkaktuar k\u00ebshtu panik dhe pasiguri sidomos te turist\u00ebt. N\u00eb","og_url":"https:\/\/www.visit-ulcinj.com\/blog\/2016\/08\/27\/apel-per-te-ndihmuar-zjarr-ne-malin-e-bardhe-te-ulqinit-video\/","og_site_name":"Lajme nga Ulqini","article_published_time":"2016-08-27T13:30:54+00:00","article_modified_time":"2016-08-29T08:01:50+00:00","twitter_misc":{"Written by":"ulqini","Est. reading time":"1 minute"},"schema":{"@context":"https:\/\/schema.org","@graph":[{"@type":"WebSite","@id":"https:\/\/www.visit-ulcinj.com\/blog\/#website","url":"https:\/\/www.visit-ulcinj.com\/blog\/","name":"Lajme nga Ulqini","description":"Lajme,Vijesti,Ulqini,Ulqin,Crna Gora,Mali i Zi","potentialAction":[{"@type":"SearchAction","target":{"@type":"EntryPoint","urlTemplate":"https:\/\/www.visit-ulcinj.com\/blog\/?s={search_term_string}"},"query-input":"required name=search_term_string"}],"inLanguage":"en-US"},{"@type":"WebPage","@id":"https:\/\/www.visit-ulcinj.com\/blog\/2016\/08\/27\/apel-per-te-ndihmuar-zjarr-ne-malin-e-bardhe-te-ulqinit-video\/#webpage","url":"https:\/\/www.visit-ulcinj.com\/blog\/2016\/08\/27\/apel-per-te-ndihmuar-zjarr-ne-malin-e-bardhe-te-ulqinit-video\/","name":"Apel p\u00ebr t\u00eb ndihmuar: Zjarr n\u00eb malin e bardh\u00eb te Ulqinit - Video - Lajme nga Ulqini","isPartOf":{"@id":"https:\/\/www.visit-ulcinj.com\/blog\/#website"},"datePublished":"2016-08-27T13:30:54+00:00","dateModified":"2016-08-29T08:01:50+00:00","author":{"@id":"https:\/\/www.visit-ulcinj.com\/blog\/#\/schema\/person\/dcab619c614d3038751c63bc2aadc06d"},"description":"Ju lutemi shp\u00ebrdani lajmin Ka vazhduar edhe sot p\u00ebrfshirja nga zjarri e maleve n\u00eb Ulqin, duke shkaktuar k\u00ebshtu panik dhe pasiguri sidomos te turist\u00ebt. N\u00eb","breadcrumb":{"@id":"https:\/\/www.visit-ulcinj.com\/blog\/2016\/08\/27\/apel-per-te-ndihmuar-zjarr-ne-malin-e-bardhe-te-ulqinit-video\/#breadcrumb"},"inLanguage":"en-US","potentialAction":[{"@type":"ReadAction","target":["https:\/\/www.visit-ulcinj.com\/blog\/2016\/08\/27\/apel-per-te-ndihmuar-zjarr-ne-malin-e-bardhe-te-ulqinit-video\/"]}]},{"@type":"BreadcrumbList","@id":"https:\/\/www.visit-ulcinj.com\/blog\/2016\/08\/27\/apel-per-te-ndihmuar-zjarr-ne-malin-e-bardhe-te-ulqinit-video\/#breadcrumb","itemListElement":[{"@type":"ListItem","position":1,"name":"Apel p\u00ebr t\u00eb ndihmuar: Zjarr n\u00eb malin e bardh\u00eb te Ulqinit &#8211; Video"}]},{"@type":"Person","@id":"https:\/\/www.visit-ulcinj.com\/blog\/#\/schema\/person\/dcab619c614d3038751c63bc2aadc06d","name":"ulqini","sameAs":["http:\/\/www.visit-ulcinj.com"],"url":"https:\/\/www.visit-ulcinj.com\/blog\/author\/admin\/"}]}},"jetpack_featured_media_url":"","jetpack_sharing_enabled":true,"jetpack_shortlink":"https:\/\/wp.me\/pe6lTn-pPa","_links":{"self":[{"href":"https:\/\/www.visit-ulcinj.com\/blog\/wp-json\/wp\/v2\/posts\/99272"}],"collection":[{"href":"https:\/\/www.visit-ulcinj.com\/blog\/wp-json\/wp\/v2\/posts"}],"about":[{"href":"https:\/\/www.visit-ulcinj.com\/blog\/wp-json\/wp\/v2\/types\/post"}],"author":[{"embeddable":true,"href":"https:\/\/www.visit-ulcinj.com\/blog\/wp-json\/wp\/v2\/users\/1"}],"replies":[{"embeddable":true,"href":"https:\/\/www.visit-ulcinj.com\/blog\/wp-json\/wp\/v2\/comments?post=99272"}],"version-history":[{"count":10,"href":"https:\/\/www.visit-ulcinj.com\/blog\/wp-json\/wp\/v2\/posts\/99272\/revisions"}],"predecessor-version":[{"id":99293,"href":"https:\/\/www.visit-ulcinj.com\/blog\/wp-json\/wp\/v2\/posts\/99272\/revisions\/99293"}],"wp:attachment":[{"href":"https:\/\/www.visit-ulcinj.com\/blog\/wp-json\/wp\/v2\/media?parent=99272"}],"wp:term":[{"taxonomy":"category","embeddable":true,"href":"https:\/\/www.visit-ulcinj.com\/blog\/wp-json\/wp\/v2\/categories?post=99272"},{"taxonomy":"post_tag","embeddable":true,"href":"https:\/\/www.visit-ulcinj.com\/blog\/wp-json\/wp\/v2\/tags?post=99272"}],"curies":[{"name":"wp","href":"https:\/\/api.w.org\/{rel}","templated":true}]}}