{"id":99294,"date":"2016-08-27T17:10:30","date_gmt":"2016-08-27T16:10:30","guid":{"rendered":"http:\/\/www.visit-ulcinj.com\/blog\/?p=99294"},"modified":"2016-08-27T17:10:30","modified_gmt":"2016-08-27T16:10:30","slug":"zjarri-afrohet-qytetit-te-ulqinit","status":"publish","type":"post","link":"https:\/\/www.visit-ulcinj.com\/blog\/2016\/08\/27\/zjarri-afrohet-qytetit-te-ulqinit\/","title":{"rendered":"Zjarri i afrohet qytetit t\u00eb Ulqinit"},"content":{"rendered":"<p><strong><a href=\"http:\/\/www.visit-ulcinj.com\/blog\/wp-content\/uploads\/2016\/08\/Zjarri-i-afrohet-qytetit-t\u00eb-Ulqinit-.jpg\"><img loading=\"lazy\" class=\"alignleft wp-image-99295\" src=\"http:\/\/www.visit-ulcinj.com\/blog\/wp-content\/uploads\/2016\/08\/Zjarri-i-afrohet-qytetit-t\u00eb-Ulqinit-.jpg\" alt=\"Zjarri i afrohet qytetit t\u00eb Ulqinit-\" width=\"508\" height=\"903\" srcset=\"https:\/\/www.visit-ulcinj.com\/blog\/wp-content\/uploads\/2016\/08\/Zjarri-i-afrohet-qytetit-t\u00eb-Ulqinit-.jpg 600w, https:\/\/www.visit-ulcinj.com\/blog\/wp-content\/uploads\/2016\/08\/Zjarri-i-afrohet-qytetit-t\u00eb-Ulqinit--169x300.jpg 169w, https:\/\/www.visit-ulcinj.com\/blog\/wp-content\/uploads\/2016\/08\/Zjarri-i-afrohet-qytetit-t\u00eb-Ulqinit--576x1024.jpg 576w\" sizes=\"(max-width: 508px) 100vw, 508px\" \/><\/a><\/strong>Vatrat e zjarrit q\u00eb p\u00ebrfshiu malin e Bardh\u00eb m\u00eb par\u00eb vazhdojn\u00eb t\u00eb jen\u00eb aktive. Gjat\u00eb dit\u00ebs flak\u00ebt e zjarrit kan\u00eb p\u00ebrparuar drejt qendr\u00ebs s\u00eb qytetit t\u00eb Ulqinit. Banor\u00eb e Ulqinit, sidomos ata q\u00eb sht\u00ebpit\u00eb i kan\u00eb n\u00eb af\u00ebrsi t\u00eb vendit, ku \u00ebsht\u00eb p\u00ebrhapur zjarri, shprehen t\u00eb shqet\u00ebsuar.<\/p>\n<p>Nd\u00ebrhyrja e forcave zjarrfik\u00ebse, si nga toka ashtu dhe nga ajri me helikopter po vijojn\u00eb.<\/p>\n<p>Operacioni p\u00ebr p\u00ebrmir\u00ebsimin e situat\u00ebs vijon n\u00eb terren.<\/p>\n\n\t\t<style type=\"text\/css\">\n\t\t\t#gallery-1 {\n\t\t\t\tmargin: auto;\n\t\t\t}\n\t\t\t#gallery-1 .gallery-item {\n\t\t\t\tfloat: left;\n\t\t\t\tmargin-top: 10px;\n\t\t\t\ttext-align: center;\n\t\t\t\twidth: 33%;\n\t\t\t}\n\t\t\t#gallery-1 img {\n\t\t\t\tborder: 2px solid #cfcfcf;\n\t\t\t}\n\t\t\t#gallery-1 .gallery-caption {\n\t\t\t\tmargin-left: 0;\n\t\t\t}\n\t\t\t\/* see gallery_shortcode() in wp-includes\/media.php *\/\n\t\t<\/style>\n\t\t<div id='gallery-1' class='gallery galleryid-99294 gallery-columns-3 gallery-size-thumbnail'><dl class='gallery-item'>\n\t\t\t<dt class='gallery-icon portrait'>\n\t\t\t\t<a href='https:\/\/www.visit-ulcinj.com\/blog\/2016\/08\/27\/zjarri-afrohet-qytetit-te-ulqinit\/zjarri-i-afrohet-qytetit-te-ulqinit-1\/'><img width=\"150\" height=\"150\" src=\"https:\/\/www.visit-ulcinj.com\/blog\/wp-content\/uploads\/2016\/08\/Zjarri-i-afrohet-qytetit-t\u00eb-Ulqinit-1-150x150.jpg\" class=\"attachment-thumbnail size-thumbnail\" alt=\"\" loading=\"lazy\" \/><\/a>\n\t\t\t<\/dt><\/dl><dl class='gallery-item'>\n\t\t\t<dt class='gallery-icon portrait'>\n\t\t\t\t<a href='https:\/\/www.visit-ulcinj.com\/blog\/2016\/08\/27\/zjarri-afrohet-qytetit-te-ulqinit\/zjarri-i-afrohet-qytetit-te-ulqinit-2\/'><img width=\"150\" height=\"150\" src=\"https:\/\/www.visit-ulcinj.com\/blog\/wp-content\/uploads\/2016\/08\/Zjarri-i-afrohet-qytetit-t\u00eb-Ulqinit-2-150x150.jpg\" class=\"attachment-thumbnail size-thumbnail\" alt=\"\" loading=\"lazy\" \/><\/a>\n\t\t\t<\/dt><\/dl><dl class='gallery-item'>\n\t\t\t<dt class='gallery-icon landscape'>\n\t\t\t\t<a href='https:\/\/www.visit-ulcinj.com\/blog\/2016\/08\/27\/zjarri-afrohet-qytetit-te-ulqinit\/zjarri-i-afrohet-qytetit-te-ulqinit-3\/'><img width=\"150\" height=\"150\" src=\"https:\/\/www.visit-ulcinj.com\/blog\/wp-content\/uploads\/2016\/08\/Zjarri-i-afrohet-qytetit-t\u00eb-Ulqinit-3-150x150.jpg\" class=\"attachment-thumbnail size-thumbnail\" alt=\"\" loading=\"lazy\" \/><\/a>\n\t\t\t<\/dt><\/dl><br style=\"clear: both\" \/><dl class='gallery-item'>\n\t\t\t<dt class='gallery-icon landscape'>\n\t\t\t\t<a href='https:\/\/www.visit-ulcinj.com\/blog\/2016\/08\/27\/zjarri-afrohet-qytetit-te-ulqinit\/zjarri-i-afrohet-qytetit-te-ulqinit-4\/'><img width=\"150\" height=\"150\" src=\"https:\/\/www.visit-ulcinj.com\/blog\/wp-content\/uploads\/2016\/08\/Zjarri-i-afrohet-qytetit-t\u00eb-Ulqinit-4-150x150.jpg\" class=\"attachment-thumbnail size-thumbnail\" alt=\"\" loading=\"lazy\" \/><\/a>\n\t\t\t<\/dt><\/dl><dl class='gallery-item'>\n\t\t\t<dt class='gallery-icon portrait'>\n\t\t\t\t<a href='https:\/\/www.visit-ulcinj.com\/blog\/2016\/08\/27\/zjarri-afrohet-qytetit-te-ulqinit\/zjarri-i-afrohet-qytetit-te-ulqinit-5\/'><img width=\"150\" height=\"150\" src=\"https:\/\/www.visit-ulcinj.com\/blog\/wp-content\/uploads\/2016\/08\/Zjarri-i-afrohet-qytetit-t\u00eb-Ulqinit-5-150x150.jpg\" class=\"attachment-thumbnail size-thumbnail\" alt=\"\" loading=\"lazy\" \/><\/a>\n\t\t\t<\/dt><\/dl><dl class='gallery-item'>\n\t\t\t<dt class='gallery-icon portrait'>\n\t\t\t\t<a href='https:\/\/www.visit-ulcinj.com\/blog\/2016\/08\/27\/zjarri-afrohet-qytetit-te-ulqinit\/zjarri-i-afrohet-qytetit-te-ulqinit\/'><img width=\"150\" height=\"150\" src=\"https:\/\/www.visit-ulcinj.com\/blog\/wp-content\/uploads\/2016\/08\/Zjarri-i-afrohet-qytetit-t\u00eb-Ulqinit--150x150.jpg\" class=\"attachment-thumbnail size-thumbnail\" alt=\"\" loading=\"lazy\" \/><\/a>\n\t\t\t<\/dt><\/dl><br style=\"clear: both\" \/>\n\t\t<\/div>\n\n","protected":false},"excerpt":{"rendered":"<p>Vatrat e zjarrit q\u00eb p\u00ebrfshiu malin e Bardh\u00eb m\u00eb par\u00eb vazhdojn\u00eb t\u00eb jen\u00eb aktive. Gjat\u00eb dit\u00ebs flak\u00ebt e zjarrit kan\u00eb p\u00ebrparuar drejt qendr\u00ebs s\u00eb qytetit t\u00eb Ulqinit. Banor\u00eb e Ulqinit, sidomos ata q\u00eb sht\u00ebpit\u00eb i kan\u00eb n\u00eb af\u00ebrsi t\u00eb vendit, ku \u00ebsht\u00eb p\u00ebrhapur zjarri, shprehen t\u00eb shqet\u00ebsuar. Nd\u00ebrhyrja e forcave zjarrfik\u00ebse, si nga toka ashtu [&hellip;]<\/p>\n","protected":false},"author":1,"featured_media":0,"comment_status":"closed","ping_status":"closed","sticky":false,"template":"","format":"standard","meta":{"spay_email":"","jetpack_publicize_message":"","jetpack_is_tweetstorm":false,"jetpack_publicize_feature_enabled":true},"categories":[6950],"tags":[],"jetpack_publicize_connections":[],"yoast_head":"<!-- This site is optimized with the Yoast SEO plugin v19.1 - https:\/\/yoast.com\/wordpress\/plugins\/seo\/ -->\n<title>Zjarri i afrohet qytetit t\u00eb Ulqinit - Lajme nga Ulqini<\/title>\n<meta name=\"description\" content=\"Vatrat e zjarrit q\u00eb p\u00ebrfshiu malin e Bardh\u00eb m\u00eb par\u00eb vazhdojn\u00eb t\u00eb jen\u00eb aktive. Gjat\u00eb dit\u00ebs flak\u00ebt e zjarrit kan\u00eb p\u00ebrparuar drejt qendr\u00ebs s\u00eb qytetit t\u00eb\" \/>\n<meta name=\"robots\" content=\"index, follow, max-snippet:-1, max-image-preview:large, max-video-preview:-1\" \/>\n<link rel=\"canonical\" href=\"https:\/\/www.visit-ulcinj.com\/blog\/2016\/08\/27\/zjarri-afrohet-qytetit-te-ulqinit\/\" \/>\n<meta property=\"og:locale\" content=\"en_US\" \/>\n<meta property=\"og:type\" content=\"article\" \/>\n<meta property=\"og:title\" content=\"Zjarri i afrohet qytetit t\u00eb Ulqinit - Lajme nga Ulqini\" \/>\n<meta property=\"og:description\" content=\"Vatrat e zjarrit q\u00eb p\u00ebrfshiu malin e Bardh\u00eb m\u00eb par\u00eb vazhdojn\u00eb t\u00eb jen\u00eb aktive. Gjat\u00eb dit\u00ebs flak\u00ebt e zjarrit kan\u00eb p\u00ebrparuar drejt qendr\u00ebs s\u00eb qytetit t\u00eb\" \/>\n<meta property=\"og:url\" content=\"https:\/\/www.visit-ulcinj.com\/blog\/2016\/08\/27\/zjarri-afrohet-qytetit-te-ulqinit\/\" \/>\n<meta property=\"og:site_name\" content=\"Lajme nga Ulqini\" \/>\n<meta property=\"article:published_time\" content=\"2016-08-27T16:10:30+00:00\" \/>\n<meta property=\"og:image\" content=\"https:\/\/www.visit-ulcinj.com\/blog\/wp-content\/uploads\/2016\/08\/Zjarri-i-afrohet-qytetit-t\u00eb-Ulqinit-1-150x150.jpg\" \/>\n<meta name=\"twitter:label1\" content=\"Written by\" \/>\n\t<meta name=\"twitter:data1\" content=\"ulqini\" \/>\n<script type=\"application\/ld+json\" class=\"yoast-schema-graph\">{\"@context\":\"https:\/\/schema.org\",\"@graph\":[{\"@type\":\"WebSite\",\"@id\":\"https:\/\/www.visit-ulcinj.com\/blog\/#website\",\"url\":\"https:\/\/www.visit-ulcinj.com\/blog\/\",\"name\":\"Lajme nga Ulqini\",\"description\":\"Lajme,Vijesti,Ulqini,Ulqin,Crna Gora,Mali i Zi\",\"potentialAction\":[{\"@type\":\"SearchAction\",\"target\":{\"@type\":\"EntryPoint\",\"urlTemplate\":\"https:\/\/www.visit-ulcinj.com\/blog\/?s={search_term_string}\"},\"query-input\":\"required name=search_term_string\"}],\"inLanguage\":\"en-US\"},{\"@type\":\"WebPage\",\"@id\":\"https:\/\/www.visit-ulcinj.com\/blog\/2016\/08\/27\/zjarri-afrohet-qytetit-te-ulqinit\/#webpage\",\"url\":\"https:\/\/www.visit-ulcinj.com\/blog\/2016\/08\/27\/zjarri-afrohet-qytetit-te-ulqinit\/\",\"name\":\"Zjarri i afrohet qytetit t\u00eb Ulqinit - Lajme nga Ulqini\",\"isPartOf\":{\"@id\":\"https:\/\/www.visit-ulcinj.com\/blog\/#website\"},\"datePublished\":\"2016-08-27T16:10:30+00:00\",\"dateModified\":\"2016-08-27T16:10:30+00:00\",\"author\":{\"@id\":\"https:\/\/www.visit-ulcinj.com\/blog\/#\/schema\/person\/dcab619c614d3038751c63bc2aadc06d\"},\"description\":\"Vatrat e zjarrit q\u00eb p\u00ebrfshiu malin e Bardh\u00eb m\u00eb par\u00eb vazhdojn\u00eb t\u00eb jen\u00eb aktive. Gjat\u00eb dit\u00ebs flak\u00ebt e zjarrit kan\u00eb p\u00ebrparuar drejt qendr\u00ebs s\u00eb qytetit t\u00eb\",\"breadcrumb\":{\"@id\":\"https:\/\/www.visit-ulcinj.com\/blog\/2016\/08\/27\/zjarri-afrohet-qytetit-te-ulqinit\/#breadcrumb\"},\"inLanguage\":\"en-US\",\"potentialAction\":[{\"@type\":\"ReadAction\",\"target\":[\"https:\/\/www.visit-ulcinj.com\/blog\/2016\/08\/27\/zjarri-afrohet-qytetit-te-ulqinit\/\"]}]},{\"@type\":\"BreadcrumbList\",\"@id\":\"https:\/\/www.visit-ulcinj.com\/blog\/2016\/08\/27\/zjarri-afrohet-qytetit-te-ulqinit\/#breadcrumb\",\"itemListElement\":[{\"@type\":\"ListItem\",\"position\":1,\"name\":\"Zjarri i afrohet qytetit t\u00eb Ulqinit\"}]},{\"@type\":\"Person\",\"@id\":\"https:\/\/www.visit-ulcinj.com\/blog\/#\/schema\/person\/dcab619c614d3038751c63bc2aadc06d\",\"name\":\"ulqini\",\"sameAs\":[\"http:\/\/www.visit-ulcinj.com\"],\"url\":\"https:\/\/www.visit-ulcinj.com\/blog\/author\/admin\/\"}]}<\/script>\n<!-- \/ Yoast SEO plugin. -->","yoast_head_json":{"title":"Zjarri i afrohet qytetit t\u00eb Ulqinit - Lajme nga Ulqini","description":"Vatrat e zjarrit q\u00eb p\u00ebrfshiu malin e Bardh\u00eb m\u00eb par\u00eb vazhdojn\u00eb t\u00eb jen\u00eb aktive. Gjat\u00eb dit\u00ebs flak\u00ebt e zjarrit kan\u00eb p\u00ebrparuar drejt qendr\u00ebs s\u00eb qytetit t\u00eb","robots":{"index":"index","follow":"follow","max-snippet":"max-snippet:-1","max-image-preview":"max-image-preview:large","max-video-preview":"max-video-preview:-1"},"canonical":"https:\/\/www.visit-ulcinj.com\/blog\/2016\/08\/27\/zjarri-afrohet-qytetit-te-ulqinit\/","og_locale":"en_US","og_type":"article","og_title":"Zjarri i afrohet qytetit t\u00eb Ulqinit - Lajme nga Ulqini","og_description":"Vatrat e zjarrit q\u00eb p\u00ebrfshiu malin e Bardh\u00eb m\u00eb par\u00eb vazhdojn\u00eb t\u00eb jen\u00eb aktive. Gjat\u00eb dit\u00ebs flak\u00ebt e zjarrit kan\u00eb p\u00ebrparuar drejt qendr\u00ebs s\u00eb qytetit t\u00eb","og_url":"https:\/\/www.visit-ulcinj.com\/blog\/2016\/08\/27\/zjarri-afrohet-qytetit-te-ulqinit\/","og_site_name":"Lajme nga Ulqini","article_published_time":"2016-08-27T16:10:30+00:00","og_image":[{"url":"https:\/\/www.visit-ulcinj.com\/blog\/wp-content\/uploads\/2016\/08\/Zjarri-i-afrohet-qytetit-t\u00eb-Ulqinit-1-150x150.jpg"}],"twitter_misc":{"Written by":"ulqini"},"schema":{"@context":"https:\/\/schema.org","@graph":[{"@type":"WebSite","@id":"https:\/\/www.visit-ulcinj.com\/blog\/#website","url":"https:\/\/www.visit-ulcinj.com\/blog\/","name":"Lajme nga Ulqini","description":"Lajme,Vijesti,Ulqini,Ulqin,Crna Gora,Mali i Zi","potentialAction":[{"@type":"SearchAction","target":{"@type":"EntryPoint","urlTemplate":"https:\/\/www.visit-ulcinj.com\/blog\/?s={search_term_string}"},"query-input":"required name=search_term_string"}],"inLanguage":"en-US"},{"@type":"WebPage","@id":"https:\/\/www.visit-ulcinj.com\/blog\/2016\/08\/27\/zjarri-afrohet-qytetit-te-ulqinit\/#webpage","url":"https:\/\/www.visit-ulcinj.com\/blog\/2016\/08\/27\/zjarri-afrohet-qytetit-te-ulqinit\/","name":"Zjarri i afrohet qytetit t\u00eb Ulqinit - Lajme nga Ulqini","isPartOf":{"@id":"https:\/\/www.visit-ulcinj.com\/blog\/#website"},"datePublished":"2016-08-27T16:10:30+00:00","dateModified":"2016-08-27T16:10:30+00:00","author":{"@id":"https:\/\/www.visit-ulcinj.com\/blog\/#\/schema\/person\/dcab619c614d3038751c63bc2aadc06d"},"description":"Vatrat e zjarrit q\u00eb p\u00ebrfshiu malin e Bardh\u00eb m\u00eb par\u00eb vazhdojn\u00eb t\u00eb jen\u00eb aktive. Gjat\u00eb dit\u00ebs flak\u00ebt e zjarrit kan\u00eb p\u00ebrparuar drejt qendr\u00ebs s\u00eb qytetit t\u00eb","breadcrumb":{"@id":"https:\/\/www.visit-ulcinj.com\/blog\/2016\/08\/27\/zjarri-afrohet-qytetit-te-ulqinit\/#breadcrumb"},"inLanguage":"en-US","potentialAction":[{"@type":"ReadAction","target":["https:\/\/www.visit-ulcinj.com\/blog\/2016\/08\/27\/zjarri-afrohet-qytetit-te-ulqinit\/"]}]},{"@type":"BreadcrumbList","@id":"https:\/\/www.visit-ulcinj.com\/blog\/2016\/08\/27\/zjarri-afrohet-qytetit-te-ulqinit\/#breadcrumb","itemListElement":[{"@type":"ListItem","position":1,"name":"Zjarri i afrohet qytetit t\u00eb Ulqinit"}]},{"@type":"Person","@id":"https:\/\/www.visit-ulcinj.com\/blog\/#\/schema\/person\/dcab619c614d3038751c63bc2aadc06d","name":"ulqini","sameAs":["http:\/\/www.visit-ulcinj.com"],"url":"https:\/\/www.visit-ulcinj.com\/blog\/author\/admin\/"}]}},"jetpack_featured_media_url":"","jetpack_sharing_enabled":true,"jetpack_shortlink":"https:\/\/wp.me\/pe6lTn-pPw","_links":{"self":[{"href":"https:\/\/www.visit-ulcinj.com\/blog\/wp-json\/wp\/v2\/posts\/99294"}],"collection":[{"href":"https:\/\/www.visit-ulcinj.com\/blog\/wp-json\/wp\/v2\/posts"}],"about":[{"href":"https:\/\/www.visit-ulcinj.com\/blog\/wp-json\/wp\/v2\/types\/post"}],"author":[{"embeddable":true,"href":"https:\/\/www.visit-ulcinj.com\/blog\/wp-json\/wp\/v2\/users\/1"}],"replies":[{"embeddable":true,"href":"https:\/\/www.visit-ulcinj.com\/blog\/wp-json\/wp\/v2\/comments?post=99294"}],"version-history":[{"count":1,"href":"https:\/\/www.visit-ulcinj.com\/blog\/wp-json\/wp\/v2\/posts\/99294\/revisions"}],"predecessor-version":[{"id":99301,"href":"https:\/\/www.visit-ulcinj.com\/blog\/wp-json\/wp\/v2\/posts\/99294\/revisions\/99301"}],"wp:attachment":[{"href":"https:\/\/www.visit-ulcinj.com\/blog\/wp-json\/wp\/v2\/media?parent=99294"}],"wp:term":[{"taxonomy":"category","embeddable":true,"href":"https:\/\/www.visit-ulcinj.com\/blog\/wp-json\/wp\/v2\/categories?post=99294"},{"taxonomy":"post_tag","embeddable":true,"href":"https:\/\/www.visit-ulcinj.com\/blog\/wp-json\/wp\/v2\/tags?post=99294"}],"curies":[{"name":"wp","href":"https:\/\/api.w.org\/{rel}","templated":true}]}}