{"id":99308,"date":"2016-08-29T08:31:16","date_gmt":"2016-08-29T07:31:16","guid":{"rendered":"http:\/\/www.visit-ulcinj.com\/blog\/?p=99308"},"modified":"2016-08-29T08:34:23","modified_gmt":"2016-08-29T07:34:23","slug":"memoriam-buradin-bruno-abazi","status":"publish","type":"post","link":"https:\/\/www.visit-ulcinj.com\/blog\/2016\/08\/29\/memoriam-buradin-bruno-abazi\/","title":{"rendered":"IN MEMORIAM: Buradin &#8211; Bruno ABAZI"},"content":{"rendered":"<p><a href=\"http:\/\/www.visit-ulcinj.com\/blog\/wp-content\/uploads\/2016\/08\/Buradin-Bruno-ABAZI.jpg\"><img loading=\"lazy\" class=\"alignleft wp-image-99309 size-medium\" src=\"http:\/\/www.visit-ulcinj.com\/blog\/wp-content\/uploads\/2016\/08\/Buradin-Bruno-ABAZI-224x300.jpg\" alt=\"Buradin - Bruno ABAZI\" width=\"224\" height=\"300\" srcset=\"https:\/\/www.visit-ulcinj.com\/blog\/wp-content\/uploads\/2016\/08\/Buradin-Bruno-ABAZI-224x300.jpg 224w, https:\/\/www.visit-ulcinj.com\/blog\/wp-content\/uploads\/2016\/08\/Buradin-Bruno-ABAZI.jpg 295w\" sizes=\"(max-width: 224px) 100vw, 224px\" \/><\/a>T\u00eb shtunen, me 27.08.2016 n\u00eb mosh\u00ebn 69 vje\u00e7are ndrroi jet\u00eb Buradin &#8211; Bruno ABAZI, nj\u00ebri nga pjes\u00ebtar\u00ebt m\u00eb t\u00eb njohur t\u00eb fisit Abazi. Brunoja ka qen\u00eb i dashuruar n\u00eb det, n\u00eb anije n\u00eb barka dhe n\u00eb sanalla. Kjo dashuri edhe e ka t\u00ebrheq\u00eb q\u00eb t\u00eb barkohen n\u00eb anije tejoqeanike dhe t\u00eb lundroj disa vite nep\u00ebr detra t\u00eb ndysh\u00ebm. M\u00eb von\u00eb punon n\u00eb portin e Hamburgut, jetoi n\u00eb Frankfurt dhe n\u00eb fund kthehet n\u00eb vendlindjen e tij Ulqinin.<br \/>\nN\u00eb Ulqin Brunoja hap restorantin m\u00eb t\u00eb njohur t\u00eb asaj kohe \u201cPeshakatari vjet\u00ebr\u201d\u201d Stari Ribar\u201d i cili ka qen\u00eb sinonim i gastronomis\u00eb jo vet\u00ebm n\u00eb Ulqin, por n\u00eb t\u00ebr Malin e Zi. Emri i restorantit asocion ende edhe sot n\u00eb peshkatarin m\u00eb t\u00eb njohur nga Ulqini Babajn e tij Emro Abazin, nga i cili edhe Brunoja e ka pasur n\u00eb gjak si trash\u00ebgmi, peshkun dhe detin. Kam pasur nder shpesh her\u00eb t\u00eb rri me Brunon , t\u00eb bisedoj dhe nga njher\u00eb t\u00eb lundroj me \u201cflug\u00ebn \u201ce tij t\u00eb bukur e cila, pak e modifikuar, ende edhe sot qendron e lidhur n\u00eb ur\u00ebn e Bun\u00ebs. I ndjeri Bruno, shpesh ka shkuar deri n\u00eb Bun\u00eb, dhe e ka hedhur nj\u00eb sy n\u00eb \u201cflug\u201d.<\/p>\n<p>Ka folur me nj\u00eb nostalgji dhe m\u00eb nj\u00eb dashuri t\u00eb pafund p\u00ebr detin , p\u00ebr peshkim, p\u00ebr \u201cflug\u201d dhe p\u00ebr t\u00eb ndjerin Babo i cili ka qen\u00eb sinonim i peshkimit n\u00eb Bun\u00eb. Brunoja tash nj\u00eb koh\u00eb t\u00eb gjat\u00eb i ka munguar Ran\u00ebs, kafenes \u201cBonita\u201d, shok\u00ebve , t\u00eb rinjj\u00ebve p\u00ebr shkak\u00eb t\u00eb smundjes t\u00eb r\u00ebnd\u00eb e cila e ka lidhur p\u00ebr shtrat. Tashm\u00eb, edhe me ndrimin e jet\u00ebs s\u00eb tij ka mi munguar edhe m\u00eb tep\u00ebr. Por jam m\u00eb se sigurt se Brunoja do t\u00eb mbetet n\u00eb kujtes\u00ebn e shum\u00eb gjeneratave si nj\u00eb personalitet i shquar i mir\u00eb, modest . Inshala shpirti i tij gjen prehje n\u00eb Xhehnet. Past\u00eb Rahmet.<\/p>\n<p>&nbsp;<\/p>\n<p><strong><a id=\"js_au\" class=\"_hli\" href=\"https:\/\/www.facebook.com\/ismet.karamanaga\" data-hovercard=\"\/ajax\/hovercard\/user.php?id=1359492972\">Ismet Karamanaga <\/a>Facebook<\/strong><\/p>\n<p>&nbsp;<\/p>\n<div id=\"js_4\" class=\"_5pbx userContent\" data-ft=\"{&quot;tn&quot;:&quot;K&quot;}\">\n<p>U SUBOTU u 69 godini \u017eivota preselio se u ahiret Buradin &#8211; Bruno ABAZI, jedan od predstavnika poznate porodice ABAZI iz Ulcinja. Bruno je bio omiljen i cijenjen me\u0111u svim gra\u0111anima Ulcinja, posebno me\u0111u mladima, kojima je u svoje vrijeme bio pravi idol. Svojom markantnom pojavom je plijenio poznanike i prijatelje posebno u vrijeme dok je vodio jedan od najpoznatijih restorana na na\u0161oj obali. Restoran &#8220;Stari ribar &#8221; je bio pravi sinonim vrhovne gastronomije osamdesetih godina pro\u0161log vijeka, u vrijeme zlatne ere na\u0161eg turizma. Bezbroj autobusa iz Dubrovnika i ostalih gradova na\u0161e obale, svakodnevno je dolazilo u Ulcinj, da bi strani i doma\u0107i gosti u\u017eivali u ponudi, koju je tada nudio ovaj vrhunski restoran.<br \/>\nNo Bruno, nije bio samo vrhunski ugostitelj. Volio je more, \u010damce i ribu, ali i brodove na kojima je jedno vrijeme i plovio. Stigao je da radi i u Hamburgu i u Frankfurtu. No, ljubav prema svom gradu natjerala ga je da se vrati i posveti ugostiteljstvu gdje je i radio sve do devedesetih godina pro\u0161log vijeka . Kasnije je Bruno, uglavnom provodio vrijeme na Bojani gdje je u\u017eivao gledaju\u0107i svoj \u010damac, koji i danas stoji vezan za most na rijeci Bojani.<br \/>\nBruno je bio nostalgi\u010dar, volio je da pri\u010da o moru, i o daljekim zemljama gdje je kao mornar boravio. Bruno je mladima u &#8220;Boniti&#8221; ili na Pristanu \u010desto pri\u010dao sa velikom stra\u0161\u0107u o tim vremenima, \u010diji je akter dugo godina bio, i on sam. Osta\u0107e upam\u0107em, cijenjen i po\u0161tovan od svih gra\u0111ana na\u0161eg grada. Nedostaja\u0107e, siguran sam svima nama, nedostaja\u0107e lokalima gdje je pio jutarnju kafu, dok \u0107e njegova plemenita du\u0161a uvijek biti prisutna pri svakom ulovu ribe na rijeci Bojani, \u010diji je on bio zaljubljenik.<br \/>\nSiguran sam da \u0107e njegova plemenita du\u0161a na\u0107i svoj pravi mir u Raju. Neka mu je rahmet.<\/p>\n<p><strong><a id=\"js_au\" class=\"_hli\" href=\"https:\/\/www.facebook.com\/ismet.karamanaga\" data-hovercard=\"\/ajax\/hovercard\/user.php?id=1359492972\">Ismet Karamanaga <\/a>Facebook<\/strong><\/p>\n<div class=\"_5wpt\"><\/div>\n<\/div>\n<div class=\"_3x-2\"><\/div>\n","protected":false},"excerpt":{"rendered":"<p>T\u00eb shtunen, me 27.08.2016 n\u00eb mosh\u00ebn 69 vje\u00e7are ndrroi jet\u00eb Buradin &#8211; Bruno ABAZI, nj\u00ebri nga pjes\u00ebtar\u00ebt m\u00eb t\u00eb njohur t\u00eb fisit Abazi. Brunoja ka qen\u00eb i dashuruar n\u00eb det, n\u00eb anije n\u00eb barka dhe n\u00eb sanalla. Kjo dashuri edhe e ka t\u00ebrheq\u00eb q\u00eb t\u00eb barkohen n\u00eb anije tejoqeanike dhe t\u00eb lundroj disa vite nep\u00ebr [&hellip;]<\/p>\n","protected":false},"author":1,"featured_media":0,"comment_status":"closed","ping_status":"closed","sticky":false,"template":"","format":"standard","meta":{"spay_email":"","jetpack_publicize_message":"","jetpack_is_tweetstorm":false,"jetpack_publicize_feature_enabled":true},"categories":[6950],"tags":[],"jetpack_publicize_connections":[],"yoast_head":"<!-- This site is optimized with the Yoast SEO plugin v19.1 - https:\/\/yoast.com\/wordpress\/plugins\/seo\/ -->\n<title>IN MEMORIAM: Buradin - Bruno ABAZI - Lajme nga Ulqini<\/title>\n<meta name=\"description\" content=\"T\u00eb shtunen, me 27.08.2016 n\u00eb mosh\u00ebn 69 vje\u00e7are ndrroi jet\u00eb Buradin - Bruno ABAZI, nj\u00ebri nga pjes\u00ebtar\u00ebt m\u00eb t\u00eb njohur t\u00eb fisit Abazi. Brunoja ka qen\u00eb i\" \/>\n<meta name=\"robots\" content=\"index, follow, max-snippet:-1, max-image-preview:large, max-video-preview:-1\" \/>\n<link rel=\"canonical\" href=\"https:\/\/www.visit-ulcinj.com\/blog\/2016\/08\/29\/memoriam-buradin-bruno-abazi\/\" \/>\n<meta property=\"og:locale\" content=\"en_US\" \/>\n<meta property=\"og:type\" content=\"article\" \/>\n<meta property=\"og:title\" content=\"IN MEMORIAM: Buradin - Bruno ABAZI - Lajme nga Ulqini\" \/>\n<meta property=\"og:description\" content=\"T\u00eb shtunen, me 27.08.2016 n\u00eb mosh\u00ebn 69 vje\u00e7are ndrroi jet\u00eb Buradin - Bruno ABAZI, nj\u00ebri nga pjes\u00ebtar\u00ebt m\u00eb t\u00eb njohur t\u00eb fisit Abazi. Brunoja ka qen\u00eb i\" \/>\n<meta property=\"og:url\" content=\"https:\/\/www.visit-ulcinj.com\/blog\/2016\/08\/29\/memoriam-buradin-bruno-abazi\/\" \/>\n<meta property=\"og:site_name\" content=\"Lajme nga Ulqini\" \/>\n<meta property=\"article:published_time\" content=\"2016-08-29T07:31:16+00:00\" \/>\n<meta property=\"article:modified_time\" content=\"2016-08-29T07:34:23+00:00\" \/>\n<meta property=\"og:image\" content=\"http:\/\/www.visit-ulcinj.com\/blog\/wp-content\/uploads\/2016\/08\/Buradin-Bruno-ABAZI-224x300.jpg\" \/>\n<meta name=\"twitter:label1\" content=\"Written by\" \/>\n\t<meta name=\"twitter:data1\" content=\"ulqini\" \/>\n\t<meta name=\"twitter:label2\" content=\"Est. reading time\" \/>\n\t<meta name=\"twitter:data2\" content=\"3 minutes\" \/>\n<script type=\"application\/ld+json\" class=\"yoast-schema-graph\">{\"@context\":\"https:\/\/schema.org\",\"@graph\":[{\"@type\":\"WebSite\",\"@id\":\"https:\/\/www.visit-ulcinj.com\/blog\/#website\",\"url\":\"https:\/\/www.visit-ulcinj.com\/blog\/\",\"name\":\"Lajme nga Ulqini\",\"description\":\"Lajme,Vijesti,Ulqini,Ulqin,Crna Gora,Mali i Zi\",\"potentialAction\":[{\"@type\":\"SearchAction\",\"target\":{\"@type\":\"EntryPoint\",\"urlTemplate\":\"https:\/\/www.visit-ulcinj.com\/blog\/?s={search_term_string}\"},\"query-input\":\"required name=search_term_string\"}],\"inLanguage\":\"en-US\"},{\"@type\":\"ImageObject\",\"inLanguage\":\"en-US\",\"@id\":\"https:\/\/www.visit-ulcinj.com\/blog\/2016\/08\/29\/memoriam-buradin-bruno-abazi\/#primaryimage\",\"url\":\"https:\/\/www.visit-ulcinj.com\/blog\/wp-content\/uploads\/2016\/08\/Buradin-Bruno-ABAZI.jpg\",\"contentUrl\":\"https:\/\/www.visit-ulcinj.com\/blog\/wp-content\/uploads\/2016\/08\/Buradin-Bruno-ABAZI.jpg\",\"width\":295,\"height\":395},{\"@type\":\"WebPage\",\"@id\":\"https:\/\/www.visit-ulcinj.com\/blog\/2016\/08\/29\/memoriam-buradin-bruno-abazi\/#webpage\",\"url\":\"https:\/\/www.visit-ulcinj.com\/blog\/2016\/08\/29\/memoriam-buradin-bruno-abazi\/\",\"name\":\"IN MEMORIAM: Buradin - Bruno ABAZI - Lajme nga Ulqini\",\"isPartOf\":{\"@id\":\"https:\/\/www.visit-ulcinj.com\/blog\/#website\"},\"primaryImageOfPage\":{\"@id\":\"https:\/\/www.visit-ulcinj.com\/blog\/2016\/08\/29\/memoriam-buradin-bruno-abazi\/#primaryimage\"},\"datePublished\":\"2016-08-29T07:31:16+00:00\",\"dateModified\":\"2016-08-29T07:34:23+00:00\",\"author\":{\"@id\":\"https:\/\/www.visit-ulcinj.com\/blog\/#\/schema\/person\/dcab619c614d3038751c63bc2aadc06d\"},\"description\":\"T\u00eb shtunen, me 27.08.2016 n\u00eb mosh\u00ebn 69 vje\u00e7are ndrroi jet\u00eb Buradin - Bruno ABAZI, nj\u00ebri nga pjes\u00ebtar\u00ebt m\u00eb t\u00eb njohur t\u00eb fisit Abazi. Brunoja ka qen\u00eb i\",\"breadcrumb\":{\"@id\":\"https:\/\/www.visit-ulcinj.com\/blog\/2016\/08\/29\/memoriam-buradin-bruno-abazi\/#breadcrumb\"},\"inLanguage\":\"en-US\",\"potentialAction\":[{\"@type\":\"ReadAction\",\"target\":[\"https:\/\/www.visit-ulcinj.com\/blog\/2016\/08\/29\/memoriam-buradin-bruno-abazi\/\"]}]},{\"@type\":\"BreadcrumbList\",\"@id\":\"https:\/\/www.visit-ulcinj.com\/blog\/2016\/08\/29\/memoriam-buradin-bruno-abazi\/#breadcrumb\",\"itemListElement\":[{\"@type\":\"ListItem\",\"position\":1,\"name\":\"IN MEMORIAM: Buradin &#8211; Bruno ABAZI\"}]},{\"@type\":\"Person\",\"@id\":\"https:\/\/www.visit-ulcinj.com\/blog\/#\/schema\/person\/dcab619c614d3038751c63bc2aadc06d\",\"name\":\"ulqini\",\"sameAs\":[\"http:\/\/www.visit-ulcinj.com\"],\"url\":\"https:\/\/www.visit-ulcinj.com\/blog\/author\/admin\/\"}]}<\/script>\n<!-- \/ Yoast SEO plugin. -->","yoast_head_json":{"title":"IN MEMORIAM: Buradin - Bruno ABAZI - Lajme nga Ulqini","description":"T\u00eb shtunen, me 27.08.2016 n\u00eb mosh\u00ebn 69 vje\u00e7are ndrroi jet\u00eb Buradin - Bruno ABAZI, nj\u00ebri nga pjes\u00ebtar\u00ebt m\u00eb t\u00eb njohur t\u00eb fisit Abazi. Brunoja ka qen\u00eb i","robots":{"index":"index","follow":"follow","max-snippet":"max-snippet:-1","max-image-preview":"max-image-preview:large","max-video-preview":"max-video-preview:-1"},"canonical":"https:\/\/www.visit-ulcinj.com\/blog\/2016\/08\/29\/memoriam-buradin-bruno-abazi\/","og_locale":"en_US","og_type":"article","og_title":"IN MEMORIAM: Buradin - Bruno ABAZI - Lajme nga Ulqini","og_description":"T\u00eb shtunen, me 27.08.2016 n\u00eb mosh\u00ebn 69 vje\u00e7are ndrroi jet\u00eb Buradin - Bruno ABAZI, nj\u00ebri nga pjes\u00ebtar\u00ebt m\u00eb t\u00eb njohur t\u00eb fisit Abazi. Brunoja ka qen\u00eb i","og_url":"https:\/\/www.visit-ulcinj.com\/blog\/2016\/08\/29\/memoriam-buradin-bruno-abazi\/","og_site_name":"Lajme nga Ulqini","article_published_time":"2016-08-29T07:31:16+00:00","article_modified_time":"2016-08-29T07:34:23+00:00","og_image":[{"url":"http:\/\/www.visit-ulcinj.com\/blog\/wp-content\/uploads\/2016\/08\/Buradin-Bruno-ABAZI-224x300.jpg"}],"twitter_misc":{"Written by":"ulqini","Est. reading time":"3 minutes"},"schema":{"@context":"https:\/\/schema.org","@graph":[{"@type":"WebSite","@id":"https:\/\/www.visit-ulcinj.com\/blog\/#website","url":"https:\/\/www.visit-ulcinj.com\/blog\/","name":"Lajme nga Ulqini","description":"Lajme,Vijesti,Ulqini,Ulqin,Crna Gora,Mali i Zi","potentialAction":[{"@type":"SearchAction","target":{"@type":"EntryPoint","urlTemplate":"https:\/\/www.visit-ulcinj.com\/blog\/?s={search_term_string}"},"query-input":"required name=search_term_string"}],"inLanguage":"en-US"},{"@type":"ImageObject","inLanguage":"en-US","@id":"https:\/\/www.visit-ulcinj.com\/blog\/2016\/08\/29\/memoriam-buradin-bruno-abazi\/#primaryimage","url":"https:\/\/www.visit-ulcinj.com\/blog\/wp-content\/uploads\/2016\/08\/Buradin-Bruno-ABAZI.jpg","contentUrl":"https:\/\/www.visit-ulcinj.com\/blog\/wp-content\/uploads\/2016\/08\/Buradin-Bruno-ABAZI.jpg","width":295,"height":395},{"@type":"WebPage","@id":"https:\/\/www.visit-ulcinj.com\/blog\/2016\/08\/29\/memoriam-buradin-bruno-abazi\/#webpage","url":"https:\/\/www.visit-ulcinj.com\/blog\/2016\/08\/29\/memoriam-buradin-bruno-abazi\/","name":"IN MEMORIAM: Buradin - Bruno ABAZI - Lajme nga Ulqini","isPartOf":{"@id":"https:\/\/www.visit-ulcinj.com\/blog\/#website"},"primaryImageOfPage":{"@id":"https:\/\/www.visit-ulcinj.com\/blog\/2016\/08\/29\/memoriam-buradin-bruno-abazi\/#primaryimage"},"datePublished":"2016-08-29T07:31:16+00:00","dateModified":"2016-08-29T07:34:23+00:00","author":{"@id":"https:\/\/www.visit-ulcinj.com\/blog\/#\/schema\/person\/dcab619c614d3038751c63bc2aadc06d"},"description":"T\u00eb shtunen, me 27.08.2016 n\u00eb mosh\u00ebn 69 vje\u00e7are ndrroi jet\u00eb Buradin - Bruno ABAZI, nj\u00ebri nga pjes\u00ebtar\u00ebt m\u00eb t\u00eb njohur t\u00eb fisit Abazi. Brunoja ka qen\u00eb i","breadcrumb":{"@id":"https:\/\/www.visit-ulcinj.com\/blog\/2016\/08\/29\/memoriam-buradin-bruno-abazi\/#breadcrumb"},"inLanguage":"en-US","potentialAction":[{"@type":"ReadAction","target":["https:\/\/www.visit-ulcinj.com\/blog\/2016\/08\/29\/memoriam-buradin-bruno-abazi\/"]}]},{"@type":"BreadcrumbList","@id":"https:\/\/www.visit-ulcinj.com\/blog\/2016\/08\/29\/memoriam-buradin-bruno-abazi\/#breadcrumb","itemListElement":[{"@type":"ListItem","position":1,"name":"IN MEMORIAM: Buradin &#8211; Bruno ABAZI"}]},{"@type":"Person","@id":"https:\/\/www.visit-ulcinj.com\/blog\/#\/schema\/person\/dcab619c614d3038751c63bc2aadc06d","name":"ulqini","sameAs":["http:\/\/www.visit-ulcinj.com"],"url":"https:\/\/www.visit-ulcinj.com\/blog\/author\/admin\/"}]}},"jetpack_featured_media_url":"","jetpack_sharing_enabled":true,"jetpack_shortlink":"https:\/\/wp.me\/pe6lTn-pPK","_links":{"self":[{"href":"https:\/\/www.visit-ulcinj.com\/blog\/wp-json\/wp\/v2\/posts\/99308"}],"collection":[{"href":"https:\/\/www.visit-ulcinj.com\/blog\/wp-json\/wp\/v2\/posts"}],"about":[{"href":"https:\/\/www.visit-ulcinj.com\/blog\/wp-json\/wp\/v2\/types\/post"}],"author":[{"embeddable":true,"href":"https:\/\/www.visit-ulcinj.com\/blog\/wp-json\/wp\/v2\/users\/1"}],"replies":[{"embeddable":true,"href":"https:\/\/www.visit-ulcinj.com\/blog\/wp-json\/wp\/v2\/comments?post=99308"}],"version-history":[{"count":4,"href":"https:\/\/www.visit-ulcinj.com\/blog\/wp-json\/wp\/v2\/posts\/99308\/revisions"}],"predecessor-version":[{"id":99313,"href":"https:\/\/www.visit-ulcinj.com\/blog\/wp-json\/wp\/v2\/posts\/99308\/revisions\/99313"}],"wp:attachment":[{"href":"https:\/\/www.visit-ulcinj.com\/blog\/wp-json\/wp\/v2\/media?parent=99308"}],"wp:term":[{"taxonomy":"category","embeddable":true,"href":"https:\/\/www.visit-ulcinj.com\/blog\/wp-json\/wp\/v2\/categories?post=99308"},{"taxonomy":"post_tag","embeddable":true,"href":"https:\/\/www.visit-ulcinj.com\/blog\/wp-json\/wp\/v2\/tags?post=99308"}],"curies":[{"name":"wp","href":"https:\/\/api.w.org\/{rel}","templated":true}]}}