{"id":99318,"date":"2016-08-29T08:54:29","date_gmt":"2016-08-29T07:54:29","guid":{"rendered":"http:\/\/www.visit-ulcinj.com\/blog\/?p=99318"},"modified":"2016-08-29T08:54:29","modified_gmt":"2016-08-29T07:54:29","slug":"saopstenje-staba-za-vanredne-situacije-opstine-ulcinj","status":"publish","type":"post","link":"https:\/\/www.visit-ulcinj.com\/blog\/2016\/08\/29\/saopstenje-staba-za-vanredne-situacije-opstine-ulcinj\/","title":{"rendered":"Saop\u0161tenje \u0161taba za vanredne situacije Op\u0161tine Ulcinj"},"content":{"rendered":"<p><a href=\"http:\/\/www.visit-ulcinj.com\/blog\/wp-content\/uploads\/2016\/08\/shtabi-i-emergjences-se-komunes-se-Ulqinit.jpg\"><img loading=\"lazy\" class=\"alignleft wp-image-99315\" src=\"http:\/\/www.visit-ulcinj.com\/blog\/wp-content\/uploads\/2016\/08\/shtabi-i-emergjences-se-komunes-se-Ulqinit.jpg\" alt=\"shtabi i emergjences se komunes se Ulqinit\" width=\"508\" height=\"336\" srcset=\"https:\/\/www.visit-ulcinj.com\/blog\/wp-content\/uploads\/2016\/08\/shtabi-i-emergjences-se-komunes-se-Ulqinit.jpg 933w, https:\/\/www.visit-ulcinj.com\/blog\/wp-content\/uploads\/2016\/08\/shtabi-i-emergjences-se-komunes-se-Ulqinit-300x199.jpg 300w, https:\/\/www.visit-ulcinj.com\/blog\/wp-content\/uploads\/2016\/08\/shtabi-i-emergjences-se-komunes-se-Ulqinit-768x509.jpg 768w\" sizes=\"(max-width: 508px) 100vw, 508px\" \/><\/a>Danas u kabinetu predsjednika Op\u0161tine Ulcinj je odr\u017ean sastanak lokalnog \u0161taba za upravljanje vanrednim situacijama, na kojem je analizirana aktuelna situacija nastala nakon i tokom po\u017eara na Bijeloj Gori, koji je u nastavku zahvatio zonu Nove mahale i predstavljao je prijetnju za ostale gradske zone.<\/p>\n<p>Na sastanku je konstatovano da se situacija znatno smirila i da je pod kontrolom zahvaljuju\u0107i maksimalnim naporima svih slu\u017ebi na terenu i velikog broja gra\u0111ana koji su iza\u0161li u susret pomagaju\u0107i na sve mogu\u0107e na\u010dine. U veoma kratkom vremenskom periodu otvoreni su koridori i postavljena su crijeva koja omogu\u0107avaju brzo reagovanje u cilju ga\u0161enja vatre. Na razvoj situacije povoljno su uticali i meteorolo\u0161ki uslovi za razliku od prvog dana na kojem je zapadni vjetar uticao \u0161irenje vatre. Od jutarnjih sati anga\u017eovan je avion dromader koji je aktivan tokom dana\u0161njeg dana i u slu\u010daju dodatne potrebe, u pripravnosti stoje avioni iz susjednih dr\u017eava.\u00a0 Predsjenik Cungu je kazao da se nada da tokom dana\u0161njeg dana ne\u0107e biti vjetra koji \u0107e lo\u0161e uticati na aktuelnu situaciju i slu\u017ebama ne\u0107e ote\u017eavati rad na terenu.<\/p>\n<p>On se u svoje ime i u ime gra\u0111ana zahvaljuje sluzbenicima uprave policije-ispostave Ulcinj, slu\u017ebama za\u0161tite Bara, Budve, Podgorice i Cetinja koji dok je za gradsku slu\u017ebu za\u0161tite kazao da su reagovali na najbolji mogu\u0107i na\u010din i da gra\u0111ani mogu biti ponosni na njih. Apeluje se na gra\u0111ane da ne koriste otvoreni plamen bilo gdje u prirodi jer je situacija u prirodi takva da je malo potrebno da mali po\u017ear izmakne kontroli.<\/p>\n<p>Iz \u0161taba za vanredne situacije apeluju na gra\u0111ane i na medije da ne \u0161ire paniku i dezinformacije jer one mogu znatno uticati na ote\u017eavanje rada slu\u017ebi koje upravljaju situacijom.<\/p>\n<!--YouTube Error: bad URL entered-->\n","protected":false},"excerpt":{"rendered":"<p>Danas u kabinetu predsjednika Op\u0161tine Ulcinj je odr\u017ean sastanak lokalnog \u0161taba za upravljanje vanrednim situacijama, na kojem je analizirana aktuelna situacija nastala nakon i tokom po\u017eara na Bijeloj Gori, koji je u nastavku zahvatio zonu Nove mahale i predstavljao je prijetnju za ostale gradske zone. Na sastanku je konstatovano da se situacija znatno smirila i [&hellip;]<\/p>\n","protected":false},"author":1,"featured_media":0,"comment_status":"closed","ping_status":"closed","sticky":false,"template":"","format":"standard","meta":{"spay_email":"","jetpack_publicize_message":"","jetpack_is_tweetstorm":false,"jetpack_publicize_feature_enabled":true},"categories":[8337],"tags":[],"jetpack_publicize_connections":[],"yoast_head":"<!-- This site is optimized with the Yoast SEO plugin v19.1 - https:\/\/yoast.com\/wordpress\/plugins\/seo\/ -->\n<title>Saop\u0161tenje \u0161taba za vanredne situacije Op\u0161tine Ulcinj - Lajme nga Ulqini<\/title>\n<meta name=\"description\" content=\"Danas u kabinetu predsjednika Op\u0161tine Ulcinj je odr\u017ean sastanak lokalnog \u0161taba za upravljanje vanrednim situacijama, na kojem je analizirana aktuelna\" \/>\n<meta name=\"robots\" content=\"index, follow, max-snippet:-1, max-image-preview:large, max-video-preview:-1\" \/>\n<link rel=\"canonical\" href=\"https:\/\/www.visit-ulcinj.com\/blog\/2016\/08\/29\/saopstenje-staba-za-vanredne-situacije-opstine-ulcinj\/\" \/>\n<meta property=\"og:locale\" content=\"en_US\" \/>\n<meta property=\"og:type\" content=\"article\" \/>\n<meta property=\"og:title\" content=\"Saop\u0161tenje \u0161taba za vanredne situacije Op\u0161tine Ulcinj - Lajme nga Ulqini\" \/>\n<meta property=\"og:description\" content=\"Danas u kabinetu predsjednika Op\u0161tine Ulcinj je odr\u017ean sastanak lokalnog \u0161taba za upravljanje vanrednim situacijama, na kojem je analizirana aktuelna\" \/>\n<meta property=\"og:url\" content=\"https:\/\/www.visit-ulcinj.com\/blog\/2016\/08\/29\/saopstenje-staba-za-vanredne-situacije-opstine-ulcinj\/\" \/>\n<meta property=\"og:site_name\" content=\"Lajme nga Ulqini\" \/>\n<meta property=\"article:published_time\" content=\"2016-08-29T07:54:29+00:00\" \/>\n<meta property=\"og:image\" content=\"http:\/\/www.visit-ulcinj.com\/blog\/wp-content\/uploads\/2016\/08\/shtabi-i-emergjences-se-komunes-se-Ulqinit.jpg\" \/>\n<meta name=\"twitter:label1\" content=\"Written by\" \/>\n\t<meta name=\"twitter:data1\" content=\"ulqini\" \/>\n\t<meta name=\"twitter:label2\" content=\"Est. reading time\" \/>\n\t<meta name=\"twitter:data2\" content=\"2 minutes\" \/>\n<script type=\"application\/ld+json\" class=\"yoast-schema-graph\">{\"@context\":\"https:\/\/schema.org\",\"@graph\":[{\"@type\":\"WebSite\",\"@id\":\"https:\/\/www.visit-ulcinj.com\/blog\/#website\",\"url\":\"https:\/\/www.visit-ulcinj.com\/blog\/\",\"name\":\"Lajme nga Ulqini\",\"description\":\"Lajme,Vijesti,Ulqini,Ulqin,Crna Gora,Mali i Zi\",\"potentialAction\":[{\"@type\":\"SearchAction\",\"target\":{\"@type\":\"EntryPoint\",\"urlTemplate\":\"https:\/\/www.visit-ulcinj.com\/blog\/?s={search_term_string}\"},\"query-input\":\"required name=search_term_string\"}],\"inLanguage\":\"en-US\"},{\"@type\":\"ImageObject\",\"inLanguage\":\"en-US\",\"@id\":\"https:\/\/www.visit-ulcinj.com\/blog\/2016\/08\/29\/saopstenje-staba-za-vanredne-situacije-opstine-ulcinj\/#primaryimage\",\"url\":\"https:\/\/www.visit-ulcinj.com\/blog\/wp-content\/uploads\/2016\/08\/shtabi-i-emergjences-se-komunes-se-Ulqinit.jpg\",\"contentUrl\":\"https:\/\/www.visit-ulcinj.com\/blog\/wp-content\/uploads\/2016\/08\/shtabi-i-emergjences-se-komunes-se-Ulqinit.jpg\",\"width\":933,\"height\":618},{\"@type\":\"WebPage\",\"@id\":\"https:\/\/www.visit-ulcinj.com\/blog\/2016\/08\/29\/saopstenje-staba-za-vanredne-situacije-opstine-ulcinj\/#webpage\",\"url\":\"https:\/\/www.visit-ulcinj.com\/blog\/2016\/08\/29\/saopstenje-staba-za-vanredne-situacije-opstine-ulcinj\/\",\"name\":\"Saop\u0161tenje \u0161taba za vanredne situacije Op\u0161tine Ulcinj - Lajme nga Ulqini\",\"isPartOf\":{\"@id\":\"https:\/\/www.visit-ulcinj.com\/blog\/#website\"},\"primaryImageOfPage\":{\"@id\":\"https:\/\/www.visit-ulcinj.com\/blog\/2016\/08\/29\/saopstenje-staba-za-vanredne-situacije-opstine-ulcinj\/#primaryimage\"},\"datePublished\":\"2016-08-29T07:54:29+00:00\",\"dateModified\":\"2016-08-29T07:54:29+00:00\",\"author\":{\"@id\":\"https:\/\/www.visit-ulcinj.com\/blog\/#\/schema\/person\/dcab619c614d3038751c63bc2aadc06d\"},\"description\":\"Danas u kabinetu predsjednika Op\u0161tine Ulcinj je odr\u017ean sastanak lokalnog \u0161taba za upravljanje vanrednim situacijama, na kojem je analizirana aktuelna\",\"breadcrumb\":{\"@id\":\"https:\/\/www.visit-ulcinj.com\/blog\/2016\/08\/29\/saopstenje-staba-za-vanredne-situacije-opstine-ulcinj\/#breadcrumb\"},\"inLanguage\":\"en-US\",\"potentialAction\":[{\"@type\":\"ReadAction\",\"target\":[\"https:\/\/www.visit-ulcinj.com\/blog\/2016\/08\/29\/saopstenje-staba-za-vanredne-situacije-opstine-ulcinj\/\"]}]},{\"@type\":\"BreadcrumbList\",\"@id\":\"https:\/\/www.visit-ulcinj.com\/blog\/2016\/08\/29\/saopstenje-staba-za-vanredne-situacije-opstine-ulcinj\/#breadcrumb\",\"itemListElement\":[{\"@type\":\"ListItem\",\"position\":1,\"name\":\"Saop\u0161tenje \u0161taba za vanredne situacije Op\u0161tine Ulcinj\"}]},{\"@type\":\"Person\",\"@id\":\"https:\/\/www.visit-ulcinj.com\/blog\/#\/schema\/person\/dcab619c614d3038751c63bc2aadc06d\",\"name\":\"ulqini\",\"sameAs\":[\"http:\/\/www.visit-ulcinj.com\"],\"url\":\"https:\/\/www.visit-ulcinj.com\/blog\/author\/admin\/\"}]}<\/script>\n<!-- \/ Yoast SEO plugin. -->","yoast_head_json":{"title":"Saop\u0161tenje \u0161taba za vanredne situacije Op\u0161tine Ulcinj - Lajme nga Ulqini","description":"Danas u kabinetu predsjednika Op\u0161tine Ulcinj je odr\u017ean sastanak lokalnog \u0161taba za upravljanje vanrednim situacijama, na kojem je analizirana aktuelna","robots":{"index":"index","follow":"follow","max-snippet":"max-snippet:-1","max-image-preview":"max-image-preview:large","max-video-preview":"max-video-preview:-1"},"canonical":"https:\/\/www.visit-ulcinj.com\/blog\/2016\/08\/29\/saopstenje-staba-za-vanredne-situacije-opstine-ulcinj\/","og_locale":"en_US","og_type":"article","og_title":"Saop\u0161tenje \u0161taba za vanredne situacije Op\u0161tine Ulcinj - Lajme nga Ulqini","og_description":"Danas u kabinetu predsjednika Op\u0161tine Ulcinj je odr\u017ean sastanak lokalnog \u0161taba za upravljanje vanrednim situacijama, na kojem je analizirana aktuelna","og_url":"https:\/\/www.visit-ulcinj.com\/blog\/2016\/08\/29\/saopstenje-staba-za-vanredne-situacije-opstine-ulcinj\/","og_site_name":"Lajme nga Ulqini","article_published_time":"2016-08-29T07:54:29+00:00","og_image":[{"url":"http:\/\/www.visit-ulcinj.com\/blog\/wp-content\/uploads\/2016\/08\/shtabi-i-emergjences-se-komunes-se-Ulqinit.jpg"}],"twitter_misc":{"Written by":"ulqini","Est. reading time":"2 minutes"},"schema":{"@context":"https:\/\/schema.org","@graph":[{"@type":"WebSite","@id":"https:\/\/www.visit-ulcinj.com\/blog\/#website","url":"https:\/\/www.visit-ulcinj.com\/blog\/","name":"Lajme nga Ulqini","description":"Lajme,Vijesti,Ulqini,Ulqin,Crna Gora,Mali i Zi","potentialAction":[{"@type":"SearchAction","target":{"@type":"EntryPoint","urlTemplate":"https:\/\/www.visit-ulcinj.com\/blog\/?s={search_term_string}"},"query-input":"required name=search_term_string"}],"inLanguage":"en-US"},{"@type":"ImageObject","inLanguage":"en-US","@id":"https:\/\/www.visit-ulcinj.com\/blog\/2016\/08\/29\/saopstenje-staba-za-vanredne-situacije-opstine-ulcinj\/#primaryimage","url":"https:\/\/www.visit-ulcinj.com\/blog\/wp-content\/uploads\/2016\/08\/shtabi-i-emergjences-se-komunes-se-Ulqinit.jpg","contentUrl":"https:\/\/www.visit-ulcinj.com\/blog\/wp-content\/uploads\/2016\/08\/shtabi-i-emergjences-se-komunes-se-Ulqinit.jpg","width":933,"height":618},{"@type":"WebPage","@id":"https:\/\/www.visit-ulcinj.com\/blog\/2016\/08\/29\/saopstenje-staba-za-vanredne-situacije-opstine-ulcinj\/#webpage","url":"https:\/\/www.visit-ulcinj.com\/blog\/2016\/08\/29\/saopstenje-staba-za-vanredne-situacije-opstine-ulcinj\/","name":"Saop\u0161tenje \u0161taba za vanredne situacije Op\u0161tine Ulcinj - Lajme nga Ulqini","isPartOf":{"@id":"https:\/\/www.visit-ulcinj.com\/blog\/#website"},"primaryImageOfPage":{"@id":"https:\/\/www.visit-ulcinj.com\/blog\/2016\/08\/29\/saopstenje-staba-za-vanredne-situacije-opstine-ulcinj\/#primaryimage"},"datePublished":"2016-08-29T07:54:29+00:00","dateModified":"2016-08-29T07:54:29+00:00","author":{"@id":"https:\/\/www.visit-ulcinj.com\/blog\/#\/schema\/person\/dcab619c614d3038751c63bc2aadc06d"},"description":"Danas u kabinetu predsjednika Op\u0161tine Ulcinj je odr\u017ean sastanak lokalnog \u0161taba za upravljanje vanrednim situacijama, na kojem je analizirana aktuelna","breadcrumb":{"@id":"https:\/\/www.visit-ulcinj.com\/blog\/2016\/08\/29\/saopstenje-staba-za-vanredne-situacije-opstine-ulcinj\/#breadcrumb"},"inLanguage":"en-US","potentialAction":[{"@type":"ReadAction","target":["https:\/\/www.visit-ulcinj.com\/blog\/2016\/08\/29\/saopstenje-staba-za-vanredne-situacije-opstine-ulcinj\/"]}]},{"@type":"BreadcrumbList","@id":"https:\/\/www.visit-ulcinj.com\/blog\/2016\/08\/29\/saopstenje-staba-za-vanredne-situacije-opstine-ulcinj\/#breadcrumb","itemListElement":[{"@type":"ListItem","position":1,"name":"Saop\u0161tenje \u0161taba za vanredne situacije Op\u0161tine Ulcinj"}]},{"@type":"Person","@id":"https:\/\/www.visit-ulcinj.com\/blog\/#\/schema\/person\/dcab619c614d3038751c63bc2aadc06d","name":"ulqini","sameAs":["http:\/\/www.visit-ulcinj.com"],"url":"https:\/\/www.visit-ulcinj.com\/blog\/author\/admin\/"}]}},"jetpack_featured_media_url":"","jetpack_sharing_enabled":true,"jetpack_shortlink":"https:\/\/wp.me\/pe6lTn-pPU","_links":{"self":[{"href":"https:\/\/www.visit-ulcinj.com\/blog\/wp-json\/wp\/v2\/posts\/99318"}],"collection":[{"href":"https:\/\/www.visit-ulcinj.com\/blog\/wp-json\/wp\/v2\/posts"}],"about":[{"href":"https:\/\/www.visit-ulcinj.com\/blog\/wp-json\/wp\/v2\/types\/post"}],"author":[{"embeddable":true,"href":"https:\/\/www.visit-ulcinj.com\/blog\/wp-json\/wp\/v2\/users\/1"}],"replies":[{"embeddable":true,"href":"https:\/\/www.visit-ulcinj.com\/blog\/wp-json\/wp\/v2\/comments?post=99318"}],"version-history":[{"count":1,"href":"https:\/\/www.visit-ulcinj.com\/blog\/wp-json\/wp\/v2\/posts\/99318\/revisions"}],"predecessor-version":[{"id":99319,"href":"https:\/\/www.visit-ulcinj.com\/blog\/wp-json\/wp\/v2\/posts\/99318\/revisions\/99319"}],"wp:attachment":[{"href":"https:\/\/www.visit-ulcinj.com\/blog\/wp-json\/wp\/v2\/media?parent=99318"}],"wp:term":[{"taxonomy":"category","embeddable":true,"href":"https:\/\/www.visit-ulcinj.com\/blog\/wp-json\/wp\/v2\/categories?post=99318"},{"taxonomy":"post_tag","embeddable":true,"href":"https:\/\/www.visit-ulcinj.com\/blog\/wp-json\/wp\/v2\/tags?post=99318"}],"curies":[{"name":"wp","href":"https:\/\/api.w.org\/{rel}","templated":true}]}}