{"id":99320,"date":"2016-08-29T09:02:37","date_gmt":"2016-08-29T08:02:37","guid":{"rendered":"http:\/\/www.visit-ulcinj.com\/blog\/?p=99320"},"modified":"2016-08-29T09:02:37","modified_gmt":"2016-08-29T08:02:37","slug":"nika-si-e-shoh-une-punen-njelloj-si-ju-sepse-nuk-jam-mencuri","status":"publish","type":"post","link":"https:\/\/www.visit-ulcinj.com\/blog\/2016\/08\/29\/nika-si-e-shoh-une-punen-njelloj-si-ju-sepse-nuk-jam-mencuri\/","title":{"rendered":"Nika: Si e shoh un\u00eb pun\u00ebn: Nj\u00eblloj si ju &#8211; sepse nuk jam m\u00eb i men\u00e7uri ?!"},"content":{"rendered":"<p><a href=\"http:\/\/www.visit-ulcinj.com\/blog\/wp-content\/uploads\/2016\/08\/Kanali-i-Kripores-Ulqin.jpg\"><img loading=\"lazy\" class=\"alignleft wp-image-99262\" src=\"http:\/\/www.visit-ulcinj.com\/blog\/wp-content\/uploads\/2016\/08\/Kanali-i-Kripores-Ulqin.jpg\" alt=\"Kanali i Kripores-Ulqin\" width=\"508\" height=\"449\" srcset=\"https:\/\/www.visit-ulcinj.com\/blog\/wp-content\/uploads\/2016\/08\/Kanali-i-Kripores-Ulqin.jpg 960w, https:\/\/www.visit-ulcinj.com\/blog\/wp-content\/uploads\/2016\/08\/Kanali-i-Kripores-Ulqin-300x265.jpg 300w, https:\/\/www.visit-ulcinj.com\/blog\/wp-content\/uploads\/2016\/08\/Kanali-i-Kripores-Ulqin-768x679.jpg 768w\" sizes=\"(max-width: 508px) 100vw, 508px\" \/><\/a><br \/>\n<strong><em> komenti i 3-t\u00eb, i nj\u00eb fotografie&#8230;.<\/em><\/strong><\/p>\n<p>Fjal\u00ebn k\u00ebsaj radhe e kemi p\u00ebr \u00a0fotografin\u00eb e lajmit\u00a0\u00a0 q\u00eb shihni n\u00eb tekst \u00a0n\u00eb t\u00eb cilin \u00a0\u00a0\u00a0thuhet:<strong>\u00a0 <em>\u201c<\/em><\/strong><em>Kryetari i Komun\u00ebs Nazif Cungu\u00a0 me bashk\u00ebpun\u00ebtor\u00eb\u00a0 u takuan me qytetar\u00eb\u00a0 q\u00eb jetojn\u00eb n\u00eb af\u00ebrsi t\u00eb\u00a0 Port Milen\u00ebs. Pasi kishim t\u00eb b\u00ebnim me k\u00ebrkes\u00ebn e tyre p\u00ebr mbylljen e kanalit t\u00eb kripores, n\u00eb takim merrte pjes\u00eb dhe Drejtori i falimentimit t\u00eb kripores Ognjen Jovoviq\u2026\u201d<\/em><\/p>\n<p><strong><em>\u00a0<\/em><\/strong>P\u00ebr vete\u00a0 fillimisht po cek\u00a0 q\u00eb \u00a0e kuptoj se \u00a0\u00ebsht\u00eb fushat\u00eb dhe duhen premtime e \u00a0vota..?! Por nuk arrij asesi \u00a0t\u00eb kuptoj\u00a0 n\u00eb tekst- se \u00a0kush \u00ebsht\u00eb Ognjen Jovoviqi- q\u00eb na u dashka \u00a0p\u00ebr k\u00ebt\u00eb pun\u00eb edhe p\u00eblqimi i tij- \u00a0bile edhe \u00a0m\u00eb shum\u00eb se fjala e kuvendit \u00a0q\u00eb \u00a0zgjedh populli?!<\/p>\n<p>Nd\u00ebrsa\u00a0 p\u00ebr \u00e7udi edhe k\u00ebtu, po duket \u2013 Loron, \u00a0si kryetar kuvendi\u00a0 q\u00eb i takonte \u00a0\u00a0ti priste , jo q\u00eb e hoq\u00ebn nga fotografia \u2013si n\u00eb takimin me drejtor\u00eb, por as nuk e paskan njoftuar \u00a0me sa duket fare?! E po t\u00eb ishte k\u00ebshtu, q\u00eb nuk d\u00ebshiroj \u00a0t\u00eb jet\u00eb, kjo do t\u00eb lajm\u00ebronte nj\u00eb ogur t\u00eb keq q\u00eb do thot\u00eb se n\u00eb komun\u00eb kemi \u00a0t\u00eb instaluar nj\u00eb pushtet \u2013 parapolotik\u00a0 , me atributet e atij paramilitar\u00a0 q\u00eb lam pas..?!<\/p>\n<p>Andaj k\u00ebto \u201c nism\u00ebtar\u00eb..\u201d \u00a0q\u00eb pret Cungu , jo q\u00eb duhen p\u00ebrkrahur \u00a0nga kryearti i komun\u00ebs, por \u00a0do duhej t\u00eb paditeshin \u00a0\u00a0me nj\u00ebher\u00eb n\u00eb polici, n\u00eb nj\u00eb shtet normal dhe popull normal?!! Dhe \u00a0,sikur t\u00eb jet\u00ebsohej kjo, jo q\u00eb do shkelej nj\u00eb ligj , por disa..?!!<\/p>\n<p>Kriporja \u2013 pas nj\u00eb tradite shekullore\u00a0 t\u00eb ekzistenc\u00ebs, \u00ebsht\u00eb jo vet\u00ebm nj\u00eb \u00a0monument i ve\u00e7ant\u00eb i\u00a0 natyr\u00ebs , por \u00ebsht\u00eb \u00a0b\u00ebr\u00eb edhe pjes\u00eb e kultur\u00ebs dhe tradit\u00ebs \u00a0son\u00eb \u00a0familjare \u2013 bashk\u00eb me kanalin, n\u00eb\u00a0 t\u00eb cil\u00ebn nuk guxohet t\u00eb prek\u00ebt k\u00ebshtu si mendon dikush- pak ka r\u00ebnd\u00ebsi , n\u00ebse b\u00ebhet p\u00ebr vota, apo interes. Dhe mos\u00a0 t\u00eb ndodh\u00eb\u00a0 , si me\u00a0 Erjon Velin- Kryetarin e Tiran\u00ebs,\u00a0 me nd\u00ebrtimet n\u00eb parkun e liqenit artificial- ku\u00a0 pati p\u00ebrleshje me ata q\u00eb\u00a0 parkun\u00a0 (kanalin ) e donin park( e jo kanal t\u00eb betonuar)- si e doni\u00a0 Ju.<\/p>\n<p>Kujdes sepse \u00a0ende \u00a0\u00ebsht\u00eb ver\u00eb e n\u00eb Ulqin , \u00a0e puna di t\u00eb marr\u00eb flak\u00eb \u00a0edhe shpejt fare ?!!<\/p>\n<p>Sipas t\u00eb gjitha normave juridike , po dhe drejt\u00ebsis\u00eb romake,\u00a0 n\u00eb k\u00ebt\u00eb rast do thuhej: <strong><u>Se nuk shkoi\u00a0 kanali i Kripores te banor\u00ebt &#8230;,\u00a0 por ata \u00a0shkuan af\u00ebr kanalit ?! <\/u><\/strong><\/p>\n<p>N\u00ebse nuk \u00a0e besoni \u2013 pyesni\u00a0 p\u00ebr k\u00ebt\u00eb , edhe \u00a0ambasadoren gjermane, me t\u00eb cil\u00ebn jeni mir\u00eb\u00a0 me \u00a0nj\u00eb \u00a0(nism\u00eb)tjet\u00ebr , ku do ta shpallni\u00a0 ulqinake nderi p\u00ebr mbrojtje t\u00eb Kripores?!<\/p>\n<p>Kujdes , se mund ta marr\u00eb vesh \u2013 si ulqinake nderi q\u00eb pritet t\u00eb b\u00ebhet, dhe pastaj\u00a0 t\u00eb turp\u00ebrohej \u00a0nga ju dhe t\u00eb \u00a0pik\u00ebllohej nj\u00ebkoh\u00ebsisht \u00a0nga bashk\u00ebqytetar\u00ebt\u00a0 e rinj (t\u00eb mij)&#8230;.?!<\/p>\n<p><strong><em>Dhe tjet\u00ebr- Jo vet\u00ebm sipas meje , por\u00a0 edhe tjer\u00ebve-\u00a0 Ky kanal i mbushur me uj\u00eb nga thell\u00ebsia e detit me pompa-\u00a0 si dikur dhe me parmak\u00eb \u00a0an\u00ebsor-\u00a0 Mund t\u00eb ishte atraksion , p\u00ebr larje t\u00eb turist\u00ebve&#8230; , nd\u00ebrsa me v\u00ebnien n\u00eb funksion edhe t\u00eb trenit t\u00eb vagon\u00ebve t\u00eb krip\u00ebs \u2013t\u00eb adaptuar p\u00ebr pasagjer\u00eb \u2013 buz\u00eb tij, p\u00ebr vizitor\u00eb nga plazhi(deti ) e deri n\u00eb kripore p\u00ebrmes baseneve do ish nj\u00eb atraksion\u00a0 i v\u00ebrtet\u00eb turistik i papar\u00eb dhe i ve\u00e7ant\u00eb si ofert\u00eb turistike , duke njohur vizitoret me prodhimin tradicional t\u00eb krip\u00ebs e deri t\u00eb biodiversiteti i zogjve. <\/em><\/strong><\/p>\n<p><strong><em>Adriatiku , nuk kish shum\u00eb Kripore ..?!!<\/em><\/strong><\/p>\n<p><strong><em>Vazhdon:<\/em><\/strong><\/p>\n<p>&nbsp;<\/p>\n<p><strong>Pik\u00ebpamjet e shprehura n\u00eb faqen \u201cOPINIONE\u201d nuk p\u00ebrfaq\u00ebsojn\u00eb domosdoshm\u00ebrisht politik\u00ebn redaksionale t\u00eb \u201eLajmeve nga Ulqini\u201e<\/strong><\/p>\n","protected":false},"excerpt":{"rendered":"<p>komenti i 3-t\u00eb, i nj\u00eb fotografie&#8230;. Fjal\u00ebn k\u00ebsaj radhe e kemi p\u00ebr \u00a0fotografin\u00eb e lajmit\u00a0\u00a0 q\u00eb shihni n\u00eb tekst \u00a0n\u00eb t\u00eb cilin \u00a0\u00a0\u00a0thuhet:\u00a0 \u201cKryetari i Komun\u00ebs Nazif Cungu\u00a0 me bashk\u00ebpun\u00ebtor\u00eb\u00a0 u takuan me qytetar\u00eb\u00a0 q\u00eb jetojn\u00eb n\u00eb af\u00ebrsi t\u00eb\u00a0 Port Milen\u00ebs. Pasi kishim t\u00eb b\u00ebnim me k\u00ebrkes\u00ebn e tyre p\u00ebr mbylljen e kanalit t\u00eb kripores, [&hellip;]<\/p>\n","protected":false},"author":1,"featured_media":0,"comment_status":"closed","ping_status":"closed","sticky":false,"template":"","format":"standard","meta":{"spay_email":"","jetpack_publicize_message":"","jetpack_is_tweetstorm":false,"jetpack_publicize_feature_enabled":true},"categories":[14249],"tags":[],"jetpack_publicize_connections":[],"yoast_head":"<!-- This site is optimized with the Yoast SEO plugin v19.1 - https:\/\/yoast.com\/wordpress\/plugins\/seo\/ -->\n<title>Nika: Si e shoh un\u00eb pun\u00ebn: Nj\u00eblloj si ju - sepse nuk jam m\u00eb i men\u00e7uri ?! - Lajme nga Ulqini<\/title>\n<meta name=\"description\" content=\"komenti i 3-t\u00eb, i nj\u00eb fotografie.... Fjal\u00ebn k\u00ebsaj radhe e kemi p\u00ebr \u00a0fotografin\u00eb e lajmit\u00a0\u00a0 q\u00eb shihni n\u00eb tekst \u00a0n\u00eb t\u00eb cilin \u00a0\u00a0\u00a0thuhet:\u00a0 \u201cKryetari i Komun\u00ebs\" \/>\n<meta name=\"robots\" content=\"index, follow, max-snippet:-1, max-image-preview:large, max-video-preview:-1\" \/>\n<link rel=\"canonical\" href=\"https:\/\/www.visit-ulcinj.com\/blog\/2016\/08\/29\/nika-si-e-shoh-une-punen-njelloj-si-ju-sepse-nuk-jam-mencuri\/\" \/>\n<meta property=\"og:locale\" content=\"en_US\" \/>\n<meta property=\"og:type\" content=\"article\" \/>\n<meta property=\"og:title\" content=\"Nika: Si e shoh un\u00eb pun\u00ebn: Nj\u00eblloj si ju - sepse nuk jam m\u00eb i men\u00e7uri ?! - Lajme nga Ulqini\" \/>\n<meta property=\"og:description\" content=\"komenti i 3-t\u00eb, i nj\u00eb fotografie.... Fjal\u00ebn k\u00ebsaj radhe e kemi p\u00ebr \u00a0fotografin\u00eb e lajmit\u00a0\u00a0 q\u00eb shihni n\u00eb tekst \u00a0n\u00eb t\u00eb cilin \u00a0\u00a0\u00a0thuhet:\u00a0 \u201cKryetari i Komun\u00ebs\" \/>\n<meta property=\"og:url\" content=\"https:\/\/www.visit-ulcinj.com\/blog\/2016\/08\/29\/nika-si-e-shoh-une-punen-njelloj-si-ju-sepse-nuk-jam-mencuri\/\" \/>\n<meta property=\"og:site_name\" content=\"Lajme nga Ulqini\" \/>\n<meta property=\"article:published_time\" content=\"2016-08-29T08:02:37+00:00\" \/>\n<meta property=\"og:image\" content=\"http:\/\/www.visit-ulcinj.com\/blog\/wp-content\/uploads\/2016\/08\/Kanali-i-Kripores-Ulqin.jpg\" \/>\n<meta name=\"twitter:label1\" content=\"Written by\" \/>\n\t<meta name=\"twitter:data1\" content=\"ulqini\" \/>\n\t<meta name=\"twitter:label2\" content=\"Est. reading time\" \/>\n\t<meta name=\"twitter:data2\" content=\"3 minutes\" \/>\n<script type=\"application\/ld+json\" class=\"yoast-schema-graph\">{\"@context\":\"https:\/\/schema.org\",\"@graph\":[{\"@type\":\"WebSite\",\"@id\":\"https:\/\/www.visit-ulcinj.com\/blog\/#website\",\"url\":\"https:\/\/www.visit-ulcinj.com\/blog\/\",\"name\":\"Lajme nga Ulqini\",\"description\":\"Lajme,Vijesti,Ulqini,Ulqin,Crna Gora,Mali i Zi\",\"potentialAction\":[{\"@type\":\"SearchAction\",\"target\":{\"@type\":\"EntryPoint\",\"urlTemplate\":\"https:\/\/www.visit-ulcinj.com\/blog\/?s={search_term_string}\"},\"query-input\":\"required name=search_term_string\"}],\"inLanguage\":\"en-US\"},{\"@type\":\"ImageObject\",\"inLanguage\":\"en-US\",\"@id\":\"https:\/\/www.visit-ulcinj.com\/blog\/2016\/08\/29\/nika-si-e-shoh-une-punen-njelloj-si-ju-sepse-nuk-jam-mencuri\/#primaryimage\",\"url\":\"https:\/\/www.visit-ulcinj.com\/blog\/wp-content\/uploads\/2016\/08\/Kanali-i-Kripores-Ulqin.jpg\",\"contentUrl\":\"https:\/\/www.visit-ulcinj.com\/blog\/wp-content\/uploads\/2016\/08\/Kanali-i-Kripores-Ulqin.jpg\",\"width\":960,\"height\":849},{\"@type\":\"WebPage\",\"@id\":\"https:\/\/www.visit-ulcinj.com\/blog\/2016\/08\/29\/nika-si-e-shoh-une-punen-njelloj-si-ju-sepse-nuk-jam-mencuri\/#webpage\",\"url\":\"https:\/\/www.visit-ulcinj.com\/blog\/2016\/08\/29\/nika-si-e-shoh-une-punen-njelloj-si-ju-sepse-nuk-jam-mencuri\/\",\"name\":\"Nika: Si e shoh un\u00eb pun\u00ebn: Nj\u00eblloj si ju - sepse nuk jam m\u00eb i men\u00e7uri ?! - Lajme nga Ulqini\",\"isPartOf\":{\"@id\":\"https:\/\/www.visit-ulcinj.com\/blog\/#website\"},\"primaryImageOfPage\":{\"@id\":\"https:\/\/www.visit-ulcinj.com\/blog\/2016\/08\/29\/nika-si-e-shoh-une-punen-njelloj-si-ju-sepse-nuk-jam-mencuri\/#primaryimage\"},\"datePublished\":\"2016-08-29T08:02:37+00:00\",\"dateModified\":\"2016-08-29T08:02:37+00:00\",\"author\":{\"@id\":\"https:\/\/www.visit-ulcinj.com\/blog\/#\/schema\/person\/dcab619c614d3038751c63bc2aadc06d\"},\"description\":\"komenti i 3-t\u00eb, i nj\u00eb fotografie.... Fjal\u00ebn k\u00ebsaj radhe e kemi p\u00ebr \u00a0fotografin\u00eb e lajmit\u00a0\u00a0 q\u00eb shihni n\u00eb tekst \u00a0n\u00eb t\u00eb cilin \u00a0\u00a0\u00a0thuhet:\u00a0 \u201cKryetari i Komun\u00ebs\",\"breadcrumb\":{\"@id\":\"https:\/\/www.visit-ulcinj.com\/blog\/2016\/08\/29\/nika-si-e-shoh-une-punen-njelloj-si-ju-sepse-nuk-jam-mencuri\/#breadcrumb\"},\"inLanguage\":\"en-US\",\"potentialAction\":[{\"@type\":\"ReadAction\",\"target\":[\"https:\/\/www.visit-ulcinj.com\/blog\/2016\/08\/29\/nika-si-e-shoh-une-punen-njelloj-si-ju-sepse-nuk-jam-mencuri\/\"]}]},{\"@type\":\"BreadcrumbList\",\"@id\":\"https:\/\/www.visit-ulcinj.com\/blog\/2016\/08\/29\/nika-si-e-shoh-une-punen-njelloj-si-ju-sepse-nuk-jam-mencuri\/#breadcrumb\",\"itemListElement\":[{\"@type\":\"ListItem\",\"position\":1,\"name\":\"Nika: Si e shoh un\u00eb pun\u00ebn: Nj\u00eblloj si ju &#8211; sepse nuk jam m\u00eb i men\u00e7uri ?!\"}]},{\"@type\":\"Person\",\"@id\":\"https:\/\/www.visit-ulcinj.com\/blog\/#\/schema\/person\/dcab619c614d3038751c63bc2aadc06d\",\"name\":\"ulqini\",\"sameAs\":[\"http:\/\/www.visit-ulcinj.com\"],\"url\":\"https:\/\/www.visit-ulcinj.com\/blog\/author\/admin\/\"}]}<\/script>\n<!-- \/ Yoast SEO plugin. -->","yoast_head_json":{"title":"Nika: Si e shoh un\u00eb pun\u00ebn: Nj\u00eblloj si ju - sepse nuk jam m\u00eb i men\u00e7uri ?! - Lajme nga Ulqini","description":"komenti i 3-t\u00eb, i nj\u00eb fotografie.... Fjal\u00ebn k\u00ebsaj radhe e kemi p\u00ebr \u00a0fotografin\u00eb e lajmit\u00a0\u00a0 q\u00eb shihni n\u00eb tekst \u00a0n\u00eb t\u00eb cilin \u00a0\u00a0\u00a0thuhet:\u00a0 \u201cKryetari i Komun\u00ebs","robots":{"index":"index","follow":"follow","max-snippet":"max-snippet:-1","max-image-preview":"max-image-preview:large","max-video-preview":"max-video-preview:-1"},"canonical":"https:\/\/www.visit-ulcinj.com\/blog\/2016\/08\/29\/nika-si-e-shoh-une-punen-njelloj-si-ju-sepse-nuk-jam-mencuri\/","og_locale":"en_US","og_type":"article","og_title":"Nika: Si e shoh un\u00eb pun\u00ebn: Nj\u00eblloj si ju - sepse nuk jam m\u00eb i men\u00e7uri ?! - Lajme nga Ulqini","og_description":"komenti i 3-t\u00eb, i nj\u00eb fotografie.... Fjal\u00ebn k\u00ebsaj radhe e kemi p\u00ebr \u00a0fotografin\u00eb e lajmit\u00a0\u00a0 q\u00eb shihni n\u00eb tekst \u00a0n\u00eb t\u00eb cilin \u00a0\u00a0\u00a0thuhet:\u00a0 \u201cKryetari i Komun\u00ebs","og_url":"https:\/\/www.visit-ulcinj.com\/blog\/2016\/08\/29\/nika-si-e-shoh-une-punen-njelloj-si-ju-sepse-nuk-jam-mencuri\/","og_site_name":"Lajme nga Ulqini","article_published_time":"2016-08-29T08:02:37+00:00","og_image":[{"url":"http:\/\/www.visit-ulcinj.com\/blog\/wp-content\/uploads\/2016\/08\/Kanali-i-Kripores-Ulqin.jpg"}],"twitter_misc":{"Written by":"ulqini","Est. reading time":"3 minutes"},"schema":{"@context":"https:\/\/schema.org","@graph":[{"@type":"WebSite","@id":"https:\/\/www.visit-ulcinj.com\/blog\/#website","url":"https:\/\/www.visit-ulcinj.com\/blog\/","name":"Lajme nga Ulqini","description":"Lajme,Vijesti,Ulqini,Ulqin,Crna Gora,Mali i Zi","potentialAction":[{"@type":"SearchAction","target":{"@type":"EntryPoint","urlTemplate":"https:\/\/www.visit-ulcinj.com\/blog\/?s={search_term_string}"},"query-input":"required name=search_term_string"}],"inLanguage":"en-US"},{"@type":"ImageObject","inLanguage":"en-US","@id":"https:\/\/www.visit-ulcinj.com\/blog\/2016\/08\/29\/nika-si-e-shoh-une-punen-njelloj-si-ju-sepse-nuk-jam-mencuri\/#primaryimage","url":"https:\/\/www.visit-ulcinj.com\/blog\/wp-content\/uploads\/2016\/08\/Kanali-i-Kripores-Ulqin.jpg","contentUrl":"https:\/\/www.visit-ulcinj.com\/blog\/wp-content\/uploads\/2016\/08\/Kanali-i-Kripores-Ulqin.jpg","width":960,"height":849},{"@type":"WebPage","@id":"https:\/\/www.visit-ulcinj.com\/blog\/2016\/08\/29\/nika-si-e-shoh-une-punen-njelloj-si-ju-sepse-nuk-jam-mencuri\/#webpage","url":"https:\/\/www.visit-ulcinj.com\/blog\/2016\/08\/29\/nika-si-e-shoh-une-punen-njelloj-si-ju-sepse-nuk-jam-mencuri\/","name":"Nika: Si e shoh un\u00eb pun\u00ebn: Nj\u00eblloj si ju - sepse nuk jam m\u00eb i men\u00e7uri ?! - Lajme nga Ulqini","isPartOf":{"@id":"https:\/\/www.visit-ulcinj.com\/blog\/#website"},"primaryImageOfPage":{"@id":"https:\/\/www.visit-ulcinj.com\/blog\/2016\/08\/29\/nika-si-e-shoh-une-punen-njelloj-si-ju-sepse-nuk-jam-mencuri\/#primaryimage"},"datePublished":"2016-08-29T08:02:37+00:00","dateModified":"2016-08-29T08:02:37+00:00","author":{"@id":"https:\/\/www.visit-ulcinj.com\/blog\/#\/schema\/person\/dcab619c614d3038751c63bc2aadc06d"},"description":"komenti i 3-t\u00eb, i nj\u00eb fotografie.... Fjal\u00ebn k\u00ebsaj radhe e kemi p\u00ebr \u00a0fotografin\u00eb e lajmit\u00a0\u00a0 q\u00eb shihni n\u00eb tekst \u00a0n\u00eb t\u00eb cilin \u00a0\u00a0\u00a0thuhet:\u00a0 \u201cKryetari i Komun\u00ebs","breadcrumb":{"@id":"https:\/\/www.visit-ulcinj.com\/blog\/2016\/08\/29\/nika-si-e-shoh-une-punen-njelloj-si-ju-sepse-nuk-jam-mencuri\/#breadcrumb"},"inLanguage":"en-US","potentialAction":[{"@type":"ReadAction","target":["https:\/\/www.visit-ulcinj.com\/blog\/2016\/08\/29\/nika-si-e-shoh-une-punen-njelloj-si-ju-sepse-nuk-jam-mencuri\/"]}]},{"@type":"BreadcrumbList","@id":"https:\/\/www.visit-ulcinj.com\/blog\/2016\/08\/29\/nika-si-e-shoh-une-punen-njelloj-si-ju-sepse-nuk-jam-mencuri\/#breadcrumb","itemListElement":[{"@type":"ListItem","position":1,"name":"Nika: Si e shoh un\u00eb pun\u00ebn: Nj\u00eblloj si ju &#8211; sepse nuk jam m\u00eb i men\u00e7uri ?!"}]},{"@type":"Person","@id":"https:\/\/www.visit-ulcinj.com\/blog\/#\/schema\/person\/dcab619c614d3038751c63bc2aadc06d","name":"ulqini","sameAs":["http:\/\/www.visit-ulcinj.com"],"url":"https:\/\/www.visit-ulcinj.com\/blog\/author\/admin\/"}]}},"jetpack_featured_media_url":"","jetpack_sharing_enabled":true,"jetpack_shortlink":"https:\/\/wp.me\/pe6lTn-pPW","_links":{"self":[{"href":"https:\/\/www.visit-ulcinj.com\/blog\/wp-json\/wp\/v2\/posts\/99320"}],"collection":[{"href":"https:\/\/www.visit-ulcinj.com\/blog\/wp-json\/wp\/v2\/posts"}],"about":[{"href":"https:\/\/www.visit-ulcinj.com\/blog\/wp-json\/wp\/v2\/types\/post"}],"author":[{"embeddable":true,"href":"https:\/\/www.visit-ulcinj.com\/blog\/wp-json\/wp\/v2\/users\/1"}],"replies":[{"embeddable":true,"href":"https:\/\/www.visit-ulcinj.com\/blog\/wp-json\/wp\/v2\/comments?post=99320"}],"version-history":[{"count":1,"href":"https:\/\/www.visit-ulcinj.com\/blog\/wp-json\/wp\/v2\/posts\/99320\/revisions"}],"predecessor-version":[{"id":99321,"href":"https:\/\/www.visit-ulcinj.com\/blog\/wp-json\/wp\/v2\/posts\/99320\/revisions\/99321"}],"wp:attachment":[{"href":"https:\/\/www.visit-ulcinj.com\/blog\/wp-json\/wp\/v2\/media?parent=99320"}],"wp:term":[{"taxonomy":"category","embeddable":true,"href":"https:\/\/www.visit-ulcinj.com\/blog\/wp-json\/wp\/v2\/categories?post=99320"},{"taxonomy":"post_tag","embeddable":true,"href":"https:\/\/www.visit-ulcinj.com\/blog\/wp-json\/wp\/v2\/tags?post=99320"}],"curies":[{"name":"wp","href":"https:\/\/api.w.org\/{rel}","templated":true}]}}