{"id":99337,"date":"2016-08-30T09:39:11","date_gmt":"2016-08-30T08:39:11","guid":{"rendered":"http:\/\/www.visit-ulcinj.com\/blog\/?p=99337"},"modified":"2016-08-30T09:39:11","modified_gmt":"2016-08-30T08:39:11","slug":"mali-zi-vendos-njesit-antiterrorist-ne-kufi-kosoven","status":"publish","type":"post","link":"https:\/\/www.visit-ulcinj.com\/blog\/2016\/08\/30\/mali-zi-vendos-njesit-antiterrorist-ne-kufi-kosoven\/","title":{"rendered":"Mali i Zi vendos nj\u00ebsit antiterrorist n\u00eb kufi me Kosov\u00ebn"},"content":{"rendered":"<p><a href=\"http:\/\/www.visit-ulcinj.com\/blog\/wp-content\/uploads\/2016\/08\/Mali-i-Zi-vendos-nj\u00ebsit-antiterrorist-n\u00eb-kufi-me-Kosov\u00ebn.jpg\"><img loading=\"lazy\" class=\"alignleft wp-image-99339\" src=\"http:\/\/www.visit-ulcinj.com\/blog\/wp-content\/uploads\/2016\/08\/Mali-i-Zi-vendos-nj\u00ebsit-antiterrorist-n\u00eb-kufi-me-Kosov\u00ebn.jpg\" alt=\"Mali i Zi vendos nj\u00ebsit antiterrorist n\u00eb kufi me Kosov\u00ebn\" width=\"508\" height=\"671\" srcset=\"https:\/\/www.visit-ulcinj.com\/blog\/wp-content\/uploads\/2016\/08\/Mali-i-Zi-vendos-nj\u00ebsit-antiterrorist-n\u00eb-kufi-me-Kosov\u00ebn.jpg 700w, https:\/\/www.visit-ulcinj.com\/blog\/wp-content\/uploads\/2016\/08\/Mali-i-Zi-vendos-nj\u00ebsit-antiterrorist-n\u00eb-kufi-me-Kosov\u00ebn-227x300.jpg 227w\" sizes=\"(max-width: 508px) 100vw, 508px\" \/><\/a>Gazeta e Podgoric\u00ebs &#8220;<a href=\"http:\/\/www.vijesti.me\/p\/naslovnice\/2016-08-28\">Vijesti<\/a>&#8220;, duke u thirrur n\u00eb burimet e saj t\u00eb sh\u00ebrbimeve t\u00eb siguris\u00eb, ka raportuar se Mali i Zi ka vendosur pjes\u00ebtar\u00eb t\u00eb nj\u00ebsitit antiterrorist n\u00eb kufi me Kosov\u00ebn. Si arsye p\u00ebrmenden konfliktet e mundshme p\u00ebr shkak t\u00eb kund\u00ebrshtimeve n\u00eb Kosov\u00eb ndaj marr\u00ebveshjes s\u00eb kufirit me Malin e Zi.<\/p>\n<p>Po ashtu, &#8220;Vijesti&#8221; njofton se n\u00eb zon\u00ebn kufitare pjes\u00ebtar\u00ebt e nj\u00ebsitit\u00a0antiterrorist\u00a0jan\u00eb duke patrolluar me arm\u00eb t\u00eb gjata, nd\u00ebrsa b\u00ebhet e ditur se atje jan\u00eb sjell\u00eb edhe mitraloz\u00eb, transmeton Gazeta Express.<\/p>\n<p>Presidenti i Kosov\u00ebs, Hashim Tha\u00e7i, dit\u00eb m\u00eb par\u00eb ka akuzuar eksponent\u00eb t\u00eb opozit\u00ebs\u00a0se kan\u00eb pretendime territoriale ndaj\u00a0Malit\u00a0t\u00eb\u00a0Zi.<\/p>\n<p>Nd\u00ebrkoh\u00eb sot, Presidenti malazias, Filip Vujanovic, ka th\u00ebn\u00eb se <a href=\"http:\/\/zeri.info\/aktuale\/105155\/presidenti-malazez-nuk-pres-incidente-ne-kufirin-me-kosoven-asnje-centimeter-nuk-ua-kemi-marre\/\">Malit t\u00eb Zi nuk i duhet asnj\u00eb centimet\u00ebr i Kosov\u00ebs, dhe se malazez\u00ebt nuk presin incidente n\u00eb kufirin me Kosov\u00ebn.\u00a0<\/a><\/p>\n<p>Z\u00ebri<\/p>\n","protected":false},"excerpt":{"rendered":"<p>Gazeta e Podgoric\u00ebs &#8220;Vijesti&#8220;, duke u thirrur n\u00eb burimet e saj t\u00eb sh\u00ebrbimeve t\u00eb siguris\u00eb, ka raportuar se Mali i Zi ka vendosur pjes\u00ebtar\u00eb t\u00eb nj\u00ebsitit antiterrorist n\u00eb kufi me Kosov\u00ebn. Si arsye p\u00ebrmenden konfliktet e mundshme p\u00ebr shkak t\u00eb kund\u00ebrshtimeve n\u00eb Kosov\u00eb ndaj marr\u00ebveshjes s\u00eb kufirit me Malin e Zi. Po ashtu, &#8220;Vijesti&#8221; njofton [&hellip;]<\/p>\n","protected":false},"author":1,"featured_media":0,"comment_status":"closed","ping_status":"closed","sticky":false,"template":"","format":"standard","meta":{"spay_email":"","jetpack_publicize_message":"","jetpack_is_tweetstorm":false,"jetpack_publicize_feature_enabled":true},"categories":[14],"tags":[],"jetpack_publicize_connections":[],"yoast_head":"<!-- This site is optimized with the Yoast SEO plugin v19.1 - https:\/\/yoast.com\/wordpress\/plugins\/seo\/ -->\n<title>Mali i Zi vendos nj\u00ebsit antiterrorist n\u00eb kufi me Kosov\u00ebn - Lajme nga Ulqini<\/title>\n<meta name=\"description\" content=\"Gazeta e Podgoric\u00ebs &quot;Vijesti&quot;, duke u thirrur n\u00eb burimet e saj t\u00eb sh\u00ebrbimeve t\u00eb siguris\u00eb, ka raportuar se Mali i Zi ka vendosur pjes\u00ebtar\u00eb t\u00eb nj\u00ebsitit\" \/>\n<meta name=\"robots\" content=\"index, follow, max-snippet:-1, max-image-preview:large, max-video-preview:-1\" \/>\n<link rel=\"canonical\" href=\"https:\/\/www.visit-ulcinj.com\/blog\/2016\/08\/30\/mali-zi-vendos-njesit-antiterrorist-ne-kufi-kosoven\/\" \/>\n<meta property=\"og:locale\" content=\"en_US\" \/>\n<meta property=\"og:type\" content=\"article\" \/>\n<meta property=\"og:title\" content=\"Mali i Zi vendos nj\u00ebsit antiterrorist n\u00eb kufi me Kosov\u00ebn - Lajme nga Ulqini\" \/>\n<meta property=\"og:description\" content=\"Gazeta e Podgoric\u00ebs &quot;Vijesti&quot;, duke u thirrur n\u00eb burimet e saj t\u00eb sh\u00ebrbimeve t\u00eb siguris\u00eb, ka raportuar se Mali i Zi ka vendosur pjes\u00ebtar\u00eb t\u00eb nj\u00ebsitit\" \/>\n<meta property=\"og:url\" content=\"https:\/\/www.visit-ulcinj.com\/blog\/2016\/08\/30\/mali-zi-vendos-njesit-antiterrorist-ne-kufi-kosoven\/\" \/>\n<meta property=\"og:site_name\" content=\"Lajme nga Ulqini\" \/>\n<meta property=\"article:published_time\" content=\"2016-08-30T08:39:11+00:00\" \/>\n<meta name=\"twitter:label1\" content=\"Written by\" \/>\n\t<meta name=\"twitter:data1\" content=\"ulqini\" \/>\n\t<meta name=\"twitter:label2\" content=\"Est. reading time\" \/>\n\t<meta name=\"twitter:data2\" content=\"1 minute\" \/>\n<script type=\"application\/ld+json\" class=\"yoast-schema-graph\">{\"@context\":\"https:\/\/schema.org\",\"@graph\":[{\"@type\":\"WebSite\",\"@id\":\"https:\/\/www.visit-ulcinj.com\/blog\/#website\",\"url\":\"https:\/\/www.visit-ulcinj.com\/blog\/\",\"name\":\"Lajme nga Ulqini\",\"description\":\"Lajme,Vijesti,Ulqini,Ulqin,Crna Gora,Mali i Zi\",\"potentialAction\":[{\"@type\":\"SearchAction\",\"target\":{\"@type\":\"EntryPoint\",\"urlTemplate\":\"https:\/\/www.visit-ulcinj.com\/blog\/?s={search_term_string}\"},\"query-input\":\"required name=search_term_string\"}],\"inLanguage\":\"en-US\"},{\"@type\":\"WebPage\",\"@id\":\"https:\/\/www.visit-ulcinj.com\/blog\/2016\/08\/30\/mali-zi-vendos-njesit-antiterrorist-ne-kufi-kosoven\/#webpage\",\"url\":\"https:\/\/www.visit-ulcinj.com\/blog\/2016\/08\/30\/mali-zi-vendos-njesit-antiterrorist-ne-kufi-kosoven\/\",\"name\":\"Mali i Zi vendos nj\u00ebsit antiterrorist n\u00eb kufi me Kosov\u00ebn - Lajme nga Ulqini\",\"isPartOf\":{\"@id\":\"https:\/\/www.visit-ulcinj.com\/blog\/#website\"},\"datePublished\":\"2016-08-30T08:39:11+00:00\",\"dateModified\":\"2016-08-30T08:39:11+00:00\",\"author\":{\"@id\":\"https:\/\/www.visit-ulcinj.com\/blog\/#\/schema\/person\/dcab619c614d3038751c63bc2aadc06d\"},\"description\":\"Gazeta e Podgoric\u00ebs \\\"Vijesti\\\", duke u thirrur n\u00eb burimet e saj t\u00eb sh\u00ebrbimeve t\u00eb siguris\u00eb, ka raportuar se Mali i Zi ka vendosur pjes\u00ebtar\u00eb t\u00eb nj\u00ebsitit\",\"breadcrumb\":{\"@id\":\"https:\/\/www.visit-ulcinj.com\/blog\/2016\/08\/30\/mali-zi-vendos-njesit-antiterrorist-ne-kufi-kosoven\/#breadcrumb\"},\"inLanguage\":\"en-US\",\"potentialAction\":[{\"@type\":\"ReadAction\",\"target\":[\"https:\/\/www.visit-ulcinj.com\/blog\/2016\/08\/30\/mali-zi-vendos-njesit-antiterrorist-ne-kufi-kosoven\/\"]}]},{\"@type\":\"BreadcrumbList\",\"@id\":\"https:\/\/www.visit-ulcinj.com\/blog\/2016\/08\/30\/mali-zi-vendos-njesit-antiterrorist-ne-kufi-kosoven\/#breadcrumb\",\"itemListElement\":[{\"@type\":\"ListItem\",\"position\":1,\"name\":\"Mali i Zi vendos nj\u00ebsit antiterrorist n\u00eb kufi me Kosov\u00ebn\"}]},{\"@type\":\"Person\",\"@id\":\"https:\/\/www.visit-ulcinj.com\/blog\/#\/schema\/person\/dcab619c614d3038751c63bc2aadc06d\",\"name\":\"ulqini\",\"sameAs\":[\"http:\/\/www.visit-ulcinj.com\"],\"url\":\"https:\/\/www.visit-ulcinj.com\/blog\/author\/admin\/\"}]}<\/script>\n<!-- \/ Yoast SEO plugin. -->","yoast_head_json":{"title":"Mali i Zi vendos nj\u00ebsit antiterrorist n\u00eb kufi me Kosov\u00ebn - Lajme nga Ulqini","description":"Gazeta e Podgoric\u00ebs \"Vijesti\", duke u thirrur n\u00eb burimet e saj t\u00eb sh\u00ebrbimeve t\u00eb siguris\u00eb, ka raportuar se Mali i Zi ka vendosur pjes\u00ebtar\u00eb t\u00eb nj\u00ebsitit","robots":{"index":"index","follow":"follow","max-snippet":"max-snippet:-1","max-image-preview":"max-image-preview:large","max-video-preview":"max-video-preview:-1"},"canonical":"https:\/\/www.visit-ulcinj.com\/blog\/2016\/08\/30\/mali-zi-vendos-njesit-antiterrorist-ne-kufi-kosoven\/","og_locale":"en_US","og_type":"article","og_title":"Mali i Zi vendos nj\u00ebsit antiterrorist n\u00eb kufi me Kosov\u00ebn - Lajme nga Ulqini","og_description":"Gazeta e Podgoric\u00ebs \"Vijesti\", duke u thirrur n\u00eb burimet e saj t\u00eb sh\u00ebrbimeve t\u00eb siguris\u00eb, ka raportuar se Mali i Zi ka vendosur pjes\u00ebtar\u00eb t\u00eb nj\u00ebsitit","og_url":"https:\/\/www.visit-ulcinj.com\/blog\/2016\/08\/30\/mali-zi-vendos-njesit-antiterrorist-ne-kufi-kosoven\/","og_site_name":"Lajme nga Ulqini","article_published_time":"2016-08-30T08:39:11+00:00","twitter_misc":{"Written by":"ulqini","Est. reading time":"1 minute"},"schema":{"@context":"https:\/\/schema.org","@graph":[{"@type":"WebSite","@id":"https:\/\/www.visit-ulcinj.com\/blog\/#website","url":"https:\/\/www.visit-ulcinj.com\/blog\/","name":"Lajme nga Ulqini","description":"Lajme,Vijesti,Ulqini,Ulqin,Crna Gora,Mali i Zi","potentialAction":[{"@type":"SearchAction","target":{"@type":"EntryPoint","urlTemplate":"https:\/\/www.visit-ulcinj.com\/blog\/?s={search_term_string}"},"query-input":"required name=search_term_string"}],"inLanguage":"en-US"},{"@type":"WebPage","@id":"https:\/\/www.visit-ulcinj.com\/blog\/2016\/08\/30\/mali-zi-vendos-njesit-antiterrorist-ne-kufi-kosoven\/#webpage","url":"https:\/\/www.visit-ulcinj.com\/blog\/2016\/08\/30\/mali-zi-vendos-njesit-antiterrorist-ne-kufi-kosoven\/","name":"Mali i Zi vendos nj\u00ebsit antiterrorist n\u00eb kufi me Kosov\u00ebn - Lajme nga Ulqini","isPartOf":{"@id":"https:\/\/www.visit-ulcinj.com\/blog\/#website"},"datePublished":"2016-08-30T08:39:11+00:00","dateModified":"2016-08-30T08:39:11+00:00","author":{"@id":"https:\/\/www.visit-ulcinj.com\/blog\/#\/schema\/person\/dcab619c614d3038751c63bc2aadc06d"},"description":"Gazeta e Podgoric\u00ebs \"Vijesti\", duke u thirrur n\u00eb burimet e saj t\u00eb sh\u00ebrbimeve t\u00eb siguris\u00eb, ka raportuar se Mali i Zi ka vendosur pjes\u00ebtar\u00eb t\u00eb nj\u00ebsitit","breadcrumb":{"@id":"https:\/\/www.visit-ulcinj.com\/blog\/2016\/08\/30\/mali-zi-vendos-njesit-antiterrorist-ne-kufi-kosoven\/#breadcrumb"},"inLanguage":"en-US","potentialAction":[{"@type":"ReadAction","target":["https:\/\/www.visit-ulcinj.com\/blog\/2016\/08\/30\/mali-zi-vendos-njesit-antiterrorist-ne-kufi-kosoven\/"]}]},{"@type":"BreadcrumbList","@id":"https:\/\/www.visit-ulcinj.com\/blog\/2016\/08\/30\/mali-zi-vendos-njesit-antiterrorist-ne-kufi-kosoven\/#breadcrumb","itemListElement":[{"@type":"ListItem","position":1,"name":"Mali i Zi vendos nj\u00ebsit antiterrorist n\u00eb kufi me Kosov\u00ebn"}]},{"@type":"Person","@id":"https:\/\/www.visit-ulcinj.com\/blog\/#\/schema\/person\/dcab619c614d3038751c63bc2aadc06d","name":"ulqini","sameAs":["http:\/\/www.visit-ulcinj.com"],"url":"https:\/\/www.visit-ulcinj.com\/blog\/author\/admin\/"}]}},"jetpack_featured_media_url":"","jetpack_sharing_enabled":true,"jetpack_shortlink":"https:\/\/wp.me\/pe6lTn-pQd","_links":{"self":[{"href":"https:\/\/www.visit-ulcinj.com\/blog\/wp-json\/wp\/v2\/posts\/99337"}],"collection":[{"href":"https:\/\/www.visit-ulcinj.com\/blog\/wp-json\/wp\/v2\/posts"}],"about":[{"href":"https:\/\/www.visit-ulcinj.com\/blog\/wp-json\/wp\/v2\/types\/post"}],"author":[{"embeddable":true,"href":"https:\/\/www.visit-ulcinj.com\/blog\/wp-json\/wp\/v2\/users\/1"}],"replies":[{"embeddable":true,"href":"https:\/\/www.visit-ulcinj.com\/blog\/wp-json\/wp\/v2\/comments?post=99337"}],"version-history":[{"count":1,"href":"https:\/\/www.visit-ulcinj.com\/blog\/wp-json\/wp\/v2\/posts\/99337\/revisions"}],"predecessor-version":[{"id":99340,"href":"https:\/\/www.visit-ulcinj.com\/blog\/wp-json\/wp\/v2\/posts\/99337\/revisions\/99340"}],"wp:attachment":[{"href":"https:\/\/www.visit-ulcinj.com\/blog\/wp-json\/wp\/v2\/media?parent=99337"}],"wp:term":[{"taxonomy":"category","embeddable":true,"href":"https:\/\/www.visit-ulcinj.com\/blog\/wp-json\/wp\/v2\/categories?post=99337"},{"taxonomy":"post_tag","embeddable":true,"href":"https:\/\/www.visit-ulcinj.com\/blog\/wp-json\/wp\/v2\/tags?post=99337"}],"curies":[{"name":"wp","href":"https:\/\/api.w.org\/{rel}","templated":true}]}}