{"id":99341,"date":"2016-08-30T16:10:04","date_gmt":"2016-08-30T15:10:04","guid":{"rendered":"http:\/\/www.visit-ulcinj.com\/blog\/?p=99341"},"modified":"2016-08-30T18:00:40","modified_gmt":"2016-08-30T17:00:40","slug":"hartimi-i-planit-lokal-per-parandalimin-e-narkomanise-ne-ulqin","status":"publish","type":"post","link":"https:\/\/www.visit-ulcinj.com\/blog\/2016\/08\/30\/hartimi-i-planit-lokal-per-parandalimin-e-narkomanise-ne-ulqin\/","title":{"rendered":"Hartimi i Planit Lokal per parandalimin e narkomanis\u00eb n\u00eb Ulqin"},"content":{"rendered":"<p>Sot, OJQ \u201cHorizonti i Ri\u201d, organizoi seminarin p\u00ebr hartimin e Planit Lokal p\u00ebr parandalimin e s\u00ebmundjeve t\u00eb var\u00ebsis\u00eb. Ky aktivitet tuboi s\u00eb bashku p\u00ebrfaq\u00ebsuesit e t\u00eb gjitha institucioneve relevante q\u00eb veprojn\u00eb n\u00eb nivelin lokal e t\u00eb cil\u00ebt nj\u00ebkoh\u00ebsisht p\u00ebrb\u00ebjn\u00eb edhe Rrjetin e partner\u00ebve lokal p\u00ebr luftimin e abuzimit me droga dhe delikuenc\u00ebs s\u00eb t\u00eb miturve.<br \/>\nSeminarin e hapi Kryetari i Komun\u00ebs s\u00eb Ulqinit z. Nazif Cungu, i cili p\u00ebrg\u00ebzoi p\u00ebr pun\u00ebn e deritanishme t\u00eb gjith\u00eb subjekt\u00ebt t\u00eb p\u00ebrfshir\u00eb n\u00eb k\u00ebt\u00eb projekt dhe premoti mb\u00ebshtetjen e tij t\u00eb fuqishme p\u00ebr iniciativat dhe projektet q\u00eb kan\u00eb p\u00ebr q\u00ebllim krijimin e nj\u00eb ambienti t\u00eb sh\u00ebndetsh\u00ebm dhe t\u00eb sigurt\u00eb, p\u00ebr t\u00eb rinjt\u00eb e Ulqinit.<br \/>\nP\u00ebrve\u00e7 funksionar\u00ebve dhe zyrtar\u00ebve t\u00eb Pushtetit Vendor, n\u00eb hartimin e k\u00ebtij dokumenti dhan\u00eb nj\u00eb kontribut t\u00eb \u00e7muesh\u00ebm edhe drejtuesit e Prokuroris\u00eb Shtet\u00ebrore n\u00eb Ulqin dhe Zyr\u00ebs s\u00eb Policis\u00eb; p\u00ebrfaq\u00ebsuesit e Gjykat\u00ebs Themelore n\u00eb Ulqin, Qendr\u00ebs p\u00ebr pun\u00eb sociale, Sht\u00ebpis\u00eb s\u00eb Sh\u00ebndetit, institucioneve arsimore, Televizionit Teuta, profesionist\u00eb t\u00eb shoq\u00ebris\u00eb civile, edukator\u00ebt bashk\u00ebmoshatar\u00eb n\u00eb fush\u00ebn e parandalimit t\u00eb s\u00ebmundjeve t\u00eb var\u00ebsis\u00eb e t\u00eb tjer\u00eb.<br \/>\nKy aktivitet nj\u00ebher\u00ebsh sh\u00ebnoi edhe faz\u00ebn p\u00ebrfundimtare t\u00eb projektit nj\u00ebvje\u00e7ar \u201cPartneriteti lokal n\u00eb luft\u00ebn kund\u00ebr abuzimit me droga dhe delikuenc\u00ebs se t\u00eb miturve\u201d, i cili ka pasur p\u00ebr q\u00ebllim vendosjen e bashk\u00ebpunimit m\u00eb efikas n\u00eb \u00e7\u00ebshtjet e edukimit t\u00eb f\u00ebmij\u00ebve dhe t\u00eb rinjve, shk\u00ebmbimit t\u00eb njohurive dhe p\u00ebrvojave pozitive n\u00eb k\u00ebt\u00eb fush\u00eb si dhe fuqizimin e kapaciteteve t\u00eb Zyr\u00ebs p\u00ebr parandalimin e s\u00ebmundjeve t\u00eb var\u00ebsis\u00eb t\u00eb Komun\u00ebs s\u00eb Ulqinit.<\/p>\n<p>K\u00ebt\u00eb projekt, OJQ \u201cHorizonti i RI\u201d e realizoi me mb\u00ebshtetjen e Ambasad\u00ebs Amerikane n\u00eb Podgoric\u00eb, p\u00ebrmes Byros\u00eb p\u00ebr \u00c7\u00ebshtje Nd\u00ebrkomb\u00ebtare t\u00eb Narkotik\u00ebve dhe t\u00eb Zbatimit t\u00eb Ligjit.<\/p>\n<p id=\"js_6\" class=\"_5pbw _5vra\" data-ft=\"{&quot;tn&quot;:&quot;C&quot;}\"><strong><span class=\"fwn fcg\"><span class=\"fcg\"><span class=\"fwb\"><a id=\"js_d\" class=\"profileLink\" href=\"https:\/\/www.facebook.com\/newhorizonngo\/\" data-ft=\"{&quot;tn&quot;:&quot;k&quot;}\" data-hovercard=\"\/ajax\/hovercard\/page.php?id=472116646165803\">New Horizon NGO Facebook<\/a><\/span><\/span><\/span><\/strong><\/p>\n<p><strong><a href=\"http:\/\/www.visit-ulcinj.com\/blog\/wp-content\/uploads\/2016\/08\/Hartimi-i-Planit-Lokal-per-parandalimin-e-narkomanis\u00eb-Ulqin-1.jpg\"><img loading=\"lazy\" class=\"alignleft wp-image-99343\" src=\"http:\/\/www.visit-ulcinj.com\/blog\/wp-content\/uploads\/2016\/08\/Hartimi-i-Planit-Lokal-per-parandalimin-e-narkomanis\u00eb-Ulqin-1.jpg\" alt=\"Hartimi i Planit Lokal per parandalimin e narkomanis\u00eb-Ulqin-1\" width=\"508\" height=\"290\" srcset=\"https:\/\/www.visit-ulcinj.com\/blog\/wp-content\/uploads\/2016\/08\/Hartimi-i-Planit-Lokal-per-parandalimin-e-narkomanis\u00eb-Ulqin-1.jpg 998w, https:\/\/www.visit-ulcinj.com\/blog\/wp-content\/uploads\/2016\/08\/Hartimi-i-Planit-Lokal-per-parandalimin-e-narkomanis\u00eb-Ulqin-1-300x171.jpg 300w, https:\/\/www.visit-ulcinj.com\/blog\/wp-content\/uploads\/2016\/08\/Hartimi-i-Planit-Lokal-per-parandalimin-e-narkomanis\u00eb-Ulqin-1-768x439.jpg 768w\" sizes=\"(max-width: 508px) 100vw, 508px\" \/><\/a>Komuna e Ulqinit do t\u00eb mb\u00ebshtes\u00eb gjithnj\u00eb projekte q\u00eb jan\u00eb n\u00eb dobi t\u00eb komunitetit<\/strong><\/p>\n<p>N\u00eb kuad\u00ebr t\u00eb\u00a0 projektit \u201cPARTNERITETI LOKAL KUND\u00cbR ABUZIMIT T\u00cb DROGAVE DHE DELIKUENC\u00cbS S\u00cb T\u00cb MITURVE\u201d,\u00a0t\u00eb cilin\u00a0 e\u00a0 organizon Organizata e shoq\u00ebris\u00eb civile Horizonti I Ri\u00a0 e q\u00eb\u00a0 mb\u00ebshtet\u00eb\u00a0Ambasada e SHBA ,u organizua\u00a0 nj\u00eb Work shop\u00a0 q\u00eb tuboi nj\u00eb num\u00ebr t\u00eb madh\u00a0 t\u00eb t\u00eb rinjve te shkollave,\u00a0 dhe institucioneve t\u00eb ndryshme t\u00eb qytetit tone. N\u00eb takim ishte I pranish\u00ebm dhe Kryetari I Komun\u00ebs.Z. Nazif Cungu I cili duke\u00a0 p\u00ebrsh\u00ebndetur t\u00eb pranishmit, tha se komuna e Ulqinit do t\u00eb mbeshtes\u00eb p\u00ebrher\u00eb projekte te\u00a0 k\u00ebtij lloji , pasi fenomeni I\u00a0 narkomanise\u00a0 po behet gjithnje e me shqetesues. .<\/p>\n<p><a href=\"http:\/\/www.visit-ulcinj.com\/blog\/wp-content\/uploads\/2016\/08\/Hartimi-i-Planit-Lokal-per-parandalimin-e-narkomanis\u00eb-Ulqin.jpg\"><img loading=\"lazy\" class=\"alignleft wp-image-99346\" src=\"http:\/\/www.visit-ulcinj.com\/blog\/wp-content\/uploads\/2016\/08\/Hartimi-i-Planit-Lokal-per-parandalimin-e-narkomanis\u00eb-Ulqin.jpg\" alt=\"Hartimi i Planit Lokal per parandalimin e narkomanis\u00eb-Ulqin\" width=\"508\" height=\"336\" srcset=\"https:\/\/www.visit-ulcinj.com\/blog\/wp-content\/uploads\/2016\/08\/Hartimi-i-Planit-Lokal-per-parandalimin-e-narkomanis\u00eb-Ulqin.jpg 999w, https:\/\/www.visit-ulcinj.com\/blog\/wp-content\/uploads\/2016\/08\/Hartimi-i-Planit-Lokal-per-parandalimin-e-narkomanis\u00eb-Ulqin-300x198.jpg 300w, https:\/\/www.visit-ulcinj.com\/blog\/wp-content\/uploads\/2016\/08\/Hartimi-i-Planit-Lokal-per-parandalimin-e-narkomanis\u00eb-Ulqin-768x508.jpg 768w\" sizes=\"(max-width: 508px) 100vw, 508px\" \/><\/a><\/p>\n<p>Projekti,, ka p\u00ebr q\u00ebllim ngritjen e vet\u00ebdijes s\u00eb t\u00eb rinjve n\u00eb lidhje me efektet e d\u00ebmshme t\u00eb abuzimit me drog\u00ebn si dhe fuqizimin e kapaciteteve lokale p\u00ebr parandalimin e s\u00ebmundjeve t\u00eb var\u00ebsis\u00eb, n\u00eb komun\u00ebn e Ulqinit.Objektivat specifike t\u00eb k\u00ebtij projekti jan\u00eb:\u00a0krijimi i partneritetit me institucionet relevante dhe veprimi i p\u00ebrbashk\u00ebt n\u00eb luft\u00ebn kund\u00ebr abuzimit t\u00eb drog\u00ebs n\u00eb komunitetin lokal; mb\u00ebshtetje p\u00ebr Administrat\u00ebn Vendore n\u00eb aktivizimin e Zyr\u00ebs p\u00ebr Parandalimin e Narkomanis\u00eb, hartimi i Planit Lokal p\u00ebr luft\u00ebn kund\u00ebr narkomanis\u00eb.<\/p>\n","protected":false},"excerpt":{"rendered":"<p>Sot, OJQ \u201cHorizonti i Ri\u201d, organizoi seminarin p\u00ebr hartimin e Planit Lokal p\u00ebr parandalimin e s\u00ebmundjeve t\u00eb var\u00ebsis\u00eb. Ky aktivitet tuboi s\u00eb bashku p\u00ebrfaq\u00ebsuesit e t\u00eb gjitha institucioneve relevante q\u00eb veprojn\u00eb n\u00eb nivelin lokal e t\u00eb cil\u00ebt nj\u00ebkoh\u00ebsisht p\u00ebrb\u00ebjn\u00eb edhe Rrjetin e partner\u00ebve lokal p\u00ebr luftimin e abuzimit me droga dhe delikuenc\u00ebs s\u00eb t\u00eb miturve. [&hellip;]<\/p>\n","protected":false},"author":1,"featured_media":0,"comment_status":"closed","ping_status":"closed","sticky":false,"template":"","format":"standard","meta":{"spay_email":"","jetpack_publicize_message":"","jetpack_is_tweetstorm":false,"jetpack_publicize_feature_enabled":true},"categories":[11],"tags":[],"jetpack_publicize_connections":[],"yoast_head":"<!-- This site is optimized with the Yoast SEO plugin v19.1 - https:\/\/yoast.com\/wordpress\/plugins\/seo\/ -->\n<title>Hartimi i Planit Lokal per parandalimin e narkomanis\u00eb n\u00eb Ulqin - Lajme nga Ulqini<\/title>\n<meta name=\"description\" content=\"Sot, OJQ \u201cHorizonti i Ri\u201d, organizoi seminarin p\u00ebr hartimin e Planit Lokal p\u00ebr parandalimin e s\u00ebmundjeve t\u00eb var\u00ebsis\u00eb. Ky aktivitet tuboi s\u00eb bashku\" \/>\n<meta name=\"robots\" content=\"index, follow, max-snippet:-1, max-image-preview:large, max-video-preview:-1\" \/>\n<link rel=\"canonical\" href=\"https:\/\/www.visit-ulcinj.com\/blog\/2016\/08\/30\/hartimi-i-planit-lokal-per-parandalimin-e-narkomanise-ne-ulqin\/\" \/>\n<meta property=\"og:locale\" content=\"en_US\" \/>\n<meta property=\"og:type\" content=\"article\" \/>\n<meta property=\"og:title\" content=\"Hartimi i Planit Lokal per parandalimin e narkomanis\u00eb n\u00eb Ulqin - Lajme nga Ulqini\" \/>\n<meta property=\"og:description\" content=\"Sot, OJQ \u201cHorizonti i Ri\u201d, organizoi seminarin p\u00ebr hartimin e Planit Lokal p\u00ebr parandalimin e s\u00ebmundjeve t\u00eb var\u00ebsis\u00eb. Ky aktivitet tuboi s\u00eb bashku\" \/>\n<meta property=\"og:url\" content=\"https:\/\/www.visit-ulcinj.com\/blog\/2016\/08\/30\/hartimi-i-planit-lokal-per-parandalimin-e-narkomanise-ne-ulqin\/\" \/>\n<meta property=\"og:site_name\" content=\"Lajme nga Ulqini\" \/>\n<meta property=\"article:published_time\" content=\"2016-08-30T15:10:04+00:00\" \/>\n<meta property=\"article:modified_time\" content=\"2016-08-30T17:00:40+00:00\" \/>\n<meta name=\"twitter:label1\" content=\"Written by\" \/>\n\t<meta name=\"twitter:data1\" content=\"ulqini\" \/>\n\t<meta name=\"twitter:label2\" content=\"Est. reading time\" \/>\n\t<meta name=\"twitter:data2\" content=\"3 minutes\" \/>\n<script type=\"application\/ld+json\" class=\"yoast-schema-graph\">{\"@context\":\"https:\/\/schema.org\",\"@graph\":[{\"@type\":\"WebSite\",\"@id\":\"https:\/\/www.visit-ulcinj.com\/blog\/#website\",\"url\":\"https:\/\/www.visit-ulcinj.com\/blog\/\",\"name\":\"Lajme nga Ulqini\",\"description\":\"Lajme,Vijesti,Ulqini,Ulqin,Crna Gora,Mali i Zi\",\"potentialAction\":[{\"@type\":\"SearchAction\",\"target\":{\"@type\":\"EntryPoint\",\"urlTemplate\":\"https:\/\/www.visit-ulcinj.com\/blog\/?s={search_term_string}\"},\"query-input\":\"required name=search_term_string\"}],\"inLanguage\":\"en-US\"},{\"@type\":\"WebPage\",\"@id\":\"https:\/\/www.visit-ulcinj.com\/blog\/2016\/08\/30\/hartimi-i-planit-lokal-per-parandalimin-e-narkomanise-ne-ulqin\/#webpage\",\"url\":\"https:\/\/www.visit-ulcinj.com\/blog\/2016\/08\/30\/hartimi-i-planit-lokal-per-parandalimin-e-narkomanise-ne-ulqin\/\",\"name\":\"Hartimi i Planit Lokal per parandalimin e narkomanis\u00eb n\u00eb Ulqin - Lajme nga Ulqini\",\"isPartOf\":{\"@id\":\"https:\/\/www.visit-ulcinj.com\/blog\/#website\"},\"datePublished\":\"2016-08-30T15:10:04+00:00\",\"dateModified\":\"2016-08-30T17:00:40+00:00\",\"author\":{\"@id\":\"https:\/\/www.visit-ulcinj.com\/blog\/#\/schema\/person\/dcab619c614d3038751c63bc2aadc06d\"},\"description\":\"Sot, OJQ \u201cHorizonti i Ri\u201d, organizoi seminarin p\u00ebr hartimin e Planit Lokal p\u00ebr parandalimin e s\u00ebmundjeve t\u00eb var\u00ebsis\u00eb. Ky aktivitet tuboi s\u00eb bashku\",\"breadcrumb\":{\"@id\":\"https:\/\/www.visit-ulcinj.com\/blog\/2016\/08\/30\/hartimi-i-planit-lokal-per-parandalimin-e-narkomanise-ne-ulqin\/#breadcrumb\"},\"inLanguage\":\"en-US\",\"potentialAction\":[{\"@type\":\"ReadAction\",\"target\":[\"https:\/\/www.visit-ulcinj.com\/blog\/2016\/08\/30\/hartimi-i-planit-lokal-per-parandalimin-e-narkomanise-ne-ulqin\/\"]}]},{\"@type\":\"BreadcrumbList\",\"@id\":\"https:\/\/www.visit-ulcinj.com\/blog\/2016\/08\/30\/hartimi-i-planit-lokal-per-parandalimin-e-narkomanise-ne-ulqin\/#breadcrumb\",\"itemListElement\":[{\"@type\":\"ListItem\",\"position\":1,\"name\":\"Hartimi i Planit Lokal per parandalimin e narkomanis\u00eb n\u00eb Ulqin\"}]},{\"@type\":\"Person\",\"@id\":\"https:\/\/www.visit-ulcinj.com\/blog\/#\/schema\/person\/dcab619c614d3038751c63bc2aadc06d\",\"name\":\"ulqini\",\"sameAs\":[\"http:\/\/www.visit-ulcinj.com\"],\"url\":\"https:\/\/www.visit-ulcinj.com\/blog\/author\/admin\/\"}]}<\/script>\n<!-- \/ Yoast SEO plugin. -->","yoast_head_json":{"title":"Hartimi i Planit Lokal per parandalimin e narkomanis\u00eb n\u00eb Ulqin - Lajme nga Ulqini","description":"Sot, OJQ \u201cHorizonti i Ri\u201d, organizoi seminarin p\u00ebr hartimin e Planit Lokal p\u00ebr parandalimin e s\u00ebmundjeve t\u00eb var\u00ebsis\u00eb. Ky aktivitet tuboi s\u00eb bashku","robots":{"index":"index","follow":"follow","max-snippet":"max-snippet:-1","max-image-preview":"max-image-preview:large","max-video-preview":"max-video-preview:-1"},"canonical":"https:\/\/www.visit-ulcinj.com\/blog\/2016\/08\/30\/hartimi-i-planit-lokal-per-parandalimin-e-narkomanise-ne-ulqin\/","og_locale":"en_US","og_type":"article","og_title":"Hartimi i Planit Lokal per parandalimin e narkomanis\u00eb n\u00eb Ulqin - Lajme nga Ulqini","og_description":"Sot, OJQ \u201cHorizonti i Ri\u201d, organizoi seminarin p\u00ebr hartimin e Planit Lokal p\u00ebr parandalimin e s\u00ebmundjeve t\u00eb var\u00ebsis\u00eb. Ky aktivitet tuboi s\u00eb bashku","og_url":"https:\/\/www.visit-ulcinj.com\/blog\/2016\/08\/30\/hartimi-i-planit-lokal-per-parandalimin-e-narkomanise-ne-ulqin\/","og_site_name":"Lajme nga Ulqini","article_published_time":"2016-08-30T15:10:04+00:00","article_modified_time":"2016-08-30T17:00:40+00:00","twitter_misc":{"Written by":"ulqini","Est. reading time":"3 minutes"},"schema":{"@context":"https:\/\/schema.org","@graph":[{"@type":"WebSite","@id":"https:\/\/www.visit-ulcinj.com\/blog\/#website","url":"https:\/\/www.visit-ulcinj.com\/blog\/","name":"Lajme nga Ulqini","description":"Lajme,Vijesti,Ulqini,Ulqin,Crna Gora,Mali i Zi","potentialAction":[{"@type":"SearchAction","target":{"@type":"EntryPoint","urlTemplate":"https:\/\/www.visit-ulcinj.com\/blog\/?s={search_term_string}"},"query-input":"required name=search_term_string"}],"inLanguage":"en-US"},{"@type":"WebPage","@id":"https:\/\/www.visit-ulcinj.com\/blog\/2016\/08\/30\/hartimi-i-planit-lokal-per-parandalimin-e-narkomanise-ne-ulqin\/#webpage","url":"https:\/\/www.visit-ulcinj.com\/blog\/2016\/08\/30\/hartimi-i-planit-lokal-per-parandalimin-e-narkomanise-ne-ulqin\/","name":"Hartimi i Planit Lokal per parandalimin e narkomanis\u00eb n\u00eb Ulqin - Lajme nga Ulqini","isPartOf":{"@id":"https:\/\/www.visit-ulcinj.com\/blog\/#website"},"datePublished":"2016-08-30T15:10:04+00:00","dateModified":"2016-08-30T17:00:40+00:00","author":{"@id":"https:\/\/www.visit-ulcinj.com\/blog\/#\/schema\/person\/dcab619c614d3038751c63bc2aadc06d"},"description":"Sot, OJQ \u201cHorizonti i Ri\u201d, organizoi seminarin p\u00ebr hartimin e Planit Lokal p\u00ebr parandalimin e s\u00ebmundjeve t\u00eb var\u00ebsis\u00eb. Ky aktivitet tuboi s\u00eb bashku","breadcrumb":{"@id":"https:\/\/www.visit-ulcinj.com\/blog\/2016\/08\/30\/hartimi-i-planit-lokal-per-parandalimin-e-narkomanise-ne-ulqin\/#breadcrumb"},"inLanguage":"en-US","potentialAction":[{"@type":"ReadAction","target":["https:\/\/www.visit-ulcinj.com\/blog\/2016\/08\/30\/hartimi-i-planit-lokal-per-parandalimin-e-narkomanise-ne-ulqin\/"]}]},{"@type":"BreadcrumbList","@id":"https:\/\/www.visit-ulcinj.com\/blog\/2016\/08\/30\/hartimi-i-planit-lokal-per-parandalimin-e-narkomanise-ne-ulqin\/#breadcrumb","itemListElement":[{"@type":"ListItem","position":1,"name":"Hartimi i Planit Lokal per parandalimin e narkomanis\u00eb n\u00eb Ulqin"}]},{"@type":"Person","@id":"https:\/\/www.visit-ulcinj.com\/blog\/#\/schema\/person\/dcab619c614d3038751c63bc2aadc06d","name":"ulqini","sameAs":["http:\/\/www.visit-ulcinj.com"],"url":"https:\/\/www.visit-ulcinj.com\/blog\/author\/admin\/"}]}},"jetpack_featured_media_url":"","jetpack_sharing_enabled":true,"jetpack_shortlink":"https:\/\/wp.me\/pe6lTn-pQh","_links":{"self":[{"href":"https:\/\/www.visit-ulcinj.com\/blog\/wp-json\/wp\/v2\/posts\/99341"}],"collection":[{"href":"https:\/\/www.visit-ulcinj.com\/blog\/wp-json\/wp\/v2\/posts"}],"about":[{"href":"https:\/\/www.visit-ulcinj.com\/blog\/wp-json\/wp\/v2\/types\/post"}],"author":[{"embeddable":true,"href":"https:\/\/www.visit-ulcinj.com\/blog\/wp-json\/wp\/v2\/users\/1"}],"replies":[{"embeddable":true,"href":"https:\/\/www.visit-ulcinj.com\/blog\/wp-json\/wp\/v2\/comments?post=99341"}],"version-history":[{"count":7,"href":"https:\/\/www.visit-ulcinj.com\/blog\/wp-json\/wp\/v2\/posts\/99341\/revisions"}],"predecessor-version":[{"id":99390,"href":"https:\/\/www.visit-ulcinj.com\/blog\/wp-json\/wp\/v2\/posts\/99341\/revisions\/99390"}],"wp:attachment":[{"href":"https:\/\/www.visit-ulcinj.com\/blog\/wp-json\/wp\/v2\/media?parent=99341"}],"wp:term":[{"taxonomy":"category","embeddable":true,"href":"https:\/\/www.visit-ulcinj.com\/blog\/wp-json\/wp\/v2\/categories?post=99341"},{"taxonomy":"post_tag","embeddable":true,"href":"https:\/\/www.visit-ulcinj.com\/blog\/wp-json\/wp\/v2\/tags?post=99341"}],"curies":[{"name":"wp","href":"https:\/\/api.w.org\/{rel}","templated":true}]}}