{"id":99349,"date":"2016-08-30T16:22:05","date_gmt":"2016-08-30T15:22:05","guid":{"rendered":"http:\/\/www.visit-ulcinj.com\/blog\/?p=99349"},"modified":"2016-08-30T16:22:05","modified_gmt":"2016-08-30T15:22:05","slug":"cungu-e-pergezoi-klubin-e-karatese-ulqini-per-sukseset-e-arritura-ne-turneun-e-new-yorkut","status":"publish","type":"post","link":"https:\/\/www.visit-ulcinj.com\/blog\/2016\/08\/30\/cungu-e-pergezoi-klubin-e-karatese-ulqini-per-sukseset-e-arritura-ne-turneun-e-new-yorkut\/","title":{"rendered":"Cungu e p\u00ebrg\u00ebzoi Klubin e karates\u00eb Ulqini p\u00ebr sukseset e arritura ne turneun e New Yorkut"},"content":{"rendered":"<p><a href=\"http:\/\/www.visit-ulcinj.com\/blog\/wp-content\/uploads\/2016\/08\/Cungu-e-p\u00ebrg\u00ebzoi-Klubin-e-karates\u00eb-Ulqini.jpg\"><img loading=\"lazy\" class=\"alignleft wp-image-99351\" src=\"http:\/\/www.visit-ulcinj.com\/blog\/wp-content\/uploads\/2016\/08\/Cungu-e-p\u00ebrg\u00ebzoi-Klubin-e-karates\u00eb-Ulqini.jpg\" alt=\"Cungu e p\u00ebrg\u00ebzoi Klubin e karates\u00eb Ulqini\" width=\"508\" height=\"336\" srcset=\"https:\/\/www.visit-ulcinj.com\/blog\/wp-content\/uploads\/2016\/08\/Cungu-e-p\u00ebrg\u00ebzoi-Klubin-e-karates\u00eb-Ulqini.jpg 999w, https:\/\/www.visit-ulcinj.com\/blog\/wp-content\/uploads\/2016\/08\/Cungu-e-p\u00ebrg\u00ebzoi-Klubin-e-karates\u00eb-Ulqini-300x198.jpg 300w, https:\/\/www.visit-ulcinj.com\/blog\/wp-content\/uploads\/2016\/08\/Cungu-e-p\u00ebrg\u00ebzoi-Klubin-e-karates\u00eb-Ulqini-768x508.jpg 768w\" sizes=\"(max-width: 508px) 100vw, 508px\" \/><\/a>P\u00ebrfaq\u00ebsuesit e karate klubit Ulqin u prit\u00ebn sot nga kryetari i Komun\u00ebs s\u00eb Ulqinit Nazif Cungu, pas suksesit t\u00eb arritur n\u00eb \u00a0turneun e 15-t\u00eb q\u00eb u organizua n\u00eb New York ku mor\u00ebn \u00a0pjes\u00eb 49 klube nga n\u00ebnt\u00eb shtete t\u00eb ndryshme. Ekipi \u00a0i qytetit ton\u00eb n\u00eb kete eveniment \u00a0mori pjese fal\u00eb \u00a0ftes\u00ebs \u00a0s\u00eb \u00a0ardhur nga \u00a0traineri i ekipit t\u00eb karatese n\u00eb Staten Island z. Safet Tahiri, Ndihmes\u00eb n\u00eb organizim \u00a0dha dhe karatisti i njohur nd\u00ebrkomb\u00ebtar\u00eb Bernard Skart &#8211; Harsh i cili shprehu konsideratat e tija p\u00ebr t\u00eb gjith\u00eb pjesemarresit tan\u00eb. Kryetari Cungu i njoftoi me \u00a0angazhimet dhe perkrahjet q\u00eb Komuna do ti ofroj\u00eb \u00a0ekipeve sportive. Ai duke \u00a0falenderuar p\u00ebr suksese klubin, karatistet dhe trajneret i ftoi qe ne \u00a0shenimin eDites se Ulqinit t\u00eb marrin pjese \u00a0dhe karatist\u00ebt e ekipit t\u00eb Staten Island.<\/p>\n","protected":false},"excerpt":{"rendered":"<p>P\u00ebrfaq\u00ebsuesit e karate klubit Ulqin u prit\u00ebn sot nga kryetari i Komun\u00ebs s\u00eb Ulqinit Nazif Cungu, pas suksesit t\u00eb arritur n\u00eb \u00a0turneun e 15-t\u00eb q\u00eb u organizua n\u00eb New York ku mor\u00ebn \u00a0pjes\u00eb 49 klube nga n\u00ebnt\u00eb shtete t\u00eb ndryshme. Ekipi \u00a0i qytetit ton\u00eb n\u00eb kete eveniment \u00a0mori pjese fal\u00eb \u00a0ftes\u00ebs \u00a0s\u00eb \u00a0ardhur nga \u00a0traineri [&hellip;]<\/p>\n","protected":false},"author":1,"featured_media":0,"comment_status":"closed","ping_status":"closed","sticky":false,"template":"","format":"standard","meta":{"spay_email":"","jetpack_publicize_message":"","jetpack_is_tweetstorm":false,"jetpack_publicize_feature_enabled":true},"categories":[3],"tags":[],"jetpack_publicize_connections":[],"yoast_head":"<!-- This site is optimized with the Yoast SEO plugin v19.1 - https:\/\/yoast.com\/wordpress\/plugins\/seo\/ -->\n<title>Cungu e p\u00ebrg\u00ebzoi Klubin e karates\u00eb Ulqini p\u00ebr sukseset e arritura ne turneun e New Yorkut - Lajme nga Ulqini<\/title>\n<meta name=\"description\" content=\"P\u00ebrfaq\u00ebsuesit e karate klubit Ulqin u prit\u00ebn sot nga kryetari i Komun\u00ebs s\u00eb Ulqinit Nazif Cungu, pas suksesit t\u00eb arritur n\u00eb \u00a0turneun e 15-t\u00eb q\u00eb u organizua\" \/>\n<meta name=\"robots\" content=\"index, follow, max-snippet:-1, max-image-preview:large, max-video-preview:-1\" \/>\n<link rel=\"canonical\" href=\"https:\/\/www.visit-ulcinj.com\/blog\/2016\/08\/30\/cungu-e-pergezoi-klubin-e-karatese-ulqini-per-sukseset-e-arritura-ne-turneun-e-new-yorkut\/\" \/>\n<meta property=\"og:locale\" content=\"en_US\" \/>\n<meta property=\"og:type\" content=\"article\" \/>\n<meta property=\"og:title\" content=\"Cungu e p\u00ebrg\u00ebzoi Klubin e karates\u00eb Ulqini p\u00ebr sukseset e arritura ne turneun e New Yorkut - Lajme nga Ulqini\" \/>\n<meta property=\"og:description\" content=\"P\u00ebrfaq\u00ebsuesit e karate klubit Ulqin u prit\u00ebn sot nga kryetari i Komun\u00ebs s\u00eb Ulqinit Nazif Cungu, pas suksesit t\u00eb arritur n\u00eb \u00a0turneun e 15-t\u00eb q\u00eb u organizua\" \/>\n<meta property=\"og:url\" content=\"https:\/\/www.visit-ulcinj.com\/blog\/2016\/08\/30\/cungu-e-pergezoi-klubin-e-karatese-ulqini-per-sukseset-e-arritura-ne-turneun-e-new-yorkut\/\" \/>\n<meta property=\"og:site_name\" content=\"Lajme nga Ulqini\" \/>\n<meta property=\"article:published_time\" content=\"2016-08-30T15:22:05+00:00\" \/>\n<meta name=\"twitter:label1\" content=\"Written by\" \/>\n\t<meta name=\"twitter:data1\" content=\"ulqini\" \/>\n\t<meta name=\"twitter:label2\" content=\"Est. reading time\" \/>\n\t<meta name=\"twitter:data2\" content=\"1 minute\" \/>\n<script type=\"application\/ld+json\" class=\"yoast-schema-graph\">{\"@context\":\"https:\/\/schema.org\",\"@graph\":[{\"@type\":\"WebSite\",\"@id\":\"https:\/\/www.visit-ulcinj.com\/blog\/#website\",\"url\":\"https:\/\/www.visit-ulcinj.com\/blog\/\",\"name\":\"Lajme nga Ulqini\",\"description\":\"Lajme,Vijesti,Ulqini,Ulqin,Crna Gora,Mali i Zi\",\"potentialAction\":[{\"@type\":\"SearchAction\",\"target\":{\"@type\":\"EntryPoint\",\"urlTemplate\":\"https:\/\/www.visit-ulcinj.com\/blog\/?s={search_term_string}\"},\"query-input\":\"required name=search_term_string\"}],\"inLanguage\":\"en-US\"},{\"@type\":\"WebPage\",\"@id\":\"https:\/\/www.visit-ulcinj.com\/blog\/2016\/08\/30\/cungu-e-pergezoi-klubin-e-karatese-ulqini-per-sukseset-e-arritura-ne-turneun-e-new-yorkut\/#webpage\",\"url\":\"https:\/\/www.visit-ulcinj.com\/blog\/2016\/08\/30\/cungu-e-pergezoi-klubin-e-karatese-ulqini-per-sukseset-e-arritura-ne-turneun-e-new-yorkut\/\",\"name\":\"Cungu e p\u00ebrg\u00ebzoi Klubin e karates\u00eb Ulqini p\u00ebr sukseset e arritura ne turneun e New Yorkut - Lajme nga Ulqini\",\"isPartOf\":{\"@id\":\"https:\/\/www.visit-ulcinj.com\/blog\/#website\"},\"datePublished\":\"2016-08-30T15:22:05+00:00\",\"dateModified\":\"2016-08-30T15:22:05+00:00\",\"author\":{\"@id\":\"https:\/\/www.visit-ulcinj.com\/blog\/#\/schema\/person\/dcab619c614d3038751c63bc2aadc06d\"},\"description\":\"P\u00ebrfaq\u00ebsuesit e karate klubit Ulqin u prit\u00ebn sot nga kryetari i Komun\u00ebs s\u00eb Ulqinit Nazif Cungu, pas suksesit t\u00eb arritur n\u00eb \u00a0turneun e 15-t\u00eb q\u00eb u organizua\",\"breadcrumb\":{\"@id\":\"https:\/\/www.visit-ulcinj.com\/blog\/2016\/08\/30\/cungu-e-pergezoi-klubin-e-karatese-ulqini-per-sukseset-e-arritura-ne-turneun-e-new-yorkut\/#breadcrumb\"},\"inLanguage\":\"en-US\",\"potentialAction\":[{\"@type\":\"ReadAction\",\"target\":[\"https:\/\/www.visit-ulcinj.com\/blog\/2016\/08\/30\/cungu-e-pergezoi-klubin-e-karatese-ulqini-per-sukseset-e-arritura-ne-turneun-e-new-yorkut\/\"]}]},{\"@type\":\"BreadcrumbList\",\"@id\":\"https:\/\/www.visit-ulcinj.com\/blog\/2016\/08\/30\/cungu-e-pergezoi-klubin-e-karatese-ulqini-per-sukseset-e-arritura-ne-turneun-e-new-yorkut\/#breadcrumb\",\"itemListElement\":[{\"@type\":\"ListItem\",\"position\":1,\"name\":\"Cungu e p\u00ebrg\u00ebzoi Klubin e karates\u00eb Ulqini p\u00ebr sukseset e arritura ne turneun e New Yorkut\"}]},{\"@type\":\"Person\",\"@id\":\"https:\/\/www.visit-ulcinj.com\/blog\/#\/schema\/person\/dcab619c614d3038751c63bc2aadc06d\",\"name\":\"ulqini\",\"sameAs\":[\"http:\/\/www.visit-ulcinj.com\"],\"url\":\"https:\/\/www.visit-ulcinj.com\/blog\/author\/admin\/\"}]}<\/script>\n<!-- \/ Yoast SEO plugin. -->","yoast_head_json":{"title":"Cungu e p\u00ebrg\u00ebzoi Klubin e karates\u00eb Ulqini p\u00ebr sukseset e arritura ne turneun e New Yorkut - Lajme nga Ulqini","description":"P\u00ebrfaq\u00ebsuesit e karate klubit Ulqin u prit\u00ebn sot nga kryetari i Komun\u00ebs s\u00eb Ulqinit Nazif Cungu, pas suksesit t\u00eb arritur n\u00eb \u00a0turneun e 15-t\u00eb q\u00eb u organizua","robots":{"index":"index","follow":"follow","max-snippet":"max-snippet:-1","max-image-preview":"max-image-preview:large","max-video-preview":"max-video-preview:-1"},"canonical":"https:\/\/www.visit-ulcinj.com\/blog\/2016\/08\/30\/cungu-e-pergezoi-klubin-e-karatese-ulqini-per-sukseset-e-arritura-ne-turneun-e-new-yorkut\/","og_locale":"en_US","og_type":"article","og_title":"Cungu e p\u00ebrg\u00ebzoi Klubin e karates\u00eb Ulqini p\u00ebr sukseset e arritura ne turneun e New Yorkut - Lajme nga Ulqini","og_description":"P\u00ebrfaq\u00ebsuesit e karate klubit Ulqin u prit\u00ebn sot nga kryetari i Komun\u00ebs s\u00eb Ulqinit Nazif Cungu, pas suksesit t\u00eb arritur n\u00eb \u00a0turneun e 15-t\u00eb q\u00eb u organizua","og_url":"https:\/\/www.visit-ulcinj.com\/blog\/2016\/08\/30\/cungu-e-pergezoi-klubin-e-karatese-ulqini-per-sukseset-e-arritura-ne-turneun-e-new-yorkut\/","og_site_name":"Lajme nga Ulqini","article_published_time":"2016-08-30T15:22:05+00:00","twitter_misc":{"Written by":"ulqini","Est. reading time":"1 minute"},"schema":{"@context":"https:\/\/schema.org","@graph":[{"@type":"WebSite","@id":"https:\/\/www.visit-ulcinj.com\/blog\/#website","url":"https:\/\/www.visit-ulcinj.com\/blog\/","name":"Lajme nga Ulqini","description":"Lajme,Vijesti,Ulqini,Ulqin,Crna Gora,Mali i Zi","potentialAction":[{"@type":"SearchAction","target":{"@type":"EntryPoint","urlTemplate":"https:\/\/www.visit-ulcinj.com\/blog\/?s={search_term_string}"},"query-input":"required name=search_term_string"}],"inLanguage":"en-US"},{"@type":"WebPage","@id":"https:\/\/www.visit-ulcinj.com\/blog\/2016\/08\/30\/cungu-e-pergezoi-klubin-e-karatese-ulqini-per-sukseset-e-arritura-ne-turneun-e-new-yorkut\/#webpage","url":"https:\/\/www.visit-ulcinj.com\/blog\/2016\/08\/30\/cungu-e-pergezoi-klubin-e-karatese-ulqini-per-sukseset-e-arritura-ne-turneun-e-new-yorkut\/","name":"Cungu e p\u00ebrg\u00ebzoi Klubin e karates\u00eb Ulqini p\u00ebr sukseset e arritura ne turneun e New Yorkut - Lajme nga Ulqini","isPartOf":{"@id":"https:\/\/www.visit-ulcinj.com\/blog\/#website"},"datePublished":"2016-08-30T15:22:05+00:00","dateModified":"2016-08-30T15:22:05+00:00","author":{"@id":"https:\/\/www.visit-ulcinj.com\/blog\/#\/schema\/person\/dcab619c614d3038751c63bc2aadc06d"},"description":"P\u00ebrfaq\u00ebsuesit e karate klubit Ulqin u prit\u00ebn sot nga kryetari i Komun\u00ebs s\u00eb Ulqinit Nazif Cungu, pas suksesit t\u00eb arritur n\u00eb \u00a0turneun e 15-t\u00eb q\u00eb u organizua","breadcrumb":{"@id":"https:\/\/www.visit-ulcinj.com\/blog\/2016\/08\/30\/cungu-e-pergezoi-klubin-e-karatese-ulqini-per-sukseset-e-arritura-ne-turneun-e-new-yorkut\/#breadcrumb"},"inLanguage":"en-US","potentialAction":[{"@type":"ReadAction","target":["https:\/\/www.visit-ulcinj.com\/blog\/2016\/08\/30\/cungu-e-pergezoi-klubin-e-karatese-ulqini-per-sukseset-e-arritura-ne-turneun-e-new-yorkut\/"]}]},{"@type":"BreadcrumbList","@id":"https:\/\/www.visit-ulcinj.com\/blog\/2016\/08\/30\/cungu-e-pergezoi-klubin-e-karatese-ulqini-per-sukseset-e-arritura-ne-turneun-e-new-yorkut\/#breadcrumb","itemListElement":[{"@type":"ListItem","position":1,"name":"Cungu e p\u00ebrg\u00ebzoi Klubin e karates\u00eb Ulqini p\u00ebr sukseset e arritura ne turneun e New Yorkut"}]},{"@type":"Person","@id":"https:\/\/www.visit-ulcinj.com\/blog\/#\/schema\/person\/dcab619c614d3038751c63bc2aadc06d","name":"ulqini","sameAs":["http:\/\/www.visit-ulcinj.com"],"url":"https:\/\/www.visit-ulcinj.com\/blog\/author\/admin\/"}]}},"jetpack_featured_media_url":"","jetpack_sharing_enabled":true,"jetpack_shortlink":"https:\/\/wp.me\/pe6lTn-pQp","_links":{"self":[{"href":"https:\/\/www.visit-ulcinj.com\/blog\/wp-json\/wp\/v2\/posts\/99349"}],"collection":[{"href":"https:\/\/www.visit-ulcinj.com\/blog\/wp-json\/wp\/v2\/posts"}],"about":[{"href":"https:\/\/www.visit-ulcinj.com\/blog\/wp-json\/wp\/v2\/types\/post"}],"author":[{"embeddable":true,"href":"https:\/\/www.visit-ulcinj.com\/blog\/wp-json\/wp\/v2\/users\/1"}],"replies":[{"embeddable":true,"href":"https:\/\/www.visit-ulcinj.com\/blog\/wp-json\/wp\/v2\/comments?post=99349"}],"version-history":[{"count":1,"href":"https:\/\/www.visit-ulcinj.com\/blog\/wp-json\/wp\/v2\/posts\/99349\/revisions"}],"predecessor-version":[{"id":99352,"href":"https:\/\/www.visit-ulcinj.com\/blog\/wp-json\/wp\/v2\/posts\/99349\/revisions\/99352"}],"wp:attachment":[{"href":"https:\/\/www.visit-ulcinj.com\/blog\/wp-json\/wp\/v2\/media?parent=99349"}],"wp:term":[{"taxonomy":"category","embeddable":true,"href":"https:\/\/www.visit-ulcinj.com\/blog\/wp-json\/wp\/v2\/categories?post=99349"},{"taxonomy":"post_tag","embeddable":true,"href":"https:\/\/www.visit-ulcinj.com\/blog\/wp-json\/wp\/v2\/tags?post=99349"}],"curies":[{"name":"wp","href":"https:\/\/api.w.org\/{rel}","templated":true}]}}