{"id":99360,"date":"2016-08-30T16:51:40","date_gmt":"2016-08-30T15:51:40","guid":{"rendered":"http:\/\/www.visit-ulcinj.com\/blog\/?p=99360"},"modified":"2016-08-31T11:25:24","modified_gmt":"2016-08-31T10:25:24","slug":"prvi-ulcinjski-medunarodni-muzicki-festival","status":"publish","type":"post","link":"https:\/\/www.visit-ulcinj.com\/blog\/2016\/08\/30\/prvi-ulcinjski-medunarodni-muzicki-festival\/","title":{"rendered":"Prvi Ulcinjski me\u0111unarodni muzi\u010dki festival"},"content":{"rendered":"<p><a href=\"http:\/\/www.visit-ulcinj.com\/blog\/wp-content\/uploads\/2016\/08\/Ulqin-Ulcinj-International-Music-Festival-2016.jpg\"><img loading=\"lazy\" class=\"alignleft wp-image-99361\" src=\"http:\/\/www.visit-ulcinj.com\/blog\/wp-content\/uploads\/2016\/08\/Ulqin-Ulcinj-International-Music-Festival-2016.jpg\" alt=\"Ulqin - Ulcinj International Music Festival-2016\" width=\"508\" height=\"325\" srcset=\"https:\/\/www.visit-ulcinj.com\/blog\/wp-content\/uploads\/2016\/08\/Ulqin-Ulcinj-International-Music-Festival-2016.jpg 742w, https:\/\/www.visit-ulcinj.com\/blog\/wp-content\/uploads\/2016\/08\/Ulqin-Ulcinj-International-Music-Festival-2016-300x192.jpg 300w\" sizes=\"(max-width: 508px) 100vw, 508px\" \/><\/a>Ulcinjski me\u0111unarodni muzi\u010dki festival bi\u0107e odr\u017ean od petka 9. septembra do nedelje 11. septembra na razli\u010ditim lokacijama u \u017eivopisnom, primorskom gradu Ulcinju. Na festivalu \u0107e u\u010destvovati vrhunski balkanski muzi\u010dari i poznati svjetski umjetnici.\u00a0 Ove godine na festivalu \u0107e nastupiti umjetnice iz Crne Gore: Gjylie Pelingu, sopran, i\u00a0 Iliriana Gjoni, pijanistkinja, \u00a0srpska pijanistkinja Nata\u0161a Mitrovi\u0107, i njujor\u0161ko muzi\u010dko udru\u017eenje &#8221;Poetica Musica&#8221; u kome su: Oren Fader, gitarista, Barry Crawford, flautista, and Eleanor Valkenburg, sopran. Oni \u0107e izvesti djela Debisija, \u010cajkovskog, Bogdanovi\u0107a, \u0160opena, Mendelsona, Ger\u0161vina i pjesme i klavirska djela albanskih kompozitora Tonina Harapija i Zef \u010cobaja.<\/p>\n<p>Divan i romanti\u010dan grad Ulcinj sa svojim blistavim pla\u017eama i Starim gradom predstavlja savr\u0161eno mjesto za Ulcinjski me\u0111unarodni muzi\u010dki festival. Talentovani mladi muzi\u010dari i iskusni profesionalci sa cijelog Balkana i \u0161ire ima\u0107e mogu\u0107nost da sara\u0111uju i kombinuju svoje talente predstavljaju\u0107i svoju muziku stanovnicima Ulcinja i turistima iz cijelog svijeta.<\/p>\n<p>Festival je podr\u017ean od strane Albansko-ameri\u010dke kulturne fondacije Njujork u saradnji sa muzi\u010dkom \u0161kolom u Ulcinju, hotelom Mediteran, hotelom Palata Venezia i gradskom upravom Ulcinja. \u00a0Za sve koncerte, ulaz je slobodan.<\/p>\n<p><strong><u>O<\/u><\/strong><strong><u>tvaranje festivala<\/u><\/strong><\/p>\n<p><strong><em>Balkanske No\u0107i <\/em><\/strong><\/p>\n<p><strong>Petak<\/strong><strong>, <\/strong><strong>9. septembar<\/strong><strong> 2016 <\/strong><strong>u<\/strong> <strong>20:00h<\/strong><\/p>\n<p><strong>Hotel Me<\/strong><strong>diteran-sala za konferencije<\/strong><\/p>\n<p>Umjetnici: Gjylie Pelingu, sopran, Iliriana Gjoni, klavir, Oren Fader, gitara, Nata\u0161a Mitrovi\u0107, klavir, Eleanor Valkenburg, sopran<\/p>\n<p>Djela Koplanda, Bogdanovi\u0107a, Ger\u0161vina i pjesme i klavirska djela albanskih kompozitora<\/p>\n<p>&nbsp;<\/p>\n<p><strong><em>Mo\u0107 dua<\/em><\/strong><\/p>\n<p><strong>S<\/strong><strong>ubota<\/strong><strong>, <\/strong><strong>10. septembar u 20:00h<\/strong><\/p>\n<p><strong>Hotel Mediteran<\/strong><strong>-sala za konferencije<\/strong><\/p>\n<p>Umjetnice: Iliriana Gjoni, klavir, Nata\u0161a Mitrovi\u0107, klavir<\/p>\n<p>Djela \u010cajkovskog, Debisija, \u0160opena i Mendelsona, uklju\u010duju\u0107i i komade iz svite &#8221;Krcko Ora\u0161\u010di\u0107&#8221; za \u010detiri ruke<\/p>\n<p>&nbsp;<\/p>\n<p><em>Matine koncert na otvorenom*<\/em><\/p>\n<p><strong>Nedjelja, 11. septembar u 11:00h<\/strong><\/p>\n<p><strong>Hotel Palata Venezia<\/strong><\/p>\n<p>Umjetnik: Oren Fader, gitara<\/p>\n<p>Djela Laura, Rodriga, Kartera i drugih<\/p>\n<p>&nbsp;<\/p>\n<p><strong>Zatvaranje festivala na otvorenom<\/strong><strong>*<\/strong><\/p>\n<p><em>Iz dvije Amerike<\/em><\/p>\n<p><strong>Nedjelja, 11. septembar u 17:00h<\/strong><\/p>\n<p><strong>Hotel Palata Venezia<\/strong><\/p>\n<p>Umjetnici: Gjylie Pelingu, sopran, Oren Fader, gitara, Barry Crawford, flauta, Eleanor Valkenburg, sopran<\/p>\n<p>Djela Pijacole, Ger\u0161vina, Vila-Lobosa, Koriliana, crna\u010dke duhovne pjesme, i pjesme sa Brodveja<\/p>\n<p>&nbsp;<\/p>\n<p>*U slu\u010daju ki\u0161e, koncerti \u0107e se odr\u017eati u sali za konferencije hotela Venezia<\/p>\n<p><strong>\u00a0<\/strong><\/p>\n<p><strong><em>Iliriana Gjoni<\/em><\/strong>, pijanistkinja, ro\u0111ena je u Ulcinju, i jedna od prvih diplomiranih pijanistkinja muzi\u010dke \u0161kole u Ulcinju. Osvojila je mnoge internacionalne nagrade, uklju\u010duju\u0107i i prvu nagradu na takmi\u010denju mladih muzi\u010dara u Crnoj Gori i prvu nagradu na nacionalnom takmi\u010denju Guardiagele u Italiji. Nedavno je dobila Master diplomu za klavir i kamernu muziku na Karlsruhe univerzitetu. Trenutno se bavi podu\u010davanjem u gradovima Karlsruhe i Minhenu i aktivan je izvo\u0111a\u010d.<\/p>\n<p>&nbsp;<\/p>\n<p><strong><em>Gjylie Pelingu<\/em><\/strong>, sopran, diplomirala je na muzi\u010dkom konzervatorijumu u Tirani, Albanija i osvojila je prvu nagradu na Republi\u010dkom takmi\u010denju u Crnoj Gori i prvu nagradu na takmi\u010denju &#8221;Ars Kosova&#8221; u Pri\u0161tini, Kosovo. Nastupala je u Albaniji, Sloveniji, Austriji, na Kosovu i u Crnoj Gori. Trenutno je profesor u muzi\u010dkoj \u0161koli u Ulcinju.<\/p>\n<p><strong><em>\u00a0<\/em><\/strong><\/p>\n<p><strong><em>Nata\u0161a Mitrovi\u0107<\/em><\/strong>, pijanistkinja, postala je profesorica klavira na Muzi\u010dkoj Akademiji, najmla\u0111a u njenoj istoriji. \u00a0Dobitnica je Fulbrajtove stipendije, usavr\u0161avala se u \u010ce\u0161koj, Austriji, Njema\u010dkoj, Makedoniji i na univerzitetu u Mi\u010digenu u En Arboru. Osim balkanskih zemalja, nastupala je u Americi, Kini, Japanu, Kuvajtu, Francuskoj, Nema\u010dkoj, \u0160vedskoj, Italiji, \u010ce\u0161koj, Izraelu.<\/p>\n<p>&nbsp;<\/p>\n<p><strong><em>T<\/em><\/strong><strong><em>rio Poetica Musica <\/em><\/strong>je njujor\u0161ki kamerni muzi\u010dki ansambl koji je putovao i nastupao u preko 60 zemalja uklju\u010duju\u0107i: Peru, Jamajku, Norve\u0161ku, Dansku, Tursku, Jordan, Indiju i Izrael. Nastupali su na nekim od najpresti\u017enijih muzi\u010dkih festivala kao \u0161to su: Internacionalni Muzi\u010dki Festival u Istanbulu, Bergen Internacionalni Muzi\u010dki Festival u Norve\u0161koj i na Sarajevskom Festivalu. Ove sezone, ima\u0107e turneju na Kosovu, u Bugarskoj, u Gr\u010dkoj i u Ju\u017enoj Africi.<\/p>\n<p>&nbsp;<\/p>\n<p>Za vi\u0161e informacija, molimo Vas, kontaktirajte Arslana Hajdinagu\u00a0 iz Kabineta predsjednika op\u0161tine Ulcinj na broj <strong>\u00a0<\/strong>069 400 473.<\/p>\n","protected":false},"excerpt":{"rendered":"<p>Ulcinjski me\u0111unarodni muzi\u010dki festival bi\u0107e odr\u017ean od petka 9. septembra do nedelje 11. septembra na razli\u010ditim lokacijama u \u017eivopisnom, primorskom gradu Ulcinju. Na festivalu \u0107e u\u010destvovati vrhunski balkanski muzi\u010dari i poznati svjetski umjetnici.\u00a0 Ove godine na festivalu \u0107e nastupiti umjetnice iz Crne Gore: Gjylie Pelingu, sopran, i\u00a0 Iliriana Gjoni, pijanistkinja, \u00a0srpska pijanistkinja Nata\u0161a Mitrovi\u0107, i [&hellip;]<\/p>\n","protected":false},"author":1,"featured_media":0,"comment_status":"closed","ping_status":"closed","sticky":false,"template":"","format":"standard","meta":{"spay_email":"","jetpack_publicize_message":"","jetpack_is_tweetstorm":false,"jetpack_publicize_feature_enabled":true},"categories":[8337],"tags":[],"jetpack_publicize_connections":[],"yoast_head":"<!-- This site is optimized with the Yoast SEO plugin v19.1 - https:\/\/yoast.com\/wordpress\/plugins\/seo\/ -->\n<title>Prvi Ulcinjski me\u0111unarodni muzi\u010dki festival - Lajme nga Ulqini<\/title>\n<meta name=\"description\" content=\"Ulcinjski me\u0111unarodni muzi\u010dki festival bi\u0107e odr\u017ean od petka 9. septembra do nedelje 11. septembra na razli\u010ditim lokacijama u \u017eivopisnom, primorskom gradu\" \/>\n<meta name=\"robots\" content=\"index, follow, max-snippet:-1, max-image-preview:large, max-video-preview:-1\" \/>\n<link rel=\"canonical\" href=\"https:\/\/www.visit-ulcinj.com\/blog\/2016\/08\/30\/prvi-ulcinjski-medunarodni-muzicki-festival\/\" \/>\n<meta property=\"og:locale\" content=\"en_US\" \/>\n<meta property=\"og:type\" content=\"article\" \/>\n<meta property=\"og:title\" content=\"Prvi Ulcinjski me\u0111unarodni muzi\u010dki festival - Lajme nga Ulqini\" \/>\n<meta property=\"og:description\" content=\"Ulcinjski me\u0111unarodni muzi\u010dki festival bi\u0107e odr\u017ean od petka 9. septembra do nedelje 11. septembra na razli\u010ditim lokacijama u \u017eivopisnom, primorskom gradu\" \/>\n<meta property=\"og:url\" content=\"https:\/\/www.visit-ulcinj.com\/blog\/2016\/08\/30\/prvi-ulcinjski-medunarodni-muzicki-festival\/\" \/>\n<meta property=\"og:site_name\" content=\"Lajme nga Ulqini\" \/>\n<meta property=\"article:published_time\" content=\"2016-08-30T15:51:40+00:00\" \/>\n<meta property=\"article:modified_time\" content=\"2016-08-31T10:25:24+00:00\" \/>\n<meta property=\"og:image\" content=\"http:\/\/www.visit-ulcinj.com\/blog\/wp-content\/uploads\/2016\/08\/Ulqin-Ulcinj-International-Music-Festival-2016.jpg\" \/>\n<meta name=\"twitter:label1\" content=\"Written by\" \/>\n\t<meta name=\"twitter:data1\" content=\"ulqini\" \/>\n\t<meta name=\"twitter:label2\" content=\"Est. reading time\" \/>\n\t<meta name=\"twitter:data2\" content=\"3 minutes\" \/>\n<script type=\"application\/ld+json\" class=\"yoast-schema-graph\">{\"@context\":\"https:\/\/schema.org\",\"@graph\":[{\"@type\":\"WebSite\",\"@id\":\"https:\/\/www.visit-ulcinj.com\/blog\/#website\",\"url\":\"https:\/\/www.visit-ulcinj.com\/blog\/\",\"name\":\"Lajme nga Ulqini\",\"description\":\"Lajme,Vijesti,Ulqini,Ulqin,Crna Gora,Mali i Zi\",\"potentialAction\":[{\"@type\":\"SearchAction\",\"target\":{\"@type\":\"EntryPoint\",\"urlTemplate\":\"https:\/\/www.visit-ulcinj.com\/blog\/?s={search_term_string}\"},\"query-input\":\"required name=search_term_string\"}],\"inLanguage\":\"en-US\"},{\"@type\":\"ImageObject\",\"inLanguage\":\"en-US\",\"@id\":\"https:\/\/www.visit-ulcinj.com\/blog\/2016\/08\/30\/prvi-ulcinjski-medunarodni-muzicki-festival\/#primaryimage\",\"url\":\"https:\/\/www.visit-ulcinj.com\/blog\/wp-content\/uploads\/2016\/08\/Ulqin-Ulcinj-International-Music-Festival-2016.jpg\",\"contentUrl\":\"https:\/\/www.visit-ulcinj.com\/blog\/wp-content\/uploads\/2016\/08\/Ulqin-Ulcinj-International-Music-Festival-2016.jpg\",\"width\":742,\"height\":474},{\"@type\":\"WebPage\",\"@id\":\"https:\/\/www.visit-ulcinj.com\/blog\/2016\/08\/30\/prvi-ulcinjski-medunarodni-muzicki-festival\/#webpage\",\"url\":\"https:\/\/www.visit-ulcinj.com\/blog\/2016\/08\/30\/prvi-ulcinjski-medunarodni-muzicki-festival\/\",\"name\":\"Prvi Ulcinjski me\u0111unarodni muzi\u010dki festival - Lajme nga Ulqini\",\"isPartOf\":{\"@id\":\"https:\/\/www.visit-ulcinj.com\/blog\/#website\"},\"primaryImageOfPage\":{\"@id\":\"https:\/\/www.visit-ulcinj.com\/blog\/2016\/08\/30\/prvi-ulcinjski-medunarodni-muzicki-festival\/#primaryimage\"},\"datePublished\":\"2016-08-30T15:51:40+00:00\",\"dateModified\":\"2016-08-31T10:25:24+00:00\",\"author\":{\"@id\":\"https:\/\/www.visit-ulcinj.com\/blog\/#\/schema\/person\/dcab619c614d3038751c63bc2aadc06d\"},\"description\":\"Ulcinjski me\u0111unarodni muzi\u010dki festival bi\u0107e odr\u017ean od petka 9. septembra do nedelje 11. septembra na razli\u010ditim lokacijama u \u017eivopisnom, primorskom gradu\",\"breadcrumb\":{\"@id\":\"https:\/\/www.visit-ulcinj.com\/blog\/2016\/08\/30\/prvi-ulcinjski-medunarodni-muzicki-festival\/#breadcrumb\"},\"inLanguage\":\"en-US\",\"potentialAction\":[{\"@type\":\"ReadAction\",\"target\":[\"https:\/\/www.visit-ulcinj.com\/blog\/2016\/08\/30\/prvi-ulcinjski-medunarodni-muzicki-festival\/\"]}]},{\"@type\":\"BreadcrumbList\",\"@id\":\"https:\/\/www.visit-ulcinj.com\/blog\/2016\/08\/30\/prvi-ulcinjski-medunarodni-muzicki-festival\/#breadcrumb\",\"itemListElement\":[{\"@type\":\"ListItem\",\"position\":1,\"name\":\"Prvi Ulcinjski me\u0111unarodni muzi\u010dki festival\"}]},{\"@type\":\"Person\",\"@id\":\"https:\/\/www.visit-ulcinj.com\/blog\/#\/schema\/person\/dcab619c614d3038751c63bc2aadc06d\",\"name\":\"ulqini\",\"sameAs\":[\"http:\/\/www.visit-ulcinj.com\"],\"url\":\"https:\/\/www.visit-ulcinj.com\/blog\/author\/admin\/\"}]}<\/script>\n<!-- \/ Yoast SEO plugin. -->","yoast_head_json":{"title":"Prvi Ulcinjski me\u0111unarodni muzi\u010dki festival - Lajme nga Ulqini","description":"Ulcinjski me\u0111unarodni muzi\u010dki festival bi\u0107e odr\u017ean od petka 9. septembra do nedelje 11. septembra na razli\u010ditim lokacijama u \u017eivopisnom, primorskom gradu","robots":{"index":"index","follow":"follow","max-snippet":"max-snippet:-1","max-image-preview":"max-image-preview:large","max-video-preview":"max-video-preview:-1"},"canonical":"https:\/\/www.visit-ulcinj.com\/blog\/2016\/08\/30\/prvi-ulcinjski-medunarodni-muzicki-festival\/","og_locale":"en_US","og_type":"article","og_title":"Prvi Ulcinjski me\u0111unarodni muzi\u010dki festival - Lajme nga Ulqini","og_description":"Ulcinjski me\u0111unarodni muzi\u010dki festival bi\u0107e odr\u017ean od petka 9. septembra do nedelje 11. septembra na razli\u010ditim lokacijama u \u017eivopisnom, primorskom gradu","og_url":"https:\/\/www.visit-ulcinj.com\/blog\/2016\/08\/30\/prvi-ulcinjski-medunarodni-muzicki-festival\/","og_site_name":"Lajme nga Ulqini","article_published_time":"2016-08-30T15:51:40+00:00","article_modified_time":"2016-08-31T10:25:24+00:00","og_image":[{"url":"http:\/\/www.visit-ulcinj.com\/blog\/wp-content\/uploads\/2016\/08\/Ulqin-Ulcinj-International-Music-Festival-2016.jpg"}],"twitter_misc":{"Written by":"ulqini","Est. reading time":"3 minutes"},"schema":{"@context":"https:\/\/schema.org","@graph":[{"@type":"WebSite","@id":"https:\/\/www.visit-ulcinj.com\/blog\/#website","url":"https:\/\/www.visit-ulcinj.com\/blog\/","name":"Lajme nga Ulqini","description":"Lajme,Vijesti,Ulqini,Ulqin,Crna Gora,Mali i Zi","potentialAction":[{"@type":"SearchAction","target":{"@type":"EntryPoint","urlTemplate":"https:\/\/www.visit-ulcinj.com\/blog\/?s={search_term_string}"},"query-input":"required name=search_term_string"}],"inLanguage":"en-US"},{"@type":"ImageObject","inLanguage":"en-US","@id":"https:\/\/www.visit-ulcinj.com\/blog\/2016\/08\/30\/prvi-ulcinjski-medunarodni-muzicki-festival\/#primaryimage","url":"https:\/\/www.visit-ulcinj.com\/blog\/wp-content\/uploads\/2016\/08\/Ulqin-Ulcinj-International-Music-Festival-2016.jpg","contentUrl":"https:\/\/www.visit-ulcinj.com\/blog\/wp-content\/uploads\/2016\/08\/Ulqin-Ulcinj-International-Music-Festival-2016.jpg","width":742,"height":474},{"@type":"WebPage","@id":"https:\/\/www.visit-ulcinj.com\/blog\/2016\/08\/30\/prvi-ulcinjski-medunarodni-muzicki-festival\/#webpage","url":"https:\/\/www.visit-ulcinj.com\/blog\/2016\/08\/30\/prvi-ulcinjski-medunarodni-muzicki-festival\/","name":"Prvi Ulcinjski me\u0111unarodni muzi\u010dki festival - Lajme nga Ulqini","isPartOf":{"@id":"https:\/\/www.visit-ulcinj.com\/blog\/#website"},"primaryImageOfPage":{"@id":"https:\/\/www.visit-ulcinj.com\/blog\/2016\/08\/30\/prvi-ulcinjski-medunarodni-muzicki-festival\/#primaryimage"},"datePublished":"2016-08-30T15:51:40+00:00","dateModified":"2016-08-31T10:25:24+00:00","author":{"@id":"https:\/\/www.visit-ulcinj.com\/blog\/#\/schema\/person\/dcab619c614d3038751c63bc2aadc06d"},"description":"Ulcinjski me\u0111unarodni muzi\u010dki festival bi\u0107e odr\u017ean od petka 9. septembra do nedelje 11. septembra na razli\u010ditim lokacijama u \u017eivopisnom, primorskom gradu","breadcrumb":{"@id":"https:\/\/www.visit-ulcinj.com\/blog\/2016\/08\/30\/prvi-ulcinjski-medunarodni-muzicki-festival\/#breadcrumb"},"inLanguage":"en-US","potentialAction":[{"@type":"ReadAction","target":["https:\/\/www.visit-ulcinj.com\/blog\/2016\/08\/30\/prvi-ulcinjski-medunarodni-muzicki-festival\/"]}]},{"@type":"BreadcrumbList","@id":"https:\/\/www.visit-ulcinj.com\/blog\/2016\/08\/30\/prvi-ulcinjski-medunarodni-muzicki-festival\/#breadcrumb","itemListElement":[{"@type":"ListItem","position":1,"name":"Prvi Ulcinjski me\u0111unarodni muzi\u010dki festival"}]},{"@type":"Person","@id":"https:\/\/www.visit-ulcinj.com\/blog\/#\/schema\/person\/dcab619c614d3038751c63bc2aadc06d","name":"ulqini","sameAs":["http:\/\/www.visit-ulcinj.com"],"url":"https:\/\/www.visit-ulcinj.com\/blog\/author\/admin\/"}]}},"jetpack_featured_media_url":"","jetpack_sharing_enabled":true,"jetpack_shortlink":"https:\/\/wp.me\/pe6lTn-pQA","_links":{"self":[{"href":"https:\/\/www.visit-ulcinj.com\/blog\/wp-json\/wp\/v2\/posts\/99360"}],"collection":[{"href":"https:\/\/www.visit-ulcinj.com\/blog\/wp-json\/wp\/v2\/posts"}],"about":[{"href":"https:\/\/www.visit-ulcinj.com\/blog\/wp-json\/wp\/v2\/types\/post"}],"author":[{"embeddable":true,"href":"https:\/\/www.visit-ulcinj.com\/blog\/wp-json\/wp\/v2\/users\/1"}],"replies":[{"embeddable":true,"href":"https:\/\/www.visit-ulcinj.com\/blog\/wp-json\/wp\/v2\/comments?post=99360"}],"version-history":[{"count":1,"href":"https:\/\/www.visit-ulcinj.com\/blog\/wp-json\/wp\/v2\/posts\/99360\/revisions"}],"predecessor-version":[{"id":99362,"href":"https:\/\/www.visit-ulcinj.com\/blog\/wp-json\/wp\/v2\/posts\/99360\/revisions\/99362"}],"wp:attachment":[{"href":"https:\/\/www.visit-ulcinj.com\/blog\/wp-json\/wp\/v2\/media?parent=99360"}],"wp:term":[{"taxonomy":"category","embeddable":true,"href":"https:\/\/www.visit-ulcinj.com\/blog\/wp-json\/wp\/v2\/categories?post=99360"},{"taxonomy":"post_tag","embeddable":true,"href":"https:\/\/www.visit-ulcinj.com\/blog\/wp-json\/wp\/v2\/tags?post=99360"}],"curies":[{"name":"wp","href":"https:\/\/api.w.org\/{rel}","templated":true}]}}