{"id":99365,"date":"2016-08-30T16:57:43","date_gmt":"2016-08-30T15:57:43","guid":{"rendered":"http:\/\/www.visit-ulcinj.com\/blog\/?p=99365"},"modified":"2016-08-31T13:41:10","modified_gmt":"2016-08-31T12:41:10","slug":"sastanak-predsjednika-cungu-sa-ambasadorkom-crne-gore-u-francuskoj-nj-e-dragicom-ponoroac-anastasijom-miranovic","status":"publish","type":"post","link":"https:\/\/www.visit-ulcinj.com\/blog\/2016\/08\/30\/sastanak-predsjednika-cungu-sa-ambasadorkom-crne-gore-u-francuskoj-nj-e-dragicom-ponoroac-anastasijom-miranovic\/","title":{"rendered":"Sastanak predsjednika Cungu sa ambasadorkom Crne Gore u Francuskoj Nj.E. Dragicom Ponoroac i Anastasijom Miranovi\u0107"},"content":{"rendered":"<p><a href=\"http:\/\/www.visit-ulcinj.com\/blog\/wp-content\/uploads\/2016\/08\/Keshilltar-p\u00ebr-radhitjen-e-Kalas\u00eb-s\u00eb-Ulqinit-n\u00eb-UNESKO-s.jpg\"><img loading=\"lazy\" class=\"alignleft wp-image-99355\" src=\"http:\/\/www.visit-ulcinj.com\/blog\/wp-content\/uploads\/2016\/08\/Keshilltar-p\u00ebr-radhitjen-e-Kalas\u00eb-s\u00eb-Ulqinit-n\u00eb-UNESKO-s.jpg\" alt=\"Keshilltar-p\u00ebr radhitjen e Kalas\u00eb s\u00eb Ulqinit n\u00eb UNESKO-s\" width=\"508\" height=\"336\" srcset=\"https:\/\/www.visit-ulcinj.com\/blog\/wp-content\/uploads\/2016\/08\/Keshilltar-p\u00ebr-radhitjen-e-Kalas\u00eb-s\u00eb-Ulqinit-n\u00eb-UNESKO-s.jpg 999w, https:\/\/www.visit-ulcinj.com\/blog\/wp-content\/uploads\/2016\/08\/Keshilltar-p\u00ebr-radhitjen-e-Kalas\u00eb-s\u00eb-Ulqinit-n\u00eb-UNESKO-s-300x198.jpg 300w, https:\/\/www.visit-ulcinj.com\/blog\/wp-content\/uploads\/2016\/08\/Keshilltar-p\u00ebr-radhitjen-e-Kalas\u00eb-s\u00eb-Ulqinit-n\u00eb-UNESKO-s-768x508.jpg 768w\" sizes=\"(max-width: 508px) 100vw, 508px\" \/><\/a>Predsjednik op\u0161tine Nazif Cungu primio je u svom kabinetu ambasadorku Crne Gore u Francuskoj i stalnu predstavnicu pri UNESCO, Dragicu Ponorac i direktoricu Uprave za za\u0161titu kulturnih dobara Crne Gore, Anastasiju Miranovi\u0107.<\/p>\n<p>Na sastanku je bili rije\u010di o projektu koje Ministarstvo kulture Crne Gore realizuje u saradnji sa ministarstvima kulture Hrvatske i Italije o upisu Venecijanskih odbrambenih tvr\u0111ava izme\u0111u XV. i XVIII. vijeka, na Listu svjetske ba\u0161tine UNESCO-a. Ulcinjska trv\u0111ava je me\u0111u nominovanim lokalitetima na teritoriji Crne Gore.<\/p>\n<p>Predsjednik Cungu je izrazio zadovoljstvo \u0161to se ulcinjska tvr\u0111ava nalazi me\u0111u nominovanim lokalitetita, i da \u0107e op\u0161tina sna\u017eno podr\u017eati svaku aktivnost koja ima za cilj upisivanje Starog grada pod \u017ea\u0161titom UNESCO-a. Predsjednik Cungu je dodao da se time mo\u017ee stvoriti dobra podloga za razvoj kuturnog turizma.<\/p>\n<p>Ambasadorka Ponorac je upoznala prisutne da \u0107e ekspert ICOMOS-a (Me\u0111unarodni savjet za spomenike), koji \u0107e u svojstvu evaluatora dati mi\u0161ljenje na nominacioni dosije za ulcinjsku tvr\u0111avu, uskoro boraviti u Crnoj Gori. Ambasadorka Ponorac je izrazila zabrinutost da nelegalni objekti, kao \u0161to je konstrukcija lifta u isto\u010dnom dijelu i objekat\u00a0 koji se nalazi pri zapadnim zidinama Starog grada, mogu biti ozbiljna prijetnja kandidaturi ulcinjske tvr\u0111ave i da je neophono preduzeti hitne mjere u cilju sanacije stanja i \u0161tete koja je njihovom izradnjom prouzrokovana. Ona je dodale da \u0107e ovom problemu upoznati sve relevatne politi\u010dke faktore u zemlji i inostranstvu.<\/p>\n","protected":false},"excerpt":{"rendered":"<p>Predsjednik op\u0161tine Nazif Cungu primio je u svom kabinetu ambasadorku Crne Gore u Francuskoj i stalnu predstavnicu pri UNESCO, Dragicu Ponorac i direktoricu Uprave za za\u0161titu kulturnih dobara Crne Gore, Anastasiju Miranovi\u0107. Na sastanku je bili rije\u010di o projektu koje Ministarstvo kulture Crne Gore realizuje u saradnji sa ministarstvima kulture Hrvatske i Italije o upisu [&hellip;]<\/p>\n","protected":false},"author":1,"featured_media":0,"comment_status":"closed","ping_status":"closed","sticky":false,"template":"","format":"standard","meta":{"spay_email":"","jetpack_publicize_message":"","jetpack_is_tweetstorm":false,"jetpack_publicize_feature_enabled":true},"categories":[6950],"tags":[],"jetpack_publicize_connections":[],"yoast_head":"<!-- This site is optimized with the Yoast SEO plugin v19.1 - https:\/\/yoast.com\/wordpress\/plugins\/seo\/ -->\n<title>Sastanak predsjednika Cungu sa ambasadorkom Crne Gore u Francuskoj Nj.E. Dragicom Ponoroac i Anastasijom Miranovi\u0107 - Lajme nga Ulqini<\/title>\n<meta name=\"description\" content=\"Predsjednik op\u0161tine Nazif Cungu primio je u svom kabinetu ambasadorku Crne Gore u Francuskoj i stalnu predstavnicu pri UNESCO, Dragicu Ponorac i\" \/>\n<meta name=\"robots\" content=\"index, follow, max-snippet:-1, max-image-preview:large, max-video-preview:-1\" \/>\n<link rel=\"canonical\" href=\"https:\/\/www.visit-ulcinj.com\/blog\/2016\/08\/30\/sastanak-predsjednika-cungu-sa-ambasadorkom-crne-gore-u-francuskoj-nj-e-dragicom-ponoroac-anastasijom-miranovic\/\" \/>\n<meta property=\"og:locale\" content=\"en_US\" \/>\n<meta property=\"og:type\" content=\"article\" \/>\n<meta property=\"og:title\" content=\"Sastanak predsjednika Cungu sa ambasadorkom Crne Gore u Francuskoj Nj.E. Dragicom Ponoroac i Anastasijom Miranovi\u0107 - Lajme nga Ulqini\" \/>\n<meta property=\"og:description\" content=\"Predsjednik op\u0161tine Nazif Cungu primio je u svom kabinetu ambasadorku Crne Gore u Francuskoj i stalnu predstavnicu pri UNESCO, Dragicu Ponorac i\" \/>\n<meta property=\"og:url\" content=\"https:\/\/www.visit-ulcinj.com\/blog\/2016\/08\/30\/sastanak-predsjednika-cungu-sa-ambasadorkom-crne-gore-u-francuskoj-nj-e-dragicom-ponoroac-anastasijom-miranovic\/\" \/>\n<meta property=\"og:site_name\" content=\"Lajme nga Ulqini\" \/>\n<meta property=\"article:published_time\" content=\"2016-08-30T15:57:43+00:00\" \/>\n<meta property=\"article:modified_time\" content=\"2016-08-31T12:41:10+00:00\" \/>\n<meta name=\"twitter:label1\" content=\"Written by\" \/>\n\t<meta name=\"twitter:data1\" content=\"ulqini\" \/>\n\t<meta name=\"twitter:label2\" content=\"Est. reading time\" \/>\n\t<meta name=\"twitter:data2\" content=\"1 minute\" \/>\n<script type=\"application\/ld+json\" class=\"yoast-schema-graph\">{\"@context\":\"https:\/\/schema.org\",\"@graph\":[{\"@type\":\"WebSite\",\"@id\":\"https:\/\/www.visit-ulcinj.com\/blog\/#website\",\"url\":\"https:\/\/www.visit-ulcinj.com\/blog\/\",\"name\":\"Lajme nga Ulqini\",\"description\":\"Lajme,Vijesti,Ulqini,Ulqin,Crna Gora,Mali i Zi\",\"potentialAction\":[{\"@type\":\"SearchAction\",\"target\":{\"@type\":\"EntryPoint\",\"urlTemplate\":\"https:\/\/www.visit-ulcinj.com\/blog\/?s={search_term_string}\"},\"query-input\":\"required name=search_term_string\"}],\"inLanguage\":\"en-US\"},{\"@type\":\"WebPage\",\"@id\":\"https:\/\/www.visit-ulcinj.com\/blog\/2016\/08\/30\/sastanak-predsjednika-cungu-sa-ambasadorkom-crne-gore-u-francuskoj-nj-e-dragicom-ponoroac-anastasijom-miranovic\/#webpage\",\"url\":\"https:\/\/www.visit-ulcinj.com\/blog\/2016\/08\/30\/sastanak-predsjednika-cungu-sa-ambasadorkom-crne-gore-u-francuskoj-nj-e-dragicom-ponoroac-anastasijom-miranovic\/\",\"name\":\"Sastanak predsjednika Cungu sa ambasadorkom Crne Gore u Francuskoj Nj.E. Dragicom Ponoroac i Anastasijom Miranovi\u0107 - Lajme nga Ulqini\",\"isPartOf\":{\"@id\":\"https:\/\/www.visit-ulcinj.com\/blog\/#website\"},\"datePublished\":\"2016-08-30T15:57:43+00:00\",\"dateModified\":\"2016-08-31T12:41:10+00:00\",\"author\":{\"@id\":\"https:\/\/www.visit-ulcinj.com\/blog\/#\/schema\/person\/dcab619c614d3038751c63bc2aadc06d\"},\"description\":\"Predsjednik op\u0161tine Nazif Cungu primio je u svom kabinetu ambasadorku Crne Gore u Francuskoj i stalnu predstavnicu pri UNESCO, Dragicu Ponorac i\",\"breadcrumb\":{\"@id\":\"https:\/\/www.visit-ulcinj.com\/blog\/2016\/08\/30\/sastanak-predsjednika-cungu-sa-ambasadorkom-crne-gore-u-francuskoj-nj-e-dragicom-ponoroac-anastasijom-miranovic\/#breadcrumb\"},\"inLanguage\":\"en-US\",\"potentialAction\":[{\"@type\":\"ReadAction\",\"target\":[\"https:\/\/www.visit-ulcinj.com\/blog\/2016\/08\/30\/sastanak-predsjednika-cungu-sa-ambasadorkom-crne-gore-u-francuskoj-nj-e-dragicom-ponoroac-anastasijom-miranovic\/\"]}]},{\"@type\":\"BreadcrumbList\",\"@id\":\"https:\/\/www.visit-ulcinj.com\/blog\/2016\/08\/30\/sastanak-predsjednika-cungu-sa-ambasadorkom-crne-gore-u-francuskoj-nj-e-dragicom-ponoroac-anastasijom-miranovic\/#breadcrumb\",\"itemListElement\":[{\"@type\":\"ListItem\",\"position\":1,\"name\":\"Sastanak predsjednika Cungu sa ambasadorkom Crne Gore u Francuskoj Nj.E. Dragicom Ponoroac i Anastasijom Miranovi\u0107\"}]},{\"@type\":\"Person\",\"@id\":\"https:\/\/www.visit-ulcinj.com\/blog\/#\/schema\/person\/dcab619c614d3038751c63bc2aadc06d\",\"name\":\"ulqini\",\"sameAs\":[\"http:\/\/www.visit-ulcinj.com\"],\"url\":\"https:\/\/www.visit-ulcinj.com\/blog\/author\/admin\/\"}]}<\/script>\n<!-- \/ Yoast SEO plugin. -->","yoast_head_json":{"title":"Sastanak predsjednika Cungu sa ambasadorkom Crne Gore u Francuskoj Nj.E. Dragicom Ponoroac i Anastasijom Miranovi\u0107 - Lajme nga Ulqini","description":"Predsjednik op\u0161tine Nazif Cungu primio je u svom kabinetu ambasadorku Crne Gore u Francuskoj i stalnu predstavnicu pri UNESCO, Dragicu Ponorac i","robots":{"index":"index","follow":"follow","max-snippet":"max-snippet:-1","max-image-preview":"max-image-preview:large","max-video-preview":"max-video-preview:-1"},"canonical":"https:\/\/www.visit-ulcinj.com\/blog\/2016\/08\/30\/sastanak-predsjednika-cungu-sa-ambasadorkom-crne-gore-u-francuskoj-nj-e-dragicom-ponoroac-anastasijom-miranovic\/","og_locale":"en_US","og_type":"article","og_title":"Sastanak predsjednika Cungu sa ambasadorkom Crne Gore u Francuskoj Nj.E. Dragicom Ponoroac i Anastasijom Miranovi\u0107 - Lajme nga Ulqini","og_description":"Predsjednik op\u0161tine Nazif Cungu primio je u svom kabinetu ambasadorku Crne Gore u Francuskoj i stalnu predstavnicu pri UNESCO, Dragicu Ponorac i","og_url":"https:\/\/www.visit-ulcinj.com\/blog\/2016\/08\/30\/sastanak-predsjednika-cungu-sa-ambasadorkom-crne-gore-u-francuskoj-nj-e-dragicom-ponoroac-anastasijom-miranovic\/","og_site_name":"Lajme nga Ulqini","article_published_time":"2016-08-30T15:57:43+00:00","article_modified_time":"2016-08-31T12:41:10+00:00","twitter_misc":{"Written by":"ulqini","Est. reading time":"1 minute"},"schema":{"@context":"https:\/\/schema.org","@graph":[{"@type":"WebSite","@id":"https:\/\/www.visit-ulcinj.com\/blog\/#website","url":"https:\/\/www.visit-ulcinj.com\/blog\/","name":"Lajme nga Ulqini","description":"Lajme,Vijesti,Ulqini,Ulqin,Crna Gora,Mali i Zi","potentialAction":[{"@type":"SearchAction","target":{"@type":"EntryPoint","urlTemplate":"https:\/\/www.visit-ulcinj.com\/blog\/?s={search_term_string}"},"query-input":"required name=search_term_string"}],"inLanguage":"en-US"},{"@type":"WebPage","@id":"https:\/\/www.visit-ulcinj.com\/blog\/2016\/08\/30\/sastanak-predsjednika-cungu-sa-ambasadorkom-crne-gore-u-francuskoj-nj-e-dragicom-ponoroac-anastasijom-miranovic\/#webpage","url":"https:\/\/www.visit-ulcinj.com\/blog\/2016\/08\/30\/sastanak-predsjednika-cungu-sa-ambasadorkom-crne-gore-u-francuskoj-nj-e-dragicom-ponoroac-anastasijom-miranovic\/","name":"Sastanak predsjednika Cungu sa ambasadorkom Crne Gore u Francuskoj Nj.E. Dragicom Ponoroac i Anastasijom Miranovi\u0107 - Lajme nga Ulqini","isPartOf":{"@id":"https:\/\/www.visit-ulcinj.com\/blog\/#website"},"datePublished":"2016-08-30T15:57:43+00:00","dateModified":"2016-08-31T12:41:10+00:00","author":{"@id":"https:\/\/www.visit-ulcinj.com\/blog\/#\/schema\/person\/dcab619c614d3038751c63bc2aadc06d"},"description":"Predsjednik op\u0161tine Nazif Cungu primio je u svom kabinetu ambasadorku Crne Gore u Francuskoj i stalnu predstavnicu pri UNESCO, Dragicu Ponorac i","breadcrumb":{"@id":"https:\/\/www.visit-ulcinj.com\/blog\/2016\/08\/30\/sastanak-predsjednika-cungu-sa-ambasadorkom-crne-gore-u-francuskoj-nj-e-dragicom-ponoroac-anastasijom-miranovic\/#breadcrumb"},"inLanguage":"en-US","potentialAction":[{"@type":"ReadAction","target":["https:\/\/www.visit-ulcinj.com\/blog\/2016\/08\/30\/sastanak-predsjednika-cungu-sa-ambasadorkom-crne-gore-u-francuskoj-nj-e-dragicom-ponoroac-anastasijom-miranovic\/"]}]},{"@type":"BreadcrumbList","@id":"https:\/\/www.visit-ulcinj.com\/blog\/2016\/08\/30\/sastanak-predsjednika-cungu-sa-ambasadorkom-crne-gore-u-francuskoj-nj-e-dragicom-ponoroac-anastasijom-miranovic\/#breadcrumb","itemListElement":[{"@type":"ListItem","position":1,"name":"Sastanak predsjednika Cungu sa ambasadorkom Crne Gore u Francuskoj Nj.E. Dragicom Ponoroac i Anastasijom Miranovi\u0107"}]},{"@type":"Person","@id":"https:\/\/www.visit-ulcinj.com\/blog\/#\/schema\/person\/dcab619c614d3038751c63bc2aadc06d","name":"ulqini","sameAs":["http:\/\/www.visit-ulcinj.com"],"url":"https:\/\/www.visit-ulcinj.com\/blog\/author\/admin\/"}]}},"jetpack_featured_media_url":"","jetpack_sharing_enabled":true,"jetpack_shortlink":"https:\/\/wp.me\/pe6lTn-pQF","_links":{"self":[{"href":"https:\/\/www.visit-ulcinj.com\/blog\/wp-json\/wp\/v2\/posts\/99365"}],"collection":[{"href":"https:\/\/www.visit-ulcinj.com\/blog\/wp-json\/wp\/v2\/posts"}],"about":[{"href":"https:\/\/www.visit-ulcinj.com\/blog\/wp-json\/wp\/v2\/types\/post"}],"author":[{"embeddable":true,"href":"https:\/\/www.visit-ulcinj.com\/blog\/wp-json\/wp\/v2\/users\/1"}],"replies":[{"embeddable":true,"href":"https:\/\/www.visit-ulcinj.com\/blog\/wp-json\/wp\/v2\/comments?post=99365"}],"version-history":[{"count":1,"href":"https:\/\/www.visit-ulcinj.com\/blog\/wp-json\/wp\/v2\/posts\/99365\/revisions"}],"predecessor-version":[{"id":99366,"href":"https:\/\/www.visit-ulcinj.com\/blog\/wp-json\/wp\/v2\/posts\/99365\/revisions\/99366"}],"wp:attachment":[{"href":"https:\/\/www.visit-ulcinj.com\/blog\/wp-json\/wp\/v2\/media?parent=99365"}],"wp:term":[{"taxonomy":"category","embeddable":true,"href":"https:\/\/www.visit-ulcinj.com\/blog\/wp-json\/wp\/v2\/categories?post=99365"},{"taxonomy":"post_tag","embeddable":true,"href":"https:\/\/www.visit-ulcinj.com\/blog\/wp-json\/wp\/v2\/tags?post=99365"}],"curies":[{"name":"wp","href":"https:\/\/api.w.org\/{rel}","templated":true}]}}