{"id":99374,"date":"2016-08-30T17:13:41","date_gmt":"2016-08-30T16:13:41","guid":{"rendered":"http:\/\/www.visit-ulcinj.com\/blog\/?p=99374"},"modified":"2016-08-30T17:14:16","modified_gmt":"2016-08-30T16:14:16","slug":"tur-gazetaret-gjerman-qe-vizituan-ulqinin","status":"publish","type":"post","link":"https:\/\/www.visit-ulcinj.com\/blog\/2016\/08\/30\/tur-gazetaret-gjerman-qe-vizituan-ulqinin\/","title":{"rendered":"Tur me gazetar\u00ebt gjerman q\u00eb vizituan Ulqinin"},"content":{"rendered":"<p><a href=\"http:\/\/www.visit-ulcinj.com\/blog\/wp-content\/uploads\/2016\/08\/Novinari-iz-Njemacke-u-poseti-Ulcinju.jpg\"><img loading=\"lazy\" class=\"alignleft wp-image-99358\" src=\"http:\/\/www.visit-ulcinj.com\/blog\/wp-content\/uploads\/2016\/08\/Novinari-iz-Njemacke-u-poseti-Ulcinju.jpg\" alt=\"Novinari iz Njemacke u poseti Ulcinju\" width=\"508\" height=\"286\" srcset=\"https:\/\/www.visit-ulcinj.com\/blog\/wp-content\/uploads\/2016\/08\/Novinari-iz-Njemacke-u-poseti-Ulcinju.jpg 1099w, https:\/\/www.visit-ulcinj.com\/blog\/wp-content\/uploads\/2016\/08\/Novinari-iz-Njemacke-u-poseti-Ulcinju-300x169.jpg 300w, https:\/\/www.visit-ulcinj.com\/blog\/wp-content\/uploads\/2016\/08\/Novinari-iz-Njemacke-u-poseti-Ulcinju-768x432.jpg 768w, https:\/\/www.visit-ulcinj.com\/blog\/wp-content\/uploads\/2016\/08\/Novinari-iz-Njemacke-u-poseti-Ulcinju-1024x576.jpg 1024w\" sizes=\"(max-width: 508px) 100vw, 508px\" \/><\/a>N\u00eb organizim t\u00eb Organizat\u00ebs nacionale turistike t\u00eb Malit t\u00eb Zi n\u00eb periudh\u00ebn prej me 20 deri me 29 gusht n\u00eb Mal t\u00eb Zi kan\u00eb q\u00ebndruar gazetar\u00ebt nga Gjermania dhe at\u00eb kryeredaktori i nj\u00ebr\u00ebs nga revistat m\u00eb t\u00eb njohura \u201cVIP Reise magazine\u201d, raporton portali Ul.info.<\/p>\n<p>Vizita u organizua n\u00eb bashk\u00ebpunim me organizatat lokale turistike t\u00eb Ulqinit, Tivarit, Tivatit dhe Kotorrit.<\/p>\n<p>T\u00eb shtun\u00ebn dhe t\u00eb diel\u00ebn, m\u00eb 27 dhe 28 gusht, gazetar\u00ebt vizituan Ulqinin, ku kishin mund\u00ebsi t\u00eb vizitojn\u00eb Kalan\u00eb, Gjirin e Valdanosit, Pyllin e pishave, Plazhin e madh dhe Ad\u00ebn e Bun\u00ebs.<\/p>\n<p>Po ashtu ato vizituan edhe plazhin D\u2019Olcinium dhe kajter\u00ebt n\u00eb k\u00ebt\u00eb plazh dhe sh\u00ebnuan q\u00eb ky sport \u00ebsht\u00eb zhvilluar me shpejt\u00ebsi t\u00eb madhe n\u00eb Ulqin dhe tashm\u00eb Plazhi i madh i Ulqinit \u00ebsht\u00eb b\u00ebr\u00eb nj\u00eb nga top destinacionet p\u00ebr dashamir\u00ebsit e k\u00ebtij sport.<\/p>\n<p>T\u00eb gjith\u00eb ne e kemi t\u00eb njohur potencialin e madh t\u00eb tregut gjerman, nd\u00ebrsa vitet e fundit mund t\u00eb lavd\u00ebrohemi q\u00eb turist\u00ebt nga Gjermania po kthehen ngadal\u00eb, sepse kemi interesim t\u00eb theksuar nga ky treg.<\/p>\n","protected":false},"excerpt":{"rendered":"<p>N\u00eb organizim t\u00eb Organizat\u00ebs nacionale turistike t\u00eb Malit t\u00eb Zi n\u00eb periudh\u00ebn prej me 20 deri me 29 gusht n\u00eb Mal t\u00eb Zi kan\u00eb q\u00ebndruar gazetar\u00ebt nga Gjermania dhe at\u00eb kryeredaktori i nj\u00ebr\u00ebs nga revistat m\u00eb t\u00eb njohura \u201cVIP Reise magazine\u201d, raporton portali Ul.info. Vizita u organizua n\u00eb bashk\u00ebpunim me organizatat lokale turistike t\u00eb Ulqinit, [&hellip;]<\/p>\n","protected":false},"author":1,"featured_media":0,"comment_status":"closed","ping_status":"closed","sticky":false,"template":"","format":"standard","meta":{"spay_email":"","jetpack_publicize_message":"","jetpack_is_tweetstorm":false,"jetpack_publicize_feature_enabled":true},"categories":[15],"tags":[],"jetpack_publicize_connections":[],"yoast_head":"<!-- This site is optimized with the Yoast SEO plugin v19.1 - https:\/\/yoast.com\/wordpress\/plugins\/seo\/ -->\n<title>Tur me gazetar\u00ebt gjerman q\u00eb vizituan Ulqinin - Lajme nga Ulqini<\/title>\n<meta name=\"description\" content=\"N\u00eb organizim t\u00eb Organizat\u00ebs nacionale turistike t\u00eb Malit t\u00eb Zi n\u00eb periudh\u00ebn prej me 20 deri me 29 gusht n\u00eb Mal t\u00eb Zi kan\u00eb q\u00ebndruar gazetar\u00ebt nga Gjermania\" \/>\n<meta name=\"robots\" content=\"index, follow, max-snippet:-1, max-image-preview:large, max-video-preview:-1\" \/>\n<link rel=\"canonical\" href=\"https:\/\/www.visit-ulcinj.com\/blog\/2016\/08\/30\/tur-gazetaret-gjerman-qe-vizituan-ulqinin\/\" \/>\n<meta property=\"og:locale\" content=\"en_US\" \/>\n<meta property=\"og:type\" content=\"article\" \/>\n<meta property=\"og:title\" content=\"Tur me gazetar\u00ebt gjerman q\u00eb vizituan Ulqinin - Lajme nga Ulqini\" \/>\n<meta property=\"og:description\" content=\"N\u00eb organizim t\u00eb Organizat\u00ebs nacionale turistike t\u00eb Malit t\u00eb Zi n\u00eb periudh\u00ebn prej me 20 deri me 29 gusht n\u00eb Mal t\u00eb Zi kan\u00eb q\u00ebndruar gazetar\u00ebt nga Gjermania\" \/>\n<meta property=\"og:url\" content=\"https:\/\/www.visit-ulcinj.com\/blog\/2016\/08\/30\/tur-gazetaret-gjerman-qe-vizituan-ulqinin\/\" \/>\n<meta property=\"og:site_name\" content=\"Lajme nga Ulqini\" \/>\n<meta property=\"article:published_time\" content=\"2016-08-30T16:13:41+00:00\" \/>\n<meta property=\"article:modified_time\" content=\"2016-08-30T16:14:16+00:00\" \/>\n<meta property=\"og:image\" content=\"http:\/\/www.visit-ulcinj.com\/blog\/wp-content\/uploads\/2016\/08\/Novinari-iz-Njemacke-u-poseti-Ulcinju.jpg\" \/>\n<meta name=\"twitter:label1\" content=\"Written by\" \/>\n\t<meta name=\"twitter:data1\" content=\"ulqini\" \/>\n\t<meta name=\"twitter:label2\" content=\"Est. reading time\" \/>\n\t<meta name=\"twitter:data2\" content=\"1 minute\" \/>\n<script type=\"application\/ld+json\" class=\"yoast-schema-graph\">{\"@context\":\"https:\/\/schema.org\",\"@graph\":[{\"@type\":\"WebSite\",\"@id\":\"https:\/\/www.visit-ulcinj.com\/blog\/#website\",\"url\":\"https:\/\/www.visit-ulcinj.com\/blog\/\",\"name\":\"Lajme nga Ulqini\",\"description\":\"Lajme,Vijesti,Ulqini,Ulqin,Crna Gora,Mali i Zi\",\"potentialAction\":[{\"@type\":\"SearchAction\",\"target\":{\"@type\":\"EntryPoint\",\"urlTemplate\":\"https:\/\/www.visit-ulcinj.com\/blog\/?s={search_term_string}\"},\"query-input\":\"required name=search_term_string\"}],\"inLanguage\":\"en-US\"},{\"@type\":\"ImageObject\",\"inLanguage\":\"en-US\",\"@id\":\"https:\/\/www.visit-ulcinj.com\/blog\/2016\/08\/30\/tur-gazetaret-gjerman-qe-vizituan-ulqinin\/#primaryimage\",\"url\":\"https:\/\/www.visit-ulcinj.com\/blog\/wp-content\/uploads\/2016\/08\/Novinari-iz-Njemacke-u-poseti-Ulcinju.jpg\",\"contentUrl\":\"https:\/\/www.visit-ulcinj.com\/blog\/wp-content\/uploads\/2016\/08\/Novinari-iz-Njemacke-u-poseti-Ulcinju.jpg\",\"width\":1099,\"height\":618},{\"@type\":\"WebPage\",\"@id\":\"https:\/\/www.visit-ulcinj.com\/blog\/2016\/08\/30\/tur-gazetaret-gjerman-qe-vizituan-ulqinin\/#webpage\",\"url\":\"https:\/\/www.visit-ulcinj.com\/blog\/2016\/08\/30\/tur-gazetaret-gjerman-qe-vizituan-ulqinin\/\",\"name\":\"Tur me gazetar\u00ebt gjerman q\u00eb vizituan Ulqinin - Lajme nga Ulqini\",\"isPartOf\":{\"@id\":\"https:\/\/www.visit-ulcinj.com\/blog\/#website\"},\"primaryImageOfPage\":{\"@id\":\"https:\/\/www.visit-ulcinj.com\/blog\/2016\/08\/30\/tur-gazetaret-gjerman-qe-vizituan-ulqinin\/#primaryimage\"},\"datePublished\":\"2016-08-30T16:13:41+00:00\",\"dateModified\":\"2016-08-30T16:14:16+00:00\",\"author\":{\"@id\":\"https:\/\/www.visit-ulcinj.com\/blog\/#\/schema\/person\/dcab619c614d3038751c63bc2aadc06d\"},\"description\":\"N\u00eb organizim t\u00eb Organizat\u00ebs nacionale turistike t\u00eb Malit t\u00eb Zi n\u00eb periudh\u00ebn prej me 20 deri me 29 gusht n\u00eb Mal t\u00eb Zi kan\u00eb q\u00ebndruar gazetar\u00ebt nga Gjermania\",\"breadcrumb\":{\"@id\":\"https:\/\/www.visit-ulcinj.com\/blog\/2016\/08\/30\/tur-gazetaret-gjerman-qe-vizituan-ulqinin\/#breadcrumb\"},\"inLanguage\":\"en-US\",\"potentialAction\":[{\"@type\":\"ReadAction\",\"target\":[\"https:\/\/www.visit-ulcinj.com\/blog\/2016\/08\/30\/tur-gazetaret-gjerman-qe-vizituan-ulqinin\/\"]}]},{\"@type\":\"BreadcrumbList\",\"@id\":\"https:\/\/www.visit-ulcinj.com\/blog\/2016\/08\/30\/tur-gazetaret-gjerman-qe-vizituan-ulqinin\/#breadcrumb\",\"itemListElement\":[{\"@type\":\"ListItem\",\"position\":1,\"name\":\"Tur me gazetar\u00ebt gjerman q\u00eb vizituan Ulqinin\"}]},{\"@type\":\"Person\",\"@id\":\"https:\/\/www.visit-ulcinj.com\/blog\/#\/schema\/person\/dcab619c614d3038751c63bc2aadc06d\",\"name\":\"ulqini\",\"sameAs\":[\"http:\/\/www.visit-ulcinj.com\"],\"url\":\"https:\/\/www.visit-ulcinj.com\/blog\/author\/admin\/\"}]}<\/script>\n<!-- \/ Yoast SEO plugin. -->","yoast_head_json":{"title":"Tur me gazetar\u00ebt gjerman q\u00eb vizituan Ulqinin - Lajme nga Ulqini","description":"N\u00eb organizim t\u00eb Organizat\u00ebs nacionale turistike t\u00eb Malit t\u00eb Zi n\u00eb periudh\u00ebn prej me 20 deri me 29 gusht n\u00eb Mal t\u00eb Zi kan\u00eb q\u00ebndruar gazetar\u00ebt nga Gjermania","robots":{"index":"index","follow":"follow","max-snippet":"max-snippet:-1","max-image-preview":"max-image-preview:large","max-video-preview":"max-video-preview:-1"},"canonical":"https:\/\/www.visit-ulcinj.com\/blog\/2016\/08\/30\/tur-gazetaret-gjerman-qe-vizituan-ulqinin\/","og_locale":"en_US","og_type":"article","og_title":"Tur me gazetar\u00ebt gjerman q\u00eb vizituan Ulqinin - Lajme nga Ulqini","og_description":"N\u00eb organizim t\u00eb Organizat\u00ebs nacionale turistike t\u00eb Malit t\u00eb Zi n\u00eb periudh\u00ebn prej me 20 deri me 29 gusht n\u00eb Mal t\u00eb Zi kan\u00eb q\u00ebndruar gazetar\u00ebt nga Gjermania","og_url":"https:\/\/www.visit-ulcinj.com\/blog\/2016\/08\/30\/tur-gazetaret-gjerman-qe-vizituan-ulqinin\/","og_site_name":"Lajme nga Ulqini","article_published_time":"2016-08-30T16:13:41+00:00","article_modified_time":"2016-08-30T16:14:16+00:00","og_image":[{"url":"http:\/\/www.visit-ulcinj.com\/blog\/wp-content\/uploads\/2016\/08\/Novinari-iz-Njemacke-u-poseti-Ulcinju.jpg"}],"twitter_misc":{"Written by":"ulqini","Est. reading time":"1 minute"},"schema":{"@context":"https:\/\/schema.org","@graph":[{"@type":"WebSite","@id":"https:\/\/www.visit-ulcinj.com\/blog\/#website","url":"https:\/\/www.visit-ulcinj.com\/blog\/","name":"Lajme nga Ulqini","description":"Lajme,Vijesti,Ulqini,Ulqin,Crna Gora,Mali i Zi","potentialAction":[{"@type":"SearchAction","target":{"@type":"EntryPoint","urlTemplate":"https:\/\/www.visit-ulcinj.com\/blog\/?s={search_term_string}"},"query-input":"required name=search_term_string"}],"inLanguage":"en-US"},{"@type":"ImageObject","inLanguage":"en-US","@id":"https:\/\/www.visit-ulcinj.com\/blog\/2016\/08\/30\/tur-gazetaret-gjerman-qe-vizituan-ulqinin\/#primaryimage","url":"https:\/\/www.visit-ulcinj.com\/blog\/wp-content\/uploads\/2016\/08\/Novinari-iz-Njemacke-u-poseti-Ulcinju.jpg","contentUrl":"https:\/\/www.visit-ulcinj.com\/blog\/wp-content\/uploads\/2016\/08\/Novinari-iz-Njemacke-u-poseti-Ulcinju.jpg","width":1099,"height":618},{"@type":"WebPage","@id":"https:\/\/www.visit-ulcinj.com\/blog\/2016\/08\/30\/tur-gazetaret-gjerman-qe-vizituan-ulqinin\/#webpage","url":"https:\/\/www.visit-ulcinj.com\/blog\/2016\/08\/30\/tur-gazetaret-gjerman-qe-vizituan-ulqinin\/","name":"Tur me gazetar\u00ebt gjerman q\u00eb vizituan Ulqinin - Lajme nga Ulqini","isPartOf":{"@id":"https:\/\/www.visit-ulcinj.com\/blog\/#website"},"primaryImageOfPage":{"@id":"https:\/\/www.visit-ulcinj.com\/blog\/2016\/08\/30\/tur-gazetaret-gjerman-qe-vizituan-ulqinin\/#primaryimage"},"datePublished":"2016-08-30T16:13:41+00:00","dateModified":"2016-08-30T16:14:16+00:00","author":{"@id":"https:\/\/www.visit-ulcinj.com\/blog\/#\/schema\/person\/dcab619c614d3038751c63bc2aadc06d"},"description":"N\u00eb organizim t\u00eb Organizat\u00ebs nacionale turistike t\u00eb Malit t\u00eb Zi n\u00eb periudh\u00ebn prej me 20 deri me 29 gusht n\u00eb Mal t\u00eb Zi kan\u00eb q\u00ebndruar gazetar\u00ebt nga Gjermania","breadcrumb":{"@id":"https:\/\/www.visit-ulcinj.com\/blog\/2016\/08\/30\/tur-gazetaret-gjerman-qe-vizituan-ulqinin\/#breadcrumb"},"inLanguage":"en-US","potentialAction":[{"@type":"ReadAction","target":["https:\/\/www.visit-ulcinj.com\/blog\/2016\/08\/30\/tur-gazetaret-gjerman-qe-vizituan-ulqinin\/"]}]},{"@type":"BreadcrumbList","@id":"https:\/\/www.visit-ulcinj.com\/blog\/2016\/08\/30\/tur-gazetaret-gjerman-qe-vizituan-ulqinin\/#breadcrumb","itemListElement":[{"@type":"ListItem","position":1,"name":"Tur me gazetar\u00ebt gjerman q\u00eb vizituan Ulqinin"}]},{"@type":"Person","@id":"https:\/\/www.visit-ulcinj.com\/blog\/#\/schema\/person\/dcab619c614d3038751c63bc2aadc06d","name":"ulqini","sameAs":["http:\/\/www.visit-ulcinj.com"],"url":"https:\/\/www.visit-ulcinj.com\/blog\/author\/admin\/"}]}},"jetpack_featured_media_url":"","jetpack_sharing_enabled":true,"jetpack_shortlink":"https:\/\/wp.me\/pe6lTn-pQO","_links":{"self":[{"href":"https:\/\/www.visit-ulcinj.com\/blog\/wp-json\/wp\/v2\/posts\/99374"}],"collection":[{"href":"https:\/\/www.visit-ulcinj.com\/blog\/wp-json\/wp\/v2\/posts"}],"about":[{"href":"https:\/\/www.visit-ulcinj.com\/blog\/wp-json\/wp\/v2\/types\/post"}],"author":[{"embeddable":true,"href":"https:\/\/www.visit-ulcinj.com\/blog\/wp-json\/wp\/v2\/users\/1"}],"replies":[{"embeddable":true,"href":"https:\/\/www.visit-ulcinj.com\/blog\/wp-json\/wp\/v2\/comments?post=99374"}],"version-history":[{"count":2,"href":"https:\/\/www.visit-ulcinj.com\/blog\/wp-json\/wp\/v2\/posts\/99374\/revisions"}],"predecessor-version":[{"id":99376,"href":"https:\/\/www.visit-ulcinj.com\/blog\/wp-json\/wp\/v2\/posts\/99374\/revisions\/99376"}],"wp:attachment":[{"href":"https:\/\/www.visit-ulcinj.com\/blog\/wp-json\/wp\/v2\/media?parent=99374"}],"wp:term":[{"taxonomy":"category","embeddable":true,"href":"https:\/\/www.visit-ulcinj.com\/blog\/wp-json\/wp\/v2\/categories?post=99374"},{"taxonomy":"post_tag","embeddable":true,"href":"https:\/\/www.visit-ulcinj.com\/blog\/wp-json\/wp\/v2\/tags?post=99374"}],"curies":[{"name":"wp","href":"https:\/\/api.w.org\/{rel}","templated":true}]}}