{"id":99377,"date":"2016-08-30T17:28:06","date_gmt":"2016-08-30T16:28:06","guid":{"rendered":"http:\/\/www.visit-ulcinj.com\/blog\/?p=99377"},"modified":"2016-08-30T17:28:06","modified_gmt":"2016-08-30T16:28:06","slug":"gezim-mucolli-ben-propagande-per-ulqinin","status":"publish","type":"post","link":"https:\/\/www.visit-ulcinj.com\/blog\/2016\/08\/30\/gezim-mucolli-ben-propagande-per-ulqinin\/","title":{"rendered":"G\u00ebzim Mu\u00e7olli ben propagande per Ulqinin"},"content":{"rendered":"<p><strong><a href=\"http:\/\/www.visit-ulcinj.com\/blog\/wp-content\/uploads\/2016\/08\/G\u00ebzim-Mu\u00e7olli-ben-propagande-per-Ulqinin.jpg\"><img loading=\"lazy\" class=\"alignleft wp-image-99378\" src=\"http:\/\/www.visit-ulcinj.com\/blog\/wp-content\/uploads\/2016\/08\/G\u00ebzim-Mu\u00e7olli-ben-propagande-per-Ulqinin.jpg\" alt=\"G\u00ebzim Mu\u00e7olli ben propagande per Ulqinin\" width=\"508\" height=\"381\" srcset=\"https:\/\/www.visit-ulcinj.com\/blog\/wp-content\/uploads\/2016\/08\/G\u00ebzim-Mu\u00e7olli-ben-propagande-per-Ulqinin.jpg 960w, https:\/\/www.visit-ulcinj.com\/blog\/wp-content\/uploads\/2016\/08\/G\u00ebzim-Mu\u00e7olli-ben-propagande-per-Ulqinin-300x225.jpg 300w, https:\/\/www.visit-ulcinj.com\/blog\/wp-content\/uploads\/2016\/08\/G\u00ebzim-Mu\u00e7olli-ben-propagande-per-Ulqinin-768x576.jpg 768w\" sizes=\"(max-width: 508px) 100vw, 508px\" \/><\/a>Ulqini i ngrat\u00eb dhe turist\u00ebt e &#8221; lumtur &#8220;<\/strong><\/p>\n<p>Qyteti i Ulqinit si gjithmon\u00eb \u00ebsht\u00eb mikprit\u00ebs dhe me njer\u00ebz q\u00eb kan\u00eb tradit\u00eb turizmin . Emri ij k\u00ebtij qyteti bregdetar p\u00ebr kosovar\u00ebt n\u00eb ish shtetin e Jugosllavis\u00eb ka qen\u00eb sinonim i detit.<br \/>\nPo sot ndieva shum\u00eb keqardhje p\u00ebr k\u00ebt\u00eb vend t\u00eb mrekulluar nga natura e t\u00eb mjeruar nga moskujdesi njer\u00ebzor.<br \/>\nPapast\u00ebrtia mbret\u00ebron dhe prish\u00eb \u00e7do imazh dhe kujtim. Sidomos te perla e qytetit- Plazhi i vog\u00ebl. Shum\u00eb turist\u00eb me prejardhje nga Kosova e edhe ndonj\u00eb banor vend\u00ebs ankoheshin se faji \u00ebsht\u00eb i komun\u00ebs s\u00eb Ulqinit e sidomos i sh\u00ebrbimit p\u00ebr heqjen e mbeturinave.<br \/>\nPor askush nuk mund t\u00eb hesht para faktit q\u00eb p\u00ebrdit\u00eb mund t\u00eb shihen t\u00eb rinj e t\u00eb reja q\u00eb hudhin kudo pa kujdes shishe qelqi e plastike si dhe mbeturinat e ushqimeve q\u00eb hajn\u00eb n\u00eb plazh. K\u00ebtu dallohen edhe ata q\u00eb d\u00ebgjohen duke komunikuar mes vete n\u00eb gjuh\u00ebn gjermane duke dashur t\u00eb tregojn\u00eb se kan\u00eb kultur\u00eb gjermane. pra ata q\u00eb me p\u00ebrbuzje jo rrall\u00eb i quajn\u00eb &#8220;shaca&#8221;.<br \/>\n\u00cbsht\u00eb koha kur jp rrall\u00eb me ngulm t\u00eb rinjt\u00eb k\u00ebrkojn\u00eb liberalizimin e vizave.<br \/>\nPo ku do t\u00eb shkoni me sjellje t\u00eb tilla n\u00eb Evrop\u00eb?!<br \/>\nPolitikan\u00ebt e Kosov\u00ebs p\u00ebrdit\u00eb e p\u00ebrs\u00ebritinn se Kosova e meriton liberalizimin e vizave !!!<br \/>\nUn\u00eb po ju them m\u00eb mir\u00eb \u00ebsht\u00eb t\u00eb rrini n\u00eb sht\u00ebpi se me papast\u00ebrti e me njer\u00ebz t\u00eb till\u00eb nuk shkohet n\u00eb Evrop\u00eb. Ka koh\u00eb q\u00eb ka mbaruar epoka e b\u00ebrllogut dhe shkat\u00ebrruesve t\u00eb ambientit.<\/p>\n<p><strong><a id=\"js_m\" class=\"_hli\" href=\"https:\/\/www.facebook.com\/gezim.mucolli\" data-hovercard=\"\/ajax\/hovercard\/user.php?id=100002982128158\">G\u00ebzim Mu\u00e7olli<\/a> Facebook<\/strong><\/p>\n<p><a href=\"http:\/\/www.visit-ulcinj.com\/blog\/wp-content\/uploads\/2016\/08\/G\u00ebzim-Mu\u00e7olli-ben-propagande-per-Ulqinin-1.jpg\"><img loading=\"lazy\" class=\"alignleft wp-image-99379\" src=\"http:\/\/www.visit-ulcinj.com\/blog\/wp-content\/uploads\/2016\/08\/G\u00ebzim-Mu\u00e7olli-ben-propagande-per-Ulqinin-1.jpg\" alt=\"G\u00ebzim Mu\u00e7olli ben propagande per Ulqinin-1\" width=\"508\" height=\"381\" srcset=\"https:\/\/www.visit-ulcinj.com\/blog\/wp-content\/uploads\/2016\/08\/G\u00ebzim-Mu\u00e7olli-ben-propagande-per-Ulqinin-1.jpg 960w, https:\/\/www.visit-ulcinj.com\/blog\/wp-content\/uploads\/2016\/08\/G\u00ebzim-Mu\u00e7olli-ben-propagande-per-Ulqinin-1-300x225.jpg 300w, https:\/\/www.visit-ulcinj.com\/blog\/wp-content\/uploads\/2016\/08\/G\u00ebzim-Mu\u00e7olli-ben-propagande-per-Ulqinin-1-768x576.jpg 768w\" sizes=\"(max-width: 508px) 100vw, 508px\" \/><\/a> <a href=\"http:\/\/www.visit-ulcinj.com\/blog\/wp-content\/uploads\/2016\/08\/G\u00ebzim-Mu\u00e7olli-ben-propagande-per-Ulqinin-2.jpg\"><img loading=\"lazy\" class=\"alignleft wp-image-99380\" src=\"http:\/\/www.visit-ulcinj.com\/blog\/wp-content\/uploads\/2016\/08\/G\u00ebzim-Mu\u00e7olli-ben-propagande-per-Ulqinin-2.jpg\" alt=\"G\u00ebzim Mu\u00e7olli ben propagande per Ulqinin-2\" width=\"508\" height=\"381\" srcset=\"https:\/\/www.visit-ulcinj.com\/blog\/wp-content\/uploads\/2016\/08\/G\u00ebzim-Mu\u00e7olli-ben-propagande-per-Ulqinin-2.jpg 960w, https:\/\/www.visit-ulcinj.com\/blog\/wp-content\/uploads\/2016\/08\/G\u00ebzim-Mu\u00e7olli-ben-propagande-per-Ulqinin-2-300x225.jpg 300w, https:\/\/www.visit-ulcinj.com\/blog\/wp-content\/uploads\/2016\/08\/G\u00ebzim-Mu\u00e7olli-ben-propagande-per-Ulqinin-2-768x576.jpg 768w\" sizes=\"(max-width: 508px) 100vw, 508px\" \/><\/a> <a href=\"http:\/\/www.visit-ulcinj.com\/blog\/wp-content\/uploads\/2016\/08\/G\u00ebzim-Mu\u00e7olli-ben-propagande-per-Ulqinin-3.jpg\"><img loading=\"lazy\" class=\"alignleft wp-image-99381\" src=\"http:\/\/www.visit-ulcinj.com\/blog\/wp-content\/uploads\/2016\/08\/G\u00ebzim-Mu\u00e7olli-ben-propagande-per-Ulqinin-3.jpg\" alt=\"G\u00ebzim Mu\u00e7olli ben propagande per Ulqinin-3\" width=\"508\" height=\"677\" srcset=\"https:\/\/www.visit-ulcinj.com\/blog\/wp-content\/uploads\/2016\/08\/G\u00ebzim-Mu\u00e7olli-ben-propagande-per-Ulqinin-3.jpg 720w, https:\/\/www.visit-ulcinj.com\/blog\/wp-content\/uploads\/2016\/08\/G\u00ebzim-Mu\u00e7olli-ben-propagande-per-Ulqinin-3-225x300.jpg 225w\" sizes=\"(max-width: 508px) 100vw, 508px\" \/><\/a><\/p>\n","protected":false},"excerpt":{"rendered":"<p>Ulqini i ngrat\u00eb dhe turist\u00ebt e &#8221; lumtur &#8220; Qyteti i Ulqinit si gjithmon\u00eb \u00ebsht\u00eb mikprit\u00ebs dhe me njer\u00ebz q\u00eb kan\u00eb tradit\u00eb turizmin . Emri ij k\u00ebtij qyteti bregdetar p\u00ebr kosovar\u00ebt n\u00eb ish shtetin e Jugosllavis\u00eb ka qen\u00eb sinonim i detit. Po sot ndieva shum\u00eb keqardhje p\u00ebr k\u00ebt\u00eb vend t\u00eb mrekulluar nga natura e t\u00eb [&hellip;]<\/p>\n","protected":false},"author":1,"featured_media":0,"comment_status":"closed","ping_status":"closed","sticky":false,"template":"","format":"standard","meta":{"spay_email":"","jetpack_publicize_message":"","jetpack_is_tweetstorm":false,"jetpack_publicize_feature_enabled":true},"categories":[14249],"tags":[],"jetpack_publicize_connections":[],"yoast_head":"<!-- This site is optimized with the Yoast SEO plugin v19.1 - https:\/\/yoast.com\/wordpress\/plugins\/seo\/ -->\n<title>G\u00ebzim Mu\u00e7olli ben propagande per Ulqinin - Lajme nga Ulqini<\/title>\n<meta name=\"description\" content=\"Ulqini i ngrat\u00eb dhe turist\u00ebt e &quot; lumtur &quot; Qyteti i Ulqinit si gjithmon\u00eb \u00ebsht\u00eb mikprit\u00ebs dhe me njer\u00ebz q\u00eb kan\u00eb tradit\u00eb turizmin . Emri ij k\u00ebtij qyteti\" \/>\n<meta name=\"robots\" content=\"index, follow, max-snippet:-1, max-image-preview:large, max-video-preview:-1\" \/>\n<link rel=\"canonical\" href=\"https:\/\/www.visit-ulcinj.com\/blog\/2016\/08\/30\/gezim-mucolli-ben-propagande-per-ulqinin\/\" \/>\n<meta property=\"og:locale\" content=\"en_US\" \/>\n<meta property=\"og:type\" content=\"article\" \/>\n<meta property=\"og:title\" content=\"G\u00ebzim Mu\u00e7olli ben propagande per Ulqinin - Lajme nga Ulqini\" \/>\n<meta property=\"og:description\" content=\"Ulqini i ngrat\u00eb dhe turist\u00ebt e &quot; lumtur &quot; Qyteti i Ulqinit si gjithmon\u00eb \u00ebsht\u00eb mikprit\u00ebs dhe me njer\u00ebz q\u00eb kan\u00eb tradit\u00eb turizmin . Emri ij k\u00ebtij qyteti\" \/>\n<meta property=\"og:url\" content=\"https:\/\/www.visit-ulcinj.com\/blog\/2016\/08\/30\/gezim-mucolli-ben-propagande-per-ulqinin\/\" \/>\n<meta property=\"og:site_name\" content=\"Lajme nga Ulqini\" \/>\n<meta property=\"article:published_time\" content=\"2016-08-30T16:28:06+00:00\" \/>\n<meta name=\"twitter:label1\" content=\"Written by\" \/>\n\t<meta name=\"twitter:data1\" content=\"ulqini\" \/>\n\t<meta name=\"twitter:label2\" content=\"Est. reading time\" \/>\n\t<meta name=\"twitter:data2\" content=\"1 minute\" \/>\n<script type=\"application\/ld+json\" class=\"yoast-schema-graph\">{\"@context\":\"https:\/\/schema.org\",\"@graph\":[{\"@type\":\"WebSite\",\"@id\":\"https:\/\/www.visit-ulcinj.com\/blog\/#website\",\"url\":\"https:\/\/www.visit-ulcinj.com\/blog\/\",\"name\":\"Lajme nga Ulqini\",\"description\":\"Lajme,Vijesti,Ulqini,Ulqin,Crna Gora,Mali i Zi\",\"potentialAction\":[{\"@type\":\"SearchAction\",\"target\":{\"@type\":\"EntryPoint\",\"urlTemplate\":\"https:\/\/www.visit-ulcinj.com\/blog\/?s={search_term_string}\"},\"query-input\":\"required name=search_term_string\"}],\"inLanguage\":\"en-US\"},{\"@type\":\"WebPage\",\"@id\":\"https:\/\/www.visit-ulcinj.com\/blog\/2016\/08\/30\/gezim-mucolli-ben-propagande-per-ulqinin\/#webpage\",\"url\":\"https:\/\/www.visit-ulcinj.com\/blog\/2016\/08\/30\/gezim-mucolli-ben-propagande-per-ulqinin\/\",\"name\":\"G\u00ebzim Mu\u00e7olli ben propagande per Ulqinin - Lajme nga Ulqini\",\"isPartOf\":{\"@id\":\"https:\/\/www.visit-ulcinj.com\/blog\/#website\"},\"datePublished\":\"2016-08-30T16:28:06+00:00\",\"dateModified\":\"2016-08-30T16:28:06+00:00\",\"author\":{\"@id\":\"https:\/\/www.visit-ulcinj.com\/blog\/#\/schema\/person\/dcab619c614d3038751c63bc2aadc06d\"},\"description\":\"Ulqini i ngrat\u00eb dhe turist\u00ebt e \\\" lumtur \\\" Qyteti i Ulqinit si gjithmon\u00eb \u00ebsht\u00eb mikprit\u00ebs dhe me njer\u00ebz q\u00eb kan\u00eb tradit\u00eb turizmin . Emri ij k\u00ebtij qyteti\",\"breadcrumb\":{\"@id\":\"https:\/\/www.visit-ulcinj.com\/blog\/2016\/08\/30\/gezim-mucolli-ben-propagande-per-ulqinin\/#breadcrumb\"},\"inLanguage\":\"en-US\",\"potentialAction\":[{\"@type\":\"ReadAction\",\"target\":[\"https:\/\/www.visit-ulcinj.com\/blog\/2016\/08\/30\/gezim-mucolli-ben-propagande-per-ulqinin\/\"]}]},{\"@type\":\"BreadcrumbList\",\"@id\":\"https:\/\/www.visit-ulcinj.com\/blog\/2016\/08\/30\/gezim-mucolli-ben-propagande-per-ulqinin\/#breadcrumb\",\"itemListElement\":[{\"@type\":\"ListItem\",\"position\":1,\"name\":\"G\u00ebzim Mu\u00e7olli ben propagande per Ulqinin\"}]},{\"@type\":\"Person\",\"@id\":\"https:\/\/www.visit-ulcinj.com\/blog\/#\/schema\/person\/dcab619c614d3038751c63bc2aadc06d\",\"name\":\"ulqini\",\"sameAs\":[\"http:\/\/www.visit-ulcinj.com\"],\"url\":\"https:\/\/www.visit-ulcinj.com\/blog\/author\/admin\/\"}]}<\/script>\n<!-- \/ Yoast SEO plugin. -->","yoast_head_json":{"title":"G\u00ebzim Mu\u00e7olli ben propagande per Ulqinin - Lajme nga Ulqini","description":"Ulqini i ngrat\u00eb dhe turist\u00ebt e \" lumtur \" Qyteti i Ulqinit si gjithmon\u00eb \u00ebsht\u00eb mikprit\u00ebs dhe me njer\u00ebz q\u00eb kan\u00eb tradit\u00eb turizmin . Emri ij k\u00ebtij qyteti","robots":{"index":"index","follow":"follow","max-snippet":"max-snippet:-1","max-image-preview":"max-image-preview:large","max-video-preview":"max-video-preview:-1"},"canonical":"https:\/\/www.visit-ulcinj.com\/blog\/2016\/08\/30\/gezim-mucolli-ben-propagande-per-ulqinin\/","og_locale":"en_US","og_type":"article","og_title":"G\u00ebzim Mu\u00e7olli ben propagande per Ulqinin - Lajme nga Ulqini","og_description":"Ulqini i ngrat\u00eb dhe turist\u00ebt e \" lumtur \" Qyteti i Ulqinit si gjithmon\u00eb \u00ebsht\u00eb mikprit\u00ebs dhe me njer\u00ebz q\u00eb kan\u00eb tradit\u00eb turizmin . Emri ij k\u00ebtij qyteti","og_url":"https:\/\/www.visit-ulcinj.com\/blog\/2016\/08\/30\/gezim-mucolli-ben-propagande-per-ulqinin\/","og_site_name":"Lajme nga Ulqini","article_published_time":"2016-08-30T16:28:06+00:00","twitter_misc":{"Written by":"ulqini","Est. reading time":"1 minute"},"schema":{"@context":"https:\/\/schema.org","@graph":[{"@type":"WebSite","@id":"https:\/\/www.visit-ulcinj.com\/blog\/#website","url":"https:\/\/www.visit-ulcinj.com\/blog\/","name":"Lajme nga Ulqini","description":"Lajme,Vijesti,Ulqini,Ulqin,Crna Gora,Mali i Zi","potentialAction":[{"@type":"SearchAction","target":{"@type":"EntryPoint","urlTemplate":"https:\/\/www.visit-ulcinj.com\/blog\/?s={search_term_string}"},"query-input":"required name=search_term_string"}],"inLanguage":"en-US"},{"@type":"WebPage","@id":"https:\/\/www.visit-ulcinj.com\/blog\/2016\/08\/30\/gezim-mucolli-ben-propagande-per-ulqinin\/#webpage","url":"https:\/\/www.visit-ulcinj.com\/blog\/2016\/08\/30\/gezim-mucolli-ben-propagande-per-ulqinin\/","name":"G\u00ebzim Mu\u00e7olli ben propagande per Ulqinin - Lajme nga Ulqini","isPartOf":{"@id":"https:\/\/www.visit-ulcinj.com\/blog\/#website"},"datePublished":"2016-08-30T16:28:06+00:00","dateModified":"2016-08-30T16:28:06+00:00","author":{"@id":"https:\/\/www.visit-ulcinj.com\/blog\/#\/schema\/person\/dcab619c614d3038751c63bc2aadc06d"},"description":"Ulqini i ngrat\u00eb dhe turist\u00ebt e \" lumtur \" Qyteti i Ulqinit si gjithmon\u00eb \u00ebsht\u00eb mikprit\u00ebs dhe me njer\u00ebz q\u00eb kan\u00eb tradit\u00eb turizmin . Emri ij k\u00ebtij qyteti","breadcrumb":{"@id":"https:\/\/www.visit-ulcinj.com\/blog\/2016\/08\/30\/gezim-mucolli-ben-propagande-per-ulqinin\/#breadcrumb"},"inLanguage":"en-US","potentialAction":[{"@type":"ReadAction","target":["https:\/\/www.visit-ulcinj.com\/blog\/2016\/08\/30\/gezim-mucolli-ben-propagande-per-ulqinin\/"]}]},{"@type":"BreadcrumbList","@id":"https:\/\/www.visit-ulcinj.com\/blog\/2016\/08\/30\/gezim-mucolli-ben-propagande-per-ulqinin\/#breadcrumb","itemListElement":[{"@type":"ListItem","position":1,"name":"G\u00ebzim Mu\u00e7olli ben propagande per Ulqinin"}]},{"@type":"Person","@id":"https:\/\/www.visit-ulcinj.com\/blog\/#\/schema\/person\/dcab619c614d3038751c63bc2aadc06d","name":"ulqini","sameAs":["http:\/\/www.visit-ulcinj.com"],"url":"https:\/\/www.visit-ulcinj.com\/blog\/author\/admin\/"}]}},"jetpack_featured_media_url":"","jetpack_sharing_enabled":true,"jetpack_shortlink":"https:\/\/wp.me\/pe6lTn-pQR","_links":{"self":[{"href":"https:\/\/www.visit-ulcinj.com\/blog\/wp-json\/wp\/v2\/posts\/99377"}],"collection":[{"href":"https:\/\/www.visit-ulcinj.com\/blog\/wp-json\/wp\/v2\/posts"}],"about":[{"href":"https:\/\/www.visit-ulcinj.com\/blog\/wp-json\/wp\/v2\/types\/post"}],"author":[{"embeddable":true,"href":"https:\/\/www.visit-ulcinj.com\/blog\/wp-json\/wp\/v2\/users\/1"}],"replies":[{"embeddable":true,"href":"https:\/\/www.visit-ulcinj.com\/blog\/wp-json\/wp\/v2\/comments?post=99377"}],"version-history":[{"count":1,"href":"https:\/\/www.visit-ulcinj.com\/blog\/wp-json\/wp\/v2\/posts\/99377\/revisions"}],"predecessor-version":[{"id":99382,"href":"https:\/\/www.visit-ulcinj.com\/blog\/wp-json\/wp\/v2\/posts\/99377\/revisions\/99382"}],"wp:attachment":[{"href":"https:\/\/www.visit-ulcinj.com\/blog\/wp-json\/wp\/v2\/media?parent=99377"}],"wp:term":[{"taxonomy":"category","embeddable":true,"href":"https:\/\/www.visit-ulcinj.com\/blog\/wp-json\/wp\/v2\/categories?post=99377"},{"taxonomy":"post_tag","embeddable":true,"href":"https:\/\/www.visit-ulcinj.com\/blog\/wp-json\/wp\/v2\/tags?post=99377"}],"curies":[{"name":"wp","href":"https:\/\/api.w.org\/{rel}","templated":true}]}}