{"id":99419,"date":"2016-08-31T18:32:54","date_gmt":"2016-08-31T17:32:54","guid":{"rendered":"http:\/\/www.visit-ulcinj.com\/blog\/?p=99419"},"modified":"2016-08-31T18:32:54","modified_gmt":"2016-08-31T17:32:54","slug":"ambasador-durmisi-kosovo-cg-odlican-primjer-saradnje","status":"publish","type":"post","link":"https:\/\/www.visit-ulcinj.com\/blog\/2016\/08\/31\/ambasador-durmisi-kosovo-cg-odlican-primjer-saradnje\/","title":{"rendered":"Ambasador Durmi\u0161i: Kosovo i CG &#8211; odli\u010dan primjer saradnje"},"content":{"rendered":"<p><a href=\"http:\/\/www.visit-ulcinj.com\/blog\/wp-content\/uploads\/2016\/08\/Ambasadori-i-Kosov\u00ebs-Durmishi-i-b\u00ebri-vizit\u00eb-KKSH-s\u00eb.jpg\"><img loading=\"lazy\" class=\"alignleft wp-image-99406\" src=\"http:\/\/www.visit-ulcinj.com\/blog\/wp-content\/uploads\/2016\/08\/Ambasadori-i-Kosov\u00ebs-Durmishi-i-b\u00ebri-vizit\u00eb-KKSH-s\u00eb.jpg\" alt=\"Ambasadori i Kosov\u00ebs Durmishi i b\u00ebri vizit\u00eb KKSH-s\u00eb\" width=\"508\" height=\"338\" srcset=\"https:\/\/www.visit-ulcinj.com\/blog\/wp-content\/uploads\/2016\/08\/Ambasadori-i-Kosov\u00ebs-Durmishi-i-b\u00ebri-vizit\u00eb-KKSH-s\u00eb.jpg 929w, https:\/\/www.visit-ulcinj.com\/blog\/wp-content\/uploads\/2016\/08\/Ambasadori-i-Kosov\u00ebs-Durmishi-i-b\u00ebri-vizit\u00eb-KKSH-s\u00eb-300x200.jpg 300w, https:\/\/www.visit-ulcinj.com\/blog\/wp-content\/uploads\/2016\/08\/Ambasadori-i-Kosov\u00ebs-Durmishi-i-b\u00ebri-vizit\u00eb-KKSH-s\u00eb-768x511.jpg 768w\" sizes=\"(max-width: 508px) 100vw, 508px\" \/><\/a>Albanci u Crnoj Gori predstavljaju most saradnje izme\u0111u dvije dr\u017eave i bili su zna\u010dajan faktor u formiranju Crne Gore, istakao je prvi akreditovani ambasador Republike Kosovo u Crnoj Gori Skender Durmi\u0161i. On je, u razgovoru sa predsjednikom Nacionalnog savjeta Albanaca u Crnoj Gori Gencijem Nimanbeguom, istakao i da sada dvije zemlje imaju zajedni\u010dke infrastrukturne projekte i dobru saradnju u ostalim oblastima.<\/p>\n<p>Nimanbegu je pozitivnim ocijenio podizanje diplomatskih odnosa dvije dr\u017eave na nivo ambasadora.<\/p>\n<p>\u0160to se ti\u010de problematike Albanaca u Crnoj Gori, Nimanbegu je istakao da \u201cKosovo veoma dobro razumije na\u0161u problematiku i na\u0161e potrebe. Oni su nam pomagali u pro\u0161losti, ali neka pitanja treba ponovo aktuelizirati zajedno sa Ambasadom Kosova. Ocijenjujem da \u0107e i saradnja u ekonomiji i pokretanje zajedni\u010dkih projekata u infrastrukturi biti u op\u0161tem interesu kao \u0161to je izgradnja puta De\u010dan \u2013 Plav\u201d.<\/p>\n<p>Taj projekat \u0107e, kako je kazao NimanbegU, posebno doprinijeti ekonomskom razvoju sjevera Crne Gore, odnosno stanovnicima Plava i Gusinja i pomo\u0107i da se vi\u0161e ne iseljavaju.<\/p>\n<p>Durmi\u0161i je istakao da je regionalna i bilateralna saradnja jedan od klju\u010dnih uslova euroatlantskih integracija.<\/p>\n<p>\u201cMislim da izme\u0111u na\u0161ih dr\u017eava imamo jedan odli\u010dan primjer saradnje&#8221;, konstatovao je kosovski ambasador u Crnoj Gori.<\/p>\n<p>Nimanbegu je, kako je saop\u0161teno iz NSA, obavjestio ambasadora o radu i funkciji Nacionalnog savjeta Albanaca i o stanju i situaciji Albanaca u Crnoj Gori. Durmi\u0161i je naglasio da NSA Ambasadu Kosova mora vidjeti kao svog partnera u realizaciji projekta iz oblasti kulture, obrazovanja, a naro\u010dito ekonomije.<\/p>\n<p>Izvor: TVCG<\/p>\n","protected":false},"excerpt":{"rendered":"<p>Albanci u Crnoj Gori predstavljaju most saradnje izme\u0111u dvije dr\u017eave i bili su zna\u010dajan faktor u formiranju Crne Gore, istakao je prvi akreditovani ambasador Republike Kosovo u Crnoj Gori Skender Durmi\u0161i. On je, u razgovoru sa predsjednikom Nacionalnog savjeta Albanaca u Crnoj Gori Gencijem Nimanbeguom, istakao i da sada dvije zemlje imaju zajedni\u010dke infrastrukturne projekte [&hellip;]<\/p>\n","protected":false},"author":1,"featured_media":0,"comment_status":"closed","ping_status":"closed","sticky":false,"template":"","format":"standard","meta":{"spay_email":"","jetpack_publicize_message":"","jetpack_is_tweetstorm":false,"jetpack_publicize_feature_enabled":true},"categories":[8337],"tags":[],"jetpack_publicize_connections":[],"yoast_head":"<!-- This site is optimized with the Yoast SEO plugin v19.1 - https:\/\/yoast.com\/wordpress\/plugins\/seo\/ -->\n<title>Ambasador Durmi\u0161i: Kosovo i CG - odli\u010dan primjer saradnje - Lajme nga Ulqini<\/title>\n<meta name=\"description\" content=\"Albanci u Crnoj Gori predstavljaju most saradnje izme\u0111u dvije dr\u017eave i bili su zna\u010dajan faktor u formiranju Crne Gore, istakao je prvi akreditovani\" \/>\n<meta name=\"robots\" content=\"index, follow, max-snippet:-1, max-image-preview:large, max-video-preview:-1\" \/>\n<link rel=\"canonical\" href=\"https:\/\/www.visit-ulcinj.com\/blog\/2016\/08\/31\/ambasador-durmisi-kosovo-cg-odlican-primjer-saradnje\/\" \/>\n<meta property=\"og:locale\" content=\"en_US\" \/>\n<meta property=\"og:type\" content=\"article\" \/>\n<meta property=\"og:title\" content=\"Ambasador Durmi\u0161i: Kosovo i CG - odli\u010dan primjer saradnje - Lajme nga Ulqini\" \/>\n<meta property=\"og:description\" content=\"Albanci u Crnoj Gori predstavljaju most saradnje izme\u0111u dvije dr\u017eave i bili su zna\u010dajan faktor u formiranju Crne Gore, istakao je prvi akreditovani\" \/>\n<meta property=\"og:url\" content=\"https:\/\/www.visit-ulcinj.com\/blog\/2016\/08\/31\/ambasador-durmisi-kosovo-cg-odlican-primjer-saradnje\/\" \/>\n<meta property=\"og:site_name\" content=\"Lajme nga Ulqini\" \/>\n<meta property=\"article:published_time\" content=\"2016-08-31T17:32:54+00:00\" \/>\n<meta name=\"twitter:label1\" content=\"Written by\" \/>\n\t<meta name=\"twitter:data1\" content=\"ulqini\" \/>\n\t<meta name=\"twitter:label2\" content=\"Est. reading time\" \/>\n\t<meta name=\"twitter:data2\" content=\"1 minute\" \/>\n<script type=\"application\/ld+json\" class=\"yoast-schema-graph\">{\"@context\":\"https:\/\/schema.org\",\"@graph\":[{\"@type\":\"WebSite\",\"@id\":\"https:\/\/www.visit-ulcinj.com\/blog\/#website\",\"url\":\"https:\/\/www.visit-ulcinj.com\/blog\/\",\"name\":\"Lajme nga Ulqini\",\"description\":\"Lajme,Vijesti,Ulqini,Ulqin,Crna Gora,Mali i Zi\",\"potentialAction\":[{\"@type\":\"SearchAction\",\"target\":{\"@type\":\"EntryPoint\",\"urlTemplate\":\"https:\/\/www.visit-ulcinj.com\/blog\/?s={search_term_string}\"},\"query-input\":\"required name=search_term_string\"}],\"inLanguage\":\"en-US\"},{\"@type\":\"WebPage\",\"@id\":\"https:\/\/www.visit-ulcinj.com\/blog\/2016\/08\/31\/ambasador-durmisi-kosovo-cg-odlican-primjer-saradnje\/#webpage\",\"url\":\"https:\/\/www.visit-ulcinj.com\/blog\/2016\/08\/31\/ambasador-durmisi-kosovo-cg-odlican-primjer-saradnje\/\",\"name\":\"Ambasador Durmi\u0161i: Kosovo i CG - odli\u010dan primjer saradnje - Lajme nga Ulqini\",\"isPartOf\":{\"@id\":\"https:\/\/www.visit-ulcinj.com\/blog\/#website\"},\"datePublished\":\"2016-08-31T17:32:54+00:00\",\"dateModified\":\"2016-08-31T17:32:54+00:00\",\"author\":{\"@id\":\"https:\/\/www.visit-ulcinj.com\/blog\/#\/schema\/person\/dcab619c614d3038751c63bc2aadc06d\"},\"description\":\"Albanci u Crnoj Gori predstavljaju most saradnje izme\u0111u dvije dr\u017eave i bili su zna\u010dajan faktor u formiranju Crne Gore, istakao je prvi akreditovani\",\"breadcrumb\":{\"@id\":\"https:\/\/www.visit-ulcinj.com\/blog\/2016\/08\/31\/ambasador-durmisi-kosovo-cg-odlican-primjer-saradnje\/#breadcrumb\"},\"inLanguage\":\"en-US\",\"potentialAction\":[{\"@type\":\"ReadAction\",\"target\":[\"https:\/\/www.visit-ulcinj.com\/blog\/2016\/08\/31\/ambasador-durmisi-kosovo-cg-odlican-primjer-saradnje\/\"]}]},{\"@type\":\"BreadcrumbList\",\"@id\":\"https:\/\/www.visit-ulcinj.com\/blog\/2016\/08\/31\/ambasador-durmisi-kosovo-cg-odlican-primjer-saradnje\/#breadcrumb\",\"itemListElement\":[{\"@type\":\"ListItem\",\"position\":1,\"name\":\"Ambasador Durmi\u0161i: Kosovo i CG &#8211; odli\u010dan primjer saradnje\"}]},{\"@type\":\"Person\",\"@id\":\"https:\/\/www.visit-ulcinj.com\/blog\/#\/schema\/person\/dcab619c614d3038751c63bc2aadc06d\",\"name\":\"ulqini\",\"sameAs\":[\"http:\/\/www.visit-ulcinj.com\"],\"url\":\"https:\/\/www.visit-ulcinj.com\/blog\/author\/admin\/\"}]}<\/script>\n<!-- \/ Yoast SEO plugin. -->","yoast_head_json":{"title":"Ambasador Durmi\u0161i: Kosovo i CG - odli\u010dan primjer saradnje - Lajme nga Ulqini","description":"Albanci u Crnoj Gori predstavljaju most saradnje izme\u0111u dvije dr\u017eave i bili su zna\u010dajan faktor u formiranju Crne Gore, istakao je prvi akreditovani","robots":{"index":"index","follow":"follow","max-snippet":"max-snippet:-1","max-image-preview":"max-image-preview:large","max-video-preview":"max-video-preview:-1"},"canonical":"https:\/\/www.visit-ulcinj.com\/blog\/2016\/08\/31\/ambasador-durmisi-kosovo-cg-odlican-primjer-saradnje\/","og_locale":"en_US","og_type":"article","og_title":"Ambasador Durmi\u0161i: Kosovo i CG - odli\u010dan primjer saradnje - Lajme nga Ulqini","og_description":"Albanci u Crnoj Gori predstavljaju most saradnje izme\u0111u dvije dr\u017eave i bili su zna\u010dajan faktor u formiranju Crne Gore, istakao je prvi akreditovani","og_url":"https:\/\/www.visit-ulcinj.com\/blog\/2016\/08\/31\/ambasador-durmisi-kosovo-cg-odlican-primjer-saradnje\/","og_site_name":"Lajme nga Ulqini","article_published_time":"2016-08-31T17:32:54+00:00","twitter_misc":{"Written by":"ulqini","Est. reading time":"1 minute"},"schema":{"@context":"https:\/\/schema.org","@graph":[{"@type":"WebSite","@id":"https:\/\/www.visit-ulcinj.com\/blog\/#website","url":"https:\/\/www.visit-ulcinj.com\/blog\/","name":"Lajme nga Ulqini","description":"Lajme,Vijesti,Ulqini,Ulqin,Crna Gora,Mali i Zi","potentialAction":[{"@type":"SearchAction","target":{"@type":"EntryPoint","urlTemplate":"https:\/\/www.visit-ulcinj.com\/blog\/?s={search_term_string}"},"query-input":"required name=search_term_string"}],"inLanguage":"en-US"},{"@type":"WebPage","@id":"https:\/\/www.visit-ulcinj.com\/blog\/2016\/08\/31\/ambasador-durmisi-kosovo-cg-odlican-primjer-saradnje\/#webpage","url":"https:\/\/www.visit-ulcinj.com\/blog\/2016\/08\/31\/ambasador-durmisi-kosovo-cg-odlican-primjer-saradnje\/","name":"Ambasador Durmi\u0161i: Kosovo i CG - odli\u010dan primjer saradnje - Lajme nga Ulqini","isPartOf":{"@id":"https:\/\/www.visit-ulcinj.com\/blog\/#website"},"datePublished":"2016-08-31T17:32:54+00:00","dateModified":"2016-08-31T17:32:54+00:00","author":{"@id":"https:\/\/www.visit-ulcinj.com\/blog\/#\/schema\/person\/dcab619c614d3038751c63bc2aadc06d"},"description":"Albanci u Crnoj Gori predstavljaju most saradnje izme\u0111u dvije dr\u017eave i bili su zna\u010dajan faktor u formiranju Crne Gore, istakao je prvi akreditovani","breadcrumb":{"@id":"https:\/\/www.visit-ulcinj.com\/blog\/2016\/08\/31\/ambasador-durmisi-kosovo-cg-odlican-primjer-saradnje\/#breadcrumb"},"inLanguage":"en-US","potentialAction":[{"@type":"ReadAction","target":["https:\/\/www.visit-ulcinj.com\/blog\/2016\/08\/31\/ambasador-durmisi-kosovo-cg-odlican-primjer-saradnje\/"]}]},{"@type":"BreadcrumbList","@id":"https:\/\/www.visit-ulcinj.com\/blog\/2016\/08\/31\/ambasador-durmisi-kosovo-cg-odlican-primjer-saradnje\/#breadcrumb","itemListElement":[{"@type":"ListItem","position":1,"name":"Ambasador Durmi\u0161i: Kosovo i CG &#8211; odli\u010dan primjer saradnje"}]},{"@type":"Person","@id":"https:\/\/www.visit-ulcinj.com\/blog\/#\/schema\/person\/dcab619c614d3038751c63bc2aadc06d","name":"ulqini","sameAs":["http:\/\/www.visit-ulcinj.com"],"url":"https:\/\/www.visit-ulcinj.com\/blog\/author\/admin\/"}]}},"jetpack_featured_media_url":"","jetpack_sharing_enabled":true,"jetpack_shortlink":"https:\/\/wp.me\/pe6lTn-pRx","_links":{"self":[{"href":"https:\/\/www.visit-ulcinj.com\/blog\/wp-json\/wp\/v2\/posts\/99419"}],"collection":[{"href":"https:\/\/www.visit-ulcinj.com\/blog\/wp-json\/wp\/v2\/posts"}],"about":[{"href":"https:\/\/www.visit-ulcinj.com\/blog\/wp-json\/wp\/v2\/types\/post"}],"author":[{"embeddable":true,"href":"https:\/\/www.visit-ulcinj.com\/blog\/wp-json\/wp\/v2\/users\/1"}],"replies":[{"embeddable":true,"href":"https:\/\/www.visit-ulcinj.com\/blog\/wp-json\/wp\/v2\/comments?post=99419"}],"version-history":[{"count":1,"href":"https:\/\/www.visit-ulcinj.com\/blog\/wp-json\/wp\/v2\/posts\/99419\/revisions"}],"predecessor-version":[{"id":99420,"href":"https:\/\/www.visit-ulcinj.com\/blog\/wp-json\/wp\/v2\/posts\/99419\/revisions\/99420"}],"wp:attachment":[{"href":"https:\/\/www.visit-ulcinj.com\/blog\/wp-json\/wp\/v2\/media?parent=99419"}],"wp:term":[{"taxonomy":"category","embeddable":true,"href":"https:\/\/www.visit-ulcinj.com\/blog\/wp-json\/wp\/v2\/categories?post=99419"},{"taxonomy":"post_tag","embeddable":true,"href":"https:\/\/www.visit-ulcinj.com\/blog\/wp-json\/wp\/v2\/tags?post=99419"}],"curies":[{"name":"wp","href":"https:\/\/api.w.org\/{rel}","templated":true}]}}