{"id":99421,"date":"2016-08-31T18:47:54","date_gmt":"2016-08-31T17:47:54","guid":{"rendered":"http:\/\/www.visit-ulcinj.com\/blog\/?p=99421"},"modified":"2016-08-31T18:47:54","modified_gmt":"2016-08-31T17:47:54","slug":"ura-komuna-e-ulqinit-1-milione-euro-pak-ne-arke","status":"publish","type":"post","link":"https:\/\/www.visit-ulcinj.com\/blog\/2016\/08\/31\/ura-komuna-e-ulqinit-1-milione-euro-pak-ne-arke\/","title":{"rendered":"URA: Komuna e Ulqinit me 1 milion\u00eb euro m\u00eb pak n\u00eb ark\u00eb"},"content":{"rendered":"<p><a href=\"http:\/\/www.visit-ulcinj.com\/blog\/wp-content\/uploads\/2015\/09\/URA.jpg\"><img loading=\"lazy\" class=\"alignleft wp-image-92382\" src=\"http:\/\/www.visit-ulcinj.com\/blog\/wp-content\/uploads\/2015\/09\/URA.jpg\" alt=\"URA\" width=\"508\" height=\"243\" srcset=\"https:\/\/www.visit-ulcinj.com\/blog\/wp-content\/uploads\/2015\/09\/URA.jpg 960w, https:\/\/www.visit-ulcinj.com\/blog\/wp-content\/uploads\/2015\/09\/URA-300x144.jpg 300w\" sizes=\"(max-width: 508px) 100vw, 508px\" \/><\/a>LQ URA e g\u00ebzon sinqerisht \u00e7do sukses t\u00eb cilin e arrin administrata ose njer\u00ebzit tan\u00eb nga jo hap\u00ebsir\u00eb, n\u00eb vend ose jasht\u00eb. Mir\u00ebpo, mendojm\u00eb q\u00eb nuk \u00ebsht\u00eb e dobishme, para s\u00eb gjithash p\u00ebr ne vet, q\u00eb t\u00eb flasim gjysm\u00eb t\u00eb v\u00ebrteta, transmeton portali Ul.info.<\/p>\n<p>N\u00ebse sekretari p\u00ebr financa thot\u00eb se buxheti i Komun\u00ebs s\u00eb Ulqinit \u00ebsht\u00eb realizuar 64 p\u00ebr qind, at\u00ebher\u00eb ne themi q\u00eb kjo \u00ebsht\u00eb shum\u00eb mir\u00eb. Por, n\u00ebse shton q\u00eb kjo \u00ebsht\u00eb p\u00ebr 14 p\u00ebr qind m\u00eb mir\u00eb se n\u00eb vitin 2015, at\u00ebher\u00eb ne themi k\u00ebt\u00eb:<\/p>\n<p>Zot\u00ebri sekretar, vet\u00ebm n\u00ebse zbritni kredin\u00eb t\u00eb cilin e keni marr\u00eb dhe shpenzuar n\u00eb shum\u00ebn prej 4,25 milion euro, at\u00ebher\u00eb do t\u00eb thot\u00eb se ne deri tani kemi vjel\u00eb vet\u00ebm 3.35 milion euro. Kjo, pra, do t\u00eb thot\u00eb q\u00eb pushteti lokal ka d\u00ebshtuar n\u00eb vjeljen e t\u00eb ardhurave buxhetore ose q\u00eb realizimi nga t\u00eb ardhurat vetiake \u00ebsht\u00eb vet\u00eb 44 p\u00ebr qind. E, do t\u00eb pranoni, kjo \u00ebsht\u00eb shum\u00eb m\u00eb dob\u00ebt se vitin e kaluar.<\/p>\n<p>Prandaj, sekretar i dashur, kjo nuk \u00ebsht\u00eb sukses, dhe, p\u00ebr fat t\u00eb keq, nuk \u00ebsht\u00eb e dh\u00ebn\u00eb p\u00ebr l\u00ebvdat\u00eb, gjegj\u00ebsisht kjo flet p\u00ebr pun\u00ebn e dob\u00ebt t\u00eb k\u00ebsaj administrat\u00eb.<\/p>\n","protected":false},"excerpt":{"rendered":"<p>LQ URA e g\u00ebzon sinqerisht \u00e7do sukses t\u00eb cilin e arrin administrata ose njer\u00ebzit tan\u00eb nga jo hap\u00ebsir\u00eb, n\u00eb vend ose jasht\u00eb. Mir\u00ebpo, mendojm\u00eb q\u00eb nuk \u00ebsht\u00eb e dobishme, para s\u00eb gjithash p\u00ebr ne vet, q\u00eb t\u00eb flasim gjysm\u00eb t\u00eb v\u00ebrteta, transmeton portali Ul.info. N\u00ebse sekretari p\u00ebr financa thot\u00eb se buxheti i Komun\u00ebs s\u00eb Ulqinit [&hellip;]<\/p>\n","protected":false},"author":1,"featured_media":0,"comment_status":"closed","ping_status":"closed","sticky":false,"template":"","format":"standard","meta":{"spay_email":"","jetpack_publicize_message":"","jetpack_is_tweetstorm":false,"jetpack_publicize_feature_enabled":true},"categories":[10],"tags":[],"jetpack_publicize_connections":[],"yoast_head":"<!-- This site is optimized with the Yoast SEO plugin v19.1 - https:\/\/yoast.com\/wordpress\/plugins\/seo\/ -->\n<title>URA: Komuna e Ulqinit me 1 milion\u00eb euro m\u00eb pak n\u00eb ark\u00eb - Lajme nga Ulqini<\/title>\n<meta name=\"description\" content=\"LQ URA e g\u00ebzon sinqerisht \u00e7do sukses t\u00eb cilin e arrin administrata ose njer\u00ebzit tan\u00eb nga jo hap\u00ebsir\u00eb, n\u00eb vend ose jasht\u00eb. Mir\u00ebpo, mendojm\u00eb q\u00eb nuk \u00ebsht\u00eb e\" \/>\n<meta name=\"robots\" content=\"index, follow, max-snippet:-1, max-image-preview:large, max-video-preview:-1\" \/>\n<link rel=\"canonical\" href=\"https:\/\/www.visit-ulcinj.com\/blog\/2016\/08\/31\/ura-komuna-e-ulqinit-1-milione-euro-pak-ne-arke\/\" \/>\n<meta property=\"og:locale\" content=\"en_US\" \/>\n<meta property=\"og:type\" content=\"article\" \/>\n<meta property=\"og:title\" content=\"URA: Komuna e Ulqinit me 1 milion\u00eb euro m\u00eb pak n\u00eb ark\u00eb - Lajme nga Ulqini\" \/>\n<meta property=\"og:description\" content=\"LQ URA e g\u00ebzon sinqerisht \u00e7do sukses t\u00eb cilin e arrin administrata ose njer\u00ebzit tan\u00eb nga jo hap\u00ebsir\u00eb, n\u00eb vend ose jasht\u00eb. Mir\u00ebpo, mendojm\u00eb q\u00eb nuk \u00ebsht\u00eb e\" \/>\n<meta property=\"og:url\" content=\"https:\/\/www.visit-ulcinj.com\/blog\/2016\/08\/31\/ura-komuna-e-ulqinit-1-milione-euro-pak-ne-arke\/\" \/>\n<meta property=\"og:site_name\" content=\"Lajme nga Ulqini\" \/>\n<meta property=\"article:published_time\" content=\"2016-08-31T17:47:54+00:00\" \/>\n<meta property=\"og:image\" content=\"http:\/\/www.visit-ulcinj.com\/blog\/wp-content\/uploads\/2015\/09\/URA.jpg\" \/>\n<meta name=\"twitter:label1\" content=\"Written by\" \/>\n\t<meta name=\"twitter:data1\" content=\"ulqini\" \/>\n\t<meta name=\"twitter:label2\" content=\"Est. reading time\" \/>\n\t<meta name=\"twitter:data2\" content=\"1 minute\" \/>\n<script type=\"application\/ld+json\" class=\"yoast-schema-graph\">{\"@context\":\"https:\/\/schema.org\",\"@graph\":[{\"@type\":\"WebSite\",\"@id\":\"https:\/\/www.visit-ulcinj.com\/blog\/#website\",\"url\":\"https:\/\/www.visit-ulcinj.com\/blog\/\",\"name\":\"Lajme nga Ulqini\",\"description\":\"Lajme,Vijesti,Ulqini,Ulqin,Crna Gora,Mali i Zi\",\"potentialAction\":[{\"@type\":\"SearchAction\",\"target\":{\"@type\":\"EntryPoint\",\"urlTemplate\":\"https:\/\/www.visit-ulcinj.com\/blog\/?s={search_term_string}\"},\"query-input\":\"required name=search_term_string\"}],\"inLanguage\":\"en-US\"},{\"@type\":\"ImageObject\",\"inLanguage\":\"en-US\",\"@id\":\"https:\/\/www.visit-ulcinj.com\/blog\/2016\/08\/31\/ura-komuna-e-ulqinit-1-milione-euro-pak-ne-arke\/#primaryimage\",\"url\":\"https:\/\/www.visit-ulcinj.com\/blog\/wp-content\/uploads\/2015\/09\/URA.jpg\",\"contentUrl\":\"https:\/\/www.visit-ulcinj.com\/blog\/wp-content\/uploads\/2015\/09\/URA.jpg\",\"width\":960,\"height\":460},{\"@type\":\"WebPage\",\"@id\":\"https:\/\/www.visit-ulcinj.com\/blog\/2016\/08\/31\/ura-komuna-e-ulqinit-1-milione-euro-pak-ne-arke\/#webpage\",\"url\":\"https:\/\/www.visit-ulcinj.com\/blog\/2016\/08\/31\/ura-komuna-e-ulqinit-1-milione-euro-pak-ne-arke\/\",\"name\":\"URA: Komuna e Ulqinit me 1 milion\u00eb euro m\u00eb pak n\u00eb ark\u00eb - Lajme nga Ulqini\",\"isPartOf\":{\"@id\":\"https:\/\/www.visit-ulcinj.com\/blog\/#website\"},\"primaryImageOfPage\":{\"@id\":\"https:\/\/www.visit-ulcinj.com\/blog\/2016\/08\/31\/ura-komuna-e-ulqinit-1-milione-euro-pak-ne-arke\/#primaryimage\"},\"datePublished\":\"2016-08-31T17:47:54+00:00\",\"dateModified\":\"2016-08-31T17:47:54+00:00\",\"author\":{\"@id\":\"https:\/\/www.visit-ulcinj.com\/blog\/#\/schema\/person\/dcab619c614d3038751c63bc2aadc06d\"},\"description\":\"LQ URA e g\u00ebzon sinqerisht \u00e7do sukses t\u00eb cilin e arrin administrata ose njer\u00ebzit tan\u00eb nga jo hap\u00ebsir\u00eb, n\u00eb vend ose jasht\u00eb. Mir\u00ebpo, mendojm\u00eb q\u00eb nuk \u00ebsht\u00eb e\",\"breadcrumb\":{\"@id\":\"https:\/\/www.visit-ulcinj.com\/blog\/2016\/08\/31\/ura-komuna-e-ulqinit-1-milione-euro-pak-ne-arke\/#breadcrumb\"},\"inLanguage\":\"en-US\",\"potentialAction\":[{\"@type\":\"ReadAction\",\"target\":[\"https:\/\/www.visit-ulcinj.com\/blog\/2016\/08\/31\/ura-komuna-e-ulqinit-1-milione-euro-pak-ne-arke\/\"]}]},{\"@type\":\"BreadcrumbList\",\"@id\":\"https:\/\/www.visit-ulcinj.com\/blog\/2016\/08\/31\/ura-komuna-e-ulqinit-1-milione-euro-pak-ne-arke\/#breadcrumb\",\"itemListElement\":[{\"@type\":\"ListItem\",\"position\":1,\"name\":\"URA: Komuna e Ulqinit me 1 milion\u00eb euro m\u00eb pak n\u00eb ark\u00eb\"}]},{\"@type\":\"Person\",\"@id\":\"https:\/\/www.visit-ulcinj.com\/blog\/#\/schema\/person\/dcab619c614d3038751c63bc2aadc06d\",\"name\":\"ulqini\",\"sameAs\":[\"http:\/\/www.visit-ulcinj.com\"],\"url\":\"https:\/\/www.visit-ulcinj.com\/blog\/author\/admin\/\"}]}<\/script>\n<!-- \/ Yoast SEO plugin. -->","yoast_head_json":{"title":"URA: Komuna e Ulqinit me 1 milion\u00eb euro m\u00eb pak n\u00eb ark\u00eb - Lajme nga Ulqini","description":"LQ URA e g\u00ebzon sinqerisht \u00e7do sukses t\u00eb cilin e arrin administrata ose njer\u00ebzit tan\u00eb nga jo hap\u00ebsir\u00eb, n\u00eb vend ose jasht\u00eb. Mir\u00ebpo, mendojm\u00eb q\u00eb nuk \u00ebsht\u00eb e","robots":{"index":"index","follow":"follow","max-snippet":"max-snippet:-1","max-image-preview":"max-image-preview:large","max-video-preview":"max-video-preview:-1"},"canonical":"https:\/\/www.visit-ulcinj.com\/blog\/2016\/08\/31\/ura-komuna-e-ulqinit-1-milione-euro-pak-ne-arke\/","og_locale":"en_US","og_type":"article","og_title":"URA: Komuna e Ulqinit me 1 milion\u00eb euro m\u00eb pak n\u00eb ark\u00eb - Lajme nga Ulqini","og_description":"LQ URA e g\u00ebzon sinqerisht \u00e7do sukses t\u00eb cilin e arrin administrata ose njer\u00ebzit tan\u00eb nga jo hap\u00ebsir\u00eb, n\u00eb vend ose jasht\u00eb. Mir\u00ebpo, mendojm\u00eb q\u00eb nuk \u00ebsht\u00eb e","og_url":"https:\/\/www.visit-ulcinj.com\/blog\/2016\/08\/31\/ura-komuna-e-ulqinit-1-milione-euro-pak-ne-arke\/","og_site_name":"Lajme nga Ulqini","article_published_time":"2016-08-31T17:47:54+00:00","og_image":[{"url":"http:\/\/www.visit-ulcinj.com\/blog\/wp-content\/uploads\/2015\/09\/URA.jpg"}],"twitter_misc":{"Written by":"ulqini","Est. reading time":"1 minute"},"schema":{"@context":"https:\/\/schema.org","@graph":[{"@type":"WebSite","@id":"https:\/\/www.visit-ulcinj.com\/blog\/#website","url":"https:\/\/www.visit-ulcinj.com\/blog\/","name":"Lajme nga Ulqini","description":"Lajme,Vijesti,Ulqini,Ulqin,Crna Gora,Mali i Zi","potentialAction":[{"@type":"SearchAction","target":{"@type":"EntryPoint","urlTemplate":"https:\/\/www.visit-ulcinj.com\/blog\/?s={search_term_string}"},"query-input":"required name=search_term_string"}],"inLanguage":"en-US"},{"@type":"ImageObject","inLanguage":"en-US","@id":"https:\/\/www.visit-ulcinj.com\/blog\/2016\/08\/31\/ura-komuna-e-ulqinit-1-milione-euro-pak-ne-arke\/#primaryimage","url":"https:\/\/www.visit-ulcinj.com\/blog\/wp-content\/uploads\/2015\/09\/URA.jpg","contentUrl":"https:\/\/www.visit-ulcinj.com\/blog\/wp-content\/uploads\/2015\/09\/URA.jpg","width":960,"height":460},{"@type":"WebPage","@id":"https:\/\/www.visit-ulcinj.com\/blog\/2016\/08\/31\/ura-komuna-e-ulqinit-1-milione-euro-pak-ne-arke\/#webpage","url":"https:\/\/www.visit-ulcinj.com\/blog\/2016\/08\/31\/ura-komuna-e-ulqinit-1-milione-euro-pak-ne-arke\/","name":"URA: Komuna e Ulqinit me 1 milion\u00eb euro m\u00eb pak n\u00eb ark\u00eb - Lajme nga Ulqini","isPartOf":{"@id":"https:\/\/www.visit-ulcinj.com\/blog\/#website"},"primaryImageOfPage":{"@id":"https:\/\/www.visit-ulcinj.com\/blog\/2016\/08\/31\/ura-komuna-e-ulqinit-1-milione-euro-pak-ne-arke\/#primaryimage"},"datePublished":"2016-08-31T17:47:54+00:00","dateModified":"2016-08-31T17:47:54+00:00","author":{"@id":"https:\/\/www.visit-ulcinj.com\/blog\/#\/schema\/person\/dcab619c614d3038751c63bc2aadc06d"},"description":"LQ URA e g\u00ebzon sinqerisht \u00e7do sukses t\u00eb cilin e arrin administrata ose njer\u00ebzit tan\u00eb nga jo hap\u00ebsir\u00eb, n\u00eb vend ose jasht\u00eb. Mir\u00ebpo, mendojm\u00eb q\u00eb nuk \u00ebsht\u00eb e","breadcrumb":{"@id":"https:\/\/www.visit-ulcinj.com\/blog\/2016\/08\/31\/ura-komuna-e-ulqinit-1-milione-euro-pak-ne-arke\/#breadcrumb"},"inLanguage":"en-US","potentialAction":[{"@type":"ReadAction","target":["https:\/\/www.visit-ulcinj.com\/blog\/2016\/08\/31\/ura-komuna-e-ulqinit-1-milione-euro-pak-ne-arke\/"]}]},{"@type":"BreadcrumbList","@id":"https:\/\/www.visit-ulcinj.com\/blog\/2016\/08\/31\/ura-komuna-e-ulqinit-1-milione-euro-pak-ne-arke\/#breadcrumb","itemListElement":[{"@type":"ListItem","position":1,"name":"URA: Komuna e Ulqinit me 1 milion\u00eb euro m\u00eb pak n\u00eb ark\u00eb"}]},{"@type":"Person","@id":"https:\/\/www.visit-ulcinj.com\/blog\/#\/schema\/person\/dcab619c614d3038751c63bc2aadc06d","name":"ulqini","sameAs":["http:\/\/www.visit-ulcinj.com"],"url":"https:\/\/www.visit-ulcinj.com\/blog\/author\/admin\/"}]}},"jetpack_featured_media_url":"","jetpack_sharing_enabled":true,"jetpack_shortlink":"https:\/\/wp.me\/pe6lTn-pRz","_links":{"self":[{"href":"https:\/\/www.visit-ulcinj.com\/blog\/wp-json\/wp\/v2\/posts\/99421"}],"collection":[{"href":"https:\/\/www.visit-ulcinj.com\/blog\/wp-json\/wp\/v2\/posts"}],"about":[{"href":"https:\/\/www.visit-ulcinj.com\/blog\/wp-json\/wp\/v2\/types\/post"}],"author":[{"embeddable":true,"href":"https:\/\/www.visit-ulcinj.com\/blog\/wp-json\/wp\/v2\/users\/1"}],"replies":[{"embeddable":true,"href":"https:\/\/www.visit-ulcinj.com\/blog\/wp-json\/wp\/v2\/comments?post=99421"}],"version-history":[{"count":1,"href":"https:\/\/www.visit-ulcinj.com\/blog\/wp-json\/wp\/v2\/posts\/99421\/revisions"}],"predecessor-version":[{"id":99422,"href":"https:\/\/www.visit-ulcinj.com\/blog\/wp-json\/wp\/v2\/posts\/99421\/revisions\/99422"}],"wp:attachment":[{"href":"https:\/\/www.visit-ulcinj.com\/blog\/wp-json\/wp\/v2\/media?parent=99421"}],"wp:term":[{"taxonomy":"category","embeddable":true,"href":"https:\/\/www.visit-ulcinj.com\/blog\/wp-json\/wp\/v2\/categories?post=99421"},{"taxonomy":"post_tag","embeddable":true,"href":"https:\/\/www.visit-ulcinj.com\/blog\/wp-json\/wp\/v2\/tags?post=99421"}],"curies":[{"name":"wp","href":"https:\/\/api.w.org\/{rel}","templated":true}]}}