{"id":99423,"date":"2016-08-31T22:45:01","date_gmt":"2016-08-31T21:45:01","guid":{"rendered":"http:\/\/www.visit-ulcinj.com\/blog\/?p=99423"},"modified":"2016-08-31T22:45:01","modified_gmt":"2016-08-31T21:45:01","slug":"nika-edhe-kjo-fushate-nje-lloj-e-pa-ndershme","status":"publish","type":"post","link":"https:\/\/www.visit-ulcinj.com\/blog\/2016\/08\/31\/nika-edhe-kjo-fushate-nje-lloj-e-pa-ndershme\/","title":{"rendered":"Nika: Edhe kjo fushat\u00eb nj\u00eb lloj e pa ndershme"},"content":{"rendered":"<p><strong><em><a href=\"http:\/\/www.visit-ulcinj.com\/blog\/wp-content\/uploads\/2009\/04\/kryetari-i-komunes-se-ulqinit-gezim-hajdinaga-morri-pjes-ne-leshimi-i-fazes-se-trete-te-elektrifikimit_ulqin_bratice_kruc2.jpg\"><img loading=\"lazy\" class=\"alignleft wp-image-16449\" src=\"http:\/\/www.visit-ulcinj.com\/blog\/wp-content\/uploads\/2009\/04\/kryetari-i-komunes-se-ulqinit-gezim-hajdinaga-morri-pjes-ne-leshimi-i-fazes-se-trete-te-elektrifikimit_ulqin_bratice_kruc2.jpg\" alt=\"kryetari-i-komunes-se-ulqinit-gezim-hajdinaga-morri-pjes-ne-leshimi-i-fazes-se-trete-te-elektrifikimit_ulqin_bratice_kruc2\" width=\"508\" height=\"338\" srcset=\"https:\/\/www.visit-ulcinj.com\/blog\/wp-content\/uploads\/2009\/04\/kryetari-i-komunes-se-ulqinit-gezim-hajdinaga-morri-pjes-ne-leshimi-i-fazes-se-trete-te-elektrifikimit_ulqin_bratice_kruc2.jpg 800w, https:\/\/www.visit-ulcinj.com\/blog\/wp-content\/uploads\/2009\/04\/kryetari-i-komunes-se-ulqinit-gezim-hajdinaga-morri-pjes-ne-leshimi-i-fazes-se-trete-te-elektrifikimit_ulqin_bratice_kruc2-300x199.jpg 300w\" sizes=\"(max-width: 508px) 100vw, 508px\" \/><\/a>Komenti i\u00a0 4-t\u00eb i nj\u00eb fotografie<\/em><\/strong><\/p>\n<p>Shih p\u00ebrmbajtjen e\u00a0 k\u00ebtij tekstit , ku thuhet:<\/p>\n<p>\u201c\u00a0 <strong>Hajdinaga rikthehet n\u00eb fushat\u00ebn e PD-s\u00eb, shpres\u00eb p\u00ebr bashkimin e shqiptar\u00ebve n\u00eb Mal t\u00eb Zi <\/strong><\/p>\n<p>Zgjedhjet e ardhshme parlamentare n\u00eb Malin e Zi p\u00ebrb\u00ebjn\u00eb nj\u00eb shans t\u00eb mir\u00eb p\u00ebr komunitetin shqiptar atje. Ky raund elektoral \u00ebsht\u00eb specifik p\u00ebr shkak t\u00eb rikthimit t\u00eb nj\u00eb figure politike potenciale nd\u00ebr komunitetin shqiptar, q\u00eb pritet t\u00eb bashkoj\u00eb partit\u00eb shqiptare n\u00eb Mal t\u00eb Zi e po ashtu t\u00eb shtoj\u00eb mandatet shqiptare n\u00eb at\u00eb parlament\u2026\u2026\u2026\u2026\u2026\u2026\u2026\u2026\u2026\u2026\u2026\u2026\u2026\u2026\u2026\u2026\u2026\u2026\u2026\u2026\u2026\u2026\u2026\u2026\u2026\u2026\u2026\u2026\u2026\u2026\u2026\u2026\u2026\u2026\u2026\u2026\u2026\u2026<\/p>\n<p>N\u00eb te m\u00ebtej thuhet:<\/p>\n<p>Gjat\u00eb mandatit t\u00eb tij si minist\u00ebr, Hajdinaga njihet si personi q\u00eb ka thelluar urat e bashk\u00ebpunimit t\u00eb Qeveris\u00eb s\u00eb Malit t\u00eb Zi me at\u00eb t\u00eb Kosov\u00ebs dhe t\u00eb Shqip\u00ebris\u00eb \u2013 nd\u00ebr t\u00eb tjera duke hapur edhe pikat kufitare me Shqip\u00ebrin\u00eb, at\u00eb Sukobin-Muriqan dhe pik\u00ebn e V\u00ebrmoshit n\u00eb Plav\u00eb, pranimi i diplomave, hapja e deg\u00ebs s\u00eb gjuh\u00ebs shqipe n\u00eb Podgoric\u00eb, organizimi i panaireve t\u00eb librit shqip etj.<\/p>\n<p>Nd\u00ebrsa si kryetar i Ulqinit mbahet mend p\u00ebr realizimin e projekteve t\u00eb r\u00ebnd\u00ebsishme p\u00ebr k\u00ebt\u00eb qytet bregdetar, si\u00e7 jan\u00eb nd\u00ebrtimi i ur\u00ebs mbi Porto Milen\u00eb n\u00eb Plazhin e Madh, hapja e maternitetit..\u201d<\/p>\n<p>Un\u00eb nuk e di se si u b\u00eb p\u00ebrzgjedhja &#8211; por shihet se \u201c devalvon\u201d \u00a0mesazhin e tekstit afirmativ ,<\/p>\n<div id=\"attachment_63749\" style=\"width: 518px\" class=\"wp-caption alignleft\"><a href=\"http:\/\/www.visit-ulcinj.com\/blog\/wp-content\/uploads\/2012\/09\/gencinimanbegu-vaseljsinistaj-mehmetzenka-mehmetbardhi.jpg\"><img aria-describedby=\"caption-attachment-63749\" loading=\"lazy\" class=\"wp-image-63749\" src=\"http:\/\/www.visit-ulcinj.com\/blog\/wp-content\/uploads\/2012\/09\/gencinimanbegu-vaseljsinistaj-mehmetzenka-mehmetbardhi.jpg\" alt=\"Predstavnici albanskih stranaka (Foto: Luka Zekovi?)\" width=\"508\" height=\"344\" srcset=\"https:\/\/www.visit-ulcinj.com\/blog\/wp-content\/uploads\/2012\/09\/gencinimanbegu-vaseljsinistaj-mehmetzenka-mehmetbardhi.jpg 1000w, https:\/\/www.visit-ulcinj.com\/blog\/wp-content\/uploads\/2012\/09\/gencinimanbegu-vaseljsinistaj-mehmetzenka-mehmetbardhi-300x203.jpg 300w\" sizes=\"(max-width: 508px) 100vw, 508px\" \/><\/a><p id=\"caption-attachment-63749\" class=\"wp-caption-text\">Predstavnici albanskih stranaka (Foto: Luka Zekovi?)<\/p><\/div>\n<p><strong><em>\u00a0Komenti i 5-t\u00eb i nj\u00eb fotografie<\/em><\/strong><\/p>\n<p>N\u00eb koh\u00ebn \u00a0kur ngjau zvog\u00eblimi i numrit t\u00eb deputet\u00ebve shqiptar\u00eb\u00a0 me ligj- Dinosha\u00a0 pa u shqet\u00ebsuar\u00a0 u shpreh: <strong><em><u>m\u00eb mir\u00eb 2 mercedesa( 2 deputet\u00eb shqiptar\u00eb) se sa 4 golfafa&#8230;.?!!<\/u><\/em><\/strong> <strong><em><u>\u00a0Pra\u00a0 a mos ishte ky, ai icili \u00a0na e kurdisi sahatin zgjedhor&#8230;?!<\/u><\/em><\/strong><\/p>\n<p>Po si mendonin , \u201c 4 golfat- deputet\u00ebt ..\u201d p\u00ebr vete &#8211;\u00a0 p\u00ebrve\u00e7 \u00a0nj\u00ebrit , q\u00eb veten e llogariste \u201c mercedes\u201d shih &#8211; \u00a0disponimin q\u00eb p\u00ebrcjell kjo\u00a0 fotografi \u00a0e \u00a0cila \u00a0p\u00ebrcolli tekstin\u00a0 e dit\u00ebs s\u00eb\u00a0 miratimit t\u00eb ligjit zgjedhor.<\/p>\n<p>Derisa\u00a0 ligjin zgjedhor paraprak , po duket e kurdisi Bardhi \u2013Bullatoviq, dhe\u00a0 e meta e tij kryesore\u00a0 ishte q\u00eb \u00a0\u00a0Bardhi kish pranuar derdhjen e vot\u00ebs prej\u00a0 nj\u00ebsis\u00eb s\u00eb madhe zgjedhore- n\u00eb nj\u00ebsin\u00eb e dyt\u00eb \u2013shqiptare dhe e kund\u00ebrta?!<\/p>\n<p>Mir\u00eb po si profesor\u00a0 i gjuh\u00ebs shqipe , kish \u201charruar\u201d ,\u00a0\u00a0\u00a0\u00a0 ligjin e presionit\u00a0 t\u00eb\u00a0 fizk\u00ebs, q\u00eb ngjash\u00ebm thot\u00eb se edhe\u00a0 vota- ashtu si uji i en\u00ebs s\u00eb vog\u00ebl- i nj\u00ebsis\u00eb s\u00eb dyt\u00eb shqiptare- q\u00eb \u00a0\u00a0nuk\u00a0 mund t\u00eb shtyj\u00eb me presionin e vet\u00a0 ujin(votat) e nj\u00ebsis\u00eb s\u00eb par, lejon t\u00eb\u00a0 ndodh\u00a0 q\u00eb ndonj\u00eb depuet joshqiptar \u00a0t\u00eb b\u00ebhet deputet nga votuesit q\u00eb votuan listat nacionale\u00a0 \u2013si puna e ujit\u00a0 me presion t\u00eb vog\u00ebl\u2026?!. P\u00ebrve\u00e7 se \u00a0po &#8211; me forcen e blerjes s\u00eb votave t\u00eb\u00a0 nj\u00ebsis\u00eb malazez\u00ebve, nga ndonj\u00eb \u201c biznesmen shqiptar \u201cn\u00eb favor t\u00eb list\u00ebs nacionale- psh.diku n\u00eb Zet\u00eb..?!!<\/p>\n<p>N\u00eb fakt- qoft\u00eb sipas ligjit t\u00eb m\u00eb parsh\u00ebm , por edhe t\u00eb dytit, \u00a0asnj\u00eb vot\u00eb serbo malazeze , n\u00eb asnj\u00eb far\u00eb kombinimi , nuk mund tu shkoj\u00eb partive shqiptare &#8211; kurse t\u00eb ndodh\u00eb e kund\u00ebrta,\u00a0 mundet \u00a0lirisht..?! Shembulli i k\u00ebsaj gj\u00ebje, \u00a0jan\u00eb\u00a0 3 mij\u00eb votuesit\u00a0 e \u00a0Udsh-s\u00eb dhe \u00a0ato 500 t\u00eb Mal\u00ebsis\u00eb, q\u00eb me vendim t\u00eb komisionit zgjedhor republikan( me t\u00eb drejt\u00ebn e gishtit) q\u00eb asnj\u00eb ligj i \u00a0bot\u00ebs nuk e njeh?!! .., b\u00ebn\u00eb deputet t\u00eb nj\u00ebzitein e\u00a0 list\u00ebs s\u00eb \u00a0Frontit Demokratik- nj\u00eb serbo \u00c7etnik t\u00eb veriut .<\/p>\n<p>Duam t\u00eb themi, q\u00eb ligji , ishte dhe vazhdon t\u00eb jet\u00eb i pa qart\u00eb dhe , p.sh., sikur \u00a0n\u00eb m\u00ebnyr\u00eb \u201chipotetike ..\u201d, \u00a0t\u00eb kishim nj\u00eb situat\u00eb t\u00eb nj\u00ebjt\u00eb t\u00eb p\u00ebrs\u00ebritur \u2026., \u00a0e cila p\u00ebrs\u00ebri duhet t\u00eb zgjidhet\u00a0 me vot\u00eb, mund t\u00eb b\u00ebnte , q\u00eb votat , t\u00eb mos i shkonin list\u00ebs serbe, por ti shkonin deputetit t\u00eb tret\u00eb \u2013si n\u00eb rastin e kaluar UDSH-S\u00eb q\u00eb do duhej?!<\/p>\n<p>Prandaj \u00a0: <strong><em><u>Un\u00eb k\u00ebto zgjedhje i shoh keq. \u00a0Shqiptar\u00ebt mund t\u00eb mbesin vet\u00ebm me 1 deputet- bile vet\u00ebm \u00a0me k\u00ebt\u00eb\u00a0 q\u00eb qesh (zg\u00ebrdhihet) n\u00eb \u00a0fotografia?! <\/u><\/em><\/strong><\/p>\n<p><strong><em><u>T\u00eb tjer\u00ebt, po duket \u00a0i\u00a0 ka gjet\u00eb ajo ndera q\u00eb thot\u00eb: \u201c Ma vshtir e ka \u00a0i msumi se i dishrumi..\u201d?!! Dhe sikur jet\u00ebsojn\u00eb at\u00eb tjh\u00ebnien profetike \u00a0t\u00eb Muhamedi , a.s., q\u00eb\u00a0 n\u00eb pyetjen se kush \u00ebsht\u00eb i marr\u00eb ?! P\u00ebrgjigjej, i marr\u00eb \u00ebsht\u00eb ai njeri , q\u00eb i lejon vet\u00ebs, ta kafshojn\u00eb gjarp\u00ebri , p\u00ebr t\u00eb dyten her\u00eb, \u00a0prej t\u00eb nj\u00ebjtes vrim\u00eb..?! E k\u00ebta tan\u00ebt , si duket- \u00a0nuk po e shohin se gjarp\u00ebri , rri \u00a0p\u00ebrs\u00ebri n\u00eb k\u00ebt\u00eb ligj..?!<\/u><\/em><\/strong><\/p>\n<p><strong><em>ANDAJ\u00a0 VOTONI\u00a0 DHE\u00a0 ANULONI SE NUK GABONI&#8230;.?!<\/em><\/strong><\/p>\n<p><strong><em>ME K\u00cbT\u00cb \u00a0VEPRIM- MBRONI \u00a0VOT\u00cbN TUAJ DHE NGA \u00a0AJO \u00a0NUK \u00a0P\u00cbRFITON \u00a0ASKUSH..?!! E DUKE MOS DAL\u00cb-\u00a0 BOJKOTI I\u00a0 VOT\u00cbS\u00a0 , I SHKON N\u00cb FAVOR &#8211; PARTIS\u00cb M\u00cb T\u00cb MADHE , Q\u00cb LLOGARITET T\u00cb JET\u00cb DPS-I?!<\/em><\/strong><\/p>\n<p>&nbsp;<\/p>\n<p><strong>Pik\u00ebpamjet e shprehura n\u00eb faqen \u201cOPINIONE\u201d nuk p\u00ebrfaq\u00ebsojn\u00eb domosdoshm\u00ebrisht politik\u00ebn redaksionale t\u00eb \u201eLajmeve nga Ulqini\u201e<\/strong><\/p>\n","protected":false},"excerpt":{"rendered":"<p>Komenti i\u00a0 4-t\u00eb i nj\u00eb fotografie Shih p\u00ebrmbajtjen e\u00a0 k\u00ebtij tekstit , ku thuhet: \u201c\u00a0 Hajdinaga rikthehet n\u00eb fushat\u00ebn e PD-s\u00eb, shpres\u00eb p\u00ebr bashkimin e shqiptar\u00ebve n\u00eb Mal t\u00eb Zi Zgjedhjet e ardhshme parlamentare n\u00eb Malin e Zi p\u00ebrb\u00ebjn\u00eb nj\u00eb shans t\u00eb mir\u00eb p\u00ebr komunitetin shqiptar atje. Ky raund elektoral \u00ebsht\u00eb specifik p\u00ebr shkak t\u00eb [&hellip;]<\/p>\n","protected":false},"author":1,"featured_media":0,"comment_status":"closed","ping_status":"closed","sticky":false,"template":"","format":"standard","meta":{"spay_email":"","jetpack_publicize_message":"","jetpack_is_tweetstorm":false,"jetpack_publicize_feature_enabled":true},"categories":[14249],"tags":[],"jetpack_publicize_connections":[],"yoast_head":"<!-- This site is optimized with the Yoast SEO plugin v19.1 - https:\/\/yoast.com\/wordpress\/plugins\/seo\/ -->\n<title>Nika: Edhe kjo fushat\u00eb nj\u00eb lloj e pa ndershme - Lajme nga Ulqini<\/title>\n<meta name=\"description\" content=\"Komenti i\u00a0 4-t\u00eb i nj\u00eb fotografie Shih p\u00ebrmbajtjen e\u00a0 k\u00ebtij tekstit , ku thuhet: \u201c\u00a0 Hajdinaga rikthehet n\u00eb fushat\u00ebn e PD-s\u00eb, shpres\u00eb p\u00ebr bashkimin e\" \/>\n<meta name=\"robots\" content=\"index, follow, max-snippet:-1, max-image-preview:large, max-video-preview:-1\" \/>\n<link rel=\"canonical\" href=\"https:\/\/www.visit-ulcinj.com\/blog\/2016\/08\/31\/nika-edhe-kjo-fushate-nje-lloj-e-pa-ndershme\/\" \/>\n<meta property=\"og:locale\" content=\"en_US\" \/>\n<meta property=\"og:type\" content=\"article\" \/>\n<meta property=\"og:title\" content=\"Nika: Edhe kjo fushat\u00eb nj\u00eb lloj e pa ndershme - Lajme nga Ulqini\" \/>\n<meta property=\"og:description\" content=\"Komenti i\u00a0 4-t\u00eb i nj\u00eb fotografie Shih p\u00ebrmbajtjen e\u00a0 k\u00ebtij tekstit , ku thuhet: \u201c\u00a0 Hajdinaga rikthehet n\u00eb fushat\u00ebn e PD-s\u00eb, shpres\u00eb p\u00ebr bashkimin e\" \/>\n<meta property=\"og:url\" content=\"https:\/\/www.visit-ulcinj.com\/blog\/2016\/08\/31\/nika-edhe-kjo-fushate-nje-lloj-e-pa-ndershme\/\" \/>\n<meta property=\"og:site_name\" content=\"Lajme nga Ulqini\" \/>\n<meta property=\"article:published_time\" content=\"2016-08-31T21:45:01+00:00\" \/>\n<meta property=\"og:image\" content=\"http:\/\/www.visit-ulcinj.com\/blog\/wp-content\/uploads\/2009\/04\/kryetari-i-komunes-se-ulqinit-gezim-hajdinaga-morri-pjes-ne-leshimi-i-fazes-se-trete-te-elektrifikimit_ulqin_bratice_kruc2.jpg\" \/>\n<meta name=\"twitter:label1\" content=\"Written by\" \/>\n\t<meta name=\"twitter:data1\" content=\"ulqini\" \/>\n\t<meta name=\"twitter:label2\" content=\"Est. reading time\" \/>\n\t<meta name=\"twitter:data2\" content=\"4 minutes\" \/>\n<script type=\"application\/ld+json\" class=\"yoast-schema-graph\">{\"@context\":\"https:\/\/schema.org\",\"@graph\":[{\"@type\":\"WebSite\",\"@id\":\"https:\/\/www.visit-ulcinj.com\/blog\/#website\",\"url\":\"https:\/\/www.visit-ulcinj.com\/blog\/\",\"name\":\"Lajme nga Ulqini\",\"description\":\"Lajme,Vijesti,Ulqini,Ulqin,Crna Gora,Mali i Zi\",\"potentialAction\":[{\"@type\":\"SearchAction\",\"target\":{\"@type\":\"EntryPoint\",\"urlTemplate\":\"https:\/\/www.visit-ulcinj.com\/blog\/?s={search_term_string}\"},\"query-input\":\"required name=search_term_string\"}],\"inLanguage\":\"en-US\"},{\"@type\":\"ImageObject\",\"inLanguage\":\"en-US\",\"@id\":\"https:\/\/www.visit-ulcinj.com\/blog\/2016\/08\/31\/nika-edhe-kjo-fushate-nje-lloj-e-pa-ndershme\/#primaryimage\",\"url\":\"https:\/\/www.visit-ulcinj.com\/blog\/wp-content\/uploads\/2009\/04\/kryetari-i-komunes-se-ulqinit-gezim-hajdinaga-morri-pjes-ne-leshimi-i-fazes-se-trete-te-elektrifikimit_ulqin_bratice_kruc2.jpg\",\"contentUrl\":\"https:\/\/www.visit-ulcinj.com\/blog\/wp-content\/uploads\/2009\/04\/kryetari-i-komunes-se-ulqinit-gezim-hajdinaga-morri-pjes-ne-leshimi-i-fazes-se-trete-te-elektrifikimit_ulqin_bratice_kruc2.jpg\",\"width\":\"800\",\"height\":\"533\"},{\"@type\":\"WebPage\",\"@id\":\"https:\/\/www.visit-ulcinj.com\/blog\/2016\/08\/31\/nika-edhe-kjo-fushate-nje-lloj-e-pa-ndershme\/#webpage\",\"url\":\"https:\/\/www.visit-ulcinj.com\/blog\/2016\/08\/31\/nika-edhe-kjo-fushate-nje-lloj-e-pa-ndershme\/\",\"name\":\"Nika: Edhe kjo fushat\u00eb nj\u00eb lloj e pa ndershme - Lajme nga Ulqini\",\"isPartOf\":{\"@id\":\"https:\/\/www.visit-ulcinj.com\/blog\/#website\"},\"primaryImageOfPage\":{\"@id\":\"https:\/\/www.visit-ulcinj.com\/blog\/2016\/08\/31\/nika-edhe-kjo-fushate-nje-lloj-e-pa-ndershme\/#primaryimage\"},\"datePublished\":\"2016-08-31T21:45:01+00:00\",\"dateModified\":\"2016-08-31T21:45:01+00:00\",\"author\":{\"@id\":\"https:\/\/www.visit-ulcinj.com\/blog\/#\/schema\/person\/dcab619c614d3038751c63bc2aadc06d\"},\"description\":\"Komenti i\u00a0 4-t\u00eb i nj\u00eb fotografie Shih p\u00ebrmbajtjen e\u00a0 k\u00ebtij tekstit , ku thuhet: \u201c\u00a0 Hajdinaga rikthehet n\u00eb fushat\u00ebn e PD-s\u00eb, shpres\u00eb p\u00ebr bashkimin e\",\"breadcrumb\":{\"@id\":\"https:\/\/www.visit-ulcinj.com\/blog\/2016\/08\/31\/nika-edhe-kjo-fushate-nje-lloj-e-pa-ndershme\/#breadcrumb\"},\"inLanguage\":\"en-US\",\"potentialAction\":[{\"@type\":\"ReadAction\",\"target\":[\"https:\/\/www.visit-ulcinj.com\/blog\/2016\/08\/31\/nika-edhe-kjo-fushate-nje-lloj-e-pa-ndershme\/\"]}]},{\"@type\":\"BreadcrumbList\",\"@id\":\"https:\/\/www.visit-ulcinj.com\/blog\/2016\/08\/31\/nika-edhe-kjo-fushate-nje-lloj-e-pa-ndershme\/#breadcrumb\",\"itemListElement\":[{\"@type\":\"ListItem\",\"position\":1,\"name\":\"Nika: Edhe kjo fushat\u00eb nj\u00eb lloj e pa ndershme\"}]},{\"@type\":\"Person\",\"@id\":\"https:\/\/www.visit-ulcinj.com\/blog\/#\/schema\/person\/dcab619c614d3038751c63bc2aadc06d\",\"name\":\"ulqini\",\"sameAs\":[\"http:\/\/www.visit-ulcinj.com\"],\"url\":\"https:\/\/www.visit-ulcinj.com\/blog\/author\/admin\/\"}]}<\/script>\n<!-- \/ Yoast SEO plugin. -->","yoast_head_json":{"title":"Nika: Edhe kjo fushat\u00eb nj\u00eb lloj e pa ndershme - Lajme nga Ulqini","description":"Komenti i\u00a0 4-t\u00eb i nj\u00eb fotografie Shih p\u00ebrmbajtjen e\u00a0 k\u00ebtij tekstit , ku thuhet: \u201c\u00a0 Hajdinaga rikthehet n\u00eb fushat\u00ebn e PD-s\u00eb, shpres\u00eb p\u00ebr bashkimin e","robots":{"index":"index","follow":"follow","max-snippet":"max-snippet:-1","max-image-preview":"max-image-preview:large","max-video-preview":"max-video-preview:-1"},"canonical":"https:\/\/www.visit-ulcinj.com\/blog\/2016\/08\/31\/nika-edhe-kjo-fushate-nje-lloj-e-pa-ndershme\/","og_locale":"en_US","og_type":"article","og_title":"Nika: Edhe kjo fushat\u00eb nj\u00eb lloj e pa ndershme - Lajme nga Ulqini","og_description":"Komenti i\u00a0 4-t\u00eb i nj\u00eb fotografie Shih p\u00ebrmbajtjen e\u00a0 k\u00ebtij tekstit , ku thuhet: \u201c\u00a0 Hajdinaga rikthehet n\u00eb fushat\u00ebn e PD-s\u00eb, shpres\u00eb p\u00ebr bashkimin e","og_url":"https:\/\/www.visit-ulcinj.com\/blog\/2016\/08\/31\/nika-edhe-kjo-fushate-nje-lloj-e-pa-ndershme\/","og_site_name":"Lajme nga Ulqini","article_published_time":"2016-08-31T21:45:01+00:00","og_image":[{"url":"http:\/\/www.visit-ulcinj.com\/blog\/wp-content\/uploads\/2009\/04\/kryetari-i-komunes-se-ulqinit-gezim-hajdinaga-morri-pjes-ne-leshimi-i-fazes-se-trete-te-elektrifikimit_ulqin_bratice_kruc2.jpg"}],"twitter_misc":{"Written by":"ulqini","Est. reading time":"4 minutes"},"schema":{"@context":"https:\/\/schema.org","@graph":[{"@type":"WebSite","@id":"https:\/\/www.visit-ulcinj.com\/blog\/#website","url":"https:\/\/www.visit-ulcinj.com\/blog\/","name":"Lajme nga Ulqini","description":"Lajme,Vijesti,Ulqini,Ulqin,Crna Gora,Mali i Zi","potentialAction":[{"@type":"SearchAction","target":{"@type":"EntryPoint","urlTemplate":"https:\/\/www.visit-ulcinj.com\/blog\/?s={search_term_string}"},"query-input":"required name=search_term_string"}],"inLanguage":"en-US"},{"@type":"ImageObject","inLanguage":"en-US","@id":"https:\/\/www.visit-ulcinj.com\/blog\/2016\/08\/31\/nika-edhe-kjo-fushate-nje-lloj-e-pa-ndershme\/#primaryimage","url":"https:\/\/www.visit-ulcinj.com\/blog\/wp-content\/uploads\/2009\/04\/kryetari-i-komunes-se-ulqinit-gezim-hajdinaga-morri-pjes-ne-leshimi-i-fazes-se-trete-te-elektrifikimit_ulqin_bratice_kruc2.jpg","contentUrl":"https:\/\/www.visit-ulcinj.com\/blog\/wp-content\/uploads\/2009\/04\/kryetari-i-komunes-se-ulqinit-gezim-hajdinaga-morri-pjes-ne-leshimi-i-fazes-se-trete-te-elektrifikimit_ulqin_bratice_kruc2.jpg","width":"800","height":"533"},{"@type":"WebPage","@id":"https:\/\/www.visit-ulcinj.com\/blog\/2016\/08\/31\/nika-edhe-kjo-fushate-nje-lloj-e-pa-ndershme\/#webpage","url":"https:\/\/www.visit-ulcinj.com\/blog\/2016\/08\/31\/nika-edhe-kjo-fushate-nje-lloj-e-pa-ndershme\/","name":"Nika: Edhe kjo fushat\u00eb nj\u00eb lloj e pa ndershme - Lajme nga Ulqini","isPartOf":{"@id":"https:\/\/www.visit-ulcinj.com\/blog\/#website"},"primaryImageOfPage":{"@id":"https:\/\/www.visit-ulcinj.com\/blog\/2016\/08\/31\/nika-edhe-kjo-fushate-nje-lloj-e-pa-ndershme\/#primaryimage"},"datePublished":"2016-08-31T21:45:01+00:00","dateModified":"2016-08-31T21:45:01+00:00","author":{"@id":"https:\/\/www.visit-ulcinj.com\/blog\/#\/schema\/person\/dcab619c614d3038751c63bc2aadc06d"},"description":"Komenti i\u00a0 4-t\u00eb i nj\u00eb fotografie Shih p\u00ebrmbajtjen e\u00a0 k\u00ebtij tekstit , ku thuhet: \u201c\u00a0 Hajdinaga rikthehet n\u00eb fushat\u00ebn e PD-s\u00eb, shpres\u00eb p\u00ebr bashkimin e","breadcrumb":{"@id":"https:\/\/www.visit-ulcinj.com\/blog\/2016\/08\/31\/nika-edhe-kjo-fushate-nje-lloj-e-pa-ndershme\/#breadcrumb"},"inLanguage":"en-US","potentialAction":[{"@type":"ReadAction","target":["https:\/\/www.visit-ulcinj.com\/blog\/2016\/08\/31\/nika-edhe-kjo-fushate-nje-lloj-e-pa-ndershme\/"]}]},{"@type":"BreadcrumbList","@id":"https:\/\/www.visit-ulcinj.com\/blog\/2016\/08\/31\/nika-edhe-kjo-fushate-nje-lloj-e-pa-ndershme\/#breadcrumb","itemListElement":[{"@type":"ListItem","position":1,"name":"Nika: Edhe kjo fushat\u00eb nj\u00eb lloj e pa ndershme"}]},{"@type":"Person","@id":"https:\/\/www.visit-ulcinj.com\/blog\/#\/schema\/person\/dcab619c614d3038751c63bc2aadc06d","name":"ulqini","sameAs":["http:\/\/www.visit-ulcinj.com"],"url":"https:\/\/www.visit-ulcinj.com\/blog\/author\/admin\/"}]}},"jetpack_featured_media_url":"","jetpack_sharing_enabled":true,"jetpack_shortlink":"https:\/\/wp.me\/pe6lTn-pRB","_links":{"self":[{"href":"https:\/\/www.visit-ulcinj.com\/blog\/wp-json\/wp\/v2\/posts\/99423"}],"collection":[{"href":"https:\/\/www.visit-ulcinj.com\/blog\/wp-json\/wp\/v2\/posts"}],"about":[{"href":"https:\/\/www.visit-ulcinj.com\/blog\/wp-json\/wp\/v2\/types\/post"}],"author":[{"embeddable":true,"href":"https:\/\/www.visit-ulcinj.com\/blog\/wp-json\/wp\/v2\/users\/1"}],"replies":[{"embeddable":true,"href":"https:\/\/www.visit-ulcinj.com\/blog\/wp-json\/wp\/v2\/comments?post=99423"}],"version-history":[{"count":1,"href":"https:\/\/www.visit-ulcinj.com\/blog\/wp-json\/wp\/v2\/posts\/99423\/revisions"}],"predecessor-version":[{"id":99424,"href":"https:\/\/www.visit-ulcinj.com\/blog\/wp-json\/wp\/v2\/posts\/99423\/revisions\/99424"}],"wp:attachment":[{"href":"https:\/\/www.visit-ulcinj.com\/blog\/wp-json\/wp\/v2\/media?parent=99423"}],"wp:term":[{"taxonomy":"category","embeddable":true,"href":"https:\/\/www.visit-ulcinj.com\/blog\/wp-json\/wp\/v2\/categories?post=99423"},{"taxonomy":"post_tag","embeddable":true,"href":"https:\/\/www.visit-ulcinj.com\/blog\/wp-json\/wp\/v2\/tags?post=99423"}],"curies":[{"name":"wp","href":"https:\/\/api.w.org\/{rel}","templated":true}]}}