{"id":99425,"date":"2016-09-01T14:29:15","date_gmt":"2016-09-01T13:29:15","guid":{"rendered":"http:\/\/www.visit-ulcinj.com\/blog\/?p=99425"},"modified":"2016-09-01T18:24:09","modified_gmt":"2016-09-01T17:24:09","slug":"cungu-takohet-koordinatoren-e-programit-per-projekte-bilaterale-zhvillimore-te-ambasades-se-norvegjise","status":"publish","type":"post","link":"https:\/\/www.visit-ulcinj.com\/blog\/2016\/09\/01\/cungu-takohet-koordinatoren-e-programit-per-projekte-bilaterale-zhvillimore-te-ambasades-se-norvegjise\/","title":{"rendered":"Cungu takohet me koordinatoren e programit p\u00ebr projekte bilaterale zhvillimore t\u00eb Ambasad\u00ebs s\u00eb Norvegjis\u00eb"},"content":{"rendered":"<p><a href=\"http:\/\/www.visit-ulcinj.com\/blog\/wp-content\/uploads\/2016\/09\/Nazif-Cungu-Nela-Jovic-Ulcinj.jpg\"><img loading=\"lazy\" class=\"alignleft wp-image-99427\" src=\"http:\/\/www.visit-ulcinj.com\/blog\/wp-content\/uploads\/2016\/09\/Nazif-Cungu-Nela-Jovic-Ulcinj.jpg\" alt=\"Nazif-Cungu-Nela Jovic-Ulcinj\" width=\"508\" height=\"339\" srcset=\"https:\/\/www.visit-ulcinj.com\/blog\/wp-content\/uploads\/2016\/09\/Nazif-Cungu-Nela-Jovic-Ulcinj.jpg 999w, https:\/\/www.visit-ulcinj.com\/blog\/wp-content\/uploads\/2016\/09\/Nazif-Cungu-Nela-Jovic-Ulcinj-300x200.jpg 300w, https:\/\/www.visit-ulcinj.com\/blog\/wp-content\/uploads\/2016\/09\/Nazif-Cungu-Nela-Jovic-Ulcinj-768x512.jpg 768w\" sizes=\"(max-width: 508px) 100vw, 508px\" \/><\/a>Kryetari i komun\u00ebs Nazif Cungu priti n\u00eb takim koordinatoren e programit per projekte bilaterale zhvillimore e Ambasad\u00ebs\u00a0 s\u00eb Mbret\u00ebris\u00eb s\u00eb Norvegjis\u00eb\u00a0 Nela Joviq. Biseda u fokusua\u00a0 n\u00eb Projektin ,,Zhvillimi i\u00a0 q\u00ebndruesh\u00ebm\u00a0 i ekosistemit\u00a0 detar dhe bregdetar\u00a0 n\u00ebp\u00ebrmjet\u00a0 mbrojtjes s\u00eb\u00a0 faun\u00ebs,, q\u00eb realizohet\u00a0 n\u00eb territorin e komun\u00ebs ton\u00eb me mb\u00ebshtetjen e\u00a0 ambasad\u00ebs s\u00eb Norvegjis\u00eb gjegjesisht fodnin e ambasades se Norvegjise ne Beograd i cili eshte i hapur edhe per projektet nga Mali i Zi. \u00a0.<\/p>\n<p><a href=\"http:\/\/www.visit-ulcinj.com\/blog\/wp-content\/uploads\/2016\/09\/Nazif-Cungu-Nela-Jovic-Ulcinj-1.jpg\"><img loading=\"lazy\" class=\"alignleft wp-image-99430\" src=\"http:\/\/www.visit-ulcinj.com\/blog\/wp-content\/uploads\/2016\/09\/Nazif-Cungu-Nela-Jovic-Ulcinj-1.jpg\" alt=\"Nazif-Cungu-Nela Jovic-Ulcinj-1\" width=\"508\" height=\"339\" srcset=\"https:\/\/www.visit-ulcinj.com\/blog\/wp-content\/uploads\/2016\/09\/Nazif-Cungu-Nela-Jovic-Ulcinj-1.jpg 999w, https:\/\/www.visit-ulcinj.com\/blog\/wp-content\/uploads\/2016\/09\/Nazif-Cungu-Nela-Jovic-Ulcinj-1-300x200.jpg 300w, https:\/\/www.visit-ulcinj.com\/blog\/wp-content\/uploads\/2016\/09\/Nazif-Cungu-Nela-Jovic-Ulcinj-1-768x512.jpg 768w\" sizes=\"(max-width: 508px) 100vw, 508px\" \/><\/a><\/p>\n<p>Edhe n\u00eb k\u00ebt\u00eb takim\u00a0 u tha q\u00eb rritja e vetedij\u00ebs\u00a0 t\u00eb masave\u00a0 p\u00ebr t\u00eb\u00a0 nd\u00ebrprer\u00eb dukurit\u00eb negative t\u00eb peshkimit \u00ebsht\u00eb i nj\u00eb r\u00ebnd\u00ebsie t\u00eb vecant\u00eb, sepse n\u00eb t\u00eb kund\u00ebrt\u00ebn\u00a0 k\u00ebrc\u00ebnohet\u00a0 rip\u00ebrtrirja e peshkut dhe\u00a0 zhdukja e\u00a0 disa llojeve t\u00eb rralla. Kryetari Cungu\u00a0 insiston n\u00eb\u00a0 implementimin e pervojave evropiane n\u00eb k\u00ebt\u00eb fush\u00eb. Nga\u00a0 organet\u00a0\u00a0 shteterore ,do t\u00eb k\u00ebrkojm\u00eb shtimin e numrit t\u00eb\u00a0 inspektor\u00ebve n\u00eb terren, nd\u00ebrkohe q\u00eb shpreson q\u00eb me riorganizimin e Nd\u00ebrmarrjeve publike q\u00eb\u00a0 merren me k\u00ebt\u00eb veprimtari , situata ne terren do t\u00eb p\u00ebrnmir\u00ebsohet m\u00eb shum\u00eb. Ai njoftoi p\u00ebrfaq\u00ebsuesen\u00a0 e Ambasad\u00ebs s\u00eb Norvegjis\u00eb se Zyra\u00a0 p\u00ebr bashk\u00ebpunim nd\u00ebrkomb\u00ebtar dhe projekte edhe metej do t\u00eb jet\u00eb e fokusuar n\u00eb projekte t\u00eb k\u00ebtij lloji.Udh\u00ebheq\u00ebsja e Programit -Nela Joviq do t\u00eb jet\u00eb n\u00eb terren si dhe do t\u00eb viyitoj\u00eb zyr\u00ebn p\u00ebr projekte.<\/p>\n","protected":false},"excerpt":{"rendered":"<p>Kryetari i komun\u00ebs Nazif Cungu priti n\u00eb takim koordinatoren e programit per projekte bilaterale zhvillimore e Ambasad\u00ebs\u00a0 s\u00eb Mbret\u00ebris\u00eb s\u00eb Norvegjis\u00eb\u00a0 Nela Joviq. Biseda u fokusua\u00a0 n\u00eb Projektin ,,Zhvillimi i\u00a0 q\u00ebndruesh\u00ebm\u00a0 i ekosistemit\u00a0 detar dhe bregdetar\u00a0 n\u00ebp\u00ebrmjet\u00a0 mbrojtjes s\u00eb\u00a0 faun\u00ebs,, q\u00eb realizohet\u00a0 n\u00eb territorin e komun\u00ebs ton\u00eb me mb\u00ebshtetjen e\u00a0 ambasad\u00ebs s\u00eb Norvegjis\u00eb gjegjesisht fodnin [&hellip;]<\/p>\n","protected":false},"author":1,"featured_media":0,"comment_status":"closed","ping_status":"closed","sticky":false,"template":"","format":"standard","meta":{"spay_email":"","jetpack_publicize_message":"","jetpack_is_tweetstorm":false,"jetpack_publicize_feature_enabled":true},"categories":[1,14],"tags":[],"jetpack_publicize_connections":[],"yoast_head":"<!-- This site is optimized with the Yoast SEO plugin v19.1 - https:\/\/yoast.com\/wordpress\/plugins\/seo\/ -->\n<title>Cungu takohet me koordinatoren e programit p\u00ebr projekte bilaterale zhvillimore t\u00eb Ambasad\u00ebs s\u00eb Norvegjis\u00eb - Lajme nga Ulqini<\/title>\n<meta name=\"description\" content=\"Kryetari i komun\u00ebs Nazif Cungu priti n\u00eb takim koordinatoren e programit per projekte bilaterale zhvillimore e Ambasad\u00ebs\u00a0 s\u00eb Mbret\u00ebris\u00eb s\u00eb Norvegjis\u00eb\u00a0 Nela\" \/>\n<meta name=\"robots\" content=\"index, follow, max-snippet:-1, max-image-preview:large, max-video-preview:-1\" \/>\n<link rel=\"canonical\" href=\"https:\/\/www.visit-ulcinj.com\/blog\/2016\/09\/01\/cungu-takohet-koordinatoren-e-programit-per-projekte-bilaterale-zhvillimore-te-ambasades-se-norvegjise\/\" \/>\n<meta property=\"og:locale\" content=\"en_US\" \/>\n<meta property=\"og:type\" content=\"article\" \/>\n<meta property=\"og:title\" content=\"Cungu takohet me koordinatoren e programit p\u00ebr projekte bilaterale zhvillimore t\u00eb Ambasad\u00ebs s\u00eb Norvegjis\u00eb - Lajme nga Ulqini\" \/>\n<meta property=\"og:description\" content=\"Kryetari i komun\u00ebs Nazif Cungu priti n\u00eb takim koordinatoren e programit per projekte bilaterale zhvillimore e Ambasad\u00ebs\u00a0 s\u00eb Mbret\u00ebris\u00eb s\u00eb Norvegjis\u00eb\u00a0 Nela\" \/>\n<meta property=\"og:url\" content=\"https:\/\/www.visit-ulcinj.com\/blog\/2016\/09\/01\/cungu-takohet-koordinatoren-e-programit-per-projekte-bilaterale-zhvillimore-te-ambasades-se-norvegjise\/\" \/>\n<meta property=\"og:site_name\" content=\"Lajme nga Ulqini\" \/>\n<meta property=\"article:published_time\" content=\"2016-09-01T13:29:15+00:00\" \/>\n<meta property=\"article:modified_time\" content=\"2016-09-01T17:24:09+00:00\" \/>\n<meta property=\"og:image\" content=\"http:\/\/www.visit-ulcinj.com\/blog\/wp-content\/uploads\/2016\/09\/Nazif-Cungu-Nela-Jovic-Ulcinj.jpg\" \/>\n<meta name=\"twitter:label1\" content=\"Written by\" \/>\n\t<meta name=\"twitter:data1\" content=\"ulqini\" \/>\n\t<meta name=\"twitter:label2\" content=\"Est. reading time\" \/>\n\t<meta name=\"twitter:data2\" content=\"1 minute\" \/>\n<script type=\"application\/ld+json\" class=\"yoast-schema-graph\">{\"@context\":\"https:\/\/schema.org\",\"@graph\":[{\"@type\":\"WebSite\",\"@id\":\"https:\/\/www.visit-ulcinj.com\/blog\/#website\",\"url\":\"https:\/\/www.visit-ulcinj.com\/blog\/\",\"name\":\"Lajme nga Ulqini\",\"description\":\"Lajme,Vijesti,Ulqini,Ulqin,Crna Gora,Mali i Zi\",\"potentialAction\":[{\"@type\":\"SearchAction\",\"target\":{\"@type\":\"EntryPoint\",\"urlTemplate\":\"https:\/\/www.visit-ulcinj.com\/blog\/?s={search_term_string}\"},\"query-input\":\"required name=search_term_string\"}],\"inLanguage\":\"en-US\"},{\"@type\":\"ImageObject\",\"inLanguage\":\"en-US\",\"@id\":\"https:\/\/www.visit-ulcinj.com\/blog\/2016\/09\/01\/cungu-takohet-koordinatoren-e-programit-per-projekte-bilaterale-zhvillimore-te-ambasades-se-norvegjise\/#primaryimage\",\"url\":\"https:\/\/www.visit-ulcinj.com\/blog\/wp-content\/uploads\/2016\/09\/Nazif-Cungu-Nela-Jovic-Ulcinj.jpg\",\"contentUrl\":\"https:\/\/www.visit-ulcinj.com\/blog\/wp-content\/uploads\/2016\/09\/Nazif-Cungu-Nela-Jovic-Ulcinj.jpg\",\"width\":999,\"height\":666},{\"@type\":\"WebPage\",\"@id\":\"https:\/\/www.visit-ulcinj.com\/blog\/2016\/09\/01\/cungu-takohet-koordinatoren-e-programit-per-projekte-bilaterale-zhvillimore-te-ambasades-se-norvegjise\/#webpage\",\"url\":\"https:\/\/www.visit-ulcinj.com\/blog\/2016\/09\/01\/cungu-takohet-koordinatoren-e-programit-per-projekte-bilaterale-zhvillimore-te-ambasades-se-norvegjise\/\",\"name\":\"Cungu takohet me koordinatoren e programit p\u00ebr projekte bilaterale zhvillimore t\u00eb Ambasad\u00ebs s\u00eb Norvegjis\u00eb - Lajme nga Ulqini\",\"isPartOf\":{\"@id\":\"https:\/\/www.visit-ulcinj.com\/blog\/#website\"},\"primaryImageOfPage\":{\"@id\":\"https:\/\/www.visit-ulcinj.com\/blog\/2016\/09\/01\/cungu-takohet-koordinatoren-e-programit-per-projekte-bilaterale-zhvillimore-te-ambasades-se-norvegjise\/#primaryimage\"},\"datePublished\":\"2016-09-01T13:29:15+00:00\",\"dateModified\":\"2016-09-01T17:24:09+00:00\",\"author\":{\"@id\":\"https:\/\/www.visit-ulcinj.com\/blog\/#\/schema\/person\/dcab619c614d3038751c63bc2aadc06d\"},\"description\":\"Kryetari i komun\u00ebs Nazif Cungu priti n\u00eb takim koordinatoren e programit per projekte bilaterale zhvillimore e Ambasad\u00ebs\u00a0 s\u00eb Mbret\u00ebris\u00eb s\u00eb Norvegjis\u00eb\u00a0 Nela\",\"breadcrumb\":{\"@id\":\"https:\/\/www.visit-ulcinj.com\/blog\/2016\/09\/01\/cungu-takohet-koordinatoren-e-programit-per-projekte-bilaterale-zhvillimore-te-ambasades-se-norvegjise\/#breadcrumb\"},\"inLanguage\":\"en-US\",\"potentialAction\":[{\"@type\":\"ReadAction\",\"target\":[\"https:\/\/www.visit-ulcinj.com\/blog\/2016\/09\/01\/cungu-takohet-koordinatoren-e-programit-per-projekte-bilaterale-zhvillimore-te-ambasades-se-norvegjise\/\"]}]},{\"@type\":\"BreadcrumbList\",\"@id\":\"https:\/\/www.visit-ulcinj.com\/blog\/2016\/09\/01\/cungu-takohet-koordinatoren-e-programit-per-projekte-bilaterale-zhvillimore-te-ambasades-se-norvegjise\/#breadcrumb\",\"itemListElement\":[{\"@type\":\"ListItem\",\"position\":1,\"name\":\"Cungu takohet me koordinatoren e programit p\u00ebr projekte bilaterale zhvillimore t\u00eb Ambasad\u00ebs s\u00eb Norvegjis\u00eb\"}]},{\"@type\":\"Person\",\"@id\":\"https:\/\/www.visit-ulcinj.com\/blog\/#\/schema\/person\/dcab619c614d3038751c63bc2aadc06d\",\"name\":\"ulqini\",\"sameAs\":[\"http:\/\/www.visit-ulcinj.com\"],\"url\":\"https:\/\/www.visit-ulcinj.com\/blog\/author\/admin\/\"}]}<\/script>\n<!-- \/ Yoast SEO plugin. -->","yoast_head_json":{"title":"Cungu takohet me koordinatoren e programit p\u00ebr projekte bilaterale zhvillimore t\u00eb Ambasad\u00ebs s\u00eb Norvegjis\u00eb - Lajme nga Ulqini","description":"Kryetari i komun\u00ebs Nazif Cungu priti n\u00eb takim koordinatoren e programit per projekte bilaterale zhvillimore e Ambasad\u00ebs\u00a0 s\u00eb Mbret\u00ebris\u00eb s\u00eb Norvegjis\u00eb\u00a0 Nela","robots":{"index":"index","follow":"follow","max-snippet":"max-snippet:-1","max-image-preview":"max-image-preview:large","max-video-preview":"max-video-preview:-1"},"canonical":"https:\/\/www.visit-ulcinj.com\/blog\/2016\/09\/01\/cungu-takohet-koordinatoren-e-programit-per-projekte-bilaterale-zhvillimore-te-ambasades-se-norvegjise\/","og_locale":"en_US","og_type":"article","og_title":"Cungu takohet me koordinatoren e programit p\u00ebr projekte bilaterale zhvillimore t\u00eb Ambasad\u00ebs s\u00eb Norvegjis\u00eb - Lajme nga Ulqini","og_description":"Kryetari i komun\u00ebs Nazif Cungu priti n\u00eb takim koordinatoren e programit per projekte bilaterale zhvillimore e Ambasad\u00ebs\u00a0 s\u00eb Mbret\u00ebris\u00eb s\u00eb Norvegjis\u00eb\u00a0 Nela","og_url":"https:\/\/www.visit-ulcinj.com\/blog\/2016\/09\/01\/cungu-takohet-koordinatoren-e-programit-per-projekte-bilaterale-zhvillimore-te-ambasades-se-norvegjise\/","og_site_name":"Lajme nga Ulqini","article_published_time":"2016-09-01T13:29:15+00:00","article_modified_time":"2016-09-01T17:24:09+00:00","og_image":[{"url":"http:\/\/www.visit-ulcinj.com\/blog\/wp-content\/uploads\/2016\/09\/Nazif-Cungu-Nela-Jovic-Ulcinj.jpg"}],"twitter_misc":{"Written by":"ulqini","Est. reading time":"1 minute"},"schema":{"@context":"https:\/\/schema.org","@graph":[{"@type":"WebSite","@id":"https:\/\/www.visit-ulcinj.com\/blog\/#website","url":"https:\/\/www.visit-ulcinj.com\/blog\/","name":"Lajme nga Ulqini","description":"Lajme,Vijesti,Ulqini,Ulqin,Crna Gora,Mali i Zi","potentialAction":[{"@type":"SearchAction","target":{"@type":"EntryPoint","urlTemplate":"https:\/\/www.visit-ulcinj.com\/blog\/?s={search_term_string}"},"query-input":"required name=search_term_string"}],"inLanguage":"en-US"},{"@type":"ImageObject","inLanguage":"en-US","@id":"https:\/\/www.visit-ulcinj.com\/blog\/2016\/09\/01\/cungu-takohet-koordinatoren-e-programit-per-projekte-bilaterale-zhvillimore-te-ambasades-se-norvegjise\/#primaryimage","url":"https:\/\/www.visit-ulcinj.com\/blog\/wp-content\/uploads\/2016\/09\/Nazif-Cungu-Nela-Jovic-Ulcinj.jpg","contentUrl":"https:\/\/www.visit-ulcinj.com\/blog\/wp-content\/uploads\/2016\/09\/Nazif-Cungu-Nela-Jovic-Ulcinj.jpg","width":999,"height":666},{"@type":"WebPage","@id":"https:\/\/www.visit-ulcinj.com\/blog\/2016\/09\/01\/cungu-takohet-koordinatoren-e-programit-per-projekte-bilaterale-zhvillimore-te-ambasades-se-norvegjise\/#webpage","url":"https:\/\/www.visit-ulcinj.com\/blog\/2016\/09\/01\/cungu-takohet-koordinatoren-e-programit-per-projekte-bilaterale-zhvillimore-te-ambasades-se-norvegjise\/","name":"Cungu takohet me koordinatoren e programit p\u00ebr projekte bilaterale zhvillimore t\u00eb Ambasad\u00ebs s\u00eb Norvegjis\u00eb - Lajme nga Ulqini","isPartOf":{"@id":"https:\/\/www.visit-ulcinj.com\/blog\/#website"},"primaryImageOfPage":{"@id":"https:\/\/www.visit-ulcinj.com\/blog\/2016\/09\/01\/cungu-takohet-koordinatoren-e-programit-per-projekte-bilaterale-zhvillimore-te-ambasades-se-norvegjise\/#primaryimage"},"datePublished":"2016-09-01T13:29:15+00:00","dateModified":"2016-09-01T17:24:09+00:00","author":{"@id":"https:\/\/www.visit-ulcinj.com\/blog\/#\/schema\/person\/dcab619c614d3038751c63bc2aadc06d"},"description":"Kryetari i komun\u00ebs Nazif Cungu priti n\u00eb takim koordinatoren e programit per projekte bilaterale zhvillimore e Ambasad\u00ebs\u00a0 s\u00eb Mbret\u00ebris\u00eb s\u00eb Norvegjis\u00eb\u00a0 Nela","breadcrumb":{"@id":"https:\/\/www.visit-ulcinj.com\/blog\/2016\/09\/01\/cungu-takohet-koordinatoren-e-programit-per-projekte-bilaterale-zhvillimore-te-ambasades-se-norvegjise\/#breadcrumb"},"inLanguage":"en-US","potentialAction":[{"@type":"ReadAction","target":["https:\/\/www.visit-ulcinj.com\/blog\/2016\/09\/01\/cungu-takohet-koordinatoren-e-programit-per-projekte-bilaterale-zhvillimore-te-ambasades-se-norvegjise\/"]}]},{"@type":"BreadcrumbList","@id":"https:\/\/www.visit-ulcinj.com\/blog\/2016\/09\/01\/cungu-takohet-koordinatoren-e-programit-per-projekte-bilaterale-zhvillimore-te-ambasades-se-norvegjise\/#breadcrumb","itemListElement":[{"@type":"ListItem","position":1,"name":"Cungu takohet me koordinatoren e programit p\u00ebr projekte bilaterale zhvillimore t\u00eb Ambasad\u00ebs s\u00eb Norvegjis\u00eb"}]},{"@type":"Person","@id":"https:\/\/www.visit-ulcinj.com\/blog\/#\/schema\/person\/dcab619c614d3038751c63bc2aadc06d","name":"ulqini","sameAs":["http:\/\/www.visit-ulcinj.com"],"url":"https:\/\/www.visit-ulcinj.com\/blog\/author\/admin\/"}]}},"jetpack_featured_media_url":"","jetpack_sharing_enabled":true,"jetpack_shortlink":"https:\/\/wp.me\/pe6lTn-pRD","_links":{"self":[{"href":"https:\/\/www.visit-ulcinj.com\/blog\/wp-json\/wp\/v2\/posts\/99425"}],"collection":[{"href":"https:\/\/www.visit-ulcinj.com\/blog\/wp-json\/wp\/v2\/posts"}],"about":[{"href":"https:\/\/www.visit-ulcinj.com\/blog\/wp-json\/wp\/v2\/types\/post"}],"author":[{"embeddable":true,"href":"https:\/\/www.visit-ulcinj.com\/blog\/wp-json\/wp\/v2\/users\/1"}],"replies":[{"embeddable":true,"href":"https:\/\/www.visit-ulcinj.com\/blog\/wp-json\/wp\/v2\/comments?post=99425"}],"version-history":[{"count":2,"href":"https:\/\/www.visit-ulcinj.com\/blog\/wp-json\/wp\/v2\/posts\/99425\/revisions"}],"predecessor-version":[{"id":99432,"href":"https:\/\/www.visit-ulcinj.com\/blog\/wp-json\/wp\/v2\/posts\/99425\/revisions\/99432"}],"wp:attachment":[{"href":"https:\/\/www.visit-ulcinj.com\/blog\/wp-json\/wp\/v2\/media?parent=99425"}],"wp:term":[{"taxonomy":"category","embeddable":true,"href":"https:\/\/www.visit-ulcinj.com\/blog\/wp-json\/wp\/v2\/categories?post=99425"},{"taxonomy":"post_tag","embeddable":true,"href":"https:\/\/www.visit-ulcinj.com\/blog\/wp-json\/wp\/v2\/tags?post=99425"}],"curies":[{"name":"wp","href":"https:\/\/api.w.org\/{rel}","templated":true}]}}