{"id":99435,"date":"2016-09-01T14:55:30","date_gmt":"2016-09-01T13:55:30","guid":{"rendered":"http:\/\/www.visit-ulcinj.com\/blog\/?p=99435"},"modified":"2016-09-01T14:55:30","modified_gmt":"2016-09-01T13:55:30","slug":"kksh-ja-urime-diten-e-pare-te-shkolles","status":"publish","type":"post","link":"https:\/\/www.visit-ulcinj.com\/blog\/2016\/09\/01\/kksh-ja-urime-diten-e-pare-te-shkolles\/","title":{"rendered":"KKSH-ja: Urime dit\u00ebn e par\u00eb t\u00eb shkoll\u00ebs"},"content":{"rendered":"<p><strong><a href=\"http:\/\/www.visit-ulcinj.com\/blog\/wp-content\/uploads\/2016\/09\/Kryetari-i-KKSH-se-Genci-Nimanbegu.jpg\"><img loading=\"lazy\" class=\"alignleft wp-image-99436\" src=\"http:\/\/www.visit-ulcinj.com\/blog\/wp-content\/uploads\/2016\/09\/Kryetari-i-KKSH-se-Genci-Nimanbegu.jpg\" alt=\"Kryetari-i-KKSH-se-Genci-Nimanbegu\" width=\"508\" height=\"339\" srcset=\"https:\/\/www.visit-ulcinj.com\/blog\/wp-content\/uploads\/2016\/09\/Kryetari-i-KKSH-se-Genci-Nimanbegu.jpg 999w, https:\/\/www.visit-ulcinj.com\/blog\/wp-content\/uploads\/2016\/09\/Kryetari-i-KKSH-se-Genci-Nimanbegu-300x200.jpg 300w, https:\/\/www.visit-ulcinj.com\/blog\/wp-content\/uploads\/2016\/09\/Kryetari-i-KKSH-se-Genci-Nimanbegu-768x512.jpg 768w\" sizes=\"(max-width: 508px) 100vw, 508px\" \/><\/a>Urim p\u00ebr nx\u00ebn\u00ebsit, m\u00ebsimdh\u00ebn\u00ebsit dhe prind\u00ebrit p\u00ebr dit\u00ebn e par\u00eb t\u00eb shkoll\u00ebs<\/strong><\/p>\n<p>&nbsp;<\/p>\n<p>N\u00eb em\u00ebr t\u00eb K\u00ebshillit Komb\u00ebtar t\u00eb Shqiptar\u00ebve\u00a0n\u00eb Mal t\u00eb Zi dhe n\u00eb emrin tim personal, e p\u00ebrcjell k\u00ebt\u00eb\u00a0urim tek t\u00eb gjith\u00eb nx\u00ebn\u00ebsit p\u00ebr dit\u00ebn e par\u00eb t\u00eb shkoll\u00ebs, duke i d\u00ebshiruar nj\u00eb fillim t\u00eb mbar\u00eb, t\u00eb suksessh\u00ebm dhe sa m\u00eb t\u00eb frytsh\u00ebm.<\/p>\n<p>I urojm\u00eb nj\u00ebherit edhe m\u00ebsimdh\u00ebn\u00ebsve fillimin e vitit t\u00eb ri shkollor, me d\u00ebshir\u00ebn q\u00eb dituria e tyre dhe e librit, t\u00eb gjejn\u00eb strehim n\u00eb mendjen e nx\u00ebn\u00ebsve dhe puna e tyre e shenjt\u00eb t\u00eb realizohet si duhet.<\/p>\n<p>&nbsp;<\/p>\n<p>Urojm\u00eb edhe prind\u00ebrit p\u00ebr nj\u00eb vit sa m\u00eb t\u00eb suksessh\u00ebm p\u00ebr f\u00ebmij\u00ebt e tyre, duke i kujtuar q\u00eb sakrifica e b\u00ebr\u00eb p\u00ebr t\u2019i mund\u00ebsuar f\u00ebmij\u00ebve arsimim sa m\u00eb cil\u00ebsor, nj\u00eb dit\u00eb do t\u00eb shp\u00ebrblehet.<\/p>\n<p>Urimi m\u00eb i ve\u00e7ant\u00eb \u00ebsht\u00eb padyshim p\u00ebr ata q\u00eb sot p\u00ebr her\u00eb t\u00eb par\u00eb do t\u00eb ulen n\u00eb bankat e shkoll\u00ebs, t\u00eb cil\u00ebt m\u00eb k\u00ebt\u00eb rast fillojn\u00eb nj\u00eb etap\u00eb t\u00eb re t\u00eb jet\u00ebs s\u00eb tyre, p\u00ebr \u00e7ka ju urojm\u00eb suksese.<\/p>\n<p>Dua q\u00eb me k\u00ebt\u00eb rast t\u00eb p\u00ebrcjell edhe nj\u00eb k\u00ebshill\u00eb:<\/p>\n<p>\u201cDituria \u00ebsht\u00eb e vetmja gj\u00eb n\u00eb bot\u00eb me vler\u00eb, por pa \u00e7mim; e vetmja gj\u00eb q\u00eb fitohet dhe nuk blihet. Ka shum\u00eb gj\u00ebra q\u00eb presin p\u00ebr t\u2019u m\u00ebsuar, por shum\u00eb pak koh\u00eb p\u00ebr t\u2019i m\u00ebsuar\u201d.<\/p>\n<p>Andaj, shfryt\u00ebzojeni secilin moment p\u00ebr t\u00eb ndri\u00e7uar mendjen tuaj me dituri dhe, mbi t\u00eb gjitha, mos harroni se dit\u00ebt m\u00eb t\u00eb bukura jan\u00eb ato n\u00eb bankat shkollore.<\/p>\n<p>&nbsp;<\/p>\n<p>Me shum\u00eb respekt,<\/p>\n<p><strong>Kryetari<\/strong><\/p>\n<p><strong>Genci Nimanbegu<\/strong><\/p>\n","protected":false},"excerpt":{"rendered":"<p>Urim p\u00ebr nx\u00ebn\u00ebsit, m\u00ebsimdh\u00ebn\u00ebsit dhe prind\u00ebrit p\u00ebr dit\u00ebn e par\u00eb t\u00eb shkoll\u00ebs &nbsp; N\u00eb em\u00ebr t\u00eb K\u00ebshillit Komb\u00ebtar t\u00eb Shqiptar\u00ebve\u00a0n\u00eb Mal t\u00eb Zi dhe n\u00eb emrin tim personal, e p\u00ebrcjell k\u00ebt\u00eb\u00a0urim tek t\u00eb gjith\u00eb nx\u00ebn\u00ebsit p\u00ebr dit\u00ebn e par\u00eb t\u00eb shkoll\u00ebs, duke i d\u00ebshiruar nj\u00eb fillim t\u00eb mbar\u00eb, t\u00eb suksessh\u00ebm dhe sa m\u00eb t\u00eb frytsh\u00ebm. [&hellip;]<\/p>\n","protected":false},"author":1,"featured_media":0,"comment_status":"closed","ping_status":"closed","sticky":false,"template":"","format":"standard","meta":{"spay_email":"","jetpack_publicize_message":"","jetpack_is_tweetstorm":false,"jetpack_publicize_feature_enabled":true},"categories":[4],"tags":[],"jetpack_publicize_connections":[],"yoast_head":"<!-- This site is optimized with the Yoast SEO plugin v19.1 - https:\/\/yoast.com\/wordpress\/plugins\/seo\/ -->\n<title>KKSH-ja: Urime dit\u00ebn e par\u00eb t\u00eb shkoll\u00ebs - Lajme nga Ulqini<\/title>\n<meta name=\"description\" content=\"Urim p\u00ebr nx\u00ebn\u00ebsit, m\u00ebsimdh\u00ebn\u00ebsit dhe prind\u00ebrit p\u00ebr dit\u00ebn e par\u00eb t\u00eb shkoll\u00ebs &nbsp; N\u00eb em\u00ebr t\u00eb K\u00ebshillit Komb\u00ebtar t\u00eb Shqiptar\u00ebve\u00a0n\u00eb Mal t\u00eb Zi dhe n\u00eb emrin\" \/>\n<meta name=\"robots\" content=\"index, follow, max-snippet:-1, max-image-preview:large, max-video-preview:-1\" \/>\n<link rel=\"canonical\" href=\"https:\/\/www.visit-ulcinj.com\/blog\/2016\/09\/01\/kksh-ja-urime-diten-e-pare-te-shkolles\/\" \/>\n<meta property=\"og:locale\" content=\"en_US\" \/>\n<meta property=\"og:type\" content=\"article\" \/>\n<meta property=\"og:title\" content=\"KKSH-ja: Urime dit\u00ebn e par\u00eb t\u00eb shkoll\u00ebs - Lajme nga Ulqini\" \/>\n<meta property=\"og:description\" content=\"Urim p\u00ebr nx\u00ebn\u00ebsit, m\u00ebsimdh\u00ebn\u00ebsit dhe prind\u00ebrit p\u00ebr dit\u00ebn e par\u00eb t\u00eb shkoll\u00ebs &nbsp; N\u00eb em\u00ebr t\u00eb K\u00ebshillit Komb\u00ebtar t\u00eb Shqiptar\u00ebve\u00a0n\u00eb Mal t\u00eb Zi dhe n\u00eb emrin\" \/>\n<meta property=\"og:url\" content=\"https:\/\/www.visit-ulcinj.com\/blog\/2016\/09\/01\/kksh-ja-urime-diten-e-pare-te-shkolles\/\" \/>\n<meta property=\"og:site_name\" content=\"Lajme nga Ulqini\" \/>\n<meta property=\"article:published_time\" content=\"2016-09-01T13:55:30+00:00\" \/>\n<meta property=\"og:image\" content=\"http:\/\/www.visit-ulcinj.com\/blog\/wp-content\/uploads\/2016\/09\/Kryetari-i-KKSH-se-Genci-Nimanbegu.jpg\" \/>\n<meta name=\"twitter:label1\" content=\"Written by\" \/>\n\t<meta name=\"twitter:data1\" content=\"ulqini\" \/>\n\t<meta name=\"twitter:label2\" content=\"Est. reading time\" \/>\n\t<meta name=\"twitter:data2\" content=\"2 minutes\" \/>\n<script type=\"application\/ld+json\" class=\"yoast-schema-graph\">{\"@context\":\"https:\/\/schema.org\",\"@graph\":[{\"@type\":\"WebSite\",\"@id\":\"https:\/\/www.visit-ulcinj.com\/blog\/#website\",\"url\":\"https:\/\/www.visit-ulcinj.com\/blog\/\",\"name\":\"Lajme nga Ulqini\",\"description\":\"Lajme,Vijesti,Ulqini,Ulqin,Crna Gora,Mali i Zi\",\"potentialAction\":[{\"@type\":\"SearchAction\",\"target\":{\"@type\":\"EntryPoint\",\"urlTemplate\":\"https:\/\/www.visit-ulcinj.com\/blog\/?s={search_term_string}\"},\"query-input\":\"required name=search_term_string\"}],\"inLanguage\":\"en-US\"},{\"@type\":\"ImageObject\",\"inLanguage\":\"en-US\",\"@id\":\"https:\/\/www.visit-ulcinj.com\/blog\/2016\/09\/01\/kksh-ja-urime-diten-e-pare-te-shkolles\/#primaryimage\",\"url\":\"https:\/\/www.visit-ulcinj.com\/blog\/wp-content\/uploads\/2016\/09\/Kryetari-i-KKSH-se-Genci-Nimanbegu.jpg\",\"contentUrl\":\"https:\/\/www.visit-ulcinj.com\/blog\/wp-content\/uploads\/2016\/09\/Kryetari-i-KKSH-se-Genci-Nimanbegu.jpg\",\"width\":999,\"height\":666},{\"@type\":\"WebPage\",\"@id\":\"https:\/\/www.visit-ulcinj.com\/blog\/2016\/09\/01\/kksh-ja-urime-diten-e-pare-te-shkolles\/#webpage\",\"url\":\"https:\/\/www.visit-ulcinj.com\/blog\/2016\/09\/01\/kksh-ja-urime-diten-e-pare-te-shkolles\/\",\"name\":\"KKSH-ja: Urime dit\u00ebn e par\u00eb t\u00eb shkoll\u00ebs - Lajme nga Ulqini\",\"isPartOf\":{\"@id\":\"https:\/\/www.visit-ulcinj.com\/blog\/#website\"},\"primaryImageOfPage\":{\"@id\":\"https:\/\/www.visit-ulcinj.com\/blog\/2016\/09\/01\/kksh-ja-urime-diten-e-pare-te-shkolles\/#primaryimage\"},\"datePublished\":\"2016-09-01T13:55:30+00:00\",\"dateModified\":\"2016-09-01T13:55:30+00:00\",\"author\":{\"@id\":\"https:\/\/www.visit-ulcinj.com\/blog\/#\/schema\/person\/dcab619c614d3038751c63bc2aadc06d\"},\"description\":\"Urim p\u00ebr nx\u00ebn\u00ebsit, m\u00ebsimdh\u00ebn\u00ebsit dhe prind\u00ebrit p\u00ebr dit\u00ebn e par\u00eb t\u00eb shkoll\u00ebs &nbsp; N\u00eb em\u00ebr t\u00eb K\u00ebshillit Komb\u00ebtar t\u00eb Shqiptar\u00ebve\u00a0n\u00eb Mal t\u00eb Zi dhe n\u00eb emrin\",\"breadcrumb\":{\"@id\":\"https:\/\/www.visit-ulcinj.com\/blog\/2016\/09\/01\/kksh-ja-urime-diten-e-pare-te-shkolles\/#breadcrumb\"},\"inLanguage\":\"en-US\",\"potentialAction\":[{\"@type\":\"ReadAction\",\"target\":[\"https:\/\/www.visit-ulcinj.com\/blog\/2016\/09\/01\/kksh-ja-urime-diten-e-pare-te-shkolles\/\"]}]},{\"@type\":\"BreadcrumbList\",\"@id\":\"https:\/\/www.visit-ulcinj.com\/blog\/2016\/09\/01\/kksh-ja-urime-diten-e-pare-te-shkolles\/#breadcrumb\",\"itemListElement\":[{\"@type\":\"ListItem\",\"position\":1,\"name\":\"KKSH-ja: Urime dit\u00ebn e par\u00eb t\u00eb shkoll\u00ebs\"}]},{\"@type\":\"Person\",\"@id\":\"https:\/\/www.visit-ulcinj.com\/blog\/#\/schema\/person\/dcab619c614d3038751c63bc2aadc06d\",\"name\":\"ulqini\",\"sameAs\":[\"http:\/\/www.visit-ulcinj.com\"],\"url\":\"https:\/\/www.visit-ulcinj.com\/blog\/author\/admin\/\"}]}<\/script>\n<!-- \/ Yoast SEO plugin. -->","yoast_head_json":{"title":"KKSH-ja: Urime dit\u00ebn e par\u00eb t\u00eb shkoll\u00ebs - Lajme nga Ulqini","description":"Urim p\u00ebr nx\u00ebn\u00ebsit, m\u00ebsimdh\u00ebn\u00ebsit dhe prind\u00ebrit p\u00ebr dit\u00ebn e par\u00eb t\u00eb shkoll\u00ebs &nbsp; N\u00eb em\u00ebr t\u00eb K\u00ebshillit Komb\u00ebtar t\u00eb Shqiptar\u00ebve\u00a0n\u00eb Mal t\u00eb Zi dhe n\u00eb emrin","robots":{"index":"index","follow":"follow","max-snippet":"max-snippet:-1","max-image-preview":"max-image-preview:large","max-video-preview":"max-video-preview:-1"},"canonical":"https:\/\/www.visit-ulcinj.com\/blog\/2016\/09\/01\/kksh-ja-urime-diten-e-pare-te-shkolles\/","og_locale":"en_US","og_type":"article","og_title":"KKSH-ja: Urime dit\u00ebn e par\u00eb t\u00eb shkoll\u00ebs - Lajme nga Ulqini","og_description":"Urim p\u00ebr nx\u00ebn\u00ebsit, m\u00ebsimdh\u00ebn\u00ebsit dhe prind\u00ebrit p\u00ebr dit\u00ebn e par\u00eb t\u00eb shkoll\u00ebs &nbsp; N\u00eb em\u00ebr t\u00eb K\u00ebshillit Komb\u00ebtar t\u00eb Shqiptar\u00ebve\u00a0n\u00eb Mal t\u00eb Zi dhe n\u00eb emrin","og_url":"https:\/\/www.visit-ulcinj.com\/blog\/2016\/09\/01\/kksh-ja-urime-diten-e-pare-te-shkolles\/","og_site_name":"Lajme nga Ulqini","article_published_time":"2016-09-01T13:55:30+00:00","og_image":[{"url":"http:\/\/www.visit-ulcinj.com\/blog\/wp-content\/uploads\/2016\/09\/Kryetari-i-KKSH-se-Genci-Nimanbegu.jpg"}],"twitter_misc":{"Written by":"ulqini","Est. reading time":"2 minutes"},"schema":{"@context":"https:\/\/schema.org","@graph":[{"@type":"WebSite","@id":"https:\/\/www.visit-ulcinj.com\/blog\/#website","url":"https:\/\/www.visit-ulcinj.com\/blog\/","name":"Lajme nga Ulqini","description":"Lajme,Vijesti,Ulqini,Ulqin,Crna Gora,Mali i Zi","potentialAction":[{"@type":"SearchAction","target":{"@type":"EntryPoint","urlTemplate":"https:\/\/www.visit-ulcinj.com\/blog\/?s={search_term_string}"},"query-input":"required name=search_term_string"}],"inLanguage":"en-US"},{"@type":"ImageObject","inLanguage":"en-US","@id":"https:\/\/www.visit-ulcinj.com\/blog\/2016\/09\/01\/kksh-ja-urime-diten-e-pare-te-shkolles\/#primaryimage","url":"https:\/\/www.visit-ulcinj.com\/blog\/wp-content\/uploads\/2016\/09\/Kryetari-i-KKSH-se-Genci-Nimanbegu.jpg","contentUrl":"https:\/\/www.visit-ulcinj.com\/blog\/wp-content\/uploads\/2016\/09\/Kryetari-i-KKSH-se-Genci-Nimanbegu.jpg","width":999,"height":666},{"@type":"WebPage","@id":"https:\/\/www.visit-ulcinj.com\/blog\/2016\/09\/01\/kksh-ja-urime-diten-e-pare-te-shkolles\/#webpage","url":"https:\/\/www.visit-ulcinj.com\/blog\/2016\/09\/01\/kksh-ja-urime-diten-e-pare-te-shkolles\/","name":"KKSH-ja: Urime dit\u00ebn e par\u00eb t\u00eb shkoll\u00ebs - Lajme nga Ulqini","isPartOf":{"@id":"https:\/\/www.visit-ulcinj.com\/blog\/#website"},"primaryImageOfPage":{"@id":"https:\/\/www.visit-ulcinj.com\/blog\/2016\/09\/01\/kksh-ja-urime-diten-e-pare-te-shkolles\/#primaryimage"},"datePublished":"2016-09-01T13:55:30+00:00","dateModified":"2016-09-01T13:55:30+00:00","author":{"@id":"https:\/\/www.visit-ulcinj.com\/blog\/#\/schema\/person\/dcab619c614d3038751c63bc2aadc06d"},"description":"Urim p\u00ebr nx\u00ebn\u00ebsit, m\u00ebsimdh\u00ebn\u00ebsit dhe prind\u00ebrit p\u00ebr dit\u00ebn e par\u00eb t\u00eb shkoll\u00ebs &nbsp; N\u00eb em\u00ebr t\u00eb K\u00ebshillit Komb\u00ebtar t\u00eb Shqiptar\u00ebve\u00a0n\u00eb Mal t\u00eb Zi dhe n\u00eb emrin","breadcrumb":{"@id":"https:\/\/www.visit-ulcinj.com\/blog\/2016\/09\/01\/kksh-ja-urime-diten-e-pare-te-shkolles\/#breadcrumb"},"inLanguage":"en-US","potentialAction":[{"@type":"ReadAction","target":["https:\/\/www.visit-ulcinj.com\/blog\/2016\/09\/01\/kksh-ja-urime-diten-e-pare-te-shkolles\/"]}]},{"@type":"BreadcrumbList","@id":"https:\/\/www.visit-ulcinj.com\/blog\/2016\/09\/01\/kksh-ja-urime-diten-e-pare-te-shkolles\/#breadcrumb","itemListElement":[{"@type":"ListItem","position":1,"name":"KKSH-ja: Urime dit\u00ebn e par\u00eb t\u00eb shkoll\u00ebs"}]},{"@type":"Person","@id":"https:\/\/www.visit-ulcinj.com\/blog\/#\/schema\/person\/dcab619c614d3038751c63bc2aadc06d","name":"ulqini","sameAs":["http:\/\/www.visit-ulcinj.com"],"url":"https:\/\/www.visit-ulcinj.com\/blog\/author\/admin\/"}]}},"jetpack_featured_media_url":"","jetpack_sharing_enabled":true,"jetpack_shortlink":"https:\/\/wp.me\/pe6lTn-pRN","_links":{"self":[{"href":"https:\/\/www.visit-ulcinj.com\/blog\/wp-json\/wp\/v2\/posts\/99435"}],"collection":[{"href":"https:\/\/www.visit-ulcinj.com\/blog\/wp-json\/wp\/v2\/posts"}],"about":[{"href":"https:\/\/www.visit-ulcinj.com\/blog\/wp-json\/wp\/v2\/types\/post"}],"author":[{"embeddable":true,"href":"https:\/\/www.visit-ulcinj.com\/blog\/wp-json\/wp\/v2\/users\/1"}],"replies":[{"embeddable":true,"href":"https:\/\/www.visit-ulcinj.com\/blog\/wp-json\/wp\/v2\/comments?post=99435"}],"version-history":[{"count":1,"href":"https:\/\/www.visit-ulcinj.com\/blog\/wp-json\/wp\/v2\/posts\/99435\/revisions"}],"predecessor-version":[{"id":99437,"href":"https:\/\/www.visit-ulcinj.com\/blog\/wp-json\/wp\/v2\/posts\/99435\/revisions\/99437"}],"wp:attachment":[{"href":"https:\/\/www.visit-ulcinj.com\/blog\/wp-json\/wp\/v2\/media?parent=99435"}],"wp:term":[{"taxonomy":"category","embeddable":true,"href":"https:\/\/www.visit-ulcinj.com\/blog\/wp-json\/wp\/v2\/categories?post=99435"},{"taxonomy":"post_tag","embeddable":true,"href":"https:\/\/www.visit-ulcinj.com\/blog\/wp-json\/wp\/v2\/tags?post=99435"}],"curies":[{"name":"wp","href":"https:\/\/api.w.org\/{rel}","templated":true}]}}