{"id":99438,"date":"2016-09-01T15:08:00","date_gmt":"2016-09-01T14:08:00","guid":{"rendered":"http:\/\/www.visit-ulcinj.com\/blog\/?p=99438"},"modified":"2016-09-01T15:08:00","modified_gmt":"2016-09-01T14:08:00","slug":"dorezimi-titullit-misionar-paqeje-mehmet-zenkes","status":"publish","type":"post","link":"https:\/\/www.visit-ulcinj.com\/blog\/2016\/09\/01\/dorezimi-titullit-misionar-paqeje-mehmet-zenkes\/","title":{"rendered":"Dor\u00ebzimi i titullit &#8220;Misionar Paqeje&#8221; Mehmet Zenk\u00ebs"},"content":{"rendered":"<p><a href=\"http:\/\/www.visit-ulcinj.com\/blog\/wp-content\/uploads\/2016\/09\/palata-venecija-Ulcinj.jpg\"><img loading=\"lazy\" class=\"alignleft wp-image-99439\" src=\"http:\/\/www.visit-ulcinj.com\/blog\/wp-content\/uploads\/2016\/09\/palata-venecija-Ulcinj.jpg\" alt=\"palata-venecija-Ulcinj\" width=\"508\" height=\"250\" srcset=\"https:\/\/www.visit-ulcinj.com\/blog\/wp-content\/uploads\/2016\/09\/palata-venecija-Ulcinj.jpg 710w, https:\/\/www.visit-ulcinj.com\/blog\/wp-content\/uploads\/2016\/09\/palata-venecija-Ulcinj-300x148.jpg 300w\" sizes=\"(max-width: 508px) 100vw, 508px\" \/><\/a>Unioni Demokratik i Shqiptar\u00ebve (UDSH) ka nderin t\u2019ju ftoj\u00eb t\u00eb merrni pjes\u00eb n\u00eb ceremonin\u00eb q\u00eb organizohet me rastin e dor\u00ebzimit t\u00eb titullit \u201cMisionar Paqeje\u201d z. Mehmed Zenka, titull ky q\u00eb ia ka akorduar Diplomatic Mission Peace and Prosperity (DMPP).<br \/>\nCeremonia e dor\u00ebzimit do t\u00eb mbahet dit\u00ebn e shtun\u00eb, m\u00eb 3 shtator, n\u00eb ora 12:00,\u00a0 n\u00eb \u201cPallatin Venecia\u201d n\u00eb Kalan\u00eb e Ulqinit.<\/p>\n<p><a href=\"http:\/\/www.visit-ulcinj.com\/blog\/wp-content\/uploads\/2016\/09\/Misionar-Paqeje-Mehmet-Zenka-Ulqin.jpg\"><img loading=\"lazy\" class=\"alignleft wp-image-99440\" src=\"http:\/\/www.visit-ulcinj.com\/blog\/wp-content\/uploads\/2016\/09\/Misionar-Paqeje-Mehmet-Zenka-Ulqin.jpg\" alt=\"Misionar Paqeje-Mehmet Zenka -Ulqin\" width=\"508\" height=\"358\" srcset=\"https:\/\/www.visit-ulcinj.com\/blog\/wp-content\/uploads\/2016\/09\/Misionar-Paqeje-Mehmet-Zenka-Ulqin.jpg 805w, https:\/\/www.visit-ulcinj.com\/blog\/wp-content\/uploads\/2016\/09\/Misionar-Paqeje-Mehmet-Zenka-Ulqin-300x212.jpg 300w, https:\/\/www.visit-ulcinj.com\/blog\/wp-content\/uploads\/2016\/09\/Misionar-Paqeje-Mehmet-Zenka-Ulqin-768x542.jpg 768w\" sizes=\"(max-width: 508px) 100vw, 508px\" \/><\/a><\/p>\n","protected":false},"excerpt":{"rendered":"<p>Unioni Demokratik i Shqiptar\u00ebve (UDSH) ka nderin t\u2019ju ftoj\u00eb t\u00eb merrni pjes\u00eb n\u00eb ceremonin\u00eb q\u00eb organizohet me rastin e dor\u00ebzimit t\u00eb titullit \u201cMisionar Paqeje\u201d z. Mehmed Zenka, titull ky q\u00eb ia ka akorduar Diplomatic Mission Peace and Prosperity (DMPP). Ceremonia e dor\u00ebzimit do t\u00eb mbahet dit\u00ebn e shtun\u00eb, m\u00eb 3 shtator, n\u00eb ora 12:00,\u00a0 n\u00eb [&hellip;]<\/p>\n","protected":false},"author":1,"featured_media":0,"comment_status":"closed","ping_status":"closed","sticky":false,"template":"","format":"standard","meta":{"spay_email":"","jetpack_publicize_message":"","jetpack_is_tweetstorm":false,"jetpack_publicize_feature_enabled":true},"categories":[6950],"tags":[],"jetpack_publicize_connections":[],"yoast_head":"<!-- This site is optimized with the Yoast SEO plugin v19.1 - https:\/\/yoast.com\/wordpress\/plugins\/seo\/ -->\n<title>Dor\u00ebzimi i titullit &quot;Misionar Paqeje&quot; Mehmet Zenk\u00ebs - Lajme nga Ulqini<\/title>\n<meta name=\"description\" content=\"Unioni Demokratik i Shqiptar\u00ebve (UDSH) ka nderin t\u2019ju ftoj\u00eb t\u00eb merrni pjes\u00eb n\u00eb ceremonin\u00eb q\u00eb organizohet me rastin e dor\u00ebzimit t\u00eb titullit \u201cMisionar\" \/>\n<meta name=\"robots\" content=\"index, follow, max-snippet:-1, max-image-preview:large, max-video-preview:-1\" \/>\n<link rel=\"canonical\" href=\"https:\/\/www.visit-ulcinj.com\/blog\/2016\/09\/01\/dorezimi-titullit-misionar-paqeje-mehmet-zenkes\/\" \/>\n<meta property=\"og:locale\" content=\"en_US\" \/>\n<meta property=\"og:type\" content=\"article\" \/>\n<meta property=\"og:title\" content=\"Dor\u00ebzimi i titullit &quot;Misionar Paqeje&quot; Mehmet Zenk\u00ebs - Lajme nga Ulqini\" \/>\n<meta property=\"og:description\" content=\"Unioni Demokratik i Shqiptar\u00ebve (UDSH) ka nderin t\u2019ju ftoj\u00eb t\u00eb merrni pjes\u00eb n\u00eb ceremonin\u00eb q\u00eb organizohet me rastin e dor\u00ebzimit t\u00eb titullit \u201cMisionar\" \/>\n<meta property=\"og:url\" content=\"https:\/\/www.visit-ulcinj.com\/blog\/2016\/09\/01\/dorezimi-titullit-misionar-paqeje-mehmet-zenkes\/\" \/>\n<meta property=\"og:site_name\" content=\"Lajme nga Ulqini\" \/>\n<meta property=\"article:published_time\" content=\"2016-09-01T14:08:00+00:00\" \/>\n<meta property=\"og:image\" content=\"http:\/\/www.visit-ulcinj.com\/blog\/wp-content\/uploads\/2016\/09\/palata-venecija-Ulcinj.jpg\" \/>\n<meta name=\"twitter:label1\" content=\"Written by\" \/>\n\t<meta name=\"twitter:data1\" content=\"ulqini\" \/>\n<script type=\"application\/ld+json\" class=\"yoast-schema-graph\">{\"@context\":\"https:\/\/schema.org\",\"@graph\":[{\"@type\":\"WebSite\",\"@id\":\"https:\/\/www.visit-ulcinj.com\/blog\/#website\",\"url\":\"https:\/\/www.visit-ulcinj.com\/blog\/\",\"name\":\"Lajme nga Ulqini\",\"description\":\"Lajme,Vijesti,Ulqini,Ulqin,Crna Gora,Mali i Zi\",\"potentialAction\":[{\"@type\":\"SearchAction\",\"target\":{\"@type\":\"EntryPoint\",\"urlTemplate\":\"https:\/\/www.visit-ulcinj.com\/blog\/?s={search_term_string}\"},\"query-input\":\"required name=search_term_string\"}],\"inLanguage\":\"en-US\"},{\"@type\":\"ImageObject\",\"inLanguage\":\"en-US\",\"@id\":\"https:\/\/www.visit-ulcinj.com\/blog\/2016\/09\/01\/dorezimi-titullit-misionar-paqeje-mehmet-zenkes\/#primaryimage\",\"url\":\"https:\/\/www.visit-ulcinj.com\/blog\/wp-content\/uploads\/2016\/09\/palata-venecija-Ulcinj.jpg\",\"contentUrl\":\"https:\/\/www.visit-ulcinj.com\/blog\/wp-content\/uploads\/2016\/09\/palata-venecija-Ulcinj.jpg\",\"width\":710,\"height\":350},{\"@type\":\"WebPage\",\"@id\":\"https:\/\/www.visit-ulcinj.com\/blog\/2016\/09\/01\/dorezimi-titullit-misionar-paqeje-mehmet-zenkes\/#webpage\",\"url\":\"https:\/\/www.visit-ulcinj.com\/blog\/2016\/09\/01\/dorezimi-titullit-misionar-paqeje-mehmet-zenkes\/\",\"name\":\"Dor\u00ebzimi i titullit \\\"Misionar Paqeje\\\" Mehmet Zenk\u00ebs - Lajme nga Ulqini\",\"isPartOf\":{\"@id\":\"https:\/\/www.visit-ulcinj.com\/blog\/#website\"},\"primaryImageOfPage\":{\"@id\":\"https:\/\/www.visit-ulcinj.com\/blog\/2016\/09\/01\/dorezimi-titullit-misionar-paqeje-mehmet-zenkes\/#primaryimage\"},\"datePublished\":\"2016-09-01T14:08:00+00:00\",\"dateModified\":\"2016-09-01T14:08:00+00:00\",\"author\":{\"@id\":\"https:\/\/www.visit-ulcinj.com\/blog\/#\/schema\/person\/dcab619c614d3038751c63bc2aadc06d\"},\"description\":\"Unioni Demokratik i Shqiptar\u00ebve (UDSH) ka nderin t\u2019ju ftoj\u00eb t\u00eb merrni pjes\u00eb n\u00eb ceremonin\u00eb q\u00eb organizohet me rastin e dor\u00ebzimit t\u00eb titullit \u201cMisionar\",\"breadcrumb\":{\"@id\":\"https:\/\/www.visit-ulcinj.com\/blog\/2016\/09\/01\/dorezimi-titullit-misionar-paqeje-mehmet-zenkes\/#breadcrumb\"},\"inLanguage\":\"en-US\",\"potentialAction\":[{\"@type\":\"ReadAction\",\"target\":[\"https:\/\/www.visit-ulcinj.com\/blog\/2016\/09\/01\/dorezimi-titullit-misionar-paqeje-mehmet-zenkes\/\"]}]},{\"@type\":\"BreadcrumbList\",\"@id\":\"https:\/\/www.visit-ulcinj.com\/blog\/2016\/09\/01\/dorezimi-titullit-misionar-paqeje-mehmet-zenkes\/#breadcrumb\",\"itemListElement\":[{\"@type\":\"ListItem\",\"position\":1,\"name\":\"Dor\u00ebzimi i titullit &#8220;Misionar Paqeje&#8221; Mehmet Zenk\u00ebs\"}]},{\"@type\":\"Person\",\"@id\":\"https:\/\/www.visit-ulcinj.com\/blog\/#\/schema\/person\/dcab619c614d3038751c63bc2aadc06d\",\"name\":\"ulqini\",\"sameAs\":[\"http:\/\/www.visit-ulcinj.com\"],\"url\":\"https:\/\/www.visit-ulcinj.com\/blog\/author\/admin\/\"}]}<\/script>\n<!-- \/ Yoast SEO plugin. -->","yoast_head_json":{"title":"Dor\u00ebzimi i titullit \"Misionar Paqeje\" Mehmet Zenk\u00ebs - Lajme nga Ulqini","description":"Unioni Demokratik i Shqiptar\u00ebve (UDSH) ka nderin t\u2019ju ftoj\u00eb t\u00eb merrni pjes\u00eb n\u00eb ceremonin\u00eb q\u00eb organizohet me rastin e dor\u00ebzimit t\u00eb titullit \u201cMisionar","robots":{"index":"index","follow":"follow","max-snippet":"max-snippet:-1","max-image-preview":"max-image-preview:large","max-video-preview":"max-video-preview:-1"},"canonical":"https:\/\/www.visit-ulcinj.com\/blog\/2016\/09\/01\/dorezimi-titullit-misionar-paqeje-mehmet-zenkes\/","og_locale":"en_US","og_type":"article","og_title":"Dor\u00ebzimi i titullit \"Misionar Paqeje\" Mehmet Zenk\u00ebs - Lajme nga Ulqini","og_description":"Unioni Demokratik i Shqiptar\u00ebve (UDSH) ka nderin t\u2019ju ftoj\u00eb t\u00eb merrni pjes\u00eb n\u00eb ceremonin\u00eb q\u00eb organizohet me rastin e dor\u00ebzimit t\u00eb titullit \u201cMisionar","og_url":"https:\/\/www.visit-ulcinj.com\/blog\/2016\/09\/01\/dorezimi-titullit-misionar-paqeje-mehmet-zenkes\/","og_site_name":"Lajme nga Ulqini","article_published_time":"2016-09-01T14:08:00+00:00","og_image":[{"url":"http:\/\/www.visit-ulcinj.com\/blog\/wp-content\/uploads\/2016\/09\/palata-venecija-Ulcinj.jpg"}],"twitter_misc":{"Written by":"ulqini"},"schema":{"@context":"https:\/\/schema.org","@graph":[{"@type":"WebSite","@id":"https:\/\/www.visit-ulcinj.com\/blog\/#website","url":"https:\/\/www.visit-ulcinj.com\/blog\/","name":"Lajme nga Ulqini","description":"Lajme,Vijesti,Ulqini,Ulqin,Crna Gora,Mali i Zi","potentialAction":[{"@type":"SearchAction","target":{"@type":"EntryPoint","urlTemplate":"https:\/\/www.visit-ulcinj.com\/blog\/?s={search_term_string}"},"query-input":"required name=search_term_string"}],"inLanguage":"en-US"},{"@type":"ImageObject","inLanguage":"en-US","@id":"https:\/\/www.visit-ulcinj.com\/blog\/2016\/09\/01\/dorezimi-titullit-misionar-paqeje-mehmet-zenkes\/#primaryimage","url":"https:\/\/www.visit-ulcinj.com\/blog\/wp-content\/uploads\/2016\/09\/palata-venecija-Ulcinj.jpg","contentUrl":"https:\/\/www.visit-ulcinj.com\/blog\/wp-content\/uploads\/2016\/09\/palata-venecija-Ulcinj.jpg","width":710,"height":350},{"@type":"WebPage","@id":"https:\/\/www.visit-ulcinj.com\/blog\/2016\/09\/01\/dorezimi-titullit-misionar-paqeje-mehmet-zenkes\/#webpage","url":"https:\/\/www.visit-ulcinj.com\/blog\/2016\/09\/01\/dorezimi-titullit-misionar-paqeje-mehmet-zenkes\/","name":"Dor\u00ebzimi i titullit \"Misionar Paqeje\" Mehmet Zenk\u00ebs - Lajme nga Ulqini","isPartOf":{"@id":"https:\/\/www.visit-ulcinj.com\/blog\/#website"},"primaryImageOfPage":{"@id":"https:\/\/www.visit-ulcinj.com\/blog\/2016\/09\/01\/dorezimi-titullit-misionar-paqeje-mehmet-zenkes\/#primaryimage"},"datePublished":"2016-09-01T14:08:00+00:00","dateModified":"2016-09-01T14:08:00+00:00","author":{"@id":"https:\/\/www.visit-ulcinj.com\/blog\/#\/schema\/person\/dcab619c614d3038751c63bc2aadc06d"},"description":"Unioni Demokratik i Shqiptar\u00ebve (UDSH) ka nderin t\u2019ju ftoj\u00eb t\u00eb merrni pjes\u00eb n\u00eb ceremonin\u00eb q\u00eb organizohet me rastin e dor\u00ebzimit t\u00eb titullit \u201cMisionar","breadcrumb":{"@id":"https:\/\/www.visit-ulcinj.com\/blog\/2016\/09\/01\/dorezimi-titullit-misionar-paqeje-mehmet-zenkes\/#breadcrumb"},"inLanguage":"en-US","potentialAction":[{"@type":"ReadAction","target":["https:\/\/www.visit-ulcinj.com\/blog\/2016\/09\/01\/dorezimi-titullit-misionar-paqeje-mehmet-zenkes\/"]}]},{"@type":"BreadcrumbList","@id":"https:\/\/www.visit-ulcinj.com\/blog\/2016\/09\/01\/dorezimi-titullit-misionar-paqeje-mehmet-zenkes\/#breadcrumb","itemListElement":[{"@type":"ListItem","position":1,"name":"Dor\u00ebzimi i titullit &#8220;Misionar Paqeje&#8221; Mehmet Zenk\u00ebs"}]},{"@type":"Person","@id":"https:\/\/www.visit-ulcinj.com\/blog\/#\/schema\/person\/dcab619c614d3038751c63bc2aadc06d","name":"ulqini","sameAs":["http:\/\/www.visit-ulcinj.com"],"url":"https:\/\/www.visit-ulcinj.com\/blog\/author\/admin\/"}]}},"jetpack_featured_media_url":"","jetpack_sharing_enabled":true,"jetpack_shortlink":"https:\/\/wp.me\/pe6lTn-pRQ","_links":{"self":[{"href":"https:\/\/www.visit-ulcinj.com\/blog\/wp-json\/wp\/v2\/posts\/99438"}],"collection":[{"href":"https:\/\/www.visit-ulcinj.com\/blog\/wp-json\/wp\/v2\/posts"}],"about":[{"href":"https:\/\/www.visit-ulcinj.com\/blog\/wp-json\/wp\/v2\/types\/post"}],"author":[{"embeddable":true,"href":"https:\/\/www.visit-ulcinj.com\/blog\/wp-json\/wp\/v2\/users\/1"}],"replies":[{"embeddable":true,"href":"https:\/\/www.visit-ulcinj.com\/blog\/wp-json\/wp\/v2\/comments?post=99438"}],"version-history":[{"count":1,"href":"https:\/\/www.visit-ulcinj.com\/blog\/wp-json\/wp\/v2\/posts\/99438\/revisions"}],"predecessor-version":[{"id":99441,"href":"https:\/\/www.visit-ulcinj.com\/blog\/wp-json\/wp\/v2\/posts\/99438\/revisions\/99441"}],"wp:attachment":[{"href":"https:\/\/www.visit-ulcinj.com\/blog\/wp-json\/wp\/v2\/media?parent=99438"}],"wp:term":[{"taxonomy":"category","embeddable":true,"href":"https:\/\/www.visit-ulcinj.com\/blog\/wp-json\/wp\/v2\/categories?post=99438"},{"taxonomy":"post_tag","embeddable":true,"href":"https:\/\/www.visit-ulcinj.com\/blog\/wp-json\/wp\/v2\/tags?post=99438"}],"curies":[{"name":"wp","href":"https:\/\/api.w.org\/{rel}","templated":true}]}}