{"id":99448,"date":"2016-09-01T15:28:08","date_gmt":"2016-09-01T14:28:08","guid":{"rendered":"http:\/\/www.visit-ulcinj.com\/blog\/?p=99448"},"modified":"2016-09-01T15:28:08","modified_gmt":"2016-09-01T14:28:08","slug":"kryetari-cungu-uron-te-gjithe-nxenesit-dhe-mesimdhenesit-rastin-e-fillimit-te-vitit-te-ri-shkollor","status":"publish","type":"post","link":"https:\/\/www.visit-ulcinj.com\/blog\/2016\/09\/01\/kryetari-cungu-uron-te-gjithe-nxenesit-dhe-mesimdhenesit-rastin-e-fillimit-te-vitit-te-ri-shkollor\/","title":{"rendered":"Kryetari Cungu uron te gjith\u00eb nx\u00ebn\u00ebsit dhe m\u00ebsimdh\u00ebn\u00ebsit me rastin e fillimit te vitit t\u00eb ri  shkollor"},"content":{"rendered":"<p><span lang=\"EN-GB\"><a href=\"http:\/\/www.visit-ulcinj.com\/blog\/wp-content\/uploads\/2013\/04\/nazif-cungu1.jpg\"><img loading=\"lazy\" class=\"alignleft wp-image-70739\" src=\"http:\/\/www.visit-ulcinj.com\/blog\/wp-content\/uploads\/2013\/04\/nazif-cungu1.jpg\" alt=\"nazif cungu\" width=\"508\" height=\"337\" srcset=\"https:\/\/www.visit-ulcinj.com\/blog\/wp-content\/uploads\/2013\/04\/nazif-cungu1.jpg 640w, https:\/\/www.visit-ulcinj.com\/blog\/wp-content\/uploads\/2013\/04\/nazif-cungu1-300x198.jpg 300w\" sizes=\"(max-width: 508px) 100vw, 508px\" \/><\/a>N\u00eb mesazhin e tij nd\u00ebr t\u00eb tjera thuhet , T\u00eb gjith\u00eb nx\u00ebn\u00ebsve , m\u00ebsimdh\u00ebn\u00ebsve dhe prind\u00ebrve i uroj\u00a0 nj\u00eb vit t\u00eb mbar\u00eb dhe t\u00eb suksessh\u00ebm. Nj\u00eb urim t\u00eb ve\u00e7ant\u00eb p\u00ebr t\u00eb gjith\u00eb nx\u00ebn\u00ebsit e klasave t\u00eb para, p\u00ebr ata q\u00eb fillojn\u00eb nj\u00eb etap\u00eb t\u00eb re t\u00eb jet\u00ebs s\u00eb tyre.Uroj q\u00eb edhe ky vit\u00a0 t\u00eb jet\u00eb\u00a0 nj\u00eb vit I mbar\u00eb\u00a0 dhe sukseseve t\u00eb p\u00ebrbashk\u00ebta. <\/span><\/p>\n","protected":false},"excerpt":{"rendered":"<p>N\u00eb mesazhin e tij nd\u00ebr t\u00eb tjera thuhet , T\u00eb gjith\u00eb nx\u00ebn\u00ebsve , m\u00ebsimdh\u00ebn\u00ebsve dhe prind\u00ebrve i uroj\u00a0 nj\u00eb vit t\u00eb mbar\u00eb dhe t\u00eb suksessh\u00ebm. Nj\u00eb urim t\u00eb ve\u00e7ant\u00eb p\u00ebr t\u00eb gjith\u00eb nx\u00ebn\u00ebsit e klasave t\u00eb para, p\u00ebr ata q\u00eb fillojn\u00eb nj\u00eb etap\u00eb t\u00eb re t\u00eb jet\u00ebs s\u00eb tyre.Uroj q\u00eb edhe ky vit\u00a0 t\u00eb jet\u00eb\u00a0 [&hellip;]<\/p>\n","protected":false},"author":1,"featured_media":0,"comment_status":"closed","ping_status":"closed","sticky":false,"template":"","format":"standard","meta":{"spay_email":"","jetpack_publicize_message":"","jetpack_is_tweetstorm":false,"jetpack_publicize_feature_enabled":true},"categories":[6950],"tags":[],"jetpack_publicize_connections":[],"yoast_head":"<!-- This site is optimized with the Yoast SEO plugin v19.1 - https:\/\/yoast.com\/wordpress\/plugins\/seo\/ -->\n<title>Kryetari Cungu uron te gjith\u00eb nx\u00ebn\u00ebsit dhe m\u00ebsimdh\u00ebn\u00ebsit me rastin e fillimit te vitit t\u00eb ri shkollor - Lajme nga Ulqini<\/title>\n<meta name=\"description\" content=\"N\u00eb mesazhin e tij nd\u00ebr t\u00eb tjera thuhet , T\u00eb gjith\u00eb nx\u00ebn\u00ebsve , m\u00ebsimdh\u00ebn\u00ebsve dhe prind\u00ebrve i uroj\u00a0 nj\u00eb vit t\u00eb mbar\u00eb dhe t\u00eb suksessh\u00ebm. Nj\u00eb urim t\u00eb ve\u00e7ant\u00eb\" \/>\n<meta name=\"robots\" content=\"index, follow, max-snippet:-1, max-image-preview:large, max-video-preview:-1\" \/>\n<link rel=\"canonical\" href=\"https:\/\/www.visit-ulcinj.com\/blog\/2016\/09\/01\/kryetari-cungu-uron-te-gjithe-nxenesit-dhe-mesimdhenesit-rastin-e-fillimit-te-vitit-te-ri-shkollor\/\" \/>\n<meta property=\"og:locale\" content=\"en_US\" \/>\n<meta property=\"og:type\" content=\"article\" \/>\n<meta property=\"og:title\" content=\"Kryetari Cungu uron te gjith\u00eb nx\u00ebn\u00ebsit dhe m\u00ebsimdh\u00ebn\u00ebsit me rastin e fillimit te vitit t\u00eb ri shkollor - Lajme nga Ulqini\" \/>\n<meta property=\"og:description\" content=\"N\u00eb mesazhin e tij nd\u00ebr t\u00eb tjera thuhet , T\u00eb gjith\u00eb nx\u00ebn\u00ebsve , m\u00ebsimdh\u00ebn\u00ebsve dhe prind\u00ebrve i uroj\u00a0 nj\u00eb vit t\u00eb mbar\u00eb dhe t\u00eb suksessh\u00ebm. Nj\u00eb urim t\u00eb ve\u00e7ant\u00eb\" \/>\n<meta property=\"og:url\" content=\"https:\/\/www.visit-ulcinj.com\/blog\/2016\/09\/01\/kryetari-cungu-uron-te-gjithe-nxenesit-dhe-mesimdhenesit-rastin-e-fillimit-te-vitit-te-ri-shkollor\/\" \/>\n<meta property=\"og:site_name\" content=\"Lajme nga Ulqini\" \/>\n<meta property=\"article:published_time\" content=\"2016-09-01T14:28:08+00:00\" \/>\n<meta property=\"og:image\" content=\"http:\/\/www.visit-ulcinj.com\/blog\/wp-content\/uploads\/2013\/04\/nazif-cungu1.jpg\" \/>\n<meta name=\"twitter:label1\" content=\"Written by\" \/>\n\t<meta name=\"twitter:data1\" content=\"ulqini\" \/>\n<script type=\"application\/ld+json\" class=\"yoast-schema-graph\">{\"@context\":\"https:\/\/schema.org\",\"@graph\":[{\"@type\":\"WebSite\",\"@id\":\"https:\/\/www.visit-ulcinj.com\/blog\/#website\",\"url\":\"https:\/\/www.visit-ulcinj.com\/blog\/\",\"name\":\"Lajme nga Ulqini\",\"description\":\"Lajme,Vijesti,Ulqini,Ulqin,Crna Gora,Mali i Zi\",\"potentialAction\":[{\"@type\":\"SearchAction\",\"target\":{\"@type\":\"EntryPoint\",\"urlTemplate\":\"https:\/\/www.visit-ulcinj.com\/blog\/?s={search_term_string}\"},\"query-input\":\"required name=search_term_string\"}],\"inLanguage\":\"en-US\"},{\"@type\":\"ImageObject\",\"inLanguage\":\"en-US\",\"@id\":\"https:\/\/www.visit-ulcinj.com\/blog\/2016\/09\/01\/kryetari-cungu-uron-te-gjithe-nxenesit-dhe-mesimdhenesit-rastin-e-fillimit-te-vitit-te-ri-shkollor\/#primaryimage\",\"url\":\"https:\/\/www.visit-ulcinj.com\/blog\/wp-content\/uploads\/2013\/04\/nazif-cungu1.jpg\",\"contentUrl\":\"https:\/\/www.visit-ulcinj.com\/blog\/wp-content\/uploads\/2013\/04\/nazif-cungu1.jpg\",\"width\":640,\"height\":424},{\"@type\":\"WebPage\",\"@id\":\"https:\/\/www.visit-ulcinj.com\/blog\/2016\/09\/01\/kryetari-cungu-uron-te-gjithe-nxenesit-dhe-mesimdhenesit-rastin-e-fillimit-te-vitit-te-ri-shkollor\/#webpage\",\"url\":\"https:\/\/www.visit-ulcinj.com\/blog\/2016\/09\/01\/kryetari-cungu-uron-te-gjithe-nxenesit-dhe-mesimdhenesit-rastin-e-fillimit-te-vitit-te-ri-shkollor\/\",\"name\":\"Kryetari Cungu uron te gjith\u00eb nx\u00ebn\u00ebsit dhe m\u00ebsimdh\u00ebn\u00ebsit me rastin e fillimit te vitit t\u00eb ri shkollor - Lajme nga Ulqini\",\"isPartOf\":{\"@id\":\"https:\/\/www.visit-ulcinj.com\/blog\/#website\"},\"primaryImageOfPage\":{\"@id\":\"https:\/\/www.visit-ulcinj.com\/blog\/2016\/09\/01\/kryetari-cungu-uron-te-gjithe-nxenesit-dhe-mesimdhenesit-rastin-e-fillimit-te-vitit-te-ri-shkollor\/#primaryimage\"},\"datePublished\":\"2016-09-01T14:28:08+00:00\",\"dateModified\":\"2016-09-01T14:28:08+00:00\",\"author\":{\"@id\":\"https:\/\/www.visit-ulcinj.com\/blog\/#\/schema\/person\/dcab619c614d3038751c63bc2aadc06d\"},\"description\":\"N\u00eb mesazhin e tij nd\u00ebr t\u00eb tjera thuhet , T\u00eb gjith\u00eb nx\u00ebn\u00ebsve , m\u00ebsimdh\u00ebn\u00ebsve dhe prind\u00ebrve i uroj\u00a0 nj\u00eb vit t\u00eb mbar\u00eb dhe t\u00eb suksessh\u00ebm. Nj\u00eb urim t\u00eb ve\u00e7ant\u00eb\",\"breadcrumb\":{\"@id\":\"https:\/\/www.visit-ulcinj.com\/blog\/2016\/09\/01\/kryetari-cungu-uron-te-gjithe-nxenesit-dhe-mesimdhenesit-rastin-e-fillimit-te-vitit-te-ri-shkollor\/#breadcrumb\"},\"inLanguage\":\"en-US\",\"potentialAction\":[{\"@type\":\"ReadAction\",\"target\":[\"https:\/\/www.visit-ulcinj.com\/blog\/2016\/09\/01\/kryetari-cungu-uron-te-gjithe-nxenesit-dhe-mesimdhenesit-rastin-e-fillimit-te-vitit-te-ri-shkollor\/\"]}]},{\"@type\":\"BreadcrumbList\",\"@id\":\"https:\/\/www.visit-ulcinj.com\/blog\/2016\/09\/01\/kryetari-cungu-uron-te-gjithe-nxenesit-dhe-mesimdhenesit-rastin-e-fillimit-te-vitit-te-ri-shkollor\/#breadcrumb\",\"itemListElement\":[{\"@type\":\"ListItem\",\"position\":1,\"name\":\"Kryetari Cungu uron te gjith\u00eb nx\u00ebn\u00ebsit dhe m\u00ebsimdh\u00ebn\u00ebsit me rastin e fillimit te vitit t\u00eb ri shkollor\"}]},{\"@type\":\"Person\",\"@id\":\"https:\/\/www.visit-ulcinj.com\/blog\/#\/schema\/person\/dcab619c614d3038751c63bc2aadc06d\",\"name\":\"ulqini\",\"sameAs\":[\"http:\/\/www.visit-ulcinj.com\"],\"url\":\"https:\/\/www.visit-ulcinj.com\/blog\/author\/admin\/\"}]}<\/script>\n<!-- \/ Yoast SEO plugin. -->","yoast_head_json":{"title":"Kryetari Cungu uron te gjith\u00eb nx\u00ebn\u00ebsit dhe m\u00ebsimdh\u00ebn\u00ebsit me rastin e fillimit te vitit t\u00eb ri shkollor - Lajme nga Ulqini","description":"N\u00eb mesazhin e tij nd\u00ebr t\u00eb tjera thuhet , T\u00eb gjith\u00eb nx\u00ebn\u00ebsve , m\u00ebsimdh\u00ebn\u00ebsve dhe prind\u00ebrve i uroj\u00a0 nj\u00eb vit t\u00eb mbar\u00eb dhe t\u00eb suksessh\u00ebm. Nj\u00eb urim t\u00eb ve\u00e7ant\u00eb","robots":{"index":"index","follow":"follow","max-snippet":"max-snippet:-1","max-image-preview":"max-image-preview:large","max-video-preview":"max-video-preview:-1"},"canonical":"https:\/\/www.visit-ulcinj.com\/blog\/2016\/09\/01\/kryetari-cungu-uron-te-gjithe-nxenesit-dhe-mesimdhenesit-rastin-e-fillimit-te-vitit-te-ri-shkollor\/","og_locale":"en_US","og_type":"article","og_title":"Kryetari Cungu uron te gjith\u00eb nx\u00ebn\u00ebsit dhe m\u00ebsimdh\u00ebn\u00ebsit me rastin e fillimit te vitit t\u00eb ri shkollor - Lajme nga Ulqini","og_description":"N\u00eb mesazhin e tij nd\u00ebr t\u00eb tjera thuhet , T\u00eb gjith\u00eb nx\u00ebn\u00ebsve , m\u00ebsimdh\u00ebn\u00ebsve dhe prind\u00ebrve i uroj\u00a0 nj\u00eb vit t\u00eb mbar\u00eb dhe t\u00eb suksessh\u00ebm. Nj\u00eb urim t\u00eb ve\u00e7ant\u00eb","og_url":"https:\/\/www.visit-ulcinj.com\/blog\/2016\/09\/01\/kryetari-cungu-uron-te-gjithe-nxenesit-dhe-mesimdhenesit-rastin-e-fillimit-te-vitit-te-ri-shkollor\/","og_site_name":"Lajme nga Ulqini","article_published_time":"2016-09-01T14:28:08+00:00","og_image":[{"url":"http:\/\/www.visit-ulcinj.com\/blog\/wp-content\/uploads\/2013\/04\/nazif-cungu1.jpg"}],"twitter_misc":{"Written by":"ulqini"},"schema":{"@context":"https:\/\/schema.org","@graph":[{"@type":"WebSite","@id":"https:\/\/www.visit-ulcinj.com\/blog\/#website","url":"https:\/\/www.visit-ulcinj.com\/blog\/","name":"Lajme nga Ulqini","description":"Lajme,Vijesti,Ulqini,Ulqin,Crna Gora,Mali i Zi","potentialAction":[{"@type":"SearchAction","target":{"@type":"EntryPoint","urlTemplate":"https:\/\/www.visit-ulcinj.com\/blog\/?s={search_term_string}"},"query-input":"required name=search_term_string"}],"inLanguage":"en-US"},{"@type":"ImageObject","inLanguage":"en-US","@id":"https:\/\/www.visit-ulcinj.com\/blog\/2016\/09\/01\/kryetari-cungu-uron-te-gjithe-nxenesit-dhe-mesimdhenesit-rastin-e-fillimit-te-vitit-te-ri-shkollor\/#primaryimage","url":"https:\/\/www.visit-ulcinj.com\/blog\/wp-content\/uploads\/2013\/04\/nazif-cungu1.jpg","contentUrl":"https:\/\/www.visit-ulcinj.com\/blog\/wp-content\/uploads\/2013\/04\/nazif-cungu1.jpg","width":640,"height":424},{"@type":"WebPage","@id":"https:\/\/www.visit-ulcinj.com\/blog\/2016\/09\/01\/kryetari-cungu-uron-te-gjithe-nxenesit-dhe-mesimdhenesit-rastin-e-fillimit-te-vitit-te-ri-shkollor\/#webpage","url":"https:\/\/www.visit-ulcinj.com\/blog\/2016\/09\/01\/kryetari-cungu-uron-te-gjithe-nxenesit-dhe-mesimdhenesit-rastin-e-fillimit-te-vitit-te-ri-shkollor\/","name":"Kryetari Cungu uron te gjith\u00eb nx\u00ebn\u00ebsit dhe m\u00ebsimdh\u00ebn\u00ebsit me rastin e fillimit te vitit t\u00eb ri shkollor - Lajme nga Ulqini","isPartOf":{"@id":"https:\/\/www.visit-ulcinj.com\/blog\/#website"},"primaryImageOfPage":{"@id":"https:\/\/www.visit-ulcinj.com\/blog\/2016\/09\/01\/kryetari-cungu-uron-te-gjithe-nxenesit-dhe-mesimdhenesit-rastin-e-fillimit-te-vitit-te-ri-shkollor\/#primaryimage"},"datePublished":"2016-09-01T14:28:08+00:00","dateModified":"2016-09-01T14:28:08+00:00","author":{"@id":"https:\/\/www.visit-ulcinj.com\/blog\/#\/schema\/person\/dcab619c614d3038751c63bc2aadc06d"},"description":"N\u00eb mesazhin e tij nd\u00ebr t\u00eb tjera thuhet , T\u00eb gjith\u00eb nx\u00ebn\u00ebsve , m\u00ebsimdh\u00ebn\u00ebsve dhe prind\u00ebrve i uroj\u00a0 nj\u00eb vit t\u00eb mbar\u00eb dhe t\u00eb suksessh\u00ebm. Nj\u00eb urim t\u00eb ve\u00e7ant\u00eb","breadcrumb":{"@id":"https:\/\/www.visit-ulcinj.com\/blog\/2016\/09\/01\/kryetari-cungu-uron-te-gjithe-nxenesit-dhe-mesimdhenesit-rastin-e-fillimit-te-vitit-te-ri-shkollor\/#breadcrumb"},"inLanguage":"en-US","potentialAction":[{"@type":"ReadAction","target":["https:\/\/www.visit-ulcinj.com\/blog\/2016\/09\/01\/kryetari-cungu-uron-te-gjithe-nxenesit-dhe-mesimdhenesit-rastin-e-fillimit-te-vitit-te-ri-shkollor\/"]}]},{"@type":"BreadcrumbList","@id":"https:\/\/www.visit-ulcinj.com\/blog\/2016\/09\/01\/kryetari-cungu-uron-te-gjithe-nxenesit-dhe-mesimdhenesit-rastin-e-fillimit-te-vitit-te-ri-shkollor\/#breadcrumb","itemListElement":[{"@type":"ListItem","position":1,"name":"Kryetari Cungu uron te gjith\u00eb nx\u00ebn\u00ebsit dhe m\u00ebsimdh\u00ebn\u00ebsit me rastin e fillimit te vitit t\u00eb ri shkollor"}]},{"@type":"Person","@id":"https:\/\/www.visit-ulcinj.com\/blog\/#\/schema\/person\/dcab619c614d3038751c63bc2aadc06d","name":"ulqini","sameAs":["http:\/\/www.visit-ulcinj.com"],"url":"https:\/\/www.visit-ulcinj.com\/blog\/author\/admin\/"}]}},"jetpack_featured_media_url":"","jetpack_sharing_enabled":true,"jetpack_shortlink":"https:\/\/wp.me\/pe6lTn-pS0","_links":{"self":[{"href":"https:\/\/www.visit-ulcinj.com\/blog\/wp-json\/wp\/v2\/posts\/99448"}],"collection":[{"href":"https:\/\/www.visit-ulcinj.com\/blog\/wp-json\/wp\/v2\/posts"}],"about":[{"href":"https:\/\/www.visit-ulcinj.com\/blog\/wp-json\/wp\/v2\/types\/post"}],"author":[{"embeddable":true,"href":"https:\/\/www.visit-ulcinj.com\/blog\/wp-json\/wp\/v2\/users\/1"}],"replies":[{"embeddable":true,"href":"https:\/\/www.visit-ulcinj.com\/blog\/wp-json\/wp\/v2\/comments?post=99448"}],"version-history":[{"count":1,"href":"https:\/\/www.visit-ulcinj.com\/blog\/wp-json\/wp\/v2\/posts\/99448\/revisions"}],"predecessor-version":[{"id":99449,"href":"https:\/\/www.visit-ulcinj.com\/blog\/wp-json\/wp\/v2\/posts\/99448\/revisions\/99449"}],"wp:attachment":[{"href":"https:\/\/www.visit-ulcinj.com\/blog\/wp-json\/wp\/v2\/media?parent=99448"}],"wp:term":[{"taxonomy":"category","embeddable":true,"href":"https:\/\/www.visit-ulcinj.com\/blog\/wp-json\/wp\/v2\/categories?post=99448"},{"taxonomy":"post_tag","embeddable":true,"href":"https:\/\/www.visit-ulcinj.com\/blog\/wp-json\/wp\/v2\/tags?post=99448"}],"curies":[{"name":"wp","href":"https:\/\/api.w.org\/{rel}","templated":true}]}}