{"id":99455,"date":"2016-09-01T18:19:51","date_gmt":"2016-09-01T17:19:51","guid":{"rendered":"http:\/\/www.visit-ulcinj.com\/blog\/?p=99455"},"modified":"2016-09-02T13:04:36","modified_gmt":"2016-09-02T12:04:36","slug":"per-parkun-publik-ne-qytezen-e-katerkolles","status":"publish","type":"post","link":"https:\/\/www.visit-ulcinj.com\/blog\/2016\/09\/01\/per-parkun-publik-ne-qytezen-e-katerkolles\/","title":{"rendered":"Komuna Ulqinit n\u00ebnshkruan memorandumin e bashk\u00ebpunimit p\u00ebr ,, Parkun Publik ,, n\u00eb qytez\u00ebn e Kat\u00ebrkoll\u00ebs"},"content":{"rendered":"<p><a href=\"http:\/\/www.visit-ulcinj.com\/blog\/wp-content\/uploads\/2016\/09\/Komuna-Ulqinit-N\u00ebnshkruhet-memorandumi-i-bashk\u00ebpunimit-Ana-Malit.jpg\"><img loading=\"lazy\" class=\"alignleft wp-image-99456\" src=\"http:\/\/www.visit-ulcinj.com\/blog\/wp-content\/uploads\/2016\/09\/Komuna-Ulqinit-N\u00ebnshkruhet-memorandumi-i-bashk\u00ebpunimit-Ana-Malit.jpg\" alt=\"Komuna Ulqinit-N\u00ebnshkruhet memorandumi i bashk\u00ebpunimit-Ana Malit\" width=\"508\" height=\"337\" srcset=\"https:\/\/www.visit-ulcinj.com\/blog\/wp-content\/uploads\/2016\/09\/Komuna-Ulqinit-N\u00ebnshkruhet-memorandumi-i-bashk\u00ebpunimit-Ana-Malit.jpg 640w, https:\/\/www.visit-ulcinj.com\/blog\/wp-content\/uploads\/2016\/09\/Komuna-Ulqinit-N\u00ebnshkruhet-memorandumi-i-bashk\u00ebpunimit-Ana-Malit-300x199.jpg 300w\" sizes=\"(max-width: 508px) 100vw, 508px\" \/><\/a>N\u00eb kabinetit e Kryetarit t\u00eb Komun\u00ebs Nazif Cungu ku ishin t\u00eb pranish\u00ebm p\u00ebrfaqesuesit e diaspor\u00ebs nga Shoqata Shqiptaro -Amerikane Ana e Malit n\u00eb New York z. Ismet Kurti dhe Albert Salaj, p\u00ebrfaq\u00ebsuesit e BL. Kat\u00ebrkoll\u00eb Sabri Salaj dhe Safet Taipi, Kryetari i BKA-s\u00eb Kabil Kurti dhe p\u00ebrfaq\u00ebsuesi i KF. Ana e Malit Kabil Hoxha u n\u00ebnshkrua memorandumi i bashk\u00ebpunimit nd\u00ebrmjet Komun\u00ebs s\u00eb Ulqinit dhe diaspor\u00ebs p\u00ebr nd\u00ebrtimin e ,, Parkut Publik ,, n\u00eb t\u00eb cil\u00ebn parashihen nd\u00ebrtimin i terenit p\u00ebr futboll t\u00eb vog\u00ebl , terenin e basketit dhe terenin e tenisit, k\u00ebndin e lojrave p\u00ebr f\u00ebmij\u00eb si dhe infrastuktur\u00ebn p\u00ebrcjell\u00ebse.<\/p>\n<p><a href=\"http:\/\/www.visit-ulcinj.com\/blog\/wp-content\/uploads\/2016\/09\/Komuna-Ulqinit-N\u00ebnshkruhet-memorandumi-i-bashk\u00ebpunimit-Ana-Malit-1.jpg\"><img loading=\"lazy\" class=\"alignleft wp-image-99458\" src=\"http:\/\/www.visit-ulcinj.com\/blog\/wp-content\/uploads\/2016\/09\/Komuna-Ulqinit-N\u00ebnshkruhet-memorandumi-i-bashk\u00ebpunimit-Ana-Malit-1.jpg\" alt=\"Komuna Ulqinit-N\u00ebnshkruhet memorandumi i bashk\u00ebpunimit-Ana Malit-1\" width=\"508\" height=\"339\" srcset=\"https:\/\/www.visit-ulcinj.com\/blog\/wp-content\/uploads\/2016\/09\/Komuna-Ulqinit-N\u00ebnshkruhet-memorandumi-i-bashk\u00ebpunimit-Ana-Malit-1.jpg 999w, https:\/\/www.visit-ulcinj.com\/blog\/wp-content\/uploads\/2016\/09\/Komuna-Ulqinit-N\u00ebnshkruhet-memorandumi-i-bashk\u00ebpunimit-Ana-Malit-1-300x200.jpg 300w, https:\/\/www.visit-ulcinj.com\/blog\/wp-content\/uploads\/2016\/09\/Komuna-Ulqinit-N\u00ebnshkruhet-memorandumi-i-bashk\u00ebpunimit-Ana-Malit-1-768x512.jpg 768w\" sizes=\"(max-width: 508px) 100vw, 508px\" \/><\/a><\/p>\n<p>P\u00ebr realizimin e nj\u00eb investimi t\u00eb till\u00eb u ra dakort q\u00eb t\u00eb b\u00ebh\u00ebt n\u00eb disa faza dhe t\u00eb jet\u00eb nj\u00eb investim i p\u00ebrbashk\u00ebt Komuna e Ulqinit &#8211; Diaspor\u00eb.\u2029Kryetari i Komun\u00ebs ju b\u00ebri nj\u00eb elaburim t\u00eb gjendjes s\u00eb p\u00ebrgjithshme n\u00eb t\u00eb cil\u00ebn ndodhet Komuna , projektet n\u00eb realizim dhe mund\u00ebsite e projekteve dhe hapsirave q\u00eb diaspora mund t\u00eb investoj\u00eb dhe ta vazhdoj\u00eb thellimin e bashk\u00ebpunimit edhe n\u00eb fusha tjera. P\u00ebrfaq\u00ebsuesit nga diaspora falenderuar kryetarin p\u00ebr mik\u00ebpritjen dhe duke dh\u00ebn\u00eb sugjerimet dhe vler\u00ebsimet e tyre premtuan bashk\u00ebpunim m\u00eb institucionet e vendit dhe investime publike edhe n\u00eb disa fusha tjera. N\u00eb fund n\u00ebnshkruesit e memorandumit dh\u00ebn\u00eb deklaratat p\u00eb media, ku fol\u00ebn edhe projekte tjera n\u00eb t\u00eb ardhmen.<\/p>\n","protected":false},"excerpt":{"rendered":"<p>N\u00eb kabinetit e Kryetarit t\u00eb Komun\u00ebs Nazif Cungu ku ishin t\u00eb pranish\u00ebm p\u00ebrfaqesuesit e diaspor\u00ebs nga Shoqata Shqiptaro -Amerikane Ana e Malit n\u00eb New York z. Ismet Kurti dhe Albert Salaj, p\u00ebrfaq\u00ebsuesit e BL. Kat\u00ebrkoll\u00eb Sabri Salaj dhe Safet Taipi, Kryetari i BKA-s\u00eb Kabil Kurti dhe p\u00ebrfaq\u00ebsuesi i KF. Ana e Malit Kabil Hoxha u [&hellip;]<\/p>\n","protected":false},"author":1,"featured_media":0,"comment_status":"closed","ping_status":"closed","sticky":false,"template":"","format":"standard","meta":{"spay_email":"","jetpack_publicize_message":"","jetpack_is_tweetstorm":false,"jetpack_publicize_feature_enabled":true},"categories":[1,13],"tags":[212,3499,16426,200],"jetpack_publicize_connections":[],"yoast_head":"<!-- This site is optimized with the Yoast SEO plugin v19.1 - https:\/\/yoast.com\/wordpress\/plugins\/seo\/ -->\n<title>Komuna Ulqinit n\u00ebnshkruan memorandumin e bashk\u00ebpunimit p\u00ebr ,, Parkun Publik ,, n\u00eb qytez\u00ebn e Kat\u00ebrkoll\u00ebs - Lajme nga Ulqini<\/title>\n<meta name=\"description\" content=\"N\u00eb kabinetit e Kryetarit t\u00eb Komun\u00ebs Nazif Cungu ku ishin t\u00eb pranish\u00ebm p\u00ebrfaqesuesit e diaspor\u00ebs nga Shoqata Shqiptaro -Amerikane Ana e Malit n\u00eb New York\" \/>\n<meta name=\"robots\" content=\"index, follow, max-snippet:-1, max-image-preview:large, max-video-preview:-1\" \/>\n<link rel=\"canonical\" href=\"https:\/\/www.visit-ulcinj.com\/blog\/2016\/09\/01\/per-parkun-publik-ne-qytezen-e-katerkolles\/\" \/>\n<meta property=\"og:locale\" content=\"en_US\" \/>\n<meta property=\"og:type\" content=\"article\" \/>\n<meta property=\"og:title\" content=\"Komuna Ulqinit n\u00ebnshkruan memorandumin e bashk\u00ebpunimit p\u00ebr ,, Parkun Publik ,, n\u00eb qytez\u00ebn e Kat\u00ebrkoll\u00ebs - Lajme nga Ulqini\" \/>\n<meta property=\"og:description\" content=\"N\u00eb kabinetit e Kryetarit t\u00eb Komun\u00ebs Nazif Cungu ku ishin t\u00eb pranish\u00ebm p\u00ebrfaqesuesit e diaspor\u00ebs nga Shoqata Shqiptaro -Amerikane Ana e Malit n\u00eb New York\" \/>\n<meta property=\"og:url\" content=\"https:\/\/www.visit-ulcinj.com\/blog\/2016\/09\/01\/per-parkun-publik-ne-qytezen-e-katerkolles\/\" \/>\n<meta property=\"og:site_name\" content=\"Lajme nga Ulqini\" \/>\n<meta property=\"article:published_time\" content=\"2016-09-01T17:19:51+00:00\" \/>\n<meta property=\"article:modified_time\" content=\"2016-09-02T12:04:36+00:00\" \/>\n<meta name=\"twitter:label1\" content=\"Written by\" \/>\n\t<meta name=\"twitter:data1\" content=\"ulqini\" \/>\n\t<meta name=\"twitter:label2\" content=\"Est. reading time\" \/>\n\t<meta name=\"twitter:data2\" content=\"1 minute\" \/>\n<script type=\"application\/ld+json\" class=\"yoast-schema-graph\">{\"@context\":\"https:\/\/schema.org\",\"@graph\":[{\"@type\":\"WebSite\",\"@id\":\"https:\/\/www.visit-ulcinj.com\/blog\/#website\",\"url\":\"https:\/\/www.visit-ulcinj.com\/blog\/\",\"name\":\"Lajme nga Ulqini\",\"description\":\"Lajme,Vijesti,Ulqini,Ulqin,Crna Gora,Mali i Zi\",\"potentialAction\":[{\"@type\":\"SearchAction\",\"target\":{\"@type\":\"EntryPoint\",\"urlTemplate\":\"https:\/\/www.visit-ulcinj.com\/blog\/?s={search_term_string}\"},\"query-input\":\"required name=search_term_string\"}],\"inLanguage\":\"en-US\"},{\"@type\":\"WebPage\",\"@id\":\"https:\/\/www.visit-ulcinj.com\/blog\/2016\/09\/01\/per-parkun-publik-ne-qytezen-e-katerkolles\/#webpage\",\"url\":\"https:\/\/www.visit-ulcinj.com\/blog\/2016\/09\/01\/per-parkun-publik-ne-qytezen-e-katerkolles\/\",\"name\":\"Komuna Ulqinit n\u00ebnshkruan memorandumin e bashk\u00ebpunimit p\u00ebr ,, Parkun Publik ,, n\u00eb qytez\u00ebn e Kat\u00ebrkoll\u00ebs - Lajme nga Ulqini\",\"isPartOf\":{\"@id\":\"https:\/\/www.visit-ulcinj.com\/blog\/#website\"},\"datePublished\":\"2016-09-01T17:19:51+00:00\",\"dateModified\":\"2016-09-02T12:04:36+00:00\",\"author\":{\"@id\":\"https:\/\/www.visit-ulcinj.com\/blog\/#\/schema\/person\/dcab619c614d3038751c63bc2aadc06d\"},\"description\":\"N\u00eb kabinetit e Kryetarit t\u00eb Komun\u00ebs Nazif Cungu ku ishin t\u00eb pranish\u00ebm p\u00ebrfaqesuesit e diaspor\u00ebs nga Shoqata Shqiptaro -Amerikane Ana e Malit n\u00eb New York\",\"breadcrumb\":{\"@id\":\"https:\/\/www.visit-ulcinj.com\/blog\/2016\/09\/01\/per-parkun-publik-ne-qytezen-e-katerkolles\/#breadcrumb\"},\"inLanguage\":\"en-US\",\"potentialAction\":[{\"@type\":\"ReadAction\",\"target\":[\"https:\/\/www.visit-ulcinj.com\/blog\/2016\/09\/01\/per-parkun-publik-ne-qytezen-e-katerkolles\/\"]}]},{\"@type\":\"BreadcrumbList\",\"@id\":\"https:\/\/www.visit-ulcinj.com\/blog\/2016\/09\/01\/per-parkun-publik-ne-qytezen-e-katerkolles\/#breadcrumb\",\"itemListElement\":[{\"@type\":\"ListItem\",\"position\":1,\"name\":\"Komuna Ulqinit n\u00ebnshkruan memorandumin e bashk\u00ebpunimit p\u00ebr ,, Parkun Publik ,, n\u00eb qytez\u00ebn e Kat\u00ebrkoll\u00ebs\"}]},{\"@type\":\"Person\",\"@id\":\"https:\/\/www.visit-ulcinj.com\/blog\/#\/schema\/person\/dcab619c614d3038751c63bc2aadc06d\",\"name\":\"ulqini\",\"sameAs\":[\"http:\/\/www.visit-ulcinj.com\"],\"url\":\"https:\/\/www.visit-ulcinj.com\/blog\/author\/admin\/\"}]}<\/script>\n<!-- \/ Yoast SEO plugin. -->","yoast_head_json":{"title":"Komuna Ulqinit n\u00ebnshkruan memorandumin e bashk\u00ebpunimit p\u00ebr ,, Parkun Publik ,, n\u00eb qytez\u00ebn e Kat\u00ebrkoll\u00ebs - Lajme nga Ulqini","description":"N\u00eb kabinetit e Kryetarit t\u00eb Komun\u00ebs Nazif Cungu ku ishin t\u00eb pranish\u00ebm p\u00ebrfaqesuesit e diaspor\u00ebs nga Shoqata Shqiptaro -Amerikane Ana e Malit n\u00eb New York","robots":{"index":"index","follow":"follow","max-snippet":"max-snippet:-1","max-image-preview":"max-image-preview:large","max-video-preview":"max-video-preview:-1"},"canonical":"https:\/\/www.visit-ulcinj.com\/blog\/2016\/09\/01\/per-parkun-publik-ne-qytezen-e-katerkolles\/","og_locale":"en_US","og_type":"article","og_title":"Komuna Ulqinit n\u00ebnshkruan memorandumin e bashk\u00ebpunimit p\u00ebr ,, Parkun Publik ,, n\u00eb qytez\u00ebn e Kat\u00ebrkoll\u00ebs - Lajme nga Ulqini","og_description":"N\u00eb kabinetit e Kryetarit t\u00eb Komun\u00ebs Nazif Cungu ku ishin t\u00eb pranish\u00ebm p\u00ebrfaqesuesit e diaspor\u00ebs nga Shoqata Shqiptaro -Amerikane Ana e Malit n\u00eb New York","og_url":"https:\/\/www.visit-ulcinj.com\/blog\/2016\/09\/01\/per-parkun-publik-ne-qytezen-e-katerkolles\/","og_site_name":"Lajme nga Ulqini","article_published_time":"2016-09-01T17:19:51+00:00","article_modified_time":"2016-09-02T12:04:36+00:00","twitter_misc":{"Written by":"ulqini","Est. reading time":"1 minute"},"schema":{"@context":"https:\/\/schema.org","@graph":[{"@type":"WebSite","@id":"https:\/\/www.visit-ulcinj.com\/blog\/#website","url":"https:\/\/www.visit-ulcinj.com\/blog\/","name":"Lajme nga Ulqini","description":"Lajme,Vijesti,Ulqini,Ulqin,Crna Gora,Mali i Zi","potentialAction":[{"@type":"SearchAction","target":{"@type":"EntryPoint","urlTemplate":"https:\/\/www.visit-ulcinj.com\/blog\/?s={search_term_string}"},"query-input":"required name=search_term_string"}],"inLanguage":"en-US"},{"@type":"WebPage","@id":"https:\/\/www.visit-ulcinj.com\/blog\/2016\/09\/01\/per-parkun-publik-ne-qytezen-e-katerkolles\/#webpage","url":"https:\/\/www.visit-ulcinj.com\/blog\/2016\/09\/01\/per-parkun-publik-ne-qytezen-e-katerkolles\/","name":"Komuna Ulqinit n\u00ebnshkruan memorandumin e bashk\u00ebpunimit p\u00ebr ,, Parkun Publik ,, n\u00eb qytez\u00ebn e Kat\u00ebrkoll\u00ebs - Lajme nga Ulqini","isPartOf":{"@id":"https:\/\/www.visit-ulcinj.com\/blog\/#website"},"datePublished":"2016-09-01T17:19:51+00:00","dateModified":"2016-09-02T12:04:36+00:00","author":{"@id":"https:\/\/www.visit-ulcinj.com\/blog\/#\/schema\/person\/dcab619c614d3038751c63bc2aadc06d"},"description":"N\u00eb kabinetit e Kryetarit t\u00eb Komun\u00ebs Nazif Cungu ku ishin t\u00eb pranish\u00ebm p\u00ebrfaqesuesit e diaspor\u00ebs nga Shoqata Shqiptaro -Amerikane Ana e Malit n\u00eb New York","breadcrumb":{"@id":"https:\/\/www.visit-ulcinj.com\/blog\/2016\/09\/01\/per-parkun-publik-ne-qytezen-e-katerkolles\/#breadcrumb"},"inLanguage":"en-US","potentialAction":[{"@type":"ReadAction","target":["https:\/\/www.visit-ulcinj.com\/blog\/2016\/09\/01\/per-parkun-publik-ne-qytezen-e-katerkolles\/"]}]},{"@type":"BreadcrumbList","@id":"https:\/\/www.visit-ulcinj.com\/blog\/2016\/09\/01\/per-parkun-publik-ne-qytezen-e-katerkolles\/#breadcrumb","itemListElement":[{"@type":"ListItem","position":1,"name":"Komuna Ulqinit n\u00ebnshkruan memorandumin e bashk\u00ebpunimit p\u00ebr ,, Parkun Publik ,, n\u00eb qytez\u00ebn e Kat\u00ebrkoll\u00ebs"}]},{"@type":"Person","@id":"https:\/\/www.visit-ulcinj.com\/blog\/#\/schema\/person\/dcab619c614d3038751c63bc2aadc06d","name":"ulqini","sameAs":["http:\/\/www.visit-ulcinj.com"],"url":"https:\/\/www.visit-ulcinj.com\/blog\/author\/admin\/"}]}},"jetpack_featured_media_url":"","jetpack_sharing_enabled":true,"jetpack_shortlink":"https:\/\/wp.me\/pe6lTn-pS7","_links":{"self":[{"href":"https:\/\/www.visit-ulcinj.com\/blog\/wp-json\/wp\/v2\/posts\/99455"}],"collection":[{"href":"https:\/\/www.visit-ulcinj.com\/blog\/wp-json\/wp\/v2\/posts"}],"about":[{"href":"https:\/\/www.visit-ulcinj.com\/blog\/wp-json\/wp\/v2\/types\/post"}],"author":[{"embeddable":true,"href":"https:\/\/www.visit-ulcinj.com\/blog\/wp-json\/wp\/v2\/users\/1"}],"replies":[{"embeddable":true,"href":"https:\/\/www.visit-ulcinj.com\/blog\/wp-json\/wp\/v2\/comments?post=99455"}],"version-history":[{"count":5,"href":"https:\/\/www.visit-ulcinj.com\/blog\/wp-json\/wp\/v2\/posts\/99455\/revisions"}],"predecessor-version":[{"id":99462,"href":"https:\/\/www.visit-ulcinj.com\/blog\/wp-json\/wp\/v2\/posts\/99455\/revisions\/99462"}],"wp:attachment":[{"href":"https:\/\/www.visit-ulcinj.com\/blog\/wp-json\/wp\/v2\/media?parent=99455"}],"wp:term":[{"taxonomy":"category","embeddable":true,"href":"https:\/\/www.visit-ulcinj.com\/blog\/wp-json\/wp\/v2\/categories?post=99455"},{"taxonomy":"post_tag","embeddable":true,"href":"https:\/\/www.visit-ulcinj.com\/blog\/wp-json\/wp\/v2\/tags?post=99455"}],"curies":[{"name":"wp","href":"https:\/\/api.w.org\/{rel}","templated":true}]}}