{"id":9946,"date":"2009-01-28T17:11:15","date_gmt":"2009-01-28T16:11:15","guid":{"rendered":"http:\/\/www.visit-ulcinj.com\/blog\/?p=9946"},"modified":"2009-01-28T17:11:21","modified_gmt":"2009-01-28T16:11:21","slug":"thike-pas-shpine-nga-mali-i-zi","status":"publish","type":"post","link":"https:\/\/www.visit-ulcinj.com\/blog\/2009\/01\/28\/thike-pas-shpine-nga-mali-i-zi\/","title":{"rendered":"Thik\u00eb pas shpine, nga Mali i Zi"},"content":{"rendered":"<p><a rel=\"attachment wp-att-9947\" href=\"http:\/\/www.visit-ulcinj.com\/blog\/2009\/01\/28\/thike-pas-shpine-nga-mali-i-zi\/cefta-for-south-east-europe\/\"><img loading=\"lazy\" class=\"alignleft size-full wp-image-9947\" title=\"cefta-for-south-east-europe\" src=\"http:\/\/www.visit-ulcinj.com\/blog\/wp-content\/uploads\/2009\/01\/cefta-for-south-east-europe.jpg\" alt=\"cefta-for-south-east-europe\" width=\"570\" height=\"312\" \/><\/a>Ministri malazez Branimir Gvozdenovi\u00e7, n\u00eb cil\u00ebsin\u00eb e kryesuesit t\u00eb sekretarit t\u00eb CEFTA-s, i shkruan MTI-s\u00eb se Kosova n\u00eb k\u00ebt\u00eb asociacion nuk mund t\u00eb prezantohet pa UNMIK-un dhe nuk ka arsye q\u00eb t\u00eb debatohet p\u00ebr bllokad\u00ebn e mallrave kosovare nga Serbi e Bosnja. Qeveria e Kosov\u00ebs ende nuk e ka gati p\u00ebrgjigjen.<\/p>\n<p>Mali i Zi, pasi e pranoi Kosov\u00ebn si shtet t\u00eb pavarur, me veprimet e m\u00ebvonshme d\u00ebshmon sikur l\u00ebkundet drejt thellimit t\u00eb bashk\u00ebpunimit dhe t\u00eb ndihm\u00ebs.<\/p>\n<p>Kjo po v\u00ebrehet edhe p\u00ebrmes pengesave q\u00eb i b\u00ebn Kosov\u00ebs n\u00eb asociacionet ekonomike rajonale e evropiane. Gazeta \u201cExpress\u201d m\u00ebson se ministri i Ekonomis\u00eb s\u00eb Malit t\u00eb Zi, Branimir Gvozdenovi\u00e7, nj\u00ebher\u00ebsh kryesues i sekretariatit t\u00eb CEFTA-s, t\u00eb h\u00ebn\u00ebn, i ka shkruar nj\u00eb let\u00ebr ministrit t\u00eb Tregtis\u00eb dhe Industris\u00eb s\u00eb Kosov\u00ebs, Lutfi Zharkut, me t\u00eb cil\u00ebn thot\u00eb se Kosova nuk mund t\u00eb p\u00ebrfaq\u00ebsohet pa UNMIK-un n\u00eb takimin e s\u00eb mart\u00ebs t\u00eb sekretariatit t\u00eb k\u00ebtij asociacioni n\u00eb Bruksel.<\/p>\n<p>K\u00ebt\u00eb e ka konfirmuar edhe z\u00ebvend\u00ebskryeministri i Kosov\u00ebs, Hajredin Kuqi, i cili nuk ka dashur t\u00eb komentoj\u00eb p\u00ebr vendimet q\u00eb do t\u00eb merr Qeveria e Kosov\u00ebs lidhur me k\u00ebt\u00eb rast. \u201cNe e kemi marr\u00eb k\u00ebt\u00eb let\u00ebr dhe do t\u00eb konsultohemi me institucionet vendore dhe nd\u00ebrkomb\u00ebtare p\u00ebr t\u00eb dal\u00eb me nj\u00eb q\u00ebndrim\u201d, ka pohuar Kuqi.<\/p>\n<p>P\u00ebr institucionet e Kosov\u00ebs, letra e ministrit Gvozdenovi\u00e7 \u00ebsht\u00eb shqet\u00ebsuese p\u00ebr faktin se Mali i Zi tashm\u00eb e ka njohur Kosov\u00ebn si shtet. Megjithat\u00eb, zyrtar\u00eb t\u00eb Ministris\u00eb s\u00eb Pun\u00ebve t\u00eb Jashtme t\u00eb Kosov\u00ebs thon\u00eb se q\u00ebndrimi i tij ndaj p\u00ebrfaq\u00ebsimit t\u00eb Kosov\u00ebs n\u00eb CEFTA nuk i rrezikon marr\u00ebdh\u00ebniet diplomatike q\u00eb kan\u00eb nd\u00ebrtuar k\u00ebto dy vende.<br \/>\nN\u00eb baz\u00eb t\u00eb k\u00ebsaj letre, \u00e7\u00ebshtja e Kosov\u00ebs lidhur me bllokimin e importit t\u00eb produkteve kosovare nga Serbia dhe Bosnja nuk meriton t\u00eb trajtohet n\u00eb sekretariat, pasi q\u00eb marr\u00ebveshja e CEFTA-s nuk \u00ebsht\u00eb n\u00ebnshkruar nga institucionet e Kosov\u00ebs.<\/p>\n<p>Burime t\u00eb gazet\u00ebs \u201cExpress\u201d b\u00ebjn\u00eb t\u00eb ditur se t\u00eb mart\u00ebn dhe t\u00eb m\u00ebrkur\u00ebn nj\u00eb delegacion i MTI-s\u00eb do t\u00eb q\u00ebndroj\u00eb n\u00eb Bruksel, por pa p\u00ebrfaq\u00ebsues t\u00eb UNMIK-ut.<br \/>\n\u201cT\u00eb premten pasdite UNMIK-u ka k\u00ebrkuar q\u00eb t\u00eb jet\u00eb pjes\u00eb e delegacionit ton\u00eb, mir\u00ebpo ne ia kemi kthyer p\u00ebrgjigjen se nuk kemi nevoj\u00eb p\u00ebr ta\u201d, ka th\u00ebn\u00eb birimi i gazet\u00ebs.<br \/>\nZ\u00ebdh\u00ebn\u00ebsi i UNMIK-ut, Aleksand\u00ebr Ivanko ka pranuar se kan\u00eb b\u00ebr\u00eb k\u00ebrkes\u00eb p\u00ebr t\u00eb marr\u00eb pjes\u00eb n\u00eb k\u00ebt\u00eb takim, mir\u00ebpo ajo \u00ebsht\u00eb refuzuar nga institucionet e Kosov\u00ebs.<br \/>\n\u201c\u00cbsht\u00eb \u00e7\u00ebshtje e tyre n\u00ebse duan q\u00eb ne t\u2019i p\u00ebrfaq\u00ebsojm\u00eb apo jo\u201d, \u00ebsht\u00eb shprehur Ivanko.<\/p>\n<p>Megjithat\u00eb, sipas tij, p\u00ebrfaq\u00ebsimi i Kosov\u00ebs n\u00eb sekretariatin e CEFTA-s \u00ebsht\u00eb precizuar at\u00ebher\u00eb kur \u00ebsht\u00eb n\u00ebnshkruar marr\u00ebveshja p\u00ebr an\u00ebtar\u00ebsim n\u00eb asociacionin rajonal p\u00ebr tregti t\u00eb lir\u00eb.<\/p>\n<p>\u201cKosova nuk mund t\u00eb p\u00ebrfaq\u00ebsohet n\u00eb CEFTA pa UNMIK-un. K\u00ebshtu precizohet n\u00eb marr\u00ebveshje. \u00cbsht\u00eb \u00e7\u00ebshtje e Qeveris\u00eb s\u00eb Kosov\u00ebs n\u00ebse na fton ne t\u00eb marrim pjes\u00eb\u201d, ka pohuar Ivanko.<\/p>\n<p>Drejtori i Institutit p\u00ebr Studime t\u00eb Avancuara, Shpend Ahmeti, thot\u00eb se m\u00ebnyra se si ka vepruar ministri i Malit t\u00eb Zi ka qen\u00eb e pritur, pasi q\u00eb institucionet e Kosov\u00ebs me koh\u00eb nuk i kan\u00eb njoftuar vendet an\u00ebtare t\u00eb CEFTA-s p\u00ebr realitetin e ri, pas shpalljes s\u00eb pavar\u00ebsis\u00eb.<\/p>\n<p>\u201cInstitucionet e Kosov\u00ebs jan\u00eb vonuar q\u00eb pas shpalljes s\u00eb pavar\u00ebsis\u00eb t\u2019i njoftojn\u00eb vendet an\u00ebtare se UNMIK-u m\u00eb nuk e p\u00ebrfaq\u00ebson at\u00eb\u201d, thekson Ahmeti.<\/p>\n<p>Sipas tij, e vetmja zgjidhje adekuate q\u00eb mund\u00eb t\u00eb b\u00ebj\u00eb pala kosovare \u00ebsht\u00eb bllokimi i importit t\u00eb mallrave nga Serbia dhe Bosnja e Hercegovina. \u201cS\u2019ka zgjidhje tjet\u00ebr\u201d, thot\u00eb Ahmeti, duke shtuar se me nj\u00eb hap t\u00eb till\u00eb do t\u2019ua t\u00ebrhiqte v\u00ebmendjen vendeve tjera an\u00ebtare q\u00eb t\u00eb merren m\u00eb seriozisht me marr\u00ebveshjen p\u00ebr tregti t\u00eb lir\u00eb.<\/p>\n<p>Letr\u00ebn e d\u00ebrguar nga Gvozdenoviq, koordinatori p\u00ebr bashk\u00ebpunim nd\u00ebrkomb\u00ebtar n\u00eb Od\u00ebn Ekonomike t\u00eb Kosov\u00ebs, Safet G\u00ebrxhaliu e sheh si solidarizim i Malit t\u00eb Zi me Serbin\u00eb dhe Bosnj\u00ebn, t\u00eb cilat muaj m\u00eb par\u00eb kan\u00eb bllokuar importin e mallrave nga Kosova.<\/p>\n<p>\u201cKy reagim m\u00eb s\u00eb miri paraqet realitetin ballkanik nga aspekti politik dhe ekonomik\u201d, thekson G\u00ebrxhaliu. Edhe ai mendon se alternativa e vetme p\u00ebr t\u00eb dal\u00eb nga kjo situat\u00eb \u00ebsht\u00eb embargoja ndaj produkteve t\u00eb k\u00ebtyre vendeve e m\u00eb pastaj t\u00eb filloj\u00eb rinegocimi i marr\u00ebveshjes s\u00eb CEFTA-s.<\/p>\n<p><strong>Gazeta Express<\/strong><\/p>\n","protected":false},"excerpt":{"rendered":"<p>Ministri malazez Branimir Gvozdenovi\u00e7, n\u00eb cil\u00ebsin\u00eb e kryesuesit t\u00eb sekretarit t\u00eb CEFTA-s, i shkruan MTI-s\u00eb se Kosova n\u00eb k\u00ebt\u00eb asociacion nuk mund t\u00eb prezantohet pa UNMIK-un dhe nuk ka arsye q\u00eb t\u00eb debatohet p\u00ebr bllokad\u00ebn e mallrave kosovare nga Serbi e Bosnja. Qeveria e Kosov\u00ebs ende nuk e ka gati p\u00ebrgjigjen. Mali i Zi, pasi [&hellip;]<\/p>\n","protected":false},"author":1,"featured_media":0,"comment_status":"open","ping_status":"closed","sticky":false,"template":"","format":"standard","meta":{"spay_email":"","jetpack_publicize_message":"","jetpack_is_tweetstorm":false,"jetpack_publicize_feature_enabled":true},"categories":[14],"tags":[6149,6153,6157,6151,6148,6150,6155,6152,6154,5034,6156],"jetpack_publicize_connections":[],"yoast_head":"<!-- This site is optimized with the Yoast SEO plugin v19.1 - https:\/\/yoast.com\/wordpress\/plugins\/seo\/ -->\n<title>Thik\u00eb pas shpine, nga Mali i Zi - Lajme nga Ulqini<\/title>\n<meta name=\"description\" content=\"Ministri malazez Branimir Gvozdenovi\u00e7, n\u00eb cil\u00ebsin\u00eb e kryesuesit t\u00eb sekretarit t\u00eb CEFTA-s, i shkruan MTI-s\u00eb se Kosova n\u00eb k\u00ebt\u00eb asociacion nuk mund t\u00eb\" \/>\n<meta name=\"robots\" content=\"index, follow, max-snippet:-1, max-image-preview:large, max-video-preview:-1\" \/>\n<link rel=\"canonical\" href=\"https:\/\/www.visit-ulcinj.com\/blog\/2009\/01\/28\/thike-pas-shpine-nga-mali-i-zi\/\" \/>\n<meta property=\"og:locale\" content=\"en_US\" \/>\n<meta property=\"og:type\" content=\"article\" \/>\n<meta property=\"og:title\" content=\"Thik\u00eb pas shpine, nga Mali i Zi - Lajme nga Ulqini\" \/>\n<meta property=\"og:description\" content=\"Ministri malazez Branimir Gvozdenovi\u00e7, n\u00eb cil\u00ebsin\u00eb e kryesuesit t\u00eb sekretarit t\u00eb CEFTA-s, i shkruan MTI-s\u00eb se Kosova n\u00eb k\u00ebt\u00eb asociacion nuk mund t\u00eb\" \/>\n<meta property=\"og:url\" content=\"https:\/\/www.visit-ulcinj.com\/blog\/2009\/01\/28\/thike-pas-shpine-nga-mali-i-zi\/\" \/>\n<meta property=\"og:site_name\" content=\"Lajme nga Ulqini\" \/>\n<meta property=\"article:published_time\" content=\"2009-01-28T16:11:15+00:00\" \/>\n<meta property=\"article:modified_time\" content=\"2009-01-28T16:11:21+00:00\" \/>\n<meta property=\"og:image\" content=\"http:\/\/www.visit-ulcinj.com\/blog\/wp-content\/uploads\/2009\/01\/cefta-for-south-east-europe.jpg\" \/>\n<meta name=\"twitter:label1\" content=\"Written by\" \/>\n\t<meta name=\"twitter:data1\" content=\"ulqini\" \/>\n\t<meta name=\"twitter:label2\" content=\"Est. reading time\" \/>\n\t<meta name=\"twitter:data2\" content=\"4 minutes\" \/>\n<script type=\"application\/ld+json\" class=\"yoast-schema-graph\">{\"@context\":\"https:\/\/schema.org\",\"@graph\":[{\"@type\":\"WebSite\",\"@id\":\"https:\/\/www.visit-ulcinj.com\/blog\/#website\",\"url\":\"https:\/\/www.visit-ulcinj.com\/blog\/\",\"name\":\"Lajme nga Ulqini\",\"description\":\"Lajme,Vijesti,Ulqini,Ulqin,Crna Gora,Mali i Zi\",\"potentialAction\":[{\"@type\":\"SearchAction\",\"target\":{\"@type\":\"EntryPoint\",\"urlTemplate\":\"https:\/\/www.visit-ulcinj.com\/blog\/?s={search_term_string}\"},\"query-input\":\"required name=search_term_string\"}],\"inLanguage\":\"en-US\"},{\"@type\":\"ImageObject\",\"inLanguage\":\"en-US\",\"@id\":\"https:\/\/www.visit-ulcinj.com\/blog\/2009\/01\/28\/thike-pas-shpine-nga-mali-i-zi\/#primaryimage\",\"url\":\"https:\/\/www.visit-ulcinj.com\/blog\/wp-content\/uploads\/2009\/01\/cefta-for-south-east-europe.jpg\",\"contentUrl\":\"https:\/\/www.visit-ulcinj.com\/blog\/wp-content\/uploads\/2009\/01\/cefta-for-south-east-europe.jpg\",\"width\":\"450\",\"height\":\"312\"},{\"@type\":\"WebPage\",\"@id\":\"https:\/\/www.visit-ulcinj.com\/blog\/2009\/01\/28\/thike-pas-shpine-nga-mali-i-zi\/#webpage\",\"url\":\"https:\/\/www.visit-ulcinj.com\/blog\/2009\/01\/28\/thike-pas-shpine-nga-mali-i-zi\/\",\"name\":\"Thik\u00eb pas shpine, nga Mali i Zi - Lajme nga Ulqini\",\"isPartOf\":{\"@id\":\"https:\/\/www.visit-ulcinj.com\/blog\/#website\"},\"primaryImageOfPage\":{\"@id\":\"https:\/\/www.visit-ulcinj.com\/blog\/2009\/01\/28\/thike-pas-shpine-nga-mali-i-zi\/#primaryimage\"},\"datePublished\":\"2009-01-28T16:11:15+00:00\",\"dateModified\":\"2009-01-28T16:11:21+00:00\",\"author\":{\"@id\":\"https:\/\/www.visit-ulcinj.com\/blog\/#\/schema\/person\/dcab619c614d3038751c63bc2aadc06d\"},\"description\":\"Ministri malazez Branimir Gvozdenovi\u00e7, n\u00eb cil\u00ebsin\u00eb e kryesuesit t\u00eb sekretarit t\u00eb CEFTA-s, i shkruan MTI-s\u00eb se Kosova n\u00eb k\u00ebt\u00eb asociacion nuk mund t\u00eb\",\"breadcrumb\":{\"@id\":\"https:\/\/www.visit-ulcinj.com\/blog\/2009\/01\/28\/thike-pas-shpine-nga-mali-i-zi\/#breadcrumb\"},\"inLanguage\":\"en-US\",\"potentialAction\":[{\"@type\":\"ReadAction\",\"target\":[\"https:\/\/www.visit-ulcinj.com\/blog\/2009\/01\/28\/thike-pas-shpine-nga-mali-i-zi\/\"]}]},{\"@type\":\"BreadcrumbList\",\"@id\":\"https:\/\/www.visit-ulcinj.com\/blog\/2009\/01\/28\/thike-pas-shpine-nga-mali-i-zi\/#breadcrumb\",\"itemListElement\":[{\"@type\":\"ListItem\",\"position\":1,\"name\":\"Thik\u00eb pas shpine, nga Mali i Zi\"}]},{\"@type\":\"Person\",\"@id\":\"https:\/\/www.visit-ulcinj.com\/blog\/#\/schema\/person\/dcab619c614d3038751c63bc2aadc06d\",\"name\":\"ulqini\",\"sameAs\":[\"http:\/\/www.visit-ulcinj.com\"],\"url\":\"https:\/\/www.visit-ulcinj.com\/blog\/author\/admin\/\"}]}<\/script>\n<!-- \/ Yoast SEO plugin. -->","yoast_head_json":{"title":"Thik\u00eb pas shpine, nga Mali i Zi - Lajme nga Ulqini","description":"Ministri malazez Branimir Gvozdenovi\u00e7, n\u00eb cil\u00ebsin\u00eb e kryesuesit t\u00eb sekretarit t\u00eb CEFTA-s, i shkruan MTI-s\u00eb se Kosova n\u00eb k\u00ebt\u00eb asociacion nuk mund t\u00eb","robots":{"index":"index","follow":"follow","max-snippet":"max-snippet:-1","max-image-preview":"max-image-preview:large","max-video-preview":"max-video-preview:-1"},"canonical":"https:\/\/www.visit-ulcinj.com\/blog\/2009\/01\/28\/thike-pas-shpine-nga-mali-i-zi\/","og_locale":"en_US","og_type":"article","og_title":"Thik\u00eb pas shpine, nga Mali i Zi - Lajme nga Ulqini","og_description":"Ministri malazez Branimir Gvozdenovi\u00e7, n\u00eb cil\u00ebsin\u00eb e kryesuesit t\u00eb sekretarit t\u00eb CEFTA-s, i shkruan MTI-s\u00eb se Kosova n\u00eb k\u00ebt\u00eb asociacion nuk mund t\u00eb","og_url":"https:\/\/www.visit-ulcinj.com\/blog\/2009\/01\/28\/thike-pas-shpine-nga-mali-i-zi\/","og_site_name":"Lajme nga Ulqini","article_published_time":"2009-01-28T16:11:15+00:00","article_modified_time":"2009-01-28T16:11:21+00:00","og_image":[{"url":"http:\/\/www.visit-ulcinj.com\/blog\/wp-content\/uploads\/2009\/01\/cefta-for-south-east-europe.jpg"}],"twitter_misc":{"Written by":"ulqini","Est. reading time":"4 minutes"},"schema":{"@context":"https:\/\/schema.org","@graph":[{"@type":"WebSite","@id":"https:\/\/www.visit-ulcinj.com\/blog\/#website","url":"https:\/\/www.visit-ulcinj.com\/blog\/","name":"Lajme nga Ulqini","description":"Lajme,Vijesti,Ulqini,Ulqin,Crna Gora,Mali i Zi","potentialAction":[{"@type":"SearchAction","target":{"@type":"EntryPoint","urlTemplate":"https:\/\/www.visit-ulcinj.com\/blog\/?s={search_term_string}"},"query-input":"required name=search_term_string"}],"inLanguage":"en-US"},{"@type":"ImageObject","inLanguage":"en-US","@id":"https:\/\/www.visit-ulcinj.com\/blog\/2009\/01\/28\/thike-pas-shpine-nga-mali-i-zi\/#primaryimage","url":"https:\/\/www.visit-ulcinj.com\/blog\/wp-content\/uploads\/2009\/01\/cefta-for-south-east-europe.jpg","contentUrl":"https:\/\/www.visit-ulcinj.com\/blog\/wp-content\/uploads\/2009\/01\/cefta-for-south-east-europe.jpg","width":"450","height":"312"},{"@type":"WebPage","@id":"https:\/\/www.visit-ulcinj.com\/blog\/2009\/01\/28\/thike-pas-shpine-nga-mali-i-zi\/#webpage","url":"https:\/\/www.visit-ulcinj.com\/blog\/2009\/01\/28\/thike-pas-shpine-nga-mali-i-zi\/","name":"Thik\u00eb pas shpine, nga Mali i Zi - Lajme nga Ulqini","isPartOf":{"@id":"https:\/\/www.visit-ulcinj.com\/blog\/#website"},"primaryImageOfPage":{"@id":"https:\/\/www.visit-ulcinj.com\/blog\/2009\/01\/28\/thike-pas-shpine-nga-mali-i-zi\/#primaryimage"},"datePublished":"2009-01-28T16:11:15+00:00","dateModified":"2009-01-28T16:11:21+00:00","author":{"@id":"https:\/\/www.visit-ulcinj.com\/blog\/#\/schema\/person\/dcab619c614d3038751c63bc2aadc06d"},"description":"Ministri malazez Branimir Gvozdenovi\u00e7, n\u00eb cil\u00ebsin\u00eb e kryesuesit t\u00eb sekretarit t\u00eb CEFTA-s, i shkruan MTI-s\u00eb se Kosova n\u00eb k\u00ebt\u00eb asociacion nuk mund t\u00eb","breadcrumb":{"@id":"https:\/\/www.visit-ulcinj.com\/blog\/2009\/01\/28\/thike-pas-shpine-nga-mali-i-zi\/#breadcrumb"},"inLanguage":"en-US","potentialAction":[{"@type":"ReadAction","target":["https:\/\/www.visit-ulcinj.com\/blog\/2009\/01\/28\/thike-pas-shpine-nga-mali-i-zi\/"]}]},{"@type":"BreadcrumbList","@id":"https:\/\/www.visit-ulcinj.com\/blog\/2009\/01\/28\/thike-pas-shpine-nga-mali-i-zi\/#breadcrumb","itemListElement":[{"@type":"ListItem","position":1,"name":"Thik\u00eb pas shpine, nga Mali i Zi"}]},{"@type":"Person","@id":"https:\/\/www.visit-ulcinj.com\/blog\/#\/schema\/person\/dcab619c614d3038751c63bc2aadc06d","name":"ulqini","sameAs":["http:\/\/www.visit-ulcinj.com"],"url":"https:\/\/www.visit-ulcinj.com\/blog\/author\/admin\/"}]}},"jetpack_featured_media_url":"","jetpack_sharing_enabled":true,"jetpack_shortlink":"https:\/\/wp.me\/pe6lTn-2Aq","_links":{"self":[{"href":"https:\/\/www.visit-ulcinj.com\/blog\/wp-json\/wp\/v2\/posts\/9946"}],"collection":[{"href":"https:\/\/www.visit-ulcinj.com\/blog\/wp-json\/wp\/v2\/posts"}],"about":[{"href":"https:\/\/www.visit-ulcinj.com\/blog\/wp-json\/wp\/v2\/types\/post"}],"author":[{"embeddable":true,"href":"https:\/\/www.visit-ulcinj.com\/blog\/wp-json\/wp\/v2\/users\/1"}],"replies":[{"embeddable":true,"href":"https:\/\/www.visit-ulcinj.com\/blog\/wp-json\/wp\/v2\/comments?post=9946"}],"version-history":[{"count":0,"href":"https:\/\/www.visit-ulcinj.com\/blog\/wp-json\/wp\/v2\/posts\/9946\/revisions"}],"wp:attachment":[{"href":"https:\/\/www.visit-ulcinj.com\/blog\/wp-json\/wp\/v2\/media?parent=9946"}],"wp:term":[{"taxonomy":"category","embeddable":true,"href":"https:\/\/www.visit-ulcinj.com\/blog\/wp-json\/wp\/v2\/categories?post=9946"},{"taxonomy":"post_tag","embeddable":true,"href":"https:\/\/www.visit-ulcinj.com\/blog\/wp-json\/wp\/v2\/tags?post=9946"}],"curies":[{"name":"wp","href":"https:\/\/api.w.org\/{rel}","templated":true}]}}